{"id":11161,"date":"2020-12-01T09:00:00","date_gmt":"2020-12-01T08:00:00","guid":{"rendered":"https:\/\/jennyisbaking.com\/?p=11161"},"modified":"2020-12-01T15:59:55","modified_gmt":"2020-12-01T14:59:55","slug":"baumkuchen-auf-suedamerikanische-art-mit-karamell","status":"publish","type":"post","link":"https:\/\/jennyisbaking.com\/de\/2020\/12\/01\/baumkuchen-auf-suedamerikanische-art-mit-karamell\/","title":{"rendered":"Baumkuchen auf s\u00fcdamerikanische Art mit Karamell"},"content":{"rendered":"<p>Heute gibt es Baumkuchen auf s\u00fcdamerikanische Art! Das bedeutet n\u00e4mlich nicht nur Teig-, sondern auch Karamellschichten. Wir werden daf\u00fcr das s\u00fcdamerikanische Karamell namens <a href=\"https:\/\/jennyisbaking.com\/de\/2019\/05\/21\/how-to-make-homemade-dulce-de-leche\/\">dulce de leche<\/a> hernehmen, was aus ges\u00fc\u00dfter Kondensmilch besteht. Ich freue mich, dass ich mit diesem Rezept wieder bei Zorras legend\u00e4rem <a href=\"https:\/\/www.kochtopf.me\/kulinarischer-adventskalender-2020\">kulinarischem Adventskalender<\/a> mitmachen darf, es ist mir jedes Mal eine Ehre. Heute darf ich sogar das erste T\u00fcrchen \u00f6ffen! Schau unbedingt bei Zorra vorbei, es gibt wie jedes Jahr die tollsten Preise zu gewinnen, unter anderem eine K\u00fcchenmaschine von Kenwood(!), Kaffeeautomat von Braun, Waffeleisen von De\u2019Longhi, usw. also wirklich richtig tolle Sachen. <a href=\"https:\/\/www.kochtopf.me\/kulinarischer-adventskalender-2020\">Hier<\/a> nochmal der Link.<\/p>\n<figure><img data-recalc-dims=\"1\" decoding=\"async\" class=\"size-full\" src=\"https:\/\/i0.wp.com\/jennyisbaking.com\/wp-1c174-content\/uploads\/2020\/11\/Kulinarischer_Adventskalender.jpg?w=1080&#038;ssl=1\" \/><\/figure>\n<figure><img data-recalc-dims=\"1\" decoding=\"async\" class=\"aligncenter size-full\" src=\"https:\/\/i0.wp.com\/jennyisbaking.com\/wp-1c174-content\/uploads\/2020\/11\/DSC01276.jpg?w=1080&#038;ssl=1\" alt=\"Baumkuchen mit Karamell aus S\u00fcdamerika namens dulce de leche\" \/><\/figure>\n<p><!--more-->Ja, wie ist es nun dazu gekommen, dass es bei uns Baumkuchen mit Karamell im Angebot gibt? Ganz einfach, mein Mann ist Kolumbianer und ich laut Pass Deutsche, auch wenn ich ebenfalls in S\u00fcdamerika geboren bin. Jedes Jahr f\u00e4ngt zur Adventszeit die Diskussion wieder an wie wir diesmal Weihnachten feiern werden, deutsche Traditionen, kolumbianische Traditionen, ein Mix aus beidem oder noch ganz anders? Erschwerend kommt au\u00dferdem hinzu, dass ich ein absoluter Chocoholic bin (es kommt nicht von ungef\u00e4hr, dass es eine eigene <a href=\"https:\/\/jennyisbaking.com\/de\/category\/everything-chocolate\/\">Schoko-Kategorie<\/a> hier auf dem Blog gibt), w\u00e4hrend mein Mann total auf Vanille steht. Als ich dann noch die glorreiche Idee hatte, dass wir doch als neue Tradition eine Weihnachtstorte einf\u00fchren k\u00f6nnten, war es ganz aus. Wie bringt man die verschiedenen Geschm\u00e4cker und Kulturen in punkto Weihnachtstorte zusammen? Jeder meiner Vorschl\u00e4ge wurde vehement abgelehnt. Alles mit Schokolade war sofort aus dem Rennen, ich wiederum hatte keine Lust auf eine Vanilletorte, das schien mir irgendwie \u00f6de und langweilig. Ich lie\u00df es also zun\u00e4chst bleiben mit weiteren Vorschl\u00e4gen.<\/p>\n<p>Bis wir dann bei einem kolumbianischen Ehepaar zu Besuch waren, das zum ersten Mal deutschen Baumkuchen probierte und mir allerlei Fragen dazu stellte. Ich meinte dann im Scherz, dass ich mir Baumkuchen nochmal deutlich besser mit Karamell vorstellen k\u00f6nne und ab da fingen dann die Augen meines Mannes an zu leuchten. Das hie\u00df also Baumkuchenrezepte w\u00e4lzen und erst einmal verstehen wie er produziert wird. Und dann hab ich mal einfach ausprobiert. Ich war \u00fcberrascht, dass es deutlich einfacher war als gedacht. Man braucht nur ein wenig Zeit, weil man hier nicht wie sonst anderes w\u00e4hrend der Backzeit machen kann, sondern die ganze Zeit dabei ist, aber ansonsten ist es wirklich einfach, ich habe mir einen Stuhl geholt und die ganze Zeit den Ofen angeschaut, das hat fast etwas Therapeutisches. Der Herr des Hauses wollte nat\u00fcrlich keine Schokoschicht au\u00dfen (war ja klar), also gab es den Baumkuchen bei uns pur und eben mit einigen Karamellschichten. Ich merkte schnell, dass man das beste Ergebniss erzielte, wenn man zwei bis drei Teigschichten macht und dann erst eine Schicht Karamell. Und als dann endlich der erste Baumkuchen fertig war, gab es kein Halten mehr, mein Mann deklarierte ihn zu seinem neusten Lieblingskuchen, somit war klar, das wird unsere Weihnachtstorte, die es ab jetzt jedes Jahr zum 24. geben wird. Was soll ich sagen, wenn er keine Schokolade will und ich keine Vanille, dann ist Karamell tats\u00e4chlich die beste L\u00f6sung, insbesondere wenn es die s\u00fcdamerikanische Variante namens <a href=\"https:\/\/jennyisbaking.com\/de\/2019\/05\/21\/how-to-make-homemade-dulce-de-leche\/\">dulce de leche<\/a> ist. In dem Sinne, frohes Nachbacken!<\/p>\n<figure><img data-recalc-dims=\"1\" decoding=\"async\" class=\"aligncenter size-full\" src=\"https:\/\/i0.wp.com\/jennyisbaking.com\/wp-1c174-content\/uploads\/2020\/11\/DSC01301.jpg?w=1080&#038;ssl=1\" alt=\"Baumkuchen mit Karamell aus S\u00fcdamerika namens dulce de leche\" \/><\/figure>\n<p><span class=\"sp_shortcode\">\t<div id=\"recipe\"><\/div>\r\n\t<div class=\"sp-recipe\" id=\"printthis\">\r\n\t\t\r\n\t\t<div class=\"recipe-overview\">\r\n\t\t\t\r\n\t\t\t<div class=\"recipe-image\">\r\n\t\t\t\t\t\t\t\t\t\t\t\t<img data-recalc-dims=\"1\" decoding=\"async\" src=\"https:\/\/i0.wp.com\/jennyisbaking.com\/wp-1c174-content\/uploads\/2020\/11\/DSC01305.jpg?w=1080&#038;ssl=1\">\t\t\t\t\t\t\t\t\t\t\t\t\t<a href=\"#\" onclick=\"jQuery('#printthis').print()\" class=\"sp-print\"><i class=\"fa fas fa-print\"><\/i> Print Recipe<\/a>\r\n\t\t\t\t\t\t\t<\/div>\r\n\t\t\t\r\n\t\t\t<div class=\"recipe-header\">\r\n\t\t\t\r\n\t\t\t\t<div class=\"recipe-title-header\">\r\n\t\t\t\t\r\n\t\t\t\t\t\t\t\t\t\t\t<h2>Baumkuchen mit Karamell aus S\u00fcdamerika<\/h2>\r\n\t\t\t\t\t\t\t\t\t\t\t\t\t\t\r\n\t\t\t\t<\/div>\r\n\t\t\t\r\n\t\t\t\t\t\t\t\t<div class=\"recipe-meta\">\r\n\t\t\t\t\t\r\n\t\t\t\t\t<div class=\"meta-row\">\r\n\t\t\t\t\t\t\r\n\t\t\t\t\t\t\t\t\t\t\t\t\r\n\t\t\t\t\t\t\t\t\t\t\t\t\t\t\t\t\t\t\t\t\t\t\t\r\n\t\t\t\t\t<\/div>\r\n\t\t\t\t\t\r\n\t\t\t\t\t<div class=\"meta-row\">\r\n\t\t\t\t\t\t\r\n\t\t\t\t\t\t\t\t\t\t\t\t\r\n\t\t\t\t\t\t\t\t\t\t\t\t\t\t\t\t\t\t\t\t\t\t\t\r\n\t\t\t\t\t<\/div>\r\n\t\t\t\t\t\r\n\t\t\t\t\t<div class=\"meta-row\">\r\n\t\t\t\t\t\r\n\t\t\t\t\t\t<i class=\"far fa-clock\"><\/i> \r\n\t\t\t\t\t\t\r\n\t\t\t\t\t\t\t\t\t\t\t\t\t\t\t\t\t\t<span class=\"recipe-meta-item\">Prep Time: 1hr<\/span>\r\n\t\t\t\t\t\t\t\t\t\t\t\t\r\n\t\t\t\t\t\t<span class=\"separator\">&#8211;<\/span>\t\t\t\t\t\t\r\n\t\t\t\t\t\t\t\t\t\t\t\t\t\t\t\t\t\t<span class=\"recipe-meta-item\">Cooking Time: 40min<\/span>\r\n\t\t\t\t\t\t\t\t\t\t\t\t\r\n\t\t\t\t\t\t<span class=\"separator\">&#8211;<\/span>\t\t\t\t\t\t\r\n\t\t\t\t\t\t\t\t\t\t\t\t\t\t\t\t\t\t<span class=\"recipe-meta-item\">Total Time: 1hr<\/span>\r\n\t\t\t\t\t\t\t\t\t\t\t\t\r\n\t\t\t\t\t<\/div>\r\n\t\t\t\r\n\t\t\t\t<\/div>\r\n\t\t\t\t\t\t\t\t\r\n\t\t\t\t\t\t\t\t\t<div class=\"sep-line\"><\/div>\r\n\t\t\t\t\t<div class=\"recipe-description\"><p>Bei diesem Baumkuchen wird nicht nur Teig wie eine Baumrinde geschichtet und gegrillt, nein, hier kommt zwischendurch auch noch Karamell ins Spiel.<\/p><\/div>\r\n\t\t\t\t\t\t\t\r\n\t\t\t<\/div>\r\n\t\t\t\r\n\t\t<\/div>\r\n\t\t\t\r\n\t\t\t\t<div class=\"recipe-ingredients\">\r\n\t\t\t\t\t\t\t\r\n\t\t\t<h3 class=\"recipe-title\">Ingredients<\/h3>\r\n\t\t\t\r\n\t\t\t<ul>\r\n\t\t\t\t\t\t\t\t\t\t\t\t\t\t\t\t\t\t\t<li><span><b>Baumkuchen<\/b><\/span><\/li>\r\n\t\t\t\t\t\t\t\t\t\t\t\t\t\t\t\t\t\t\t\t\t\t\t\t\t\t\t\t<li><span>200g weiche Butter<\/span><\/li>\r\n\t\t\t\t\t\t\t\t\t\t\t\t\t\t\t\t\t\t\t\t\t\t\t\t\t\t\t\t<li><span>150g wei\u00dfer Zucker<\/span><\/li>\r\n\t\t\t\t\t\t\t\t\t\t\t\t\t\t\t\t\t\t\t\t\t\t\t\t\t\t\t\t<li><span>4 Eier<\/span><\/li>\r\n\t\t\t\t\t\t\t\t\t\t\t\t\t\t\t\t\t\t\t\t\t\t\t\t\t\t\t\t<li><span>100g Mehl, Type 405<\/span><\/li>\r\n\t\t\t\t\t\t\t\t\t\t\t\t\t\t\t\t\t\t\t\t\t\t\t\t\t\t\t\t<li><span>100g gemahlene Mandeln<\/span><\/li>\r\n\t\t\t\t\t\t\t\t\t\t\t\t\t\t\t\t\t\t\t\t\t\t\t\t\t\t\t\t<li><span>Ca. 100g Aprikosenmarmelade<\/span><\/li>\r\n\t\t\t\t\t\t\t\t\t\t\t\t\t\t\t\t\t\t\t\t\t\t\t\t\t\t\t\t<li><span><\/br><\/span><\/li>\r\n\t\t\t\t\t\t\t\t\t\t\t\t\t\t\t\t\t\t\t\t\t\t\t\t\t\t\t\t<li><span>1 Dose a 400g Karamell aus ges\u00fc\u00dfter Kondensmilch namens dulce de leche, wie man das erstellt, kann man <a href=\"https:\/\/jennyisbaking.com\/de\/2019\/05\/21\/how-to-make-homemade-dulce-de-leche\/\" target=\"_blank\" rel=\"noopener noreferrer\">hier<\/a> nachlesen<\/span><\/li>\r\n\t\t\t\t\t\t\t\t\t\t\t\t\t\t\t\t\t\t\t\t\t\t\t\t\t\t\t\t<li><span><\/br><\/span><\/li>\r\n\t\t\t\t\t\t\t\t\t\t\t\t\t\t\t\t\t\t\t\t\t\t\t\t\t\t\t\t<li><span><b>Dekoration<\/b> (optional)<\/span><\/li>\r\n\t\t\t\t\t\t\t\t\t\t\t\t\t\t\t\t\t\t\t\t\t\t\t\t\t\t\t\t<li><span>Bei uns gab es Rosmarinzweige, rotes Marzipan und etwas Schokolade sowie Eiwei\u00df und Zucker<\/span><\/li>\r\n\t\t\t\t\t\t\t\t\t\t\t\t\t\t\t\t\t\t\t\t\t\t\t\t\t\t\t\t<li><span>Traditionell wird Baumkuchen mit ca. 200g geschmozener Schokolade und 1 EL Kokosfett \u00fcbergossen<\/span><\/li>\r\n\t\t\t\t\t\t\t\t\t\t\t\t\t\t\t\t<\/ul>\r\n\t\t\t\r\n\t\t<\/div>\r\n\t\t\t\t\r\n\t\t\t\t<div class=\"recipe-method\">\r\n\t\t\t\t\t\t\t\r\n\t\t\t<h3 class=\"recipe-title\">Instructions<\/h3>\r\n\t\t\t\r\n\t\t\t\t\t\t\t\t\t\r\n\t\t\t\t\t\t\t\t\t\t\t\t\t\t\t<div class=\"step\">\r\n\t\t\t\t\t<span class=\"step-number\">1<\/span>\r\n\t\t\t\t\t<div class=\"step-content\">\r\n\t\t\t\t\t\t<p>Eine 20er Springform sehr gr\u00fcndlich fetten und den Ofen auf st\u00e4rkste Grillfunktion einstellen. <\/p>\r\n\t\t\t\t\t<\/div>\r\n\t\t\t\t<\/div>\r\n\t\t\t\t\t\t\t\t\t\t\r\n\t\t\t\t\t\t\r\n\t\t\t\t\t\t\t\t\t\t\t\t\t\t\t<div class=\"step\">\r\n\t\t\t\t\t<span class=\"step-number\">2<\/span>\r\n\t\t\t\t\t<div class=\"step-content\">\r\n\t\t\t\t\t\t<p>F\u00fcr den <b>Baumkuchen<\/b> die weiche Butter einige Minuten aufschlagen, dann den Zucker hinzugeben und alles cremig verr\u00fchren. Dann die Eier trennen und die Eigelb nach und nach ebenfalls unterr\u00fchren. Am Ende Mehl und Mandeln einr\u00fchren. <\/p>\r\n\t\t\t\t\t<\/div>\r\n\t\t\t\t<\/div>\r\n\t\t\t\t\t\t\t\t\t\t\r\n\t\t\t\t\t\t\r\n\t\t\t\t\t\t\t\t\t\t\t\t\t\t\t<div class=\"step\">\r\n\t\t\t\t\t<span class=\"step-number\">3<\/span>\r\n\t\t\t\t\t<div class=\"step-content\">\r\n\t\t\t\t\t\t<p>Das Eiwei\u00df separat mit einer Prise Salz aufschlagen und dann unter die Masse heben. <\/p>\r\n\t\t\t\t\t<\/div>\r\n\t\t\t\t<\/div>\r\n\t\t\t\t\t\t\t\t\t\t\r\n\t\t\t\t\t\t\r\n\t\t\t\t\t\t\t\t\t\t\t\t\t\t\t<div class=\"step\">\r\n\t\t\t\t\t<span class=\"step-number\">4<\/span>\r\n\t\t\t\t\t<div class=\"step-content\">\r\n\t\t\t\t\t\t<p>Ca 1-2 EL Teig auf dem Boden der Springform verstreichen und ca. 1-2min grillen, dabei gut aufpassen, dass nichts verbrennt. Dann die n\u00e4chste Schicht mit 1-2 EL verteilen, das geht nach und nach besser, weil der Teig schon beim Verstreichen etwas schmilzt und jeweils 1-2min grillen, bei mir haben die Schichten ca. 1 Minute gebraucht. Unbedingt schauen, dass nichts verbrennt. <\/p>\r\n\t\t\t\t\t<\/div>\r\n\t\t\t\t<\/div>\r\n\t\t\t\t\t\t\t\t\t\t\r\n\t\t\t\t\t\t\r\n\t\t\t\t\t\t\t\t\t\t\t\t\t\t\t<div class=\"step\">\r\n\t\t\t\t\t<span class=\"step-number\">5<\/span>\r\n\t\t\t\t\t<div class=\"step-content\">\r\n\t\t\t\t\t\t<p>Derweil das Karamell leicht erw\u00e4rmen, sodass es sich einfacher verstreichen l\u00e4sst. Auf ca. jede zweite Schicht Teig eine Schicht Karamell grillen bis es Blasen wirft. Achtung, das Karamell braucht nicht so lange, bei mir war es schon nach 30 Sekunden soweit, hier also mit Argusaugen aufpassen. Man sollte also immer zwei Schichten Teig, eine Schicht Karamell grillen. <\/p>\r\n\t\t\t\t\t<\/div>\r\n\t\t\t\t<\/div>\r\n\t\t\t\t\t\t\t\t\t\t\r\n\t\t\t\t\t\t\r\n\t\t\t\t\t\t\t\t\t\t\t\t\t\t\t<div class=\"step\">\r\n\t\t\t\t\t<span class=\"step-number\">6<\/span>\r\n\t\t\t\t\t<div class=\"step-content\">\r\n\t\t\t\t\t\t<p>So lange fortfahren bis der Teig verbraucht ist, die oberste Schicht sollte Teig sein, lieber also eine Schicht Karamell weniger am Ende. Den Teig gut ausk\u00fchlen und dann vorsichtig aus der Springform l\u00f6sen. <\/p>\r\n\t\t\t\t\t<\/div>\r\n\t\t\t\t<\/div>\r\n\t\t\t\t\t\t\t\t\t\t\r\n\t\t\t\t\t\t\r\n\t\t\t\t\t\t\t\t\t\t\t\t\t\t\t<div class=\"step\">\r\n\t\t\t\t\t<span class=\"step-number\">7<\/span>\r\n\t\t\t\t\t<div class=\"step-content\">\r\n\t\t\t\t\t\t<p>Die Aprikosenmarmelade erw\u00e4rmen und den Baumkuchen gut damit einpinseln und trocknen lassen. <\/p>\r\n\t\t\t\t\t<\/div>\r\n\t\t\t\t<\/div>\r\n\t\t\t\t\t\t\t\t\t\t\r\n\t\t\t\t\t\t\r\n\t\t\t\t\t\t\t\t\t\t\t\t\t\t\t<div class=\"step\">\r\n\t\t\t\t\t<span class=\"step-number\">8<\/span>\r\n\t\t\t\t\t<div class=\"step-content\">\r\n\t\t\t\t\t\t<p>F\u00fcr die <b>Dekoration<\/b> entweder unsere Variante machen, was bedeutet, dass ich Rosmarin erst mit etwas Eiwei\u00df eingepinselt und dann in Zucker gew\u00e4lzt habe und das gleiche mit den \"Cranberries\" aus Marzipan, die ich zun\u00e4chst zu kleinen K\u00fcgelchen geformt habe. Klassisch wird Baumkuchen mit geschmolzener Schokolade und etwas Kokosfett versiegelt. Ich habe nur einen Schriftzug aus geschmolzener Schokolade gemacht.<\/p>\r\n\t\t\t\t\t<\/div>\r\n\t\t\t\t<\/div>\r\n\t\t\t\t\t\t\t\t\t\t\r\n\t\t\t\t\t\t\r\n\t\t<\/div>\r\n\t\t\t\t\r\n\t\t\t\t\r\n\t\t\t\t<div class=\"recipe-notes\">\r\n\t\t\t\r\n\t\t\t<h3 class=\"recipe-title\">Notes<\/h3>\r\n\t\t\t\r\n\t\t\t<p>Baumkuchen h\u00e4lt sich lange, insbesondere, wenn man ihn nicht nur mit Aprikosenmarmelade versiegelt, sondern au\u00dfen noch eine Schokoschicht kreiert. Mehr als ein kleineres St\u00fcckchen schafft man sowieso nicht.<\/p>\r\n\t\t\t\r\n\t\t<\/div>\r\n\t\t\t\t\r\n\t\t<script type=\"application\/ld+json\">\r\n\t\t\t{\r\n\t\t\t  \"@context\": \"http:\/\/schema.org\",\r\n\t\t\t  \"@type\": \"Recipe\",\r\n\t\t\t  \"url\": \"https:\/\/jennyisbaking.com\/de\/2020\/12\/01\/baumkuchen-auf-suedamerikanische-art-mit-karamell\/\",\r\n\t\t\t  \"author\": {\r\n\t\t\t\t\"@type\": \"Thing\",\r\n\t\t\t\t\"name\": \"\"\r\n\t\t\t  },\r\n\t\t\t  \"datePublished\": \"Dienstag, der  1. Dezember 2020\",\r\n\t\t\t  \"cookTime\": \"PT40M\",\r\n\t\t\t  \t\t\t  \"description\": \"Bei diesem Baumkuchen wird nicht nur Teig wie eine Baumrinde geschichtet und gegrillt, nein, hier kommt zwischendurch auch noch Karamell ins Spiel.\",\r\n\t\t\t  \"image\": \"https:\/\/jennyisbaking.com\/wp-1c174-content\/uploads\/2020\/11\/DSC01305.jpg\",\r\n\t\t\t  \"recipeIngredient\": [\r\n\t\t\t\t\t\t\t\t\t\t\t\t\t                    \t\t\t\t\t\"<b>Baumkuchen<\/b>\",\t\t\t\t\t\t\t\t\t\t\t\t\t\t\t\t\t\t\t                    \t\t\t\t\t\"200g weiche Butter\",\t\t\t\t\t\t\t\t\t\t\t\t\t\t\t\t\t\t\t                    \t\t\t\t\t\"150g wei\u00dfer Zucker\",\t\t\t\t\t\t\t\t\t\t\t\t\t\t\t\t\t\t\t                    \t\t\t\t\t\"4 Eier\",\t\t\t\t\t\t\t\t\t\t\t\t\t\t\t\t\t\t\t                    \t\t\t\t\t\"100g Mehl, Type 405\",\t\t\t\t\t\t\t\t\t\t\t\t\t\t\t\t\t\t\t                    \t\t\t\t\t\"100g gemahlene Mandeln\",\t\t\t\t\t\t\t\t\t\t\t\t\t\t\t\t\t\t\t                    \t\t\t\t\t\"Ca. 100g Aprikosenmarmelade\",\t\t\t\t\t\t\t\t\t\t\t\t\t\t\t\t\t\t\t                    \t\t\t\t\t\"<\/br>\",\t\t\t\t\t\t\t\t\t\t\t\t\t\t\t\t\t\t\t                    \t\t\t\t\t\"1 Dose a 400g Karamell aus ges\u00fc\u00dfter Kondensmilch namens dulce de leche, wie man das erstellt, kann man <a href='https:\/\/jennyisbaking.com\/de\/2019\/05\/21\/how-to-make-homemade-dulce-de-leche\/' target='_blank' rel='noopener noreferrer'>hier<\/a> nachlesen\",\t\t\t\t\t\t\t\t\t\t\t\t\t\t\t\t\t\t\t                    \t\t\t\t\t\"<\/br>\",\t\t\t\t\t\t\t\t\t\t\t\t\t\t\t\t\t\t\t                    \t\t\t\t\t\"<b>Dekoration<\/b> (optional)\",\t\t\t\t\t\t\t\t\t\t\t\t\t\t\t\t\t\t\t                    \t\t\t\t\t\"Bei uns gab es Rosmarinzweige, rotes Marzipan und etwas Schokolade sowie Eiwei\u00df und Zucker\",\t\t\t\t\t\t\t\t\t\t\t\t\t\t\t\t\t\t\t                    \t\t\t\t\t\"Traditionell wird Baumkuchen mit ca. 200g geschmozener Schokolade und 1 EL Kokosfett \u00fcbergossen\"\t\t\t\t\t\t\t\t\t\t\t\t\t\t\t\t\t  ],\r\n\t\t\t  \"name\": \"Baumkuchen mit Karamell aus S\u00fcdamerika\",\r\n\t\t\t  \"nutrition\": {\r\n\t\t\t\t\"@type\": \"NutritionInformation\",\r\n\t\t\t\t\"calories\": \"\",\r\n\t\t\t\t\"carbohydrateContent\": \"\",\r\n\t\t\t\t\"cholesterolContent\": \"\",\r\n\t\t\t\t\"fatContent\": \"\",\r\n\t\t\t\t\"fiberContent\": \"\",\r\n\t\t\t\t\"proteinContent\": \"\",\r\n\t\t\t\t\"saturatedFatContent\": \"\",\r\n\t\t\t\t\"sodiumContent\": \"\",\r\n\t\t\t\t\"sugarContent\": \"\",\r\n\t\t\t\t\"transFatContent\": \"\",\r\n\t\t\t\t\"unsaturatedFatContent\": \"\"\r\n\t\t\t  },\r\n\t\t\t  \"prepTime\": \"P\",\r\n\t\t\t  \"totalTime\": \"P\",\r\n\t\t\t  \"recipeCategory\":\"\",\r\n\t\t\t  \"recipeCuisine\":\"\",\r\n\t\t\t  \"keywords\": \"\",\t\t\t  \r\n\t\t\t  \"recipeInstructions\": [\r\n\t\t\t\t\t\t\t\t\t\t\t\r\n\t\t\t\t\t\t\t\t\t\t\t\t\t\t\t\t\"Eine 20er Springform sehr gr\u00fcndlich fetten und den Ofen auf st\u00e4rkste Grillfunktion einstellen. \",\t\t\t\t\t\t\r\n\t\t\t\t\t\t\t\t\t\t\t\t\t\t\r\n\t\t\t\t\t\t\t\r\n\t\t\t\t\t\t\t\t\t\t\t\t\t\t\t\t\"F\u00fcr den <b>Baumkuchen<\/b> die weiche Butter einige Minuten aufschlagen, dann den Zucker hinzugeben und alles cremig verr\u00fchren. Dann die Eier trennen und die Eigelb nach und nach ebenfalls unterr\u00fchren. Am Ende Mehl und Mandeln einr\u00fchren. \",\t\t\t\t\t\t\r\n\t\t\t\t\t\t\t\t\t\t\t\t\t\t\r\n\t\t\t\t\t\t\t\r\n\t\t\t\t\t\t\t\t\t\t\t\t\t\t\t\t\"Das Eiwei\u00df separat mit einer Prise Salz aufschlagen und dann unter die Masse heben. \",\t\t\t\t\t\t\r\n\t\t\t\t\t\t\t\t\t\t\t\t\t\t\r\n\t\t\t\t\t\t\t\r\n\t\t\t\t\t\t\t\t\t\t\t\t\t\t\t\t\"Ca 1-2 EL Teig auf dem Boden der Springform verstreichen und ca. 1-2min grillen, dabei gut aufpassen, dass nichts verbrennt. Dann die n\u00e4chste Schicht mit 1-2 EL verteilen, das geht nach und nach besser, weil der Teig schon beim Verstreichen etwas schmilzt und jeweils 1-2min grillen, bei mir haben die Schichten ca. 1 Minute gebraucht. Unbedingt schauen, dass nichts verbrennt. \",\t\t\t\t\t\t\r\n\t\t\t\t\t\t\t\t\t\t\t\t\t\t\r\n\t\t\t\t\t\t\t\r\n\t\t\t\t\t\t\t\t\t\t\t\t\t\t\t\t\"Derweil das Karamell leicht erw\u00e4rmen, sodass es sich einfacher verstreichen l\u00e4sst. Auf ca. jede zweite Schicht Teig eine Schicht Karamell grillen bis es Blasen wirft. Achtung, das Karamell braucht nicht so lange, bei mir war es schon nach 30 Sekunden soweit, hier also mit Argusaugen aufpassen. Man sollte also immer zwei Schichten Teig, eine Schicht Karamell grillen. \",\t\t\t\t\t\t\r\n\t\t\t\t\t\t\t\t\t\t\t\t\t\t\r\n\t\t\t\t\t\t\t\r\n\t\t\t\t\t\t\t\t\t\t\t\t\t\t\t\t\"So lange fortfahren bis der Teig verbraucht ist, die oberste Schicht sollte Teig sein, lieber also eine Schicht Karamell weniger am Ende. Den Teig gut ausk\u00fchlen und dann vorsichtig aus der Springform l\u00f6sen. \",\t\t\t\t\t\t\r\n\t\t\t\t\t\t\t\t\t\t\t\t\t\t\r\n\t\t\t\t\t\t\t\r\n\t\t\t\t\t\t\t\t\t\t\t\t\t\t\t\t\"Die Aprikosenmarmelade erw\u00e4rmen und den Baumkuchen gut damit einpinseln und trocknen lassen. \",\t\t\t\t\t\t\r\n\t\t\t\t\t\t\t\t\t\t\t\t\t\t\r\n\t\t\t\t\t\t\t\r\n\t\t\t\t\t\t\t\t\t\t\t\t\t\t\t\t\"F\u00fcr die <b>Dekoration<\/b> entweder unsere Variante machen, was bedeutet, dass ich Rosmarin erst mit etwas Eiwei\u00df eingepinselt und dann in Zucker gew\u00e4lzt habe und das gleiche mit den 'Cranberries' aus Marzipan, die ich zun\u00e4chst zu kleinen K\u00fcgelchen geformt habe. Klassisch wird Baumkuchen mit geschmolzener Schokolade und etwas Kokosfett versiegelt. Ich habe nur einen Schriftzug aus geschmolzener Schokolade gemacht.\"\t\t\t\t\t\t\r\n\t\t\t\t\t\t\t\t\t\t\t\t\t\t\r\n\t\t\t\t\t\t\t  ],\r\n\t\t\t  \t\t\t  \"recipeYield\": \"\"\t\t\t  \t\t\t}\r\n\t\t<\/script>\r\n\t\t\r\n\t<\/div>\r\n\t<\/span><\/p>\n<figure><img data-recalc-dims=\"1\" decoding=\"async\" class=\"aligncenter size-full\" src=\"https:\/\/i0.wp.com\/jennyisbaking.com\/wp-1c174-content\/uploads\/2020\/11\/DSC01317.jpg?w=1080&#038;ssl=1\" alt=\"Baumkuchen mit Karamell aus S\u00fcdamerika namens dulce de leche\" \/><\/figure>\n<p><\/p>","protected":false},"excerpt":{"rendered":"<p>Bei diesem Baumkuchen kommen noch Schichten Karamell aus ges\u00fc\u00dfter Kondensmilch dazwischen. <\/p>\n","protected":false},"author":1,"featured_media":11166,"comment_status":"open","ping_status":"closed","sticky":false,"template":"","format":"standard","meta":{"jetpack_post_was_ever_published":false,"_jetpack_newsletter_access":"","_jetpack_dont_email_post_to_subs":false,"_jetpack_newsletter_tier_id":0,"_jetpack_memberships_contains_paywalled_content":false,"_jetpack_memberships_contains_paid_content":false,"footnotes":"","jetpack_publicize_message":"","jetpack_publicize_feature_enabled":true,"jetpack_social_post_already_shared":true,"jetpack_social_options":{"image_generator_settings":{"template":"highway","default_image_id":0,"font":"","enabled":false},"version":2}},"categories":[514,513,419],"tags":[574,1650,1648,32,525,854,1651,524,445,1193,72,1649,1652],"class_list":["post-11161","post","type-post","status-publish","format-standard","has-post-thumbnail","hentry","category-christmas","category-weihnachten","category-winter","tag-adventskalender","tag-baum","tag-baumkuchen","tag-caramel","tag-deutsch","tag-dulce-de-leche","tag-foodblogger","tag-german","tag-karamell","tag-kochtopf","tag-kuchen","tag-tree-cake","tag-zorra"],"yoast_head":"<!-- This site is optimized with the Yoast SEO plugin v27.5 - https:\/\/yoast.com\/product\/yoast-seo-wordpress\/ -->\n<title>Baumkuchen auf s\u00fcdamerikanische Art mit Karamell - Jenny is baking<\/title>\n<meta name=\"description\" content=\"Bei diesem Baumkuchen kommen zwischen den Teigschichten auch noch weitere Schichten mit Karamell aus ges\u00fc\u00dfter Kondensmilch.\" \/>\n<meta name=\"robots\" content=\"index, follow, max-snippet:-1, max-image-preview:large, max-video-preview:-1\" \/>\n<link rel=\"canonical\" href=\"https:\/\/jennyisbaking.com\/de\/2020\/12\/01\/baumkuchen-auf-suedamerikanische-art-mit-karamell\/\" \/>\n<meta property=\"og:locale\" content=\"de_DE\" \/>\n<meta property=\"og:type\" content=\"article\" \/>\n<meta property=\"og:title\" content=\"Baumkuchen auf s\u00fcdamerikanische Art mit Karamell - Jenny is baking\" \/>\n<meta property=\"og:description\" content=\"Bei diesem Baumkuchen kommen zwischen den Teigschichten auch noch weitere Schichten mit Karamell aus ges\u00fc\u00dfter Kondensmilch.\" \/>\n<meta property=\"og:url\" content=\"https:\/\/jennyisbaking.com\/de\/2020\/12\/01\/baumkuchen-auf-suedamerikanische-art-mit-karamell\/\" \/>\n<meta property=\"og:site_name\" content=\"Jenny is baking\" \/>\n<meta property=\"article:publisher\" content=\"https:\/\/www.facebook.com\/jennyisbaking\/\" \/>\n<meta property=\"article:author\" content=\"https:\/\/www.facebook.com\/jennyisbaking\/\" \/>\n<meta property=\"article:published_time\" content=\"2020-12-01T08:00:00+00:00\" \/>\n<meta property=\"article:modified_time\" content=\"2020-12-01T14:59:55+00:00\" \/>\n<meta property=\"og:image\" content=\"https:\/\/i2.wp.com\/jennyisbaking.com\/wp-1c174-content\/uploads\/2020\/11\/DSC01305.jpg?fit=534%2C801&ssl=1\" \/>\n\t<meta property=\"og:image:width\" content=\"534\" \/>\n\t<meta property=\"og:image:height\" content=\"801\" \/>\n\t<meta property=\"og:image:type\" content=\"image\/jpeg\" \/>\n<meta name=\"author\" content=\"Jenny\" \/>\n<meta name=\"twitter:card\" content=\"summary_large_image\" \/>\n<meta name=\"twitter:label1\" content=\"Verfasst von\" \/>\n\t<meta name=\"twitter:data1\" content=\"Jenny\" \/>\n\t<meta name=\"twitter:label2\" content=\"Gesch\u00e4tzte Lesezeit\" \/>\n\t<meta name=\"twitter:data2\" content=\"6\u00a0Minuten\" \/>\n<script type=\"application\/ld+json\" class=\"yoast-schema-graph\">{\"@context\":\"https:\\\/\\\/schema.org\",\"@graph\":[{\"@type\":\"Article\",\"@id\":\"https:\\\/\\\/jennyisbaking.com\\\/2020\\\/12\\\/01\\\/baumkuchen-auf-suedamerikanische-art-mit-karamell\\\/#article\",\"isPartOf\":{\"@id\":\"https:\\\/\\\/jennyisbaking.com\\\/2020\\\/12\\\/01\\\/baumkuchen-auf-suedamerikanische-art-mit-karamell\\\/\"},\"author\":{\"name\":\"Jenny\",\"@id\":\"https:\\\/\\\/jennyisbaking.com\\\/#\\\/schema\\\/person\\\/28a46859582cac5ac1ef7e065a17f77b\"},\"headline\":\"Baumkuchen auf s\u00fcdamerikanische Art mit Karamell\",\"datePublished\":\"2020-12-01T08:00:00+00:00\",\"dateModified\":\"2020-12-01T14:59:55+00:00\",\"mainEntityOfPage\":{\"@id\":\"https:\\\/\\\/jennyisbaking.com\\\/2020\\\/12\\\/01\\\/baumkuchen-auf-suedamerikanische-art-mit-karamell\\\/\"},\"wordCount\":1157,\"commentCount\":14,\"image\":{\"@id\":\"https:\\\/\\\/jennyisbaking.com\\\/2020\\\/12\\\/01\\\/baumkuchen-auf-suedamerikanische-art-mit-karamell\\\/#primaryimage\"},\"thumbnailUrl\":\"https:\\\/\\\/i0.wp.com\\\/jennyisbaking.com\\\/wp-1c174-content\\\/uploads\\\/2020\\\/11\\\/DSC01305.jpg?fit=534%2C801&ssl=1\",\"keywords\":[\"Adventskalender\",\"baum\",\"Baumkuchen\",\"caramel\",\"deutsch\",\"dulce de leche\",\"foodblogger\",\"German\",\"Karamell\",\"kochtopf\",\"Kuchen\",\"tree cake\",\"zorra\"],\"articleSection\":[\"Christmas\",\"Weihnachten\",\"Winter\"],\"inLanguage\":\"de\",\"potentialAction\":[{\"@type\":\"CommentAction\",\"name\":\"Comment\",\"target\":[\"https:\\\/\\\/jennyisbaking.com\\\/2020\\\/12\\\/01\\\/baumkuchen-auf-suedamerikanische-art-mit-karamell\\\/#respond\"]}]},{\"@type\":\"WebPage\",\"@id\":\"https:\\\/\\\/jennyisbaking.com\\\/de\\\/2020\\\/12\\\/01\\\/baumkuchen-auf-suedamerikanische-art-mit-karamell\\\/\",\"url\":\"https:\\\/\\\/jennyisbaking.com\\\/de\\\/2020\\\/12\\\/01\\\/baumkuchen-auf-suedamerikanische-art-mit-karamell\\\/\",\"name\":\"Baumkuchen auf s\u00fcdamerikanische Art mit Karamell - Jenny is baking\",\"isPartOf\":{\"@id\":\"https:\\\/\\\/jennyisbaking.com\\\/de\\\/#website\"},\"primaryImageOfPage\":{\"@id\":\"https:\\\/\\\/jennyisbaking.com\\\/de\\\/2020\\\/12\\\/01\\\/baumkuchen-auf-suedamerikanische-art-mit-karamell\\\/#primaryimage\"},\"image\":{\"@id\":\"https:\\\/\\\/jennyisbaking.com\\\/2020\\\/12\\\/01\\\/baumkuchen-auf-suedamerikanische-art-mit-karamell\\\/#primaryimage\"},\"thumbnailUrl\":\"https:\\\/\\\/i0.wp.com\\\/jennyisbaking.com\\\/wp-1c174-content\\\/uploads\\\/2020\\\/11\\\/DSC01305.jpg?fit=534%2C801&ssl=1\",\"datePublished\":\"2020-12-01T08:00:00+00:00\",\"dateModified\":\"2020-12-01T14:59:55+00:00\",\"author\":{\"@id\":\"https:\\\/\\\/jennyisbaking.com\\\/#\\\/schema\\\/person\\\/28a46859582cac5ac1ef7e065a17f77b\"},\"description\":\"Bei diesem Baumkuchen kommen zwischen den Teigschichten auch noch weitere Schichten mit Karamell aus ges\u00fc\u00dfter Kondensmilch.\",\"breadcrumb\":{\"@id\":\"https:\\\/\\\/jennyisbaking.com\\\/de\\\/2020\\\/12\\\/01\\\/baumkuchen-auf-suedamerikanische-art-mit-karamell\\\/#breadcrumb\"},\"inLanguage\":\"de\",\"potentialAction\":[{\"@type\":\"ReadAction\",\"target\":[[\"https:\\\/\\\/jennyisbaking.com\\\/de\\\/2020\\\/12\\\/01\\\/baumkuchen-auf-suedamerikanische-art-mit-karamell\\\/\"]]}]},{\"@type\":\"ImageObject\",\"inLanguage\":\"de\",\"@id\":\"https:\\\/\\\/jennyisbaking.com\\\/de\\\/2020\\\/12\\\/01\\\/baumkuchen-auf-suedamerikanische-art-mit-karamell\\\/#primaryimage\",\"url\":\"https:\\\/\\\/i0.wp.com\\\/jennyisbaking.com\\\/wp-1c174-content\\\/uploads\\\/2020\\\/11\\\/DSC01305.jpg?fit=534%2C801&ssl=1\",\"contentUrl\":\"https:\\\/\\\/i0.wp.com\\\/jennyisbaking.com\\\/wp-1c174-content\\\/uploads\\\/2020\\\/11\\\/DSC01305.jpg?fit=534%2C801&ssl=1\",\"width\":534,\"height\":801,\"caption\":\"Baumkuchen mit Karamell aus S\u00fcdamerika namens dulce de leche\"},{\"@type\":\"BreadcrumbList\",\"@id\":\"https:\\\/\\\/jennyisbaking.com\\\/de\\\/2020\\\/12\\\/01\\\/baumkuchen-auf-suedamerikanische-art-mit-karamell\\\/#breadcrumb\",\"itemListElement\":[{\"@type\":\"ListItem\",\"position\":1,\"name\":\"Startseite\",\"item\":\"https:\\\/\\\/jennyisbaking.com\\\/de\\\/\"},{\"@type\":\"ListItem\",\"position\":2,\"name\":\"German Tree Cake with Dulce de Leche\"}]},{\"@type\":\"WebSite\",\"@id\":\"https:\\\/\\\/jennyisbaking.com\\\/de\\\/#website\",\"url\":\"https:\\\/\\\/jennyisbaking.com\\\/de\\\/\",\"name\":\"Jenny is baking\",\"description\":\"Backrezepte aus Nord- und S\u00fcdamerika\",\"potentialAction\":[{\"@type\":\"SearchAction\",\"target\":{\"@type\":\"EntryPoint\",\"urlTemplate\":\"https:\\\/\\\/jennyisbaking.com\\\/de\\\/?s={search_term_string}\"},\"query-input\":{\"@type\":\"PropertyValueSpecification\",\"valueRequired\":true,\"valueName\":\"search_term_string\"}}],\"inLanguage\":\"de\"},{\"@type\":\"Person\",\"@id\":\"https:\\\/\\\/jennyisbaking.com\\\/#\\\/schema\\\/person\\\/28a46859582cac5ac1ef7e065a17f77b\",\"name\":\"Jenny\",\"image\":{\"@type\":\"ImageObject\",\"inLanguage\":\"de\",\"@id\":\"https:\\\/\\\/secure.gravatar.com\\\/avatar\\\/23e81660a6279fbe7db0db01e9985036a8488f0100c3985867731ba2b4348089?s=96&d=mm&r=g\",\"url\":\"https:\\\/\\\/secure.gravatar.com\\\/avatar\\\/23e81660a6279fbe7db0db01e9985036a8488f0100c3985867731ba2b4348089?s=96&d=mm&r=g\",\"contentUrl\":\"https:\\\/\\\/secure.gravatar.com\\\/avatar\\\/23e81660a6279fbe7db0db01e9985036a8488f0100c3985867731ba2b4348089?s=96&d=mm&r=g\",\"caption\":\"Jenny\"},\"description\":\"Hi, ich hei\u00dfe Jenny, geb\u00fcrtig in Uruguay, als Kind in USA gelebt, nach dem Abi in Kanada und mit einem Kolumbianer verheiratet. Ich wohne im Moment in M\u00fcnchen, S\u00fcddeutschland. Auf meinem Blog finden sich meist s\u00fc\u00dfe Rezepte. Ich mag normalerweise einfache Sachen, die schnell gemacht sind, aber gleichzeitig was hermachen. Manchmal packt mich auch der Ehrgeiz und ich wage mich an kompliziertere Torten. Schau dir im Men\u00fc \u201eAlle Rezepte\u201c an f\u00fcr weitere Inspiration.\",\"sameAs\":[\"https:\\\/\\\/www.facebook.com\\\/jennyisbaking\\\/\",\"https:\\\/\\\/www.pinterest.de\\\/jennyisbaking\\\/\"]}]}<\/script>\n<!-- \/ Yoast SEO plugin. -->","yoast_head_json":{"title":"Baumkuchen auf s\u00fcdamerikanische Art mit Karamell - Jenny is baking","description":"Bei diesem Baumkuchen kommen zwischen den Teigschichten auch noch weitere Schichten mit Karamell aus ges\u00fc\u00dfter Kondensmilch.","robots":{"index":"index","follow":"follow","max-snippet":"max-snippet:-1","max-image-preview":"max-image-preview:large","max-video-preview":"max-video-preview:-1"},"canonical":"https:\/\/jennyisbaking.com\/de\/2020\/12\/01\/baumkuchen-auf-suedamerikanische-art-mit-karamell\/","og_locale":"de_DE","og_type":"article","og_title":"Baumkuchen auf s\u00fcdamerikanische Art mit Karamell - Jenny is baking","og_description":"Bei diesem Baumkuchen kommen zwischen den Teigschichten auch noch weitere Schichten mit Karamell aus ges\u00fc\u00dfter Kondensmilch.","og_url":"https:\/\/jennyisbaking.com\/de\/2020\/12\/01\/baumkuchen-auf-suedamerikanische-art-mit-karamell\/","og_site_name":"Jenny is baking","article_publisher":"https:\/\/www.facebook.com\/jennyisbaking\/","article_author":"https:\/\/www.facebook.com\/jennyisbaking\/","article_published_time":"2020-12-01T08:00:00+00:00","article_modified_time":"2020-12-01T14:59:55+00:00","og_image":[{"width":534,"height":801,"url":"https:\/\/i2.wp.com\/jennyisbaking.com\/wp-1c174-content\/uploads\/2020\/11\/DSC01305.jpg?fit=534%2C801&ssl=1","type":"image\/jpeg"}],"author":"Jenny","twitter_card":"summary_large_image","twitter_misc":{"Verfasst von":"Jenny","Gesch\u00e4tzte Lesezeit":"6\u00a0Minuten"},"schema":{"@context":"https:\/\/schema.org","@graph":[{"@type":"Article","@id":"https:\/\/jennyisbaking.com\/2020\/12\/01\/baumkuchen-auf-suedamerikanische-art-mit-karamell\/#article","isPartOf":{"@id":"https:\/\/jennyisbaking.com\/2020\/12\/01\/baumkuchen-auf-suedamerikanische-art-mit-karamell\/"},"author":{"name":"Jenny","@id":"https:\/\/jennyisbaking.com\/#\/schema\/person\/28a46859582cac5ac1ef7e065a17f77b"},"headline":"Baumkuchen auf s\u00fcdamerikanische Art mit Karamell","datePublished":"2020-12-01T08:00:00+00:00","dateModified":"2020-12-01T14:59:55+00:00","mainEntityOfPage":{"@id":"https:\/\/jennyisbaking.com\/2020\/12\/01\/baumkuchen-auf-suedamerikanische-art-mit-karamell\/"},"wordCount":1157,"commentCount":14,"image":{"@id":"https:\/\/jennyisbaking.com\/2020\/12\/01\/baumkuchen-auf-suedamerikanische-art-mit-karamell\/#primaryimage"},"thumbnailUrl":"https:\/\/i0.wp.com\/jennyisbaking.com\/wp-1c174-content\/uploads\/2020\/11\/DSC01305.jpg?fit=534%2C801&ssl=1","keywords":["Adventskalender","baum","Baumkuchen","caramel","deutsch","dulce de leche","foodblogger","German","Karamell","kochtopf","Kuchen","tree cake","zorra"],"articleSection":["Christmas","Weihnachten","Winter"],"inLanguage":"de","potentialAction":[{"@type":"CommentAction","name":"Comment","target":["https:\/\/jennyisbaking.com\/2020\/12\/01\/baumkuchen-auf-suedamerikanische-art-mit-karamell\/#respond"]}]},{"@type":"WebPage","@id":"https:\/\/jennyisbaking.com\/de\/2020\/12\/01\/baumkuchen-auf-suedamerikanische-art-mit-karamell\/","url":"https:\/\/jennyisbaking.com\/de\/2020\/12\/01\/baumkuchen-auf-suedamerikanische-art-mit-karamell\/","name":"Baumkuchen auf s\u00fcdamerikanische Art mit Karamell - Jenny is baking","isPartOf":{"@id":"https:\/\/jennyisbaking.com\/de\/#website"},"primaryImageOfPage":{"@id":"https:\/\/jennyisbaking.com\/de\/2020\/12\/01\/baumkuchen-auf-suedamerikanische-art-mit-karamell\/#primaryimage"},"image":{"@id":"https:\/\/jennyisbaking.com\/2020\/12\/01\/baumkuchen-auf-suedamerikanische-art-mit-karamell\/#primaryimage"},"thumbnailUrl":"https:\/\/i0.wp.com\/jennyisbaking.com\/wp-1c174-content\/uploads\/2020\/11\/DSC01305.jpg?fit=534%2C801&ssl=1","datePublished":"2020-12-01T08:00:00+00:00","dateModified":"2020-12-01T14:59:55+00:00","author":{"@id":"https:\/\/jennyisbaking.com\/#\/schema\/person\/28a46859582cac5ac1ef7e065a17f77b"},"description":"Bei diesem Baumkuchen kommen zwischen den Teigschichten auch noch weitere Schichten mit Karamell aus ges\u00fc\u00dfter Kondensmilch.","breadcrumb":{"@id":"https:\/\/jennyisbaking.com\/de\/2020\/12\/01\/baumkuchen-auf-suedamerikanische-art-mit-karamell\/#breadcrumb"},"inLanguage":"de","potentialAction":[{"@type":"ReadAction","target":[["https:\/\/jennyisbaking.com\/de\/2020\/12\/01\/baumkuchen-auf-suedamerikanische-art-mit-karamell\/"]]}]},{"@type":"ImageObject","inLanguage":"de","@id":"https:\/\/jennyisbaking.com\/de\/2020\/12\/01\/baumkuchen-auf-suedamerikanische-art-mit-karamell\/#primaryimage","url":"https:\/\/i0.wp.com\/jennyisbaking.com\/wp-1c174-content\/uploads\/2020\/11\/DSC01305.jpg?fit=534%2C801&ssl=1","contentUrl":"https:\/\/i0.wp.com\/jennyisbaking.com\/wp-1c174-content\/uploads\/2020\/11\/DSC01305.jpg?fit=534%2C801&ssl=1","width":534,"height":801,"caption":"Baumkuchen mit Karamell aus S\u00fcdamerika namens dulce de leche"},{"@type":"BreadcrumbList","@id":"https:\/\/jennyisbaking.com\/de\/2020\/12\/01\/baumkuchen-auf-suedamerikanische-art-mit-karamell\/#breadcrumb","itemListElement":[{"@type":"ListItem","position":1,"name":"Startseite","item":"https:\/\/jennyisbaking.com\/de\/"},{"@type":"ListItem","position":2,"name":"German Tree Cake with Dulce de Leche"}]},{"@type":"WebSite","@id":"https:\/\/jennyisbaking.com\/de\/#website","url":"https:\/\/jennyisbaking.com\/de\/","name":"Jenny is baking","description":"Backrezepte aus Nord- und S\u00fcdamerika","potentialAction":[{"@type":"SearchAction","target":{"@type":"EntryPoint","urlTemplate":"https:\/\/jennyisbaking.com\/de\/?s={search_term_string}"},"query-input":{"@type":"PropertyValueSpecification","valueRequired":true,"valueName":"search_term_string"}}],"inLanguage":"de"},{"@type":"Person","@id":"https:\/\/jennyisbaking.com\/#\/schema\/person\/28a46859582cac5ac1ef7e065a17f77b","name":"Jenny","image":{"@type":"ImageObject","inLanguage":"de","@id":"https:\/\/secure.gravatar.com\/avatar\/23e81660a6279fbe7db0db01e9985036a8488f0100c3985867731ba2b4348089?s=96&d=mm&r=g","url":"https:\/\/secure.gravatar.com\/avatar\/23e81660a6279fbe7db0db01e9985036a8488f0100c3985867731ba2b4348089?s=96&d=mm&r=g","contentUrl":"https:\/\/secure.gravatar.com\/avatar\/23e81660a6279fbe7db0db01e9985036a8488f0100c3985867731ba2b4348089?s=96&d=mm&r=g","caption":"Jenny"},"description":"Hi, ich hei\u00dfe Jenny, geb\u00fcrtig in Uruguay, als Kind in USA gelebt, nach dem Abi in Kanada und mit einem Kolumbianer verheiratet. Ich wohne im Moment in M\u00fcnchen, S\u00fcddeutschland. Auf meinem Blog finden sich meist s\u00fc\u00dfe Rezepte. Ich mag normalerweise einfache Sachen, die schnell gemacht sind, aber gleichzeitig was hermachen. Manchmal packt mich auch der Ehrgeiz und ich wage mich an kompliziertere Torten. Schau dir im Men\u00fc \u201eAlle Rezepte\u201c an f\u00fcr weitere Inspiration.","sameAs":["https:\/\/www.facebook.com\/jennyisbaking\/","https:\/\/www.pinterest.de\/jennyisbaking\/"]}]}},"jetpack_publicize_connections":[],"jetpack_featured_media_url":"https:\/\/i0.wp.com\/jennyisbaking.com\/wp-1c174-content\/uploads\/2020\/11\/DSC01305.jpg?fit=534%2C801&ssl=1","jetpack_sharing_enabled":true,"jetpack_shortlink":"https:\/\/wp.me\/p8MAhl-2U1","jetpack-related-posts":[{"id":12054,"url":"https:\/\/jennyisbaking.com\/de\/2021\/07\/02\/russische-napoleon-torte\/","url_meta":{"origin":11161,"position":0},"title":"Russische Napoleon-Torte","author":"Jenny","date":"Freitag, der  2. Juli 2021","format":false,"excerpt":"Bei dieser russischen Torte kommt zwischen Blitzbl\u00e4tterteig eine wunderbar dekadente Karamellcreme, ein Augenschmaus!","rel":"","context":"In &quot;All Seasons&quot;","block_context":{"text":"All Seasons","link":"https:\/\/jennyisbaking.com\/de\/category\/all-seasons\/"},"img":{"alt_text":"Russische Torte Napoleon","src":"https:\/\/i0.wp.com\/jennyisbaking.com\/wp-1c174-content\/uploads\/2021\/05\/DSC03202-2.jpg?fit=534%2C801&ssl=1&resize=350%2C200","width":350,"height":200,"srcset":"https:\/\/i0.wp.com\/jennyisbaking.com\/wp-1c174-content\/uploads\/2021\/05\/DSC03202-2.jpg?fit=534%2C801&ssl=1&resize=350%2C200 1x, https:\/\/i0.wp.com\/jennyisbaking.com\/wp-1c174-content\/uploads\/2021\/05\/DSC03202-2.jpg?fit=534%2C801&ssl=1&resize=525%2C300 1.5x"},"classes":[]},{"id":8244,"url":"https:\/\/jennyisbaking.com\/de\/2019\/04\/09\/twelve-tips-for-perfect-sponge-batter\/","url_meta":{"origin":11161,"position":1},"title":"Zw\u00f6lf Tipps f\u00fcr perfekten Biskuitteig","author":"Jenny","date":"Dienstag, der  9. April 2019","format":false,"excerpt":"Heute gibt es Backtipps und -tricks und diesmal nehmen wir uns Biskuitteig vor. Biskuitteig ist einer meiner Lieblingsteige, ich liebe insbesondere Biskuitrollen (siehe dazu verschiedene Rezepte unten), da sie super schnell vorbereitet sind und meiner Meinung nach perfekt was f\u00fcr G\u00e4ste hermachen. Aber nat\u00fcrlich ist Biskuit auch super als klassischer\u2026","rel":"","context":"In &quot;How to&quot;","block_context":{"text":"How to","link":"https:\/\/jennyisbaking.com\/de\/category\/how-to\/"},"img":{"alt_text":"Zehn Tipps f\u00fcr perfekten Biskuitteig","src":"https:\/\/i0.wp.com\/jennyisbaking.com\/wp-1c174-content\/uploads\/2019\/03\/DSC07937.jpg?fit=801%2C534&ssl=1&resize=350%2C200","width":350,"height":200,"srcset":"https:\/\/i0.wp.com\/jennyisbaking.com\/wp-1c174-content\/uploads\/2019\/03\/DSC07937.jpg?fit=801%2C534&ssl=1&resize=350%2C200 1x, https:\/\/i0.wp.com\/jennyisbaking.com\/wp-1c174-content\/uploads\/2019\/03\/DSC07937.jpg?fit=801%2C534&ssl=1&resize=525%2C300 1.5x, https:\/\/i0.wp.com\/jennyisbaking.com\/wp-1c174-content\/uploads\/2019\/03\/DSC07937.jpg?fit=801%2C534&ssl=1&resize=700%2C400 2x"},"classes":[]},{"id":19056,"url":"https:\/\/jennyisbaking.com\/de\/2025\/12\/27\/savory-pionono-from-argentina-and-uruguay\/","url_meta":{"origin":11161,"position":2},"title":"Herzhafter Pionono aus Argentinien und Uruguay","author":"Jenny","date":"Samstag, der 27. Dezember 2025","format":false,"excerpt":"Pionono aus Argentinien oder Uruguay ist ein popul\u00e4res Rezept zu Silvester, wenn man Fingerfood braucht. Halt dich fest, wir machen eine Biskuitrolle, aber f\u00fcllen sie mit herzhaften Zutaten. Ich wei\u00df, ich wei\u00df, das klingt f\u00fcr deutsche Ohren erst einmal seltsam. Aber wenn man Brioche, was auch Zucker enth\u00e4lt, f\u00fcr Sandwiches\u2026","rel":"","context":"In &quot;Argentina and Uruguay&quot;","block_context":{"text":"Argentina and Uruguay","link":"https:\/\/jennyisbaking.com\/de\/category\/argentina-and-uruguay\/"},"img":{"alt_text":"","src":"https:\/\/i0.wp.com\/jennyisbaking.com\/wp-1c174-content\/uploads\/2025\/12\/Pionono-aus-Argentinien.jpg?fit=534%2C801&ssl=1&resize=350%2C200","width":350,"height":200,"srcset":"https:\/\/i0.wp.com\/jennyisbaking.com\/wp-1c174-content\/uploads\/2025\/12\/Pionono-aus-Argentinien.jpg?fit=534%2C801&ssl=1&resize=350%2C200 1x, https:\/\/i0.wp.com\/jennyisbaking.com\/wp-1c174-content\/uploads\/2025\/12\/Pionono-aus-Argentinien.jpg?fit=534%2C801&ssl=1&resize=525%2C300 1.5x"},"classes":[]},{"id":10299,"url":"https:\/\/jennyisbaking.com\/de\/2020\/05\/01\/chocolate-empanadas-with-dulce-de-leche\/","url_meta":{"origin":11161,"position":3},"title":"Schoko-Empanadas mit Dulce de Leche","author":"Jenny","date":"Freitag, der  1. Mai 2020","format":false,"excerpt":"Schokolade und Karamell, das ist doch die perfekte Kombi, oder? Als bekennender Chocoholic finde ich das zumindest ein Dream-Team. Und deswegen gibt es heute etwas aus meinem Geburtsland Uruguay: Empanadas. Das sind gef\u00fcllte Teigtaschen. Nat\u00fcrlich gibt es hier das klassische Empanadas-Rezept mit Rindfleischf\u00fcllung, jetzt war mir aber nach was S\u00fc\u00dfem.\u2026","rel":"","context":"In &quot;Everything Chocolate&quot;","block_context":{"text":"Everything Chocolate","link":"https:\/\/jennyisbaking.com\/de\/category\/everything-chocolate\/"},"img":{"alt_text":"Schoko-Empanadas mit Dulce de Leche","src":"https:\/\/i0.wp.com\/jennyisbaking.com\/wp-1c174-content\/uploads\/2020\/04\/DSC08369.jpg?fit=534%2C801&ssl=1&resize=350%2C200","width":350,"height":200,"srcset":"https:\/\/i0.wp.com\/jennyisbaking.com\/wp-1c174-content\/uploads\/2020\/04\/DSC08369.jpg?fit=534%2C801&ssl=1&resize=350%2C200 1x, https:\/\/i0.wp.com\/jennyisbaking.com\/wp-1c174-content\/uploads\/2020\/04\/DSC08369.jpg?fit=534%2C801&ssl=1&resize=525%2C300 1.5x"},"classes":[]},{"id":10784,"url":"https:\/\/jennyisbaking.com\/de\/2020\/09\/04\/leche-asada-milchpudding-aus-suedamerika\/","url_meta":{"origin":11161,"position":4},"title":"Leche asada, Milchpudding aus S\u00fcdamerika","author":"Jenny","date":"Freitag, der  4. September 2020","format":false,"excerpt":"Leche asada ist eine Art Pudding aus S\u00fcdamerika und enth\u00e4lt eine Karamellschicht und ein Gemisch aus Milch, Eiern und Zucker als Pudding.","rel":"","context":"In &quot;All Seasons&quot;","block_context":{"text":"All Seasons","link":"https:\/\/jennyisbaking.com\/de\/category\/all-seasons\/"},"img":{"alt_text":"Leche asada, Dessert aus S\u00fcdamerika","src":"https:\/\/i0.wp.com\/jennyisbaking.com\/wp-1c174-content\/uploads\/2020\/08\/DSC00455.jpg?fit=534%2C800&ssl=1&resize=350%2C200","width":350,"height":200,"srcset":"https:\/\/i0.wp.com\/jennyisbaking.com\/wp-1c174-content\/uploads\/2020\/08\/DSC00455.jpg?fit=534%2C800&ssl=1&resize=350%2C200 1x, https:\/\/i0.wp.com\/jennyisbaking.com\/wp-1c174-content\/uploads\/2020\/08\/DSC00455.jpg?fit=534%2C800&ssl=1&resize=525%2C300 1.5x"},"classes":[]},{"id":9644,"url":"https:\/\/jennyisbaking.com\/de\/2019\/12\/04\/coffee-alfajores-from-uruguay-and-cookie-day\/","url_meta":{"origin":11161,"position":5},"title":"Kaffee-Alfajores aus Uruguay","author":"Jenny","date":"Mittwoch, der  4. Dezember 2019","format":false,"excerpt":"Es ist Zeit f\u00fcr Alfajores. Alfa- was? Alfajores sind Doppelkekse aus Spanien und S\u00fcdamerika, die gerne mit der Karamellcreme namens dulce de leche gef\u00fclt werden. Heute habe ich welche mit Kaffeegeschmack mitgebracht. Sie bilden den Abschluss meiner Cookie-Woche.Im Grunde genommen bestehen diese Kekse aus M\u00fcrbeteig, der mit Espresso gemischt wird.\u2026","rel":"","context":"In &quot;All Seasons&quot;","block_context":{"text":"All Seasons","link":"https:\/\/jennyisbaking.com\/de\/category\/all-seasons\/"},"img":{"alt_text":"Kaffee-Alfajores aus Uruguay","src":"https:\/\/i0.wp.com\/jennyisbaking.com\/wp-1c174-content\/uploads\/2019\/11\/DSC05916.jpg?fit=534%2C801&ssl=1&resize=350%2C200","width":350,"height":200,"srcset":"https:\/\/i0.wp.com\/jennyisbaking.com\/wp-1c174-content\/uploads\/2019\/11\/DSC05916.jpg?fit=534%2C801&ssl=1&resize=350%2C200 1x, https:\/\/i0.wp.com\/jennyisbaking.com\/wp-1c174-content\/uploads\/2019\/11\/DSC05916.jpg?fit=534%2C801&ssl=1&resize=525%2C300 1.5x"},"classes":[]}],"_links":{"self":[{"href":"https:\/\/jennyisbaking.com\/de\/wp-json\/wp\/v2\/posts\/11161","targetHints":{"allow":["GET"]}}],"collection":[{"href":"https:\/\/jennyisbaking.com\/de\/wp-json\/wp\/v2\/posts"}],"about":[{"href":"https:\/\/jennyisbaking.com\/de\/wp-json\/wp\/v2\/types\/post"}],"author":[{"embeddable":true,"href":"https:\/\/jennyisbaking.com\/de\/wp-json\/wp\/v2\/users\/1"}],"replies":[{"embeddable":true,"href":"https:\/\/jennyisbaking.com\/de\/wp-json\/wp\/v2\/comments?post=11161"}],"version-history":[{"count":21,"href":"https:\/\/jennyisbaking.com\/de\/wp-json\/wp\/v2\/posts\/11161\/revisions"}],"predecessor-version":[{"id":11363,"href":"https:\/\/jennyisbaking.com\/de\/wp-json\/wp\/v2\/posts\/11161\/revisions\/11363"}],"wp:featuredmedia":[{"embeddable":true,"href":"https:\/\/jennyisbaking.com\/de\/wp-json\/wp\/v2\/media\/11166"}],"wp:attachment":[{"href":"https:\/\/jennyisbaking.com\/de\/wp-json\/wp\/v2\/media?parent=11161"}],"wp:term":[{"taxonomy":"category","embeddable":true,"href":"https:\/\/jennyisbaking.com\/de\/wp-json\/wp\/v2\/categories?post=11161"},{"taxonomy":"post_tag","embeddable":true,"href":"https:\/\/jennyisbaking.com\/de\/wp-json\/wp\/v2\/tags?post=11161"}],"curies":[{"name":"wp","href":"https:\/\/api.w.org\/{rel}","templated":true}]}}