{"id":12282,"date":"2021-07-31T07:00:00","date_gmt":"2021-07-31T05:00:00","guid":{"rendered":"https:\/\/jennyisbaking.com\/?p=12282"},"modified":"2021-07-30T10:24:33","modified_gmt":"2021-07-30T08:24:33","slug":"buttrige-apfeltasche-mit-blitzblaetterteig","status":"publish","type":"post","link":"https:\/\/jennyisbaking.com\/de\/2021\/07\/31\/buttrige-apfeltasche-mit-blitzblaetterteig\/","title":{"rendered":"Buttrige Apfeltaschen mit Blitzbl\u00e4tterteig"},"content":{"rendered":"<p>Heute gibt es buttrige Apfeltaschen mit selbstgemachten Biltzbl\u00e4tterteig. Leute, ich sag euch, diese Apfeltaschen sind echt ein Traum! Nat\u00fcrlich machen wir den Blitzbl\u00e4tterteig selbst, er ist deutlich einfacher herzustellen als <a href=\"https:\/\/jennyisbaking.com\/de\/2018\/06\/15\/the-very-best-homemade-croissants\/\" target=\"_blank\" rel=\"noopener\">richtiger Bl\u00e4tterteig<\/a>. Aber nat\u00fcrlich kann man auch einfach gekauften Bl\u00e4tterteig verwenden, wem das zu viel Arbeit ist. Gef\u00fcllt habe ich sie mit einer in Butter ged\u00fcnsteten Apfelf\u00fcllung, die mit ein paar Gew\u00fcrzen aromatisiert wurde. Na, wer hat Lust auf dieses Rezept?<\/p>\n<p><a href=\"https:\/\/i0.wp.com\/jennyisbaking.com\/wp-1c174-content\/uploads\/2021\/07\/DSC03769.jpg?ssl=1\"><img data-recalc-dims=\"1\" loading=\"lazy\" decoding=\"async\" data-attachment-id=\"12285\" data-permalink=\"https:\/\/jennyisbaking.com\/de\/2021\/07\/31\/buttrige-apfeltasche-mit-blitzblaetterteig\/dsc03769-3\/\" data-orig-file=\"https:\/\/i0.wp.com\/jennyisbaking.com\/wp-1c174-content\/uploads\/2021\/07\/DSC03769.jpg?fit=534%2C801&amp;ssl=1\" data-orig-size=\"534,801\" data-comments-opened=\"1\" data-image-meta=\"{&quot;aperture&quot;:&quot;5&quot;,&quot;credit&quot;:&quot;Jennifer Warkentin&quot;,&quot;camera&quot;:&quot;ILCE-7&quot;,&quot;caption&quot;:&quot;&quot;,&quot;created_timestamp&quot;:&quot;1626787839&quot;,&quot;copyright&quot;:&quot;Jennifer Warkentin&quot;,&quot;focal_length&quot;:&quot;50&quot;,&quot;iso&quot;:&quot;400&quot;,&quot;shutter_speed&quot;:&quot;0.01&quot;,&quot;title&quot;:&quot;&quot;,&quot;orientation&quot;:&quot;1&quot;}\" data-image-title=\"Buttrige Apfeltaschen mit Blitzbl\u00e4tterteig\" data-image-description=\"\" data-image-caption=\"\" data-large-file=\"https:\/\/i0.wp.com\/jennyisbaking.com\/wp-1c174-content\/uploads\/2021\/07\/DSC03769.jpg?fit=534%2C801&amp;ssl=1\" src=\"https:\/\/i0.wp.com\/jennyisbaking.com\/wp-1c174-content\/uploads\/2021\/07\/DSC03769.jpg?resize=534%2C801&#038;ssl=1\" class=\"aligncenter size-full wp-image-12285\" alt=\"Buttrige Apfeltaschen mit Blitzbl\u00e4tterteig\" width=\"534\" height=\"801\" srcset=\"https:\/\/i0.wp.com\/jennyisbaking.com\/wp-1c174-content\/uploads\/2021\/07\/DSC03769.jpg?w=534&amp;ssl=1 534w, https:\/\/i0.wp.com\/jennyisbaking.com\/wp-1c174-content\/uploads\/2021\/07\/DSC03769.jpg?resize=200%2C300&amp;ssl=1 200w\" sizes=\"auto, (max-width: 534px) 100vw, 534px\" \/><\/a><!--more-->Das Gute an Blitzbl\u00e4tterteig ist, dass wir so eine Art M\u00fcrbeteig erstellen, also die klein geschnittene Butter einfach zu Beginn in den Teig eingewirkt wird und man also nicht das Theater hat, dass man m\u00f6glichst akkurate Schichten an Teig und Butter herstellt. Nat\u00fcrlich hei\u00dft das auch, dass das finale Produkt bei weitem nicht so sehr aufgeht, aber ich finde trotzdem, dass diese Apfeltaschen einfach perfekt schmecken. Wer sich gerne an echtem und selbstgemachten Bl\u00e4tterteig probieren m\u00f6chte, dem\/der kann ich <a href=\"https:\/\/jennyisbaking.com\/de\/2018\/06\/15\/the-very-best-homemade-croissants\/\" target=\"_blank\" rel=\"noopener\">dieses Croissant-Rezept<\/a> ans Herz legen. <a href=\"https:\/\/jennyisbaking.com\/de\/2020\/02\/26\/echte-franzbrotchen-mit-plunderteig\/\" target=\"_blank\" rel=\"noopener\">Franzbr\u00f6tchen werden aus Plunderteig gemacht<\/a>, auch eine vorstellbare Variante. Aber ja, auch Blitzbl\u00e4tterteig wird am Ende sechs Mal zu einem Gesch\u00e4ftsbrief gefaltet, man m\u00f6chte auch hier, selbst wenn sie nicht ganz so eindeutig definiert sind, Schichten von Teig und Butter herstellen. Auch hier nimmt das Gefalte deutlich weniger Zeit in Anspruch, da wir nicht jedes Mal warten m\u00fcssen.<\/p>\n<p><a href=\"https:\/\/i0.wp.com\/jennyisbaking.com\/wp-1c174-content\/uploads\/2021\/07\/DSC03757.jpg?ssl=1\"><img data-recalc-dims=\"1\" loading=\"lazy\" decoding=\"async\" data-attachment-id=\"12283\" data-permalink=\"https:\/\/jennyisbaking.com\/de\/2021\/07\/31\/buttrige-apfeltasche-mit-blitzblaetterteig\/dsc03757\/\" data-orig-file=\"https:\/\/i0.wp.com\/jennyisbaking.com\/wp-1c174-content\/uploads\/2021\/07\/DSC03757.jpg?fit=534%2C801&amp;ssl=1\" data-orig-size=\"534,801\" data-comments-opened=\"1\" data-image-meta=\"{&quot;aperture&quot;:&quot;4.5&quot;,&quot;credit&quot;:&quot;Jennifer Warkentin&quot;,&quot;camera&quot;:&quot;ILCE-7&quot;,&quot;caption&quot;:&quot;&quot;,&quot;created_timestamp&quot;:&quot;1626783995&quot;,&quot;copyright&quot;:&quot;Jennifer Warkentin&quot;,&quot;focal_length&quot;:&quot;50&quot;,&quot;iso&quot;:&quot;400&quot;,&quot;shutter_speed&quot;:&quot;0.01&quot;,&quot;title&quot;:&quot;&quot;,&quot;orientation&quot;:&quot;1&quot;}\" data-image-title=\"Buttrige Apfeltaschen mit Blitzbl\u00e4tterteig\" data-image-description=\"\" data-image-caption=\"\" data-large-file=\"https:\/\/i0.wp.com\/jennyisbaking.com\/wp-1c174-content\/uploads\/2021\/07\/DSC03757.jpg?fit=534%2C801&amp;ssl=1\" src=\"https:\/\/i0.wp.com\/jennyisbaking.com\/wp-1c174-content\/uploads\/2021\/07\/DSC03757.jpg?resize=534%2C801&#038;ssl=1\" class=\"aligncenter size-full wp-image-12283\" alt=\"Buttrige Apfeltaschen mit Blitzbl\u00e4tterteig\" width=\"534\" height=\"801\" srcset=\"https:\/\/i0.wp.com\/jennyisbaking.com\/wp-1c174-content\/uploads\/2021\/07\/DSC03757.jpg?w=534&amp;ssl=1 534w, https:\/\/i0.wp.com\/jennyisbaking.com\/wp-1c174-content\/uploads\/2021\/07\/DSC03757.jpg?resize=200%2C300&amp;ssl=1 200w\" sizes=\"auto, (max-width: 534px) 100vw, 534px\" \/><\/a><span class=\"sp_shortcode\">\t<div id=\"recipe\"><\/div>\r\n\t<div class=\"sp-recipe\" id=\"printthis\">\r\n\t\t\r\n\t\t<div class=\"recipe-overview\">\r\n\t\t\t\r\n\t\t\t<div class=\"recipe-image\">\r\n\t\t\t\t\t\t\t\t\t\t\t\t<img data-recalc-dims=\"1\" decoding=\"async\" src=\"https:\/\/i0.wp.com\/jennyisbaking.com\/wp-1c174-content\/uploads\/2021\/07\/DSC03764.jpg?w=1080&#038;ssl=1\">\t\t\t\t\t\t\t\t\t\t\t\t\t<a href=\"#\" onclick=\"jQuery('#printthis').print()\" class=\"sp-print\"><i class=\"fa fas fa-print\"><\/i> Print Recipe<\/a>\r\n\t\t\t\t\t\t\t<\/div>\r\n\t\t\t\r\n\t\t\t<div class=\"recipe-header\">\r\n\t\t\t\r\n\t\t\t\t<div class=\"recipe-title-header\">\r\n\t\t\t\t\r\n\t\t\t\t\t\t\t\t\t\t\t<h2>Buttrige Apfeltaschen mit Blitzbl\u00e4tterteig<\/h2>\r\n\t\t\t\t\t\t\t\t\t\t\t\t\t\t\r\n\t\t\t\t<\/div>\r\n\t\t\t\r\n\t\t\t\t\t\t\t\t<div class=\"recipe-meta\">\r\n\t\t\t\t\t\r\n\t\t\t\t\t<div class=\"meta-row\">\r\n\t\t\t\t\t\t\r\n\t\t\t\t\t\t\t\t\t\t\t\t\r\n\t\t\t\t\t\t\t\t\t\t\t\t\t\t\t\t\t\t\t\t\t\t\t\r\n\t\t\t\t\t<\/div>\r\n\t\t\t\t\t\r\n\t\t\t\t\t<div class=\"meta-row\">\r\n\t\t\t\t\t\t\r\n\t\t\t\t\t\t<i class=\"far fa-user\"><\/i>\t\t\t\t\t\t\r\n\t\t\t\t\t\t\t\t\t\t\t\t\t\t\t\t\t\t<span class=\"recipe-meta-item\">Serves: 8 gro\u00dfe oder 12 kleine Apfeltaschen<\/span>\t\t\t\t\t\r\n\t\t\t\t\t<\/div>\r\n\t\t\t\t\t\r\n\t\t\t\t\t<div class=\"meta-row\">\r\n\t\t\t\t\t\r\n\t\t\t\t\t\t<i class=\"far fa-clock\"><\/i> \r\n\t\t\t\t\t\t\r\n\t\t\t\t\t\t\t\t\t\t\t\t\t\t\t\t\t\t<span class=\"recipe-meta-item\">Prep Time: 2hrs<\/span>\r\n\t\t\t\t\t\t\t\t\t\t\t\t\r\n\t\t\t\t\t\t<span class=\"separator\">&#8211;<\/span>\t\t\t\t\t\t\r\n\t\t\t\t\t\t\t\t\t\t\t\t\t\t\t\t\t\t<span class=\"recipe-meta-item\">Cooking Time: 22min<\/span>\r\n\t\t\t\t\t\t\t\t\t\t\t\t\r\n\t\t\t\t\t\t<span class=\"separator\">&#8211;<\/span>\t\t\t\t\t\t\r\n\t\t\t\t\t\t\t\t\t\t\t\t\t\t\t\t\t\t<span class=\"recipe-meta-item\">Total Time: 2hrs 30min<\/span>\r\n\t\t\t\t\t\t\t\t\t\t\t\t\r\n\t\t\t\t\t<\/div>\r\n\t\t\t\r\n\t\t\t\t<\/div>\r\n\t\t\t\t\t\t\t\t\r\n\t\t\t\t\t\t\t\t\t<div class=\"sep-line\"><\/div>\r\n\t\t\t\t\t<div class=\"recipe-description\"><p>Bei diesen buttrigen Apfeltaschen machen wir den Blitzbl\u00e4tterteig selbst, einfach ein Schmaus!<\/p><\/div>\r\n\t\t\t\t\t\t\t\r\n\t\t\t<\/div>\r\n\t\t\t\r\n\t\t<\/div>\r\n\t\t\t\r\n\t\t\t\t<div class=\"recipe-ingredients\">\r\n\t\t\t\t\t\t\t\r\n\t\t\t<h3 class=\"recipe-title\">Ingredients<\/h3>\r\n\t\t\t\r\n\t\t\t<ul>\r\n\t\t\t\t\t\t\t\t\t\t\t\t\t\t\t\t\t\t\t<li><span><b>Teig<\/b><\/span><\/li>\r\n\t\t\t\t\t\t\t\t\t\t\t\t\t\t\t\t\t\t\t\t\t\t\t\t\t\t\t\t<li><span>170g Mehl, Type 550<\/span><\/li>\r\n\t\t\t\t\t\t\t\t\t\t\t\t\t\t\t\t\t\t\t\t\t\t\t\t\t\t\t\t<li><span>1 EL Zucker<\/span><\/li>\r\n\t\t\t\t\t\t\t\t\t\t\t\t\t\t\t\t\t\t\t\t\t\t\t\t\t\t\t\t<li><span>1 ordentliche Prise Salz <\/span><\/li>\r\n\t\t\t\t\t\t\t\t\t\t\t\t\t\t\t\t\t\t\t\t\t\t\t\t\t\t\t\t<li><span>170g kalte Butter<\/span><\/li>\r\n\t\t\t\t\t\t\t\t\t\t\t\t\t\t\t\t\t\t\t\t\t\t\t\t\t\t\t\t<li><span>80-120g kaltes Wasser<\/span><\/li>\r\n\t\t\t\t\t\t\t\t\t\t\t\t\t\t\t\t\t\t\t\t\t\t\t\t\t\t\t\t<li><span><\/br><\/span><\/li>\r\n\t\t\t\t\t\t\t\t\t\t\t\t\t\t\t\t\t\t\t\t\t\t\t\t\t\t\t\t<li><span><b>F\u00fcllung<\/b><\/span><\/li>\r\n\t\t\t\t\t\t\t\t\t\t\t\t\t\t\t\t\t\t\t\t\t\t\t\t\t\t\t\t<li><span>450g \u00c4pfel nach dem Sch\u00e4len und Schneiden (waren bei mir drei gro\u00dfe \u00c4pfel)<\/span><\/li>\r\n\t\t\t\t\t\t\t\t\t\t\t\t\t\t\t\t\t\t\t\t\t\t\t\t\t\t\t\t<li><span>40g brauner Zucker<\/span><\/li>\r\n\t\t\t\t\t\t\t\t\t\t\t\t\t\t\t\t\t\t\t\t\t\t\t\t\t\t\t\t<li><span>40g Butter<\/span><\/li>\r\n\t\t\t\t\t\t\t\t\t\t\t\t\t\t\t\t\t\t\t\t\t\t\t\t\t\t\t\t<li><span>1 TL Zimt, wer mag noch 1\/2 TL Ingwer und Muskat<\/span><\/li>\r\n\t\t\t\t\t\t\t\t\t\t\t\t\t\t\t\t\t\t\t\t\t\t\t\t\t\t\t\t<li><span>30g Speisest\u00e4rke<\/span><\/li>\r\n\t\t\t\t\t\t\t\t\t\t\t\t\t\t\t\t\t\t\t\t\t\t\t\t\t\t\t\t<li><span>30g Wasser<\/span><\/li>\r\n\t\t\t\t\t\t\t\t\t\t\t\t\t\t\t\t\t\t\t\t\t\t\t\t\t\t\t\t<li><span>Ein verquirltes Ei, grober Zucker<\/span><\/li>\r\n\t\t\t\t\t\t\t\t\t\t\t\t\t\t\t\t<\/ul>\r\n\t\t\t\r\n\t\t<\/div>\r\n\t\t\t\t\r\n\t\t\t\t<div class=\"recipe-method\">\r\n\t\t\t\t\t\t\t\r\n\t\t\t<h3 class=\"recipe-title\">Instructions<\/h3>\r\n\t\t\t\r\n\t\t\t\t\t\t\t\t\t\r\n\t\t\t\t\t\t\t\t\t\t\t\t\t\t\t<div class=\"step\">\r\n\t\t\t\t\t<span class=\"step-number\">1<\/span>\r\n\t\t\t\t\t<div class=\"step-content\">\r\n\t\t\t\t\t\t<p>F\u00fcr den <b>Teig<\/b> alle Zutaten bis auf die Butter und Wasser in eine gro\u00dfe Sch\u00fcssel geben. Dann die kalte Butter in St\u00fcckchen dazugeben und ganz grob zu gro\u00dfen Kr\u00fcmeln verarbeiten. Dabei k\u00f6nnen noch gro\u00dfe Butterst\u00fccke zu sehen sein. Ca. 60g Wasser hinzugeben und weiter bearbeiten. Nur so viel weiteres Wasser hinzugeben, dass man gerade so einen Ball formen kann, es ist OK, wenn es noch etwas kr\u00fcmelig ist. Den Teig zu einem Rechteck plattdr\u00fccken und dann zu einem Gesch\u00e4ftsbrief falten (also je ein Drittel zur Mitte klappen). So vorbereitet mindestens eine halbe Stunde oder l\u00e4nger gut abgedeckt im K\u00fchlschrank k\u00fchlen. <\/p>\r\n\t\t\t\t\t<\/div>\r\n\t\t\t\t<\/div>\r\n\t\t\t\t\t\t\t\t\t\t\r\n\t\t\t\t\t\t\r\n\t\t\t\t\t\t\t\t\t\t\t\t\t\t\t<div class=\"step\">\r\n\t\t\t\t\t<span class=\"step-number\">2<\/span>\r\n\t\t\t\t\t<div class=\"step-content\">\r\n\t\t\t\t\t\t<p>Dann aus dem K\u00fchlschrank holen und auf einer bemehlten Arbeitsfl\u00e4che zu einem Rechteck von ca. 40cm x 60cm mit dem Nudelholz rollen, von der Dicke ca. einen halben Zentimeter. Dann zu einem Gesch\u00e4ftsbrief falten und 90 Grad drehen. Diesen Vorgang insgesamt 6x wiederholen, also zu einem Rechteckausrollen und dann die Drittel zur Mitte klappen, 90 Grad drehen, dabei immer wieder bemehlen, insbesondere, wenn es Butterstellen gibt. \u00c4hnlich wie bei einem normalen Bl\u00e4tterteig entstehen hier also Schichten, auch wenn diese nicht so regelm\u00e4\u00dfig sind. Den Teig wieder mindestens eine halbe Stunde k\u00fchlen. Man kann ihn aber auch einfrieren. <\/p>\r\n\t\t\t\t\t<\/div>\r\n\t\t\t\t<\/div>\r\n\t\t\t\t\t\t\t\t\t\t\r\n\t\t\t\t\t\t\r\n\t\t\t\t\t\t\t\t\t\t\t\t\t\t\t<div class=\"step\">\r\n\t\t\t\t\t<span class=\"step-number\">3<\/span>\r\n\t\t\t\t\t<div class=\"step-content\">\r\n\t\t\t\t\t\t<p>F\u00fcr die <b>F\u00fcllung<\/b> die \u00c4pfel sch\u00e4len, das Kerngeh\u00e4use entfernen und dann in St\u00fccke schneiden. In einen Topf geben und mit Zucker, Butter und den Gew\u00fcrzen vermischen. Dann auf mittlerer Hitze erw\u00e4rmen und ca. 5 Minuten weicher d\u00fcnsten. Die Speisest\u00e4rke mit dem Wasser in einer Tasse verr\u00fchren bis man keine Kl\u00fcmpchen mehr sieht und dann zur Masse geben und gut r\u00fchren. Die Masse angedickt ca. eine Minute k\u00f6cheln lassen, dann vom Herd nehmen und abk\u00fchlen lassen. <\/p>\r\n\t\t\t\t\t<\/div>\r\n\t\t\t\t<\/div>\r\n\t\t\t\t\t\t\t\t\t\t\r\n\t\t\t\t\t\t\r\n\t\t\t\t\t\t\t\t\t\t\t\t\t\t\t<div class=\"step\">\r\n\t\t\t\t\t<span class=\"step-number\">4<\/span>\r\n\t\t\t\t\t<div class=\"step-content\">\r\n\t\t\t\t\t\t<p>Ein Blech mit Backpapier belegen und den Ofen auf 200 Grad vorheizen. Dann den Teig auf einer bemehlten Arbeitsfl\u00e4che zu einem gro\u00dfen Rechteck (ca. 50x70) ausrollen, ich habe am Ende 12 kleine Rechtecke geschnitten, empfehle aber eher 8 gr\u00f6\u00dfere. Jeweils auf einer L\u00e4ngsseite des Rechtecks F\u00fcllung verteilen, den Rand mit etwas verquirltem Ei bepinseln und dann die zweite L\u00e4ngsseite \u00fcberklappen. Den Rand gut mit einer Gabel festdr\u00fccken und in die Mitte drei Schlitze mit dem Messer schneiden. Die fertig vorbereiteten Taschen auf das Backblech legen, mit verquirltem Ei bestreichen und etwas groben Zucker verteilen. Ca. 20-22min backen oder bis sie goldbraun sind.<\/p>\r\n\t\t\t\t\t<\/div>\r\n\t\t\t\t<\/div>\r\n\t\t\t\t\t\t\t\t\t\t\r\n\t\t\t\t\t\t\r\n\t\t<\/div>\r\n\t\t\t\t\r\n\t\t\t\t\r\n\t\t\t\t\r\n\t\t<script type=\"application\/ld+json\">\r\n\t\t\t{\r\n\t\t\t  \"@context\": \"http:\/\/schema.org\",\r\n\t\t\t  \"@type\": \"Recipe\",\r\n\t\t\t  \"url\": \"https:\/\/jennyisbaking.com\/de\/2021\/07\/31\/buttrige-apfeltasche-mit-blitzblaetterteig\/\",\r\n\t\t\t  \"author\": {\r\n\t\t\t\t\"@type\": \"Thing\",\r\n\t\t\t\t\"name\": \"\"\r\n\t\t\t  },\r\n\t\t\t  \"datePublished\": \"Samstag, der 31. Juli 2021\",\r\n\t\t\t  \"cookTime\": \"PT22M\",\r\n\t\t\t  \t\t\t  \"description\": \"Bei diesen buttrigen Apfeltaschen machen wir den Blitzbl\u00e4tterteig selbst, einfach ein Schmaus!\",\r\n\t\t\t  \"image\": \"https:\/\/jennyisbaking.com\/wp-1c174-content\/uploads\/2021\/07\/DSC03764.jpg\",\r\n\t\t\t  \"recipeIngredient\": [\r\n\t\t\t\t\t\t\t\t\t\t\t\t\t                    \t\t\t\t\t\"<b>Teig<\/b>\",\t\t\t\t\t\t\t\t\t\t\t\t\t\t\t\t\t\t\t                    \t\t\t\t\t\"170g Mehl, Type 550\",\t\t\t\t\t\t\t\t\t\t\t\t\t\t\t\t\t\t\t                    \t\t\t\t\t\"1 EL Zucker\",\t\t\t\t\t\t\t\t\t\t\t\t\t\t\t\t\t\t\t                    \t\t\t\t\t\"1 ordentliche Prise Salz \",\t\t\t\t\t\t\t\t\t\t\t\t\t\t\t\t\t\t\t                    \t\t\t\t\t\"170g kalte Butter\",\t\t\t\t\t\t\t\t\t\t\t\t\t\t\t\t\t\t\t                    \t\t\t\t\t\"80-120g kaltes Wasser\",\t\t\t\t\t\t\t\t\t\t\t\t\t\t\t\t\t\t\t                    \t\t\t\t\t\"<\/br>\",\t\t\t\t\t\t\t\t\t\t\t\t\t\t\t\t\t\t\t                    \t\t\t\t\t\"<b>F\u00fcllung<\/b>\",\t\t\t\t\t\t\t\t\t\t\t\t\t\t\t\t\t\t\t                    \t\t\t\t\t\"450g \u00c4pfel nach dem Sch\u00e4len und Schneiden (waren bei mir drei gro\u00dfe \u00c4pfel)\",\t\t\t\t\t\t\t\t\t\t\t\t\t\t\t\t\t\t\t                    \t\t\t\t\t\"40g brauner Zucker\",\t\t\t\t\t\t\t\t\t\t\t\t\t\t\t\t\t\t\t                    \t\t\t\t\t\"40g Butter\",\t\t\t\t\t\t\t\t\t\t\t\t\t\t\t\t\t\t\t                    \t\t\t\t\t\"1 TL Zimt, wer mag noch 1\/2 TL Ingwer und Muskat\",\t\t\t\t\t\t\t\t\t\t\t\t\t\t\t\t\t\t\t                    \t\t\t\t\t\"30g Speisest\u00e4rke\",\t\t\t\t\t\t\t\t\t\t\t\t\t\t\t\t\t\t\t                    \t\t\t\t\t\"30g Wasser\",\t\t\t\t\t\t\t\t\t\t\t\t\t\t\t\t\t\t\t                    \t\t\t\t\t\"Ein verquirltes Ei, grober Zucker\"\t\t\t\t\t\t\t\t\t\t\t\t\t\t\t\t\t  ],\r\n\t\t\t  \"name\": \"Buttrige Apfeltaschen mit Blitzbl\u00e4tterteig\",\r\n\t\t\t  \"nutrition\": {\r\n\t\t\t\t\"@type\": \"NutritionInformation\",\r\n\t\t\t\t\"calories\": \"\",\r\n\t\t\t\t\"carbohydrateContent\": \"\",\r\n\t\t\t\t\"cholesterolContent\": \"\",\r\n\t\t\t\t\"fatContent\": \"\",\r\n\t\t\t\t\"fiberContent\": \"\",\r\n\t\t\t\t\"proteinContent\": \"\",\r\n\t\t\t\t\"saturatedFatContent\": \"\",\r\n\t\t\t\t\"sodiumContent\": \"\",\r\n\t\t\t\t\"sugarContent\": \"\",\r\n\t\t\t\t\"transFatContent\": \"\",\r\n\t\t\t\t\"unsaturatedFatContent\": \"\"\r\n\t\t\t  },\r\n\t\t\t  \"prepTime\": \"P\",\r\n\t\t\t  \"totalTime\": \"P\",\r\n\t\t\t  \"recipeCategory\":\"\",\r\n\t\t\t  \"recipeCuisine\":\"\",\r\n\t\t\t  \"keywords\": \"\",\t\t\t  \r\n\t\t\t  \"recipeInstructions\": [\r\n\t\t\t\t\t\t\t\t\t\t\t\r\n\t\t\t\t\t\t\t\t\t\t\t\t\t\t\t\t\"F\u00fcr den <b>Teig<\/b> alle Zutaten bis auf die Butter und Wasser in eine gro\u00dfe Sch\u00fcssel geben. Dann die kalte Butter in St\u00fcckchen dazugeben und ganz grob zu gro\u00dfen Kr\u00fcmeln verarbeiten. Dabei k\u00f6nnen noch gro\u00dfe Butterst\u00fccke zu sehen sein. Ca. 60g Wasser hinzugeben und weiter bearbeiten. Nur so viel weiteres Wasser hinzugeben, dass man gerade so einen Ball formen kann, es ist OK, wenn es noch etwas kr\u00fcmelig ist. Den Teig zu einem Rechteck plattdr\u00fccken und dann zu einem Gesch\u00e4ftsbrief falten (also je ein Drittel zur Mitte klappen). So vorbereitet mindestens eine halbe Stunde oder l\u00e4nger gut abgedeckt im K\u00fchlschrank k\u00fchlen. \",\t\t\t\t\t\t\r\n\t\t\t\t\t\t\t\t\t\t\t\t\t\t\r\n\t\t\t\t\t\t\t\r\n\t\t\t\t\t\t\t\t\t\t\t\t\t\t\t\t\"Dann aus dem K\u00fchlschrank holen und auf einer bemehlten Arbeitsfl\u00e4che zu einem Rechteck von ca. 40cm x 60cm mit dem Nudelholz rollen, von der Dicke ca. einen halben Zentimeter. Dann zu einem Gesch\u00e4ftsbrief falten und 90 Grad drehen. Diesen Vorgang insgesamt 6x wiederholen, also zu einem Rechteckausrollen und dann die Drittel zur Mitte klappen, 90 Grad drehen, dabei immer wieder bemehlen, insbesondere, wenn es Butterstellen gibt. \u00c4hnlich wie bei einem normalen Bl\u00e4tterteig entstehen hier also Schichten, auch wenn diese nicht so regelm\u00e4\u00dfig sind. Den Teig wieder mindestens eine halbe Stunde k\u00fchlen. Man kann ihn aber auch einfrieren. \",\t\t\t\t\t\t\r\n\t\t\t\t\t\t\t\t\t\t\t\t\t\t\r\n\t\t\t\t\t\t\t\r\n\t\t\t\t\t\t\t\t\t\t\t\t\t\t\t\t\"F\u00fcr die <b>F\u00fcllung<\/b> die \u00c4pfel sch\u00e4len, das Kerngeh\u00e4use entfernen und dann in St\u00fccke schneiden. In einen Topf geben und mit Zucker, Butter und den Gew\u00fcrzen vermischen. Dann auf mittlerer Hitze erw\u00e4rmen und ca. 5 Minuten weicher d\u00fcnsten. Die Speisest\u00e4rke mit dem Wasser in einer Tasse verr\u00fchren bis man keine Kl\u00fcmpchen mehr sieht und dann zur Masse geben und gut r\u00fchren. Die Masse angedickt ca. eine Minute k\u00f6cheln lassen, dann vom Herd nehmen und abk\u00fchlen lassen. \",\t\t\t\t\t\t\r\n\t\t\t\t\t\t\t\t\t\t\t\t\t\t\r\n\t\t\t\t\t\t\t\r\n\t\t\t\t\t\t\t\t\t\t\t\t\t\t\t\t\"Ein Blech mit Backpapier belegen und den Ofen auf 200 Grad vorheizen. Dann den Teig auf einer bemehlten Arbeitsfl\u00e4che zu einem gro\u00dfen Rechteck (ca. 50x70) ausrollen, ich habe am Ende 12 kleine Rechtecke geschnitten, empfehle aber eher 8 gr\u00f6\u00dfere. Jeweils auf einer L\u00e4ngsseite des Rechtecks F\u00fcllung verteilen, den Rand mit etwas verquirltem Ei bepinseln und dann die zweite L\u00e4ngsseite \u00fcberklappen. Den Rand gut mit einer Gabel festdr\u00fccken und in die Mitte drei Schlitze mit dem Messer schneiden. Die fertig vorbereiteten Taschen auf das Backblech legen, mit verquirltem Ei bestreichen und etwas groben Zucker verteilen. Ca. 20-22min backen oder bis sie goldbraun sind.\"\t\t\t\t\t\t\r\n\t\t\t\t\t\t\t\t\t\t\t\t\t\t\r\n\t\t\t\t\t\t\t  ],\r\n\t\t\t  \t\t\t  \"recipeYield\": \"8 gro\u00dfe oder 12 kleine Apfeltaschen\"\t\t\t  \t\t\t}\r\n\t\t<\/script>\r\n\t\t\r\n\t<\/div>\r\n\t<\/span><\/p>\n<p><a href=\"https:\/\/i0.wp.com\/jennyisbaking.com\/wp-1c174-content\/uploads\/2021\/07\/DSC03771.jpg?ssl=1\"><img data-recalc-dims=\"1\" loading=\"lazy\" decoding=\"async\" data-attachment-id=\"12286\" data-permalink=\"https:\/\/jennyisbaking.com\/de\/2021\/07\/31\/buttrige-apfeltasche-mit-blitzblaetterteig\/dsc03771\/\" data-orig-file=\"https:\/\/i0.wp.com\/jennyisbaking.com\/wp-1c174-content\/uploads\/2021\/07\/DSC03771.jpg?fit=534%2C801&amp;ssl=1\" data-orig-size=\"534,801\" data-comments-opened=\"1\" data-image-meta=\"{&quot;aperture&quot;:&quot;5&quot;,&quot;credit&quot;:&quot;Jennifer Warkentin&quot;,&quot;camera&quot;:&quot;ILCE-7&quot;,&quot;caption&quot;:&quot;&quot;,&quot;created_timestamp&quot;:&quot;1626787879&quot;,&quot;copyright&quot;:&quot;Jennifer Warkentin&quot;,&quot;focal_length&quot;:&quot;50&quot;,&quot;iso&quot;:&quot;400&quot;,&quot;shutter_speed&quot;:&quot;0.01&quot;,&quot;title&quot;:&quot;&quot;,&quot;orientation&quot;:&quot;1&quot;}\" data-image-title=\"Buttrige Apfeltaschen mit Blitzbl\u00e4tterteig\" data-image-description=\"\" data-image-caption=\"\" data-large-file=\"https:\/\/i0.wp.com\/jennyisbaking.com\/wp-1c174-content\/uploads\/2021\/07\/DSC03771.jpg?fit=534%2C801&amp;ssl=1\" src=\"https:\/\/i0.wp.com\/jennyisbaking.com\/wp-1c174-content\/uploads\/2021\/07\/DSC03771.jpg?resize=534%2C801&#038;ssl=1\" class=\"aligncenter size-full wp-image-12286\" alt=\"Buttrige Apfeltaschen mit Blitzbl\u00e4tterteig\" width=\"534\" height=\"801\" srcset=\"https:\/\/i0.wp.com\/jennyisbaking.com\/wp-1c174-content\/uploads\/2021\/07\/DSC03771.jpg?w=534&amp;ssl=1 534w, https:\/\/i0.wp.com\/jennyisbaking.com\/wp-1c174-content\/uploads\/2021\/07\/DSC03771.jpg?resize=200%2C300&amp;ssl=1 200w\" sizes=\"auto, (max-width: 534px) 100vw, 534px\" \/><\/a>Wer noch Lust auf weitere Apfelrezepte hat, wie w\u00e4r&#8217;s mit:<\/p>\n<p>Diesem <a href=\"https:\/\/jennyisbaking.com\/de\/2019\/11\/08\/moist-apple-almond-cake\/\" target=\"_blank\" rel=\"noopener\">saftigen Apfel-Mandelkuchen<\/a><\/p>\n<p><a href=\"https:\/\/jennyisbaking.com\/de\/2018\/01\/26\/the-best-cheesecake-with-caramel-and-apples\/\" target=\"_blank\" rel=\"noopener\">K\u00e4sekuchen mit \u00c4pfeln<\/a><\/p>\n<p>Diesem <a href=\"https:\/\/jennyisbaking.com\/de\/2019\/09\/27\/simple-and-easy-apple-slab-pie-for-picnics\/\" target=\"_blank\" rel=\"noopener\">gesunden Apfelkuchen ohne Haushaltszucker<\/a><\/p>\n<p><a href=\"https:\/\/jennyisbaking.com\/de\/2020\/08\/26\/butterkuchen-mit-aepfeln-und-karamellsosse\/\" target=\"_blank\" rel=\"noopener\">Butterkuchen mit \u00c4pfeln und Karamellso\u00dfe<\/a><\/p>\n<p><a href=\"https:\/\/jennyisbaking.com\/de\/2020\/02\/07\/moist-apple-cupcakes-with-caramel-frosting\/\" target=\"_blank\" rel=\"noopener\">Apfel-Cupcakes<\/a><\/p>","protected":false},"excerpt":{"rendered":"<p>Bei diesen buttrigen Apfeltaschen machen wir den Blitzbl\u00e4tterteig selbst, einfach so lecker! <\/p>\n","protected":false},"author":1,"featured_media":12284,"comment_status":"open","ping_status":"closed","sticky":false,"template":"","format":"standard","meta":{"jetpack_post_was_ever_published":false,"_jetpack_newsletter_access":"","_jetpack_dont_email_post_to_subs":false,"_jetpack_newsletter_tier_id":0,"_jetpack_memberships_contains_paywalled_content":false,"_jetpack_memberships_contains_paid_content":false,"footnotes":"","jetpack_publicize_message":"","jetpack_publicize_feature_enabled":true,"jetpack_social_post_already_shared":true,"jetpack_social_options":{"image_generator_settings":{"template":"highway","default_image_id":0,"font":"","enabled":false},"version":2}},"categories":[5,384,420,922,418,9,400],"tags":[11,1836,1837,935,1786,936,1838],"class_list":["post-12282","post","type-post","status-publish","format-standard","has-post-thumbnail","hentry","category-dessert","category-dessertnachspeise","category-fall","category-german-recipes","category-herbst","category-pies-and-tarts","category-tartes-und-kleingeback","tag-apfel","tag-aepfel-apfeltaschen","tag-apple-turnovers","tag-blatterteig","tag-blitzblaetterteig","tag-puff-pastry","tag-rough-puff-pastry"],"yoast_head":"<!-- This site is optimized with the Yoast SEO plugin v27.5 - https:\/\/yoast.com\/product\/yoast-seo-wordpress\/ -->\n<title>Buttrige Apfeltaschen mit Blitzbl\u00e4tterteig - Jenny is baking<\/title>\n<meta name=\"description\" content=\"Bei diesen Apfeltaschen machen wir den Blitzbl\u00e4tterteig selbst. So buttrig und lecker!\" \/>\n<meta name=\"robots\" content=\"index, follow, max-snippet:-1, max-image-preview:large, max-video-preview:-1\" \/>\n<link rel=\"canonical\" href=\"https:\/\/jennyisbaking.com\/de\/2021\/07\/31\/buttrige-apfeltasche-mit-blitzblaetterteig\/\" \/>\n<meta property=\"og:locale\" content=\"de_DE\" \/>\n<meta property=\"og:type\" content=\"article\" \/>\n<meta property=\"og:title\" content=\"Buttrige Apfeltaschen mit Blitzbl\u00e4tterteig - Jenny is baking\" \/>\n<meta property=\"og:description\" content=\"Bei diesen Apfeltaschen machen wir den Blitzbl\u00e4tterteig selbst. So buttrig und lecker!\" \/>\n<meta property=\"og:url\" content=\"https:\/\/jennyisbaking.com\/de\/2021\/07\/31\/buttrige-apfeltasche-mit-blitzblaetterteig\/\" \/>\n<meta property=\"og:site_name\" content=\"Jenny is baking\" \/>\n<meta property=\"article:publisher\" content=\"https:\/\/www.facebook.com\/jennyisbaking\/\" \/>\n<meta property=\"article:author\" content=\"https:\/\/www.facebook.com\/jennyisbaking\/\" \/>\n<meta property=\"article:published_time\" content=\"2021-07-31T05:00:00+00:00\" \/>\n<meta property=\"og:image\" content=\"https:\/\/i1.wp.com\/jennyisbaking.com\/wp-1c174-content\/uploads\/2021\/07\/DSC03764.jpg?fit=534%2C801&ssl=1\" \/>\n\t<meta property=\"og:image:width\" content=\"534\" \/>\n\t<meta property=\"og:image:height\" content=\"801\" \/>\n\t<meta property=\"og:image:type\" content=\"image\/jpeg\" \/>\n<meta name=\"author\" content=\"Jenny\" \/>\n<meta name=\"twitter:card\" content=\"summary_large_image\" \/>\n<meta name=\"twitter:label1\" content=\"Verfasst von\" \/>\n\t<meta name=\"twitter:data1\" content=\"Jenny\" \/>\n\t<meta name=\"twitter:label2\" content=\"Gesch\u00e4tzte Lesezeit\" \/>\n\t<meta name=\"twitter:data2\" content=\"4\u00a0Minuten\" \/>\n<script type=\"application\/ld+json\" class=\"yoast-schema-graph\">{\"@context\":\"https:\\\/\\\/schema.org\",\"@graph\":[{\"@type\":\"Article\",\"@id\":\"https:\\\/\\\/jennyisbaking.com\\\/2021\\\/07\\\/31\\\/buttrige-apfeltasche-mit-blitzblaetterteig\\\/#article\",\"isPartOf\":{\"@id\":\"https:\\\/\\\/jennyisbaking.com\\\/2021\\\/07\\\/31\\\/buttrige-apfeltasche-mit-blitzblaetterteig\\\/\"},\"author\":{\"name\":\"Jenny\",\"@id\":\"https:\\\/\\\/jennyisbaking.com\\\/#\\\/schema\\\/person\\\/28a46859582cac5ac1ef7e065a17f77b\"},\"headline\":\"Buttrige Apfeltaschen mit Blitzbl\u00e4tterteig\",\"datePublished\":\"2021-07-31T05:00:00+00:00\",\"mainEntityOfPage\":{\"@id\":\"https:\\\/\\\/jennyisbaking.com\\\/2021\\\/07\\\/31\\\/buttrige-apfeltasche-mit-blitzblaetterteig\\\/\"},\"wordCount\":555,\"commentCount\":2,\"image\":{\"@id\":\"https:\\\/\\\/jennyisbaking.com\\\/2021\\\/07\\\/31\\\/buttrige-apfeltasche-mit-blitzblaetterteig\\\/#primaryimage\"},\"thumbnailUrl\":\"https:\\\/\\\/i0.wp.com\\\/jennyisbaking.com\\\/wp-1c174-content\\\/uploads\\\/2021\\\/07\\\/DSC03764.jpg?fit=534%2C801&ssl=1\",\"keywords\":[\"Apfel\",\"\u00e4pfel apfeltaschen\",\"apple turnovers\",\"Bl\u00e4tterteig\",\"blitzbl\u00e4tterteig\",\"puff pastry\",\"rough puff pastry\"],\"articleSection\":[\"Dessert\",\"Dessert\\\/Nachspeise\",\"Fall\",\"German Recipes\",\"Herbst\",\"Pies and Tarts\",\"Tartes und Kleingeb\u00e4ck\"],\"inLanguage\":\"de\",\"potentialAction\":[{\"@type\":\"CommentAction\",\"name\":\"Comment\",\"target\":[\"https:\\\/\\\/jennyisbaking.com\\\/2021\\\/07\\\/31\\\/buttrige-apfeltasche-mit-blitzblaetterteig\\\/#respond\"]}]},{\"@type\":\"WebPage\",\"@id\":\"https:\\\/\\\/jennyisbaking.com\\\/de\\\/2021\\\/07\\\/31\\\/buttrige-apfeltasche-mit-blitzblaetterteig\\\/\",\"url\":\"https:\\\/\\\/jennyisbaking.com\\\/de\\\/2021\\\/07\\\/31\\\/buttrige-apfeltasche-mit-blitzblaetterteig\\\/\",\"name\":\"Buttrige Apfeltaschen mit Blitzbl\u00e4tterteig - Jenny is baking\",\"isPartOf\":{\"@id\":\"https:\\\/\\\/jennyisbaking.com\\\/de\\\/#website\"},\"primaryImageOfPage\":{\"@id\":\"https:\\\/\\\/jennyisbaking.com\\\/de\\\/2021\\\/07\\\/31\\\/buttrige-apfeltasche-mit-blitzblaetterteig\\\/#primaryimage\"},\"image\":{\"@id\":\"https:\\\/\\\/jennyisbaking.com\\\/2021\\\/07\\\/31\\\/buttrige-apfeltasche-mit-blitzblaetterteig\\\/#primaryimage\"},\"thumbnailUrl\":\"https:\\\/\\\/i0.wp.com\\\/jennyisbaking.com\\\/wp-1c174-content\\\/uploads\\\/2021\\\/07\\\/DSC03764.jpg?fit=534%2C801&ssl=1\",\"datePublished\":\"2021-07-31T05:00:00+00:00\",\"author\":{\"@id\":\"https:\\\/\\\/jennyisbaking.com\\\/#\\\/schema\\\/person\\\/28a46859582cac5ac1ef7e065a17f77b\"},\"description\":\"Bei diesen Apfeltaschen machen wir den Blitzbl\u00e4tterteig selbst. So buttrig und lecker!\",\"breadcrumb\":{\"@id\":\"https:\\\/\\\/jennyisbaking.com\\\/de\\\/2021\\\/07\\\/31\\\/buttrige-apfeltasche-mit-blitzblaetterteig\\\/#breadcrumb\"},\"inLanguage\":\"de\",\"potentialAction\":[{\"@type\":\"ReadAction\",\"target\":[[\"https:\\\/\\\/jennyisbaking.com\\\/de\\\/2021\\\/07\\\/31\\\/buttrige-apfeltasche-mit-blitzblaetterteig\\\/\"]]}]},{\"@type\":\"ImageObject\",\"inLanguage\":\"de\",\"@id\":\"https:\\\/\\\/jennyisbaking.com\\\/de\\\/2021\\\/07\\\/31\\\/buttrige-apfeltasche-mit-blitzblaetterteig\\\/#primaryimage\",\"url\":\"https:\\\/\\\/i0.wp.com\\\/jennyisbaking.com\\\/wp-1c174-content\\\/uploads\\\/2021\\\/07\\\/DSC03764.jpg?fit=534%2C801&ssl=1\",\"contentUrl\":\"https:\\\/\\\/i0.wp.com\\\/jennyisbaking.com\\\/wp-1c174-content\\\/uploads\\\/2021\\\/07\\\/DSC03764.jpg?fit=534%2C801&ssl=1\",\"width\":534,\"height\":801,\"caption\":\"Buttrige Apfeltaschen mit Blitzbl\u00e4tterteig\"},{\"@type\":\"BreadcrumbList\",\"@id\":\"https:\\\/\\\/jennyisbaking.com\\\/de\\\/2021\\\/07\\\/31\\\/buttrige-apfeltasche-mit-blitzblaetterteig\\\/#breadcrumb\",\"itemListElement\":[{\"@type\":\"ListItem\",\"position\":1,\"name\":\"Startseite\",\"item\":\"https:\\\/\\\/jennyisbaking.com\\\/de\\\/\"},{\"@type\":\"ListItem\",\"position\":2,\"name\":\"Apple Turnovers with Rough Puff Pastry\"}]},{\"@type\":\"WebSite\",\"@id\":\"https:\\\/\\\/jennyisbaking.com\\\/de\\\/#website\",\"url\":\"https:\\\/\\\/jennyisbaking.com\\\/de\\\/\",\"name\":\"Jenny is baking\",\"description\":\"Backrezepte aus Nord- und S\u00fcdamerika\",\"potentialAction\":[{\"@type\":\"SearchAction\",\"target\":{\"@type\":\"EntryPoint\",\"urlTemplate\":\"https:\\\/\\\/jennyisbaking.com\\\/de\\\/?s={search_term_string}\"},\"query-input\":{\"@type\":\"PropertyValueSpecification\",\"valueRequired\":true,\"valueName\":\"search_term_string\"}}],\"inLanguage\":\"de\"},{\"@type\":\"Person\",\"@id\":\"https:\\\/\\\/jennyisbaking.com\\\/#\\\/schema\\\/person\\\/28a46859582cac5ac1ef7e065a17f77b\",\"name\":\"Jenny\",\"image\":{\"@type\":\"ImageObject\",\"inLanguage\":\"de\",\"@id\":\"https:\\\/\\\/secure.gravatar.com\\\/avatar\\\/23e81660a6279fbe7db0db01e9985036a8488f0100c3985867731ba2b4348089?s=96&d=mm&r=g\",\"url\":\"https:\\\/\\\/secure.gravatar.com\\\/avatar\\\/23e81660a6279fbe7db0db01e9985036a8488f0100c3985867731ba2b4348089?s=96&d=mm&r=g\",\"contentUrl\":\"https:\\\/\\\/secure.gravatar.com\\\/avatar\\\/23e81660a6279fbe7db0db01e9985036a8488f0100c3985867731ba2b4348089?s=96&d=mm&r=g\",\"caption\":\"Jenny\"},\"description\":\"Hi, ich hei\u00dfe Jenny, geb\u00fcrtig in Uruguay, als Kind in USA gelebt, nach dem Abi in Kanada und mit einem Kolumbianer verheiratet. Ich wohne im Moment in M\u00fcnchen, S\u00fcddeutschland. Auf meinem Blog finden sich meist s\u00fc\u00dfe Rezepte. Ich mag normalerweise einfache Sachen, die schnell gemacht sind, aber gleichzeitig was hermachen. Manchmal packt mich auch der Ehrgeiz und ich wage mich an kompliziertere Torten. Schau dir im Men\u00fc \u201eAlle Rezepte\u201c an f\u00fcr weitere Inspiration.\",\"sameAs\":[\"https:\\\/\\\/www.facebook.com\\\/jennyisbaking\\\/\",\"https:\\\/\\\/www.pinterest.de\\\/jennyisbaking\\\/\"]}]}<\/script>\n<!-- \/ Yoast SEO plugin. -->","yoast_head_json":{"title":"Buttrige Apfeltaschen mit Blitzbl\u00e4tterteig - Jenny is baking","description":"Bei diesen Apfeltaschen machen wir den Blitzbl\u00e4tterteig selbst. So buttrig und lecker!","robots":{"index":"index","follow":"follow","max-snippet":"max-snippet:-1","max-image-preview":"max-image-preview:large","max-video-preview":"max-video-preview:-1"},"canonical":"https:\/\/jennyisbaking.com\/de\/2021\/07\/31\/buttrige-apfeltasche-mit-blitzblaetterteig\/","og_locale":"de_DE","og_type":"article","og_title":"Buttrige Apfeltaschen mit Blitzbl\u00e4tterteig - Jenny is baking","og_description":"Bei diesen Apfeltaschen machen wir den Blitzbl\u00e4tterteig selbst. So buttrig und lecker!","og_url":"https:\/\/jennyisbaking.com\/de\/2021\/07\/31\/buttrige-apfeltasche-mit-blitzblaetterteig\/","og_site_name":"Jenny is baking","article_publisher":"https:\/\/www.facebook.com\/jennyisbaking\/","article_author":"https:\/\/www.facebook.com\/jennyisbaking\/","article_published_time":"2021-07-31T05:00:00+00:00","og_image":[{"width":534,"height":801,"url":"https:\/\/i1.wp.com\/jennyisbaking.com\/wp-1c174-content\/uploads\/2021\/07\/DSC03764.jpg?fit=534%2C801&ssl=1","type":"image\/jpeg"}],"author":"Jenny","twitter_card":"summary_large_image","twitter_misc":{"Verfasst von":"Jenny","Gesch\u00e4tzte Lesezeit":"4\u00a0Minuten"},"schema":{"@context":"https:\/\/schema.org","@graph":[{"@type":"Article","@id":"https:\/\/jennyisbaking.com\/2021\/07\/31\/buttrige-apfeltasche-mit-blitzblaetterteig\/#article","isPartOf":{"@id":"https:\/\/jennyisbaking.com\/2021\/07\/31\/buttrige-apfeltasche-mit-blitzblaetterteig\/"},"author":{"name":"Jenny","@id":"https:\/\/jennyisbaking.com\/#\/schema\/person\/28a46859582cac5ac1ef7e065a17f77b"},"headline":"Buttrige Apfeltaschen mit Blitzbl\u00e4tterteig","datePublished":"2021-07-31T05:00:00+00:00","mainEntityOfPage":{"@id":"https:\/\/jennyisbaking.com\/2021\/07\/31\/buttrige-apfeltasche-mit-blitzblaetterteig\/"},"wordCount":555,"commentCount":2,"image":{"@id":"https:\/\/jennyisbaking.com\/2021\/07\/31\/buttrige-apfeltasche-mit-blitzblaetterteig\/#primaryimage"},"thumbnailUrl":"https:\/\/i0.wp.com\/jennyisbaking.com\/wp-1c174-content\/uploads\/2021\/07\/DSC03764.jpg?fit=534%2C801&ssl=1","keywords":["Apfel","\u00e4pfel apfeltaschen","apple turnovers","Bl\u00e4tterteig","blitzbl\u00e4tterteig","puff pastry","rough puff pastry"],"articleSection":["Dessert","Dessert\/Nachspeise","Fall","German Recipes","Herbst","Pies and Tarts","Tartes und Kleingeb\u00e4ck"],"inLanguage":"de","potentialAction":[{"@type":"CommentAction","name":"Comment","target":["https:\/\/jennyisbaking.com\/2021\/07\/31\/buttrige-apfeltasche-mit-blitzblaetterteig\/#respond"]}]},{"@type":"WebPage","@id":"https:\/\/jennyisbaking.com\/de\/2021\/07\/31\/buttrige-apfeltasche-mit-blitzblaetterteig\/","url":"https:\/\/jennyisbaking.com\/de\/2021\/07\/31\/buttrige-apfeltasche-mit-blitzblaetterteig\/","name":"Buttrige Apfeltaschen mit Blitzbl\u00e4tterteig - Jenny is baking","isPartOf":{"@id":"https:\/\/jennyisbaking.com\/de\/#website"},"primaryImageOfPage":{"@id":"https:\/\/jennyisbaking.com\/de\/2021\/07\/31\/buttrige-apfeltasche-mit-blitzblaetterteig\/#primaryimage"},"image":{"@id":"https:\/\/jennyisbaking.com\/2021\/07\/31\/buttrige-apfeltasche-mit-blitzblaetterteig\/#primaryimage"},"thumbnailUrl":"https:\/\/i0.wp.com\/jennyisbaking.com\/wp-1c174-content\/uploads\/2021\/07\/DSC03764.jpg?fit=534%2C801&ssl=1","datePublished":"2021-07-31T05:00:00+00:00","author":{"@id":"https:\/\/jennyisbaking.com\/#\/schema\/person\/28a46859582cac5ac1ef7e065a17f77b"},"description":"Bei diesen Apfeltaschen machen wir den Blitzbl\u00e4tterteig selbst. So buttrig und lecker!","breadcrumb":{"@id":"https:\/\/jennyisbaking.com\/de\/2021\/07\/31\/buttrige-apfeltasche-mit-blitzblaetterteig\/#breadcrumb"},"inLanguage":"de","potentialAction":[{"@type":"ReadAction","target":[["https:\/\/jennyisbaking.com\/de\/2021\/07\/31\/buttrige-apfeltasche-mit-blitzblaetterteig\/"]]}]},{"@type":"ImageObject","inLanguage":"de","@id":"https:\/\/jennyisbaking.com\/de\/2021\/07\/31\/buttrige-apfeltasche-mit-blitzblaetterteig\/#primaryimage","url":"https:\/\/i0.wp.com\/jennyisbaking.com\/wp-1c174-content\/uploads\/2021\/07\/DSC03764.jpg?fit=534%2C801&ssl=1","contentUrl":"https:\/\/i0.wp.com\/jennyisbaking.com\/wp-1c174-content\/uploads\/2021\/07\/DSC03764.jpg?fit=534%2C801&ssl=1","width":534,"height":801,"caption":"Buttrige Apfeltaschen mit Blitzbl\u00e4tterteig"},{"@type":"BreadcrumbList","@id":"https:\/\/jennyisbaking.com\/de\/2021\/07\/31\/buttrige-apfeltasche-mit-blitzblaetterteig\/#breadcrumb","itemListElement":[{"@type":"ListItem","position":1,"name":"Startseite","item":"https:\/\/jennyisbaking.com\/de\/"},{"@type":"ListItem","position":2,"name":"Apple Turnovers with Rough Puff Pastry"}]},{"@type":"WebSite","@id":"https:\/\/jennyisbaking.com\/de\/#website","url":"https:\/\/jennyisbaking.com\/de\/","name":"Jenny is baking","description":"Backrezepte aus Nord- und S\u00fcdamerika","potentialAction":[{"@type":"SearchAction","target":{"@type":"EntryPoint","urlTemplate":"https:\/\/jennyisbaking.com\/de\/?s={search_term_string}"},"query-input":{"@type":"PropertyValueSpecification","valueRequired":true,"valueName":"search_term_string"}}],"inLanguage":"de"},{"@type":"Person","@id":"https:\/\/jennyisbaking.com\/#\/schema\/person\/28a46859582cac5ac1ef7e065a17f77b","name":"Jenny","image":{"@type":"ImageObject","inLanguage":"de","@id":"https:\/\/secure.gravatar.com\/avatar\/23e81660a6279fbe7db0db01e9985036a8488f0100c3985867731ba2b4348089?s=96&d=mm&r=g","url":"https:\/\/secure.gravatar.com\/avatar\/23e81660a6279fbe7db0db01e9985036a8488f0100c3985867731ba2b4348089?s=96&d=mm&r=g","contentUrl":"https:\/\/secure.gravatar.com\/avatar\/23e81660a6279fbe7db0db01e9985036a8488f0100c3985867731ba2b4348089?s=96&d=mm&r=g","caption":"Jenny"},"description":"Hi, ich hei\u00dfe Jenny, geb\u00fcrtig in Uruguay, als Kind in USA gelebt, nach dem Abi in Kanada und mit einem Kolumbianer verheiratet. Ich wohne im Moment in M\u00fcnchen, S\u00fcddeutschland. Auf meinem Blog finden sich meist s\u00fc\u00dfe Rezepte. Ich mag normalerweise einfache Sachen, die schnell gemacht sind, aber gleichzeitig was hermachen. Manchmal packt mich auch der Ehrgeiz und ich wage mich an kompliziertere Torten. Schau dir im Men\u00fc \u201eAlle Rezepte\u201c an f\u00fcr weitere Inspiration.","sameAs":["https:\/\/www.facebook.com\/jennyisbaking\/","https:\/\/www.pinterest.de\/jennyisbaking\/"]}]}},"jetpack_publicize_connections":[],"jetpack_featured_media_url":"https:\/\/i0.wp.com\/jennyisbaking.com\/wp-1c174-content\/uploads\/2021\/07\/DSC03764.jpg?fit=534%2C801&ssl=1","jetpack_sharing_enabled":true,"jetpack_shortlink":"https:\/\/wp.me\/p8MAhl-3c6","jetpack-related-posts":[{"id":12054,"url":"https:\/\/jennyisbaking.com\/de\/2021\/07\/02\/russische-napoleon-torte\/","url_meta":{"origin":12282,"position":0},"title":"Russische Napoleon-Torte","author":"Jenny","date":"Freitag, der  2. Juli 2021","format":false,"excerpt":"Bei dieser russischen Torte kommt zwischen Blitzbl\u00e4tterteig eine wunderbar dekadente Karamellcreme, ein Augenschmaus!","rel":"","context":"In &quot;All Seasons&quot;","block_context":{"text":"All Seasons","link":"https:\/\/jennyisbaking.com\/de\/category\/all-seasons\/"},"img":{"alt_text":"Russische Torte Napoleon","src":"https:\/\/i0.wp.com\/jennyisbaking.com\/wp-1c174-content\/uploads\/2021\/05\/DSC03202-2.jpg?fit=534%2C801&ssl=1&resize=350%2C200","width":350,"height":200,"srcset":"https:\/\/i0.wp.com\/jennyisbaking.com\/wp-1c174-content\/uploads\/2021\/05\/DSC03202-2.jpg?fit=534%2C801&ssl=1&resize=350%2C200 1x, https:\/\/i0.wp.com\/jennyisbaking.com\/wp-1c174-content\/uploads\/2021\/05\/DSC03202-2.jpg?fit=534%2C801&ssl=1&resize=525%2C300 1.5x"},"classes":[]},{"id":6814,"url":"https:\/\/jennyisbaking.com\/de\/2018\/09\/14\/colombian-milhojas-custard-puff-pastry-with-whipping-cream\/","url_meta":{"origin":12282,"position":1},"title":"Pudding-Sahneschnitten: Milhojas aus Kolumbien","author":"Jenny","date":"Freitag, der 14. September 2018","format":false,"excerpt":"Manchmal gibt es Rezepte, die einem besonders am Herzen liegen und diese Milhojas aus Kolumbien sind so eines. Ausl\u00f6ser f\u00fcr dieses Rezept war unser Urlaub in Spanien. Neben vielen anderen wunderbaren Sachen, die wir vor Ort speisen durften, gab es in der B\u00e4ckerei Panetteria de Tirso in Madrid eben diese\u2026","rel":"","context":"In &quot;All Seasons&quot;","block_context":{"text":"All Seasons","link":"https:\/\/jennyisbaking.com\/de\/category\/all-seasons\/"},"img":{"alt_text":"Milhojas aus Kolumbien","src":"https:\/\/i0.wp.com\/jennyisbaking.com\/wp-1c174-content\/uploads\/2018\/09\/DSC02429.jpg?fit=534%2C801&ssl=1&resize=350%2C200","width":350,"height":200,"srcset":"https:\/\/i0.wp.com\/jennyisbaking.com\/wp-1c174-content\/uploads\/2018\/09\/DSC02429.jpg?fit=534%2C801&ssl=1&resize=350%2C200 1x, https:\/\/i0.wp.com\/jennyisbaking.com\/wp-1c174-content\/uploads\/2018\/09\/DSC02429.jpg?fit=534%2C801&ssl=1&resize=525%2C300 1.5x"},"classes":[]},{"id":13866,"url":"https:\/\/jennyisbaking.com\/de\/2022\/10\/16\/facturas-argentinas-for-world-bread-day\/","url_meta":{"origin":12282,"position":2},"title":"Facturas argentinas oder argentinische Plunderteilchen f\u00fcr World Bread Day","author":"Jenny","date":"Sonntag, der 16. Oktober 2022","format":false,"excerpt":"Es ist World Bread Day und diesmal habe ich etwas ganz Besonderes mitgebracht, Plunderteilchen aus Argentinien, facturas argentinas! In Argentinien findet man die an jeder Ecke, jede B\u00e4ckerei f\u00fchrt die Plunderteilchen in diversen Ausf\u00fchrungen. Oft isst man sie zum Fr\u00fchst\u00fcck oder mit ein bisschen Mate-Tee als Snack. Die Teilchen werden\u2026","rel":"","context":"In &quot;All Seasons&quot;","block_context":{"text":"All Seasons","link":"https:\/\/jennyisbaking.com\/de\/category\/all-seasons\/"},"img":{"alt_text":"Facturas argentinas","src":"https:\/\/i0.wp.com\/jennyisbaking.com\/wp-1c174-content\/uploads\/2022\/10\/Facturas-argentinas-argentinian-pastries.jpg?fit=534%2C801&ssl=1&resize=350%2C200","width":350,"height":200,"srcset":"https:\/\/i0.wp.com\/jennyisbaking.com\/wp-1c174-content\/uploads\/2022\/10\/Facturas-argentinas-argentinian-pastries.jpg?fit=534%2C801&ssl=1&resize=350%2C200 1x, https:\/\/i0.wp.com\/jennyisbaking.com\/wp-1c174-content\/uploads\/2022\/10\/Facturas-argentinas-argentinian-pastries.jpg?fit=534%2C801&ssl=1&resize=525%2C300 1.5x"},"classes":[]},{"id":15138,"url":"https:\/\/jennyisbaking.com\/de\/2023\/09\/19\/12-rezepte-mit-apfeln\/","url_meta":{"origin":12282,"position":3},"title":"14 Rezepte mit \u00c4pfeln","author":"Jenny","date":"Dienstag, der 19. September 2023","format":false,"excerpt":"Heute habe ich euch wieder Rezepte zusammengestellt. Diesmal unter dem Thema \"Apfel\". Ich esse \u00c4pfel normalerweise so gut wie nie einfach so, aber sehr gerne im Porridge, besonders in der Herbst- und Winterzeit, um m\u00f6glichst viele Vitamine aufzunehmen. Nat\u00fcrlich sage ich auch nicht Nein zu \u00c4pfeln\u00a0 in einem Kuchen oder\u2026","rel":"","context":"In &quot;Cakes&quot;","block_context":{"text":"Cakes","link":"https:\/\/jennyisbaking.com\/de\/category\/cakes\/"},"img":{"alt_text":"","src":"https:\/\/i0.wp.com\/jennyisbaking.com\/wp-1c174-content\/uploads\/2023\/09\/Apfelernte.jpg?fit=534%2C801&ssl=1&resize=350%2C200","width":350,"height":200,"srcset":"https:\/\/i0.wp.com\/jennyisbaking.com\/wp-1c174-content\/uploads\/2023\/09\/Apfelernte.jpg?fit=534%2C801&ssl=1&resize=350%2C200 1x, https:\/\/i0.wp.com\/jennyisbaking.com\/wp-1c174-content\/uploads\/2023\/09\/Apfelernte.jpg?fit=534%2C801&ssl=1&resize=525%2C300 1.5x"},"classes":[]},{"id":10033,"url":"https:\/\/jennyisbaking.com\/de\/2020\/02\/26\/echte-franzbrotchen-mit-plunderteig\/","url_meta":{"origin":12282,"position":4},"title":"Echte Franzbr\u00f6tchen mit Plunderteig","author":"Jenny","date":"Mittwoch, der 26. Februar 2020","format":false,"excerpt":"Echte Franzbr\u00f6tchen mit Plunderteig! Oh, ihr glaubt gar nicht wie sehr ich mich gefreut habe als Zorra vom Blog Kochtopf und Sandra von from snuggs kitchen f\u00fcr das Synchronbacken Plunderteig vorgeschlagen hat. Es ist schon zu lange her, dass ich hier in M\u00fcnchen so richtig gute Franzbr\u00f6tchen gegessen habe. Ja,\u2026","rel":"","context":"In &quot;All Seasons&quot;","block_context":{"text":"All Seasons","link":"https:\/\/jennyisbaking.com\/de\/category\/all-seasons\/"},"img":{"alt_text":"Echte Franzbr\u00f6tchen mit Plunderteig","src":"https:\/\/i0.wp.com\/jennyisbaking.com\/wp-1c174-content\/uploads\/2020\/02\/DSC07197.jpg?fit=534%2C801&ssl=1&resize=350%2C200","width":350,"height":200,"srcset":"https:\/\/i0.wp.com\/jennyisbaking.com\/wp-1c174-content\/uploads\/2020\/02\/DSC07197.jpg?fit=534%2C801&ssl=1&resize=350%2C200 1x, https:\/\/i0.wp.com\/jennyisbaking.com\/wp-1c174-content\/uploads\/2020\/02\/DSC07197.jpg?fit=534%2C801&ssl=1&resize=525%2C300 1.5x"},"classes":[]},{"id":2484,"url":"https:\/\/jennyisbaking.com\/de\/2023\/02\/03\/windbeutel-in-herzform-mit-himbeerfullung\/","url_meta":{"origin":12282,"position":5},"title":"Windbeutel mit Himbeercreme","author":"Jenny","date":"Freitag, der  3. Februar 2023","format":false,"excerpt":"Heute gibt es ein altes Rezept auf dem Blog in neuer Form: Brandteig-Herzen mit Himbeercreme! Ein absolut fluffiges und leckeres Teilchen. Keine Angst vor Brandteig, so schlimm ist der gar nicht. Ich habe ein neues Rezept f\u00fcr mich entdeckt, das einfach immer perfekt gelingt. Vielleicht traust du dich auch? Nat\u00fcrlich\u2026","rel":"","context":"In &quot;Dessert&quot;","block_context":{"text":"Dessert","link":"https:\/\/jennyisbaking.com\/de\/category\/dessert\/"},"img":{"alt_text":"","src":"https:\/\/i0.wp.com\/jennyisbaking.com\/wp-1c174-content\/uploads\/2017\/04\/Brandteig-Herzen-mit-Himbeercreme-1.jpg?fit=534%2C801&ssl=1&resize=350%2C200","width":350,"height":200,"srcset":"https:\/\/i0.wp.com\/jennyisbaking.com\/wp-1c174-content\/uploads\/2017\/04\/Brandteig-Herzen-mit-Himbeercreme-1.jpg?fit=534%2C801&ssl=1&resize=350%2C200 1x, https:\/\/i0.wp.com\/jennyisbaking.com\/wp-1c174-content\/uploads\/2017\/04\/Brandteig-Herzen-mit-Himbeercreme-1.jpg?fit=534%2C801&ssl=1&resize=525%2C300 1.5x"},"classes":[]}],"_links":{"self":[{"href":"https:\/\/jennyisbaking.com\/de\/wp-json\/wp\/v2\/posts\/12282","targetHints":{"allow":["GET"]}}],"collection":[{"href":"https:\/\/jennyisbaking.com\/de\/wp-json\/wp\/v2\/posts"}],"about":[{"href":"https:\/\/jennyisbaking.com\/de\/wp-json\/wp\/v2\/types\/post"}],"author":[{"embeddable":true,"href":"https:\/\/jennyisbaking.com\/de\/wp-json\/wp\/v2\/users\/1"}],"replies":[{"embeddable":true,"href":"https:\/\/jennyisbaking.com\/de\/wp-json\/wp\/v2\/comments?post=12282"}],"version-history":[{"count":8,"href":"https:\/\/jennyisbaking.com\/de\/wp-json\/wp\/v2\/posts\/12282\/revisions"}],"predecessor-version":[{"id":12299,"href":"https:\/\/jennyisbaking.com\/de\/wp-json\/wp\/v2\/posts\/12282\/revisions\/12299"}],"wp:featuredmedia":[{"embeddable":true,"href":"https:\/\/jennyisbaking.com\/de\/wp-json\/wp\/v2\/media\/12284"}],"wp:attachment":[{"href":"https:\/\/jennyisbaking.com\/de\/wp-json\/wp\/v2\/media?parent=12282"}],"wp:term":[{"taxonomy":"category","embeddable":true,"href":"https:\/\/jennyisbaking.com\/de\/wp-json\/wp\/v2\/categories?post=12282"},{"taxonomy":"post_tag","embeddable":true,"href":"https:\/\/jennyisbaking.com\/de\/wp-json\/wp\/v2\/tags?post=12282"}],"curies":[{"name":"wp","href":"https:\/\/api.w.org\/{rel}","templated":true}]}}