{"id":13146,"date":"2022-04-08T07:00:00","date_gmt":"2022-04-08T05:00:00","guid":{"rendered":"https:\/\/jennyisbaking.com\/?p=13146"},"modified":"2022-06-30T19:46:45","modified_gmt":"2022-06-30T17:46:45","slug":"coffee-date-no-11","status":"publish","type":"post","link":"https:\/\/jennyisbaking.com\/de\/2022\/04\/08\/coffee-date-no-11\/","title":{"rendered":"Kaffee-Date Nr. 11"},"content":{"rendered":"<p>Es ist wieder mal viel zu lange her, dass ich mit euch virtuell einen Kaffee getrunken habe. Das muss ich jetzt ganz schnell nachholen. Das letzte Mal habe ich euch mitgenommen ins <a href=\"https:\/\/jennyisbaking.com\/de\/2021\/08\/13\/erkenntnisse-beim-backen-einer-hochzeitstorte\/\" target=\"_blank\" rel=\"noopener\">Backen von der zweiten Hochzeitstorte<\/a>. Ich muss sagen, das hat total Spa\u00df gemacht, war aber auch mega anstrengend.&nbsp; Die erste Torte (Bild unten links) habe ich in Spanien gebacken, die zweite (Bild rechts) habe ich teils zu Hause in M\u00fcnchen gebacken und bin dann mit gefrorenen B\u00f6den, meiner K\u00fcchenmaschine und gef\u00fchlt dreihundert Materialien 600km gefahren, um sie in einer Ferienwohnung fertig zu stellen. Alles zum Thema Hochzeitstorten k\u00f6nnt ihr <a href=\"https:\/\/jennyisbaking.com\/de\/2021\/10\/22\/rezepte-fuer-eine-fruchtig-frische-dreistoeckige-hochzeitstorte\/\" target=\"_blank\" rel=\"noopener\">hier<\/a> und <a href=\"https:\/\/jennyisbaking.com\/de\/2021\/07\/27\/teil-4-wie-man-eine-hochzeitstorte-zusammensetzt-stapelt-und-dekoriert\/\" target=\"_blank\" rel=\"noopener\">hier<\/a> nachlesen. Dieses Jahr habe ich noch keinen Auftrag f\u00fcr eine Hochzeitstorte bekommen, das ist doch auch fein. So kann ich ganz entspannt in den Fr\u00fchling und Sommer starten.<\/p>\n<p><div class=\"tiled-gallery type-rectangular tiled-gallery-unresized\" data-original-width=\"1080\" data-carousel-extra='{&quot;blog_id&quot;:1,&quot;permalink&quot;:&quot;https:\\\/\\\/jennyisbaking.com\\\/de\\\/2022\\\/04\\\/08\\\/coffee-date-no-11\\\/&quot;,&quot;likes_blog_id&quot;:129789891}' itemscope itemtype=\"http:\/\/schema.org\/ImageGallery\" > <div class=\"gallery-row\" style=\"width: 1080px; height: 499px;\" data-original-width=\"1080\" data-original-height=\"499\" > <div class=\"gallery-group images-1\" style=\"width: 746px; height: 499px;\" data-original-width=\"746\" data-original-height=\"499\" > <div class=\"tiled-gallery-item tiled-gallery-item-large\" itemprop=\"associatedMedia\" itemscope itemtype=\"http:\/\/schema.org\/ImageObject\"> <a href=\"https:\/\/jennyisbaking.com\/de\/2021\/07\/23\/teil-3-wie-man-eine-hochzeitstorte-zu-hause-backt-rezeptangaben\/salma-y-marcos-2\/\" border=\"0\" itemprop=\"url\"> <meta itemprop=\"width\" content=\"742\"> <meta itemprop=\"height\" content=\"495\"> <img decoding=\"async\" class=\"\" data-attachment-id=\"12622\" data-orig-file=\"https:\/\/jennyisbaking.com\/wp-1c174-content\/uploads\/2021\/07\/Salma-y-Marcos-2.jpg\" data-orig-size=\"756,504\" data-comments-opened=\"1\" data-image-meta=\"{&quot;aperture&quot;:&quot;0&quot;,&quot;credit&quot;:&quot;Jennifer Warkentin&quot;,&quot;camera&quot;:&quot;&quot;,&quot;caption&quot;:&quot;&quot;,&quot;created_timestamp&quot;:&quot;0&quot;,&quot;copyright&quot;:&quot;Jennifer Warkentin&quot;,&quot;focal_length&quot;:&quot;0&quot;,&quot;iso&quot;:&quot;0&quot;,&quot;shutter_speed&quot;:&quot;0&quot;,&quot;title&quot;:&quot;&quot;,&quot;orientation&quot;:&quot;1&quot;}\" data-image-title=\"Zweist\u00f6ckige wei\u00dfe Hochzeitstorte\" data-image-description=\"\" data-medium-file=\"https:\/\/i0.wp.com\/jennyisbaking.com\/wp-1c174-content\/uploads\/2021\/07\/Salma-y-Marcos-2.jpg?fit=300%2C200&#038;ssl=1\" data-large-file=\"https:\/\/i0.wp.com\/jennyisbaking.com\/wp-1c174-content\/uploads\/2021\/07\/Salma-y-Marcos-2.jpg?fit=756%2C504&#038;ssl=1\" src=\"https:\/\/i0.wp.com\/jennyisbaking.com\/wp-1c174-content\/uploads\/2021\/07\/Salma-y-Marcos-2.jpg?w=742&#038;h=495&#038;ssl=1\" srcset=\"https:\/\/i0.wp.com\/jennyisbaking.com\/wp-1c174-content\/uploads\/2021\/07\/Salma-y-Marcos-2.jpg?w=756&amp;ssl=1 756w, https:\/\/i0.wp.com\/jennyisbaking.com\/wp-1c174-content\/uploads\/2021\/07\/Salma-y-Marcos-2.jpg?resize=300%2C200&amp;ssl=1 300w\" width=\"742\" height=\"495\" loading=\"lazy\" data-original-width=\"742\" data-original-height=\"495\" itemprop=\"http:\/\/schema.org\/image\" title=\"Zweist\u00f6ckige wei\u00dfe Hochzeitstorte\" alt=\"Zweist\u00f6ckige wei\u00dfe Hochzeitstorte\" style=\"width: 742px; height: 495px;\" \/> <\/a> <\/div> <\/div> <!-- close group --> <div class=\"gallery-group images-1\" style=\"width: 334px; height: 499px;\" data-original-width=\"334\" data-original-height=\"499\" > <div class=\"tiled-gallery-item tiled-gallery-item-large\" itemprop=\"associatedMedia\" itemscope itemtype=\"http:\/\/schema.org\/ImageObject\"> <a href=\"https:\/\/jennyisbaking.com\/de\/2021\/10\/22\/rezepte-fuer-eine-fruchtig-frische-dreistoeckige-hochzeitstorte\/dsc03893\/\" border=\"0\" itemprop=\"url\"> <meta itemprop=\"width\" content=\"330\"> <meta itemprop=\"height\" content=\"495\"> <img decoding=\"async\" class=\"\" data-attachment-id=\"12471\" data-orig-file=\"https:\/\/jennyisbaking.com\/wp-1c174-content\/uploads\/2021\/10\/DSC03893.jpg\" data-orig-size=\"534,800\" data-comments-opened=\"1\" data-image-meta=\"{&quot;aperture&quot;:&quot;3.5&quot;,&quot;credit&quot;:&quot;Jennifer Warkentin&quot;,&quot;camera&quot;:&quot;ILCE-7&quot;,&quot;caption&quot;:&quot;&quot;,&quot;created_timestamp&quot;:&quot;1628352223&quot;,&quot;copyright&quot;:&quot;Jennifer Warkentin&quot;,&quot;focal_length&quot;:&quot;50&quot;,&quot;iso&quot;:&quot;800&quot;,&quot;shutter_speed&quot;:&quot;0.01&quot;,&quot;title&quot;:&quot;&quot;,&quot;orientation&quot;:&quot;1&quot;}\" data-image-title=\"Dreist\u00f6ckige Hochzeitstorte mit Schoko-Drip\" data-image-description=\"\" data-medium-file=\"https:\/\/i0.wp.com\/jennyisbaking.com\/wp-1c174-content\/uploads\/2021\/10\/DSC03893.jpg?fit=200%2C300&#038;ssl=1\" data-large-file=\"https:\/\/i0.wp.com\/jennyisbaking.com\/wp-1c174-content\/uploads\/2021\/10\/DSC03893.jpg?fit=534%2C800&#038;ssl=1\" src=\"https:\/\/i0.wp.com\/jennyisbaking.com\/wp-1c174-content\/uploads\/2021\/10\/DSC03893.jpg?w=330&#038;h=495&#038;ssl=1\" srcset=\"https:\/\/i0.wp.com\/jennyisbaking.com\/wp-1c174-content\/uploads\/2021\/10\/DSC03893.jpg?w=534&amp;ssl=1 534w, https:\/\/i0.wp.com\/jennyisbaking.com\/wp-1c174-content\/uploads\/2021\/10\/DSC03893.jpg?resize=200%2C300&amp;ssl=1 200w\" width=\"330\" height=\"495\" loading=\"lazy\" data-original-width=\"330\" data-original-height=\"495\" itemprop=\"http:\/\/schema.org\/image\" title=\"Dreist\u00f6ckige Hochzeitstorte mit Schoko-Drip\" alt=\"Dreist\u00f6ckige Hochzeitstorte mit Schoko-Drip\" style=\"width: 330px; height: 495px;\" \/> <\/a> <\/div> <\/div> <!-- close group --> <\/div> <!-- close row --> <\/div>Bild links: <a href=\"https:\/\/www.huetofotografos.com\/\" target=\"_blank\" rel=\"noopener\">Hueto Fot\u00f3grafo<\/a><\/p>\n<p>Aber Torten zu backen kann ich wohl doch nicht sein lassen, eine Auftragstorte war ein sogenannter &#8222;Gender Reveal Cake&#8220;. Die Idee stammt aus USA, wo man beim Anschneiden der Torte dann erf\u00e4hrt, ob es ein Junge oder ein M\u00e4dchen wird, entsprechend der eingef\u00e4rbten Tortencreme. In Deutschland noch nicht ganz so gel\u00e4ufig, hatte in dem Fall die Frauen\u00e4rztin das Geschlecht auf einen Zettel geschrieben, den dann nur ich zu sehen bekam, ich die Torte fertigstellte und nat\u00fcrlich erst nach Anschnitt den gl\u00fccklichen Eltern gratulierte. Ich entschied mich f\u00fcr neutrales Gelb und ein Bienenmotiv in Anspielung an &#8222;baby&#8220; vs. &#8222;babee&#8220;. Auch wenn ich nicht 100% gl\u00fccklich mit der Luftpolsterfolie war, die die Waben darstellen sollte, waren die zuk\u00fcnftigen Eltern total begeistert. Nat\u00fcrlich sind auch die Bienen essbar gewesen und die Luftpolsterfolie bestand aus sogenannten Candy Melts. Das ist mir immer wichtig, dass alles essbar ist und ohne Fondant auskommt. Da ich immer wieder gefragt werde, alle drei Cake-Topper (also sowohl von der Baby- als auch den Hochzeitstorten) bestelle ich bei <a href=\"https:\/\/www.etsy.com\/de\/shop\/MillerworksDE\" target=\"_blank\" rel=\"noopener\">Etsy<\/a>. Wollt ihr das Rezept zu der Torte haben? Dann hinterlasst hier gerne einen Kommentar.<\/p>\n<p><a href=\"https:\/\/i0.wp.com\/jennyisbaking.com\/wp-1c174-content\/uploads\/2022\/03\/DSC05136.jpg?ssl=1\"><img data-recalc-dims=\"1\" loading=\"lazy\" decoding=\"async\" data-attachment-id=\"13148\" data-permalink=\"https:\/\/jennyisbaking.com\/de\/2022\/04\/08\/coffee-date-no-11\/dsc05136\/\" data-orig-file=\"https:\/\/i0.wp.com\/jennyisbaking.com\/wp-1c174-content\/uploads\/2022\/03\/DSC05136.jpg?fit=534%2C801&amp;ssl=1\" data-orig-size=\"534,801\" data-comments-opened=\"1\" data-image-meta=\"{&quot;aperture&quot;:&quot;4.5&quot;,&quot;credit&quot;:&quot;&quot;,&quot;camera&quot;:&quot;ILCE-7&quot;,&quot;caption&quot;:&quot;&quot;,&quot;created_timestamp&quot;:&quot;1644061838&quot;,&quot;copyright&quot;:&quot;&quot;,&quot;focal_length&quot;:&quot;50&quot;,&quot;iso&quot;:&quot;800&quot;,&quot;shutter_speed&quot;:&quot;0.0125&quot;,&quot;title&quot;:&quot;&quot;,&quot;orientation&quot;:&quot;0&quot;}\" data-image-title=\"Gender-Reveal-Torte in Gelb\" data-image-description=\"\" data-image-caption=\"\" data-large-file=\"https:\/\/i0.wp.com\/jennyisbaking.com\/wp-1c174-content\/uploads\/2022\/03\/DSC05136.jpg?fit=534%2C801&amp;ssl=1\" src=\"https:\/\/i0.wp.com\/jennyisbaking.com\/wp-1c174-content\/uploads\/2022\/03\/DSC05136.jpg?resize=534%2C801&#038;ssl=1\" class=\"aligncenter size-full wp-image-13148\" alt=\"Gender-Reveal-Torte in Gelb\" width=\"534\" height=\"801\" srcset=\"https:\/\/i0.wp.com\/jennyisbaking.com\/wp-1c174-content\/uploads\/2022\/03\/DSC05136.jpg?w=534&amp;ssl=1 534w, https:\/\/i0.wp.com\/jennyisbaking.com\/wp-1c174-content\/uploads\/2022\/03\/DSC05136.jpg?resize=200%2C300&amp;ssl=1 200w\" sizes=\"auto, (max-width: 534px) 100vw, 534px\" \/><\/a><\/p>\n<p><div class=\"tiled-gallery type-rectangular tiled-gallery-unresized\" data-original-width=\"1080\" data-carousel-extra='{&quot;blog_id&quot;:1,&quot;permalink&quot;:&quot;https:\\\/\\\/jennyisbaking.com\\\/de\\\/2022\\\/04\\\/08\\\/coffee-date-no-11\\\/&quot;,&quot;likes_blog_id&quot;:129789891}' itemscope itemtype=\"http:\/\/schema.org\/ImageGallery\" > <div class=\"gallery-row\" style=\"width: 1080px; height: 719px;\" data-original-width=\"1080\" data-original-height=\"719\" > <div class=\"gallery-group images-1\" style=\"width: 540px; height: 719px;\" data-original-width=\"540\" data-original-height=\"719\" > <div class=\"tiled-gallery-item tiled-gallery-item-large\" itemprop=\"associatedMedia\" itemscope itemtype=\"http:\/\/schema.org\/ImageObject\"> <a href=\"https:\/\/jennyisbaking.com\/de\/2022\/04\/08\/coffee-date-no-11\/gender-reveal-torte\/\" border=\"0\" itemprop=\"url\"> <meta itemprop=\"width\" content=\"536\"> <meta itemprop=\"height\" content=\"715\"> <img decoding=\"async\" class=\"\" data-attachment-id=\"13154\" data-orig-file=\"https:\/\/jennyisbaking.com\/wp-1c174-content\/uploads\/2022\/03\/Gender-Reveal-Torte.jpg\" data-orig-size=\"1910,2547\" data-comments-opened=\"1\" data-image-meta=\"{&quot;aperture&quot;:&quot;1.6&quot;,&quot;credit&quot;:&quot;&quot;,&quot;camera&quot;:&quot;iPhone 13&quot;,&quot;caption&quot;:&quot;&quot;,&quot;created_timestamp&quot;:&quot;1643889792&quot;,&quot;copyright&quot;:&quot;&quot;,&quot;focal_length&quot;:&quot;5.1&quot;,&quot;iso&quot;:&quot;80&quot;,&quot;shutter_speed&quot;:&quot;0.02&quot;,&quot;title&quot;:&quot;&quot;,&quot;orientation&quot;:&quot;1&quot;}\" data-image-title=\"Geschlecht des Babys\" data-image-description=\"\" data-medium-file=\"https:\/\/i0.wp.com\/jennyisbaking.com\/wp-1c174-content\/uploads\/2022\/03\/Gender-Reveal-Torte.jpg?fit=225%2C300&#038;ssl=1\" data-large-file=\"https:\/\/i0.wp.com\/jennyisbaking.com\/wp-1c174-content\/uploads\/2022\/03\/Gender-Reveal-Torte.jpg?fit=768%2C1024&#038;ssl=1\" src=\"https:\/\/i0.wp.com\/jennyisbaking.com\/wp-1c174-content\/uploads\/2022\/03\/Gender-Reveal-Torte.jpg?w=536&#038;h=715&#038;ssl=1\" srcset=\"https:\/\/i0.wp.com\/jennyisbaking.com\/wp-1c174-content\/uploads\/2022\/03\/Gender-Reveal-Torte.jpg?w=1910&amp;ssl=1 1910w, https:\/\/i0.wp.com\/jennyisbaking.com\/wp-1c174-content\/uploads\/2022\/03\/Gender-Reveal-Torte.jpg?resize=225%2C300&amp;ssl=1 225w, https:\/\/i0.wp.com\/jennyisbaking.com\/wp-1c174-content\/uploads\/2022\/03\/Gender-Reveal-Torte.jpg?resize=768%2C1024&amp;ssl=1 768w, https:\/\/i0.wp.com\/jennyisbaking.com\/wp-1c174-content\/uploads\/2022\/03\/Gender-Reveal-Torte.jpg?resize=1152%2C1536&amp;ssl=1 1152w, https:\/\/i0.wp.com\/jennyisbaking.com\/wp-1c174-content\/uploads\/2022\/03\/Gender-Reveal-Torte.jpg?resize=1536%2C2048&amp;ssl=1 1536w, https:\/\/i0.wp.com\/jennyisbaking.com\/wp-1c174-content\/uploads\/2022\/03\/Gender-Reveal-Torte.jpg?resize=1080%2C1440&amp;ssl=1 1080w\" width=\"536\" height=\"715\" loading=\"lazy\" data-original-width=\"536\" data-original-height=\"715\" itemprop=\"http:\/\/schema.org\/image\" title=\"Geschlecht des Babys\" alt=\"Geschlecht des Babys\" style=\"width: 536px; height: 715px;\" \/> <\/a> <\/div> <\/div> <!-- close group --> <div class=\"gallery-group images-1\" style=\"width: 540px; height: 719px;\" data-original-width=\"540\" data-original-height=\"719\" > <div class=\"tiled-gallery-item tiled-gallery-item-large\" itemprop=\"associatedMedia\" itemscope itemtype=\"http:\/\/schema.org\/ImageObject\"> <a href=\"https:\/\/jennyisbaking.com\/de\/2022\/04\/08\/coffee-date-no-11\/gender-reveal-torte-2\/\" border=\"0\" itemprop=\"url\"> <meta itemprop=\"width\" content=\"536\"> <meta itemprop=\"height\" content=\"715\"> <img decoding=\"async\" class=\"\" data-attachment-id=\"13156\" data-orig-file=\"https:\/\/jennyisbaking.com\/wp-1c174-content\/uploads\/2022\/03\/Gender-Reveal-Torte-1.jpg\" data-orig-size=\"1200,1600\" data-comments-opened=\"1\" data-image-meta=\"{&quot;aperture&quot;:&quot;0&quot;,&quot;credit&quot;:&quot;&quot;,&quot;camera&quot;:&quot;&quot;,&quot;caption&quot;:&quot;&quot;,&quot;created_timestamp&quot;:&quot;0&quot;,&quot;copyright&quot;:&quot;&quot;,&quot;focal_length&quot;:&quot;0&quot;,&quot;iso&quot;:&quot;0&quot;,&quot;shutter_speed&quot;:&quot;0&quot;,&quot;title&quot;:&quot;&quot;,&quot;orientation&quot;:&quot;1&quot;}\" data-image-title=\"Gender-Reveal-Torte\" data-image-description=\"\" data-medium-file=\"https:\/\/i0.wp.com\/jennyisbaking.com\/wp-1c174-content\/uploads\/2022\/03\/Gender-Reveal-Torte-1.jpg?fit=225%2C300&#038;ssl=1\" data-large-file=\"https:\/\/i0.wp.com\/jennyisbaking.com\/wp-1c174-content\/uploads\/2022\/03\/Gender-Reveal-Torte-1.jpg?fit=768%2C1024&#038;ssl=1\" src=\"https:\/\/i0.wp.com\/jennyisbaking.com\/wp-1c174-content\/uploads\/2022\/03\/Gender-Reveal-Torte-1.jpg?w=536&#038;h=715&#038;ssl=1\" srcset=\"https:\/\/i0.wp.com\/jennyisbaking.com\/wp-1c174-content\/uploads\/2022\/03\/Gender-Reveal-Torte-1.jpg?w=1200&amp;ssl=1 1200w, https:\/\/i0.wp.com\/jennyisbaking.com\/wp-1c174-content\/uploads\/2022\/03\/Gender-Reveal-Torte-1.jpg?resize=225%2C300&amp;ssl=1 225w, https:\/\/i0.wp.com\/jennyisbaking.com\/wp-1c174-content\/uploads\/2022\/03\/Gender-Reveal-Torte-1.jpg?resize=768%2C1024&amp;ssl=1 768w, https:\/\/i0.wp.com\/jennyisbaking.com\/wp-1c174-content\/uploads\/2022\/03\/Gender-Reveal-Torte-1.jpg?resize=1152%2C1536&amp;ssl=1 1152w, https:\/\/i0.wp.com\/jennyisbaking.com\/wp-1c174-content\/uploads\/2022\/03\/Gender-Reveal-Torte-1.jpg?resize=1080%2C1440&amp;ssl=1 1080w\" width=\"536\" height=\"715\" loading=\"lazy\" data-original-width=\"536\" data-original-height=\"715\" itemprop=\"http:\/\/schema.org\/image\" title=\"Gender-Reveal-Torte\" alt=\"Gender-Reveal-Torte\" style=\"width: 536px; height: 715px;\" \/> <\/a> <\/div> <\/div> <!-- close group --> <\/div> <!-- close row --> <\/div>Unser Welpe Hazel ist mittlerweile schon ziemlich gro\u00df geworden. Sie ist fast zehn Monate alt und ein absolut lieber Hund. Auch wenn die ersten Monate sehr anstrengend waren, so haben wir uns mittlerweile sehr gut aneinander gew\u00f6hnt. Leider hat sie schon zwei OPs hinter sich (am Meniskus und Kreuzband). Ich finde es so schade, dass sie kaum eine Kindheit hat und nicht mit anderen Hunden spielen darf im Moment. Zum Gl\u00fcck ist sie wirklich hart im Nehmen und erholt sich gut. Ich freue mich schon auf den Sommer, wenn wir mit ihr hoffentlich lange Wanderungen werden machen k\u00f6nnen.<\/p>\n<p><div class=\"tiled-gallery type-rectangular tiled-gallery-unresized\" data-original-width=\"1080\" data-carousel-extra='{&quot;blog_id&quot;:1,&quot;permalink&quot;:&quot;https:\\\/\\\/jennyisbaking.com\\\/de\\\/2022\\\/04\\\/08\\\/coffee-date-no-11\\\/&quot;,&quot;likes_blog_id&quot;:129789891}' itemscope itemtype=\"http:\/\/schema.org\/ImageGallery\" > <div class=\"gallery-row\" style=\"width: 1080px; height: 808px;\" data-original-width=\"1080\" data-original-height=\"808\" > <div class=\"gallery-group images-1\" style=\"width: 540px; height: 808px;\" data-original-width=\"540\" data-original-height=\"808\" > <div class=\"tiled-gallery-item tiled-gallery-item-large\" itemprop=\"associatedMedia\" itemscope itemtype=\"http:\/\/schema.org\/ImageObject\"> <a href=\"https:\/\/jennyisbaking.com\/de\/2022\/04\/08\/coffee-date-no-11\/dsc05315\/\" border=\"0\" itemprop=\"url\"> <meta itemprop=\"width\" content=\"536\"> <meta itemprop=\"height\" content=\"804\"> <img decoding=\"async\" class=\"\" data-attachment-id=\"13161\" data-orig-file=\"https:\/\/jennyisbaking.com\/wp-1c174-content\/uploads\/2022\/03\/DSC05315.jpg\" data-orig-size=\"534,801\" data-comments-opened=\"1\" data-image-meta=\"{&quot;aperture&quot;:&quot;5&quot;,&quot;credit&quot;:&quot;&quot;,&quot;camera&quot;:&quot;ILCE-7&quot;,&quot;caption&quot;:&quot;&quot;,&quot;created_timestamp&quot;:&quot;1646924429&quot;,&quot;copyright&quot;:&quot;&quot;,&quot;focal_length&quot;:&quot;50&quot;,&quot;iso&quot;:&quot;125&quot;,&quot;shutter_speed&quot;:&quot;0.00625&quot;,&quot;title&quot;:&quot;&quot;,&quot;orientation&quot;:&quot;0&quot;}\" data-image-title=\"Tri-color Australian shepherd\" data-image-description=\"\" data-medium-file=\"https:\/\/i0.wp.com\/jennyisbaking.com\/wp-1c174-content\/uploads\/2022\/03\/DSC05315.jpg?fit=200%2C300&#038;ssl=1\" data-large-file=\"https:\/\/i0.wp.com\/jennyisbaking.com\/wp-1c174-content\/uploads\/2022\/03\/DSC05315.jpg?fit=534%2C801&#038;ssl=1\" src=\"https:\/\/i0.wp.com\/jennyisbaking.com\/wp-1c174-content\/uploads\/2022\/03\/DSC05315.jpg?w=536&#038;h=804&#038;ssl=1\" srcset=\"https:\/\/i0.wp.com\/jennyisbaking.com\/wp-1c174-content\/uploads\/2022\/03\/DSC05315.jpg?w=534&amp;ssl=1 534w, https:\/\/i0.wp.com\/jennyisbaking.com\/wp-1c174-content\/uploads\/2022\/03\/DSC05315.jpg?resize=200%2C300&amp;ssl=1 200w\" width=\"536\" height=\"804\" loading=\"lazy\" data-original-width=\"536\" data-original-height=\"804\" itemprop=\"http:\/\/schema.org\/image\" title=\"Tri-color Australian shepherd\" alt=\"Tri-color Australian shepherd\" style=\"width: 536px; height: 804px;\" \/> <\/a> <\/div> <\/div> <!-- close group --> <div class=\"gallery-group images-1\" style=\"width: 540px; height: 808px;\" data-original-width=\"540\" data-original-height=\"808\" > <div class=\"tiled-gallery-item tiled-gallery-item-large\" itemprop=\"associatedMedia\" itemscope itemtype=\"http:\/\/schema.org\/ImageObject\"> <a href=\"https:\/\/jennyisbaking.com\/de\/2022\/04\/08\/coffee-date-no-11\/dsc05312\/\" border=\"0\" itemprop=\"url\"> <meta itemprop=\"width\" content=\"536\"> <meta itemprop=\"height\" content=\"804\"> <img decoding=\"async\" class=\"\" data-attachment-id=\"13162\" data-orig-file=\"https:\/\/jennyisbaking.com\/wp-1c174-content\/uploads\/2022\/03\/DSC05312.jpg\" data-orig-size=\"534,801\" data-comments-opened=\"1\" data-image-meta=\"{&quot;aperture&quot;:&quot;5&quot;,&quot;credit&quot;:&quot;&quot;,&quot;camera&quot;:&quot;ILCE-7&quot;,&quot;caption&quot;:&quot;&quot;,&quot;created_timestamp&quot;:&quot;1646578419&quot;,&quot;copyright&quot;:&quot;&quot;,&quot;focal_length&quot;:&quot;50&quot;,&quot;iso&quot;:&quot;640&quot;,&quot;shutter_speed&quot;:&quot;0.01&quot;,&quot;title&quot;:&quot;&quot;,&quot;orientation&quot;:&quot;0&quot;}\" data-image-title=\"Tri-color Australian shepherd\" data-image-description=\"\" data-medium-file=\"https:\/\/i0.wp.com\/jennyisbaking.com\/wp-1c174-content\/uploads\/2022\/03\/DSC05312.jpg?fit=200%2C300&#038;ssl=1\" data-large-file=\"https:\/\/i0.wp.com\/jennyisbaking.com\/wp-1c174-content\/uploads\/2022\/03\/DSC05312.jpg?fit=534%2C801&#038;ssl=1\" src=\"https:\/\/i0.wp.com\/jennyisbaking.com\/wp-1c174-content\/uploads\/2022\/03\/DSC05312.jpg?w=536&#038;h=804&#038;ssl=1\" srcset=\"https:\/\/i0.wp.com\/jennyisbaking.com\/wp-1c174-content\/uploads\/2022\/03\/DSC05312.jpg?w=534&amp;ssl=1 534w, https:\/\/i0.wp.com\/jennyisbaking.com\/wp-1c174-content\/uploads\/2022\/03\/DSC05312.jpg?resize=200%2C300&amp;ssl=1 200w\" width=\"536\" height=\"804\" loading=\"lazy\" data-original-width=\"536\" data-original-height=\"804\" itemprop=\"http:\/\/schema.org\/image\" title=\"Tri-color Australian shepherd\" alt=\"Tri-color Australian shepherd\" style=\"width: 536px; height: 804px;\" \/> <\/a> <\/div> <\/div> <!-- close group --> <\/div> <!-- close row --> <\/div>Dieses Jahr gestartet bin ich dann mit dem veganen Januar, ich habe im Januar nur vegane Rezepte ver\u00f6ffentlicht, besonders beliebt war bei euch der <a href=\"https:\/\/jennyisbaking.com\/de\/2022\/01\/07\/veganer-maulwurfkuchen-aus-einfachen-zutaten\/\" target=\"_blank\" rel=\"noopener\">vegane Maulwurfkuchen<\/a>. Der Hintergrund daf\u00fcr ist meine chronische Krankheit Endometriose, die ich vor gut einem Jahr diagnostiziert bekommen habe. Ihr k\u00f6nnt dazu mehr <a href=\"https:\/\/jennyisbaking.com\/de\/2021\/05\/12\/auf-einen-kaffee-die-neunte\/\" target=\"_blank\" rel=\"noopener\">hier nachlesen<\/a>. Ich muss zugeben, ich habe mich schlussendlich nicht 100% vegan im Januar 2022 ern\u00e4hrt, aber daf\u00fcr vegetarisch, viele Tage waren auch komplett vegan. Ich nutze schon lange nur noch pflanzliche Milch im Kaffee und mache uns <a href=\"https:\/\/jennyisbaking.com\/de\/2019\/01\/04\/basic-recipe-for-gluten-free-porridge\/\" target=\"_blank\" rel=\"noopener\">Porridge<\/a> mit Mandelmilch, die ich besonders gerne mag. Vielleicht war der eine Monat zu kurz, aber ich muss ganz ehrlich sagen, dass ich f\u00fcr mich keinen wirklichen Unterschied gemerkt habe und ich mich nicht besser gef\u00fchlt habe. Wieder neu entdeckt habe ich stattdessen das Intervallfasten, was ich seit Februar mit bewusst eingebauten Cheat Days durchziehe. Mein Essensfenster ist zwischen 7:30 Uhr und 15:30 Uhr. Danach gibt es bis zum n\u00e4chsten Morgen nichts mehr. Auch wenn ich mich w\u00e4hrend des Essensfenster nicht einschr\u00e4nke und kurz vor Ende der Essenszeiit sehr gerne Kaffee und Kuchen esse, so habe ich das Gef\u00fchl, dass ich besser schlafe und mehr Energie habe. Da besonders die dauernde Ersch\u00f6pfung bei Endometriose f\u00fcr mich das nervigste Symptom dieser chronischen Krankheit ist, werde ich wahrscheinlich dauerthaft lieber Intervallfasten machen.<\/p>\n<p><a href=\"https:\/\/i0.wp.com\/jennyisbaking.com\/wp-1c174-content\/uploads\/2022\/01\/DSC04885.jpg?ssl=1\"><img data-recalc-dims=\"1\" loading=\"lazy\" decoding=\"async\" data-attachment-id=\"12853\" data-permalink=\"https:\/\/jennyisbaking.com\/de\/2022\/01\/07\/veganer-maulwurfkuchen-aus-einfachen-zutaten\/dsc04885\/\" data-orig-file=\"https:\/\/i0.wp.com\/jennyisbaking.com\/wp-1c174-content\/uploads\/2022\/01\/DSC04885.jpg?fit=534%2C801&amp;ssl=1\" data-orig-size=\"534,801\" data-comments-opened=\"1\" data-image-meta=\"{&quot;aperture&quot;:&quot;5.6&quot;,&quot;credit&quot;:&quot;Jennifer Warkentin&quot;,&quot;camera&quot;:&quot;ILCE-7&quot;,&quot;caption&quot;:&quot;&quot;,&quot;created_timestamp&quot;:&quot;1641226201&quot;,&quot;copyright&quot;:&quot;Jennifer Warkentin&quot;,&quot;focal_length&quot;:&quot;50&quot;,&quot;iso&quot;:&quot;800&quot;,&quot;shutter_speed&quot;:&quot;0.01&quot;,&quot;title&quot;:&quot;&quot;,&quot;orientation&quot;:&quot;1&quot;}\" data-image-title=\"Veganer Maulwurfkuchen mit einfachen Zutaten\" data-image-description=\"\" data-image-caption=\"\" data-large-file=\"https:\/\/i0.wp.com\/jennyisbaking.com\/wp-1c174-content\/uploads\/2022\/01\/DSC04885.jpg?fit=534%2C801&amp;ssl=1\" src=\"https:\/\/i0.wp.com\/jennyisbaking.com\/wp-1c174-content\/uploads\/2022\/01\/DSC04885.jpg?resize=534%2C801&#038;ssl=1\" class=\"aligncenter size-full wp-image-12853\" alt=\"Veganer Maulwurfkuchen mit einfachen Zutaten\" width=\"534\" height=\"801\" srcset=\"https:\/\/i0.wp.com\/jennyisbaking.com\/wp-1c174-content\/uploads\/2022\/01\/DSC04885.jpg?w=534&amp;ssl=1 534w, https:\/\/i0.wp.com\/jennyisbaking.com\/wp-1c174-content\/uploads\/2022\/01\/DSC04885.jpg?resize=200%2C300&amp;ssl=1 200w\" sizes=\"auto, (max-width: 534px) 100vw, 534px\" \/><\/a>Ihr solltet unbedingt ab Ostersonntag hier auf den Blog vorbeischauen. Vor f\u00fcnf Jahren hatte ich einen krassen Fahrradunfall und feiere zusammen mit ganz vielen Bloggern, dass ich keine Folgesch\u00e4den davongetragen habe. Ihr d\u00fcrft gespannt sein, ich sage nur eins: Schokolade, gaaaanz viele Schokolade wird im Spiel sein. Von mir wird es eine Nutella-Schokotorte deluxe geben.<\/p>","protected":false},"excerpt":{"rendered":"<p>Es ist wieder mal viel zu lange her, dass ich mit euch virtuell einen Kaffee getrunken habe. Das muss ich jetzt ganz schnell nachholen. Das letzte Mal habe ich euch mitgenommen ins Backen von der zweiten Hochzeitstorte. Ich muss sagen, das hat total Spa\u00df gemacht, war aber auch mega anstrengend.&nbsp; Die erste Torte (Bild unten links) habe ich in Spanien gebacken, die zweite (Bild rechts) habe ich teils zu Hause in M\u00fcnchen gebacken und bin dann mit gefrorenen B\u00f6den, meiner K\u00fcchenmaschine und gef\u00fchlt dreihundert Materialien 600km gefahren, um sie in einer Ferienwohnung fertig zu stellen. Alles zum Thema Hochzeitstorten k\u00f6nnt ihr hier und hier nachlesen. Dieses Jahr habe ich noch keinen Auftrag f\u00fcr eine Hochzeitstorte bekommen, das ist doch auch fein. So kann ich ganz entspannt in den Fr\u00fchling und Sommer starten. Bild links: Hueto Fot\u00f3grafo Aber Torten zu backen kann ich wohl doch nicht sein lassen, eine Auftragstorte war ein sogenannter &#8222;Gender Reveal Cake&#8220;. Die Idee stammt aus USA, wo man beim Anschneiden der Torte dann erf\u00e4hrt, ob es ein Junge oder ein M\u00e4dchen wird, entsprechend der eingef\u00e4rbten Tortencreme. In Deutschland noch nicht ganz so gel\u00e4ufig, hatte in dem Fall die Frauen\u00e4rztin das Geschlecht auf einen Zettel geschrieben, den [&hellip;]<\/p>\n","protected":false},"author":1,"featured_media":13147,"comment_status":"open","ping_status":"closed","sticky":false,"template":"","format":"standard","meta":{"jetpack_post_was_ever_published":false,"_jetpack_newsletter_access":"","_jetpack_dont_email_post_to_subs":false,"_jetpack_newsletter_tier_id":0,"_jetpack_memberships_contains_paywalled_content":false,"_jetpack_memberships_contains_paid_content":false,"footnotes":"","jetpack_publicize_message":"","jetpack_publicize_feature_enabled":true,"jetpack_social_post_already_shared":true,"jetpack_social_options":{"image_generator_settings":{"template":"highway","default_image_id":0,"font":"","enabled":false},"version":2}},"categories":[980],"tags":[],"class_list":["post-13146","post","type-post","status-publish","format-standard","has-post-thumbnail","hentry","category-coffee-with-jenny"],"yoast_head":"<!-- This site is optimized with the Yoast SEO plugin v27.5 - https:\/\/yoast.com\/product\/yoast-seo-wordpress\/ -->\n<title>Kaffee-Date Nr. 11 - Jenny is baking<\/title>\n<meta name=\"robots\" content=\"index, follow, max-snippet:-1, max-image-preview:large, max-video-preview:-1\" \/>\n<link rel=\"canonical\" href=\"https:\/\/jennyisbaking.com\/de\/2022\/04\/08\/coffee-date-no-11\/\" \/>\n<meta property=\"og:locale\" content=\"de_DE\" \/>\n<meta property=\"og:type\" content=\"article\" \/>\n<meta property=\"og:title\" content=\"Kaffee-Date Nr. 11 - Jenny is baking\" \/>\n<meta property=\"og:description\" content=\"Es ist wieder mal viel zu lange her, dass ich mit euch virtuell einen Kaffee getrunken habe. Das muss ich jetzt ganz schnell nachholen. Das letzte Mal habe ich euch mitgenommen ins Backen von der zweiten Hochzeitstorte. Ich muss sagen, das hat total Spa\u00df gemacht, war aber auch mega anstrengend.&nbsp; Die erste Torte (Bild unten links) habe ich in Spanien gebacken, die zweite (Bild rechts) habe ich teils zu Hause in M\u00fcnchen gebacken und bin dann mit gefrorenen B\u00f6den, meiner K\u00fcchenmaschine und gef\u00fchlt dreihundert Materialien 600km gefahren, um sie in einer Ferienwohnung fertig zu stellen. Alles zum Thema Hochzeitstorten k\u00f6nnt ihr hier und hier nachlesen. Dieses Jahr habe ich noch keinen Auftrag f\u00fcr eine Hochzeitstorte bekommen, das ist doch auch fein. So kann ich ganz entspannt in den Fr\u00fchling und Sommer starten. Bild links: Hueto Fot\u00f3grafo Aber Torten zu backen kann ich wohl doch nicht sein lassen, eine Auftragstorte war ein sogenannter &#8222;Gender Reveal Cake&#8220;. Die Idee stammt aus USA, wo man beim Anschneiden der Torte dann erf\u00e4hrt, ob es ein Junge oder ein M\u00e4dchen wird, entsprechend der eingef\u00e4rbten Tortencreme. In Deutschland noch nicht ganz so gel\u00e4ufig, hatte in dem Fall die Frauen\u00e4rztin das Geschlecht auf einen Zettel geschrieben, den [&hellip;]\" \/>\n<meta property=\"og:url\" content=\"https:\/\/jennyisbaking.com\/de\/2022\/04\/08\/coffee-date-no-11\/\" \/>\n<meta property=\"og:site_name\" content=\"Jenny is baking\" \/>\n<meta property=\"article:publisher\" content=\"https:\/\/www.facebook.com\/jennyisbaking\/\" \/>\n<meta property=\"article:author\" content=\"https:\/\/www.facebook.com\/jennyisbaking\/\" \/>\n<meta property=\"article:published_time\" content=\"2022-04-08T05:00:00+00:00\" \/>\n<meta property=\"article:modified_time\" content=\"2022-06-30T17:46:45+00:00\" \/>\n<meta property=\"og:image\" content=\"https:\/\/i0.wp.com\/jennyisbaking.com\/wp-1c174-content\/uploads\/2022\/03\/DSC00032.jpg?fit=534%2C801&ssl=1\" \/>\n\t<meta property=\"og:image:width\" content=\"534\" \/>\n\t<meta property=\"og:image:height\" content=\"801\" \/>\n\t<meta property=\"og:image:type\" content=\"image\/jpeg\" \/>\n<meta name=\"author\" content=\"Jenny\" \/>\n<meta name=\"twitter:card\" content=\"summary_large_image\" \/>\n<meta name=\"twitter:label1\" content=\"Verfasst von\" \/>\n\t<meta name=\"twitter:data1\" content=\"Jenny\" \/>\n\t<meta name=\"twitter:label2\" content=\"Gesch\u00e4tzte Lesezeit\" \/>\n\t<meta name=\"twitter:data2\" content=\"8\u00a0Minuten\" \/>\n<script type=\"application\/ld+json\" class=\"yoast-schema-graph\">{\"@context\":\"https:\\\/\\\/schema.org\",\"@graph\":[{\"@type\":\"Article\",\"@id\":\"https:\\\/\\\/jennyisbaking.com\\\/2022\\\/04\\\/08\\\/coffee-date-no-11\\\/#article\",\"isPartOf\":{\"@id\":\"https:\\\/\\\/jennyisbaking.com\\\/2022\\\/04\\\/08\\\/coffee-date-no-11\\\/\"},\"author\":{\"name\":\"Jenny\",\"@id\":\"https:\\\/\\\/jennyisbaking.com\\\/#\\\/schema\\\/person\\\/28a46859582cac5ac1ef7e065a17f77b\"},\"headline\":\"Kaffee-Date Nr. 11\",\"datePublished\":\"2022-04-08T05:00:00+00:00\",\"dateModified\":\"2022-06-30T17:46:45+00:00\",\"mainEntityOfPage\":{\"@id\":\"https:\\\/\\\/jennyisbaking.com\\\/2022\\\/04\\\/08\\\/coffee-date-no-11\\\/\"},\"wordCount\":1545,\"commentCount\":2,\"image\":{\"@id\":\"https:\\\/\\\/jennyisbaking.com\\\/2022\\\/04\\\/08\\\/coffee-date-no-11\\\/#primaryimage\"},\"thumbnailUrl\":\"https:\\\/\\\/i0.wp.com\\\/jennyisbaking.com\\\/wp-1c174-content\\\/uploads\\\/2022\\\/03\\\/DSC00032.jpg?fit=534%2C801&ssl=1\",\"articleSection\":[\"Coffee with Jenny\"],\"inLanguage\":\"de\",\"potentialAction\":[{\"@type\":\"CommentAction\",\"name\":\"Comment\",\"target\":[\"https:\\\/\\\/jennyisbaking.com\\\/2022\\\/04\\\/08\\\/coffee-date-no-11\\\/#respond\"]}]},{\"@type\":\"WebPage\",\"@id\":\"https:\\\/\\\/jennyisbaking.com\\\/de\\\/2022\\\/04\\\/08\\\/coffee-date-no-11\\\/\",\"url\":\"https:\\\/\\\/jennyisbaking.com\\\/de\\\/2022\\\/04\\\/08\\\/coffee-date-no-11\\\/\",\"name\":\"Kaffee-Date Nr. 11 - Jenny is baking\",\"isPartOf\":{\"@id\":\"https:\\\/\\\/jennyisbaking.com\\\/de\\\/#website\"},\"primaryImageOfPage\":{\"@id\":\"https:\\\/\\\/jennyisbaking.com\\\/de\\\/2022\\\/04\\\/08\\\/coffee-date-no-11\\\/#primaryimage\"},\"image\":{\"@id\":\"https:\\\/\\\/jennyisbaking.com\\\/2022\\\/04\\\/08\\\/coffee-date-no-11\\\/#primaryimage\"},\"thumbnailUrl\":\"https:\\\/\\\/i0.wp.com\\\/jennyisbaking.com\\\/wp-1c174-content\\\/uploads\\\/2022\\\/03\\\/DSC00032.jpg?fit=534%2C801&ssl=1\",\"datePublished\":\"2022-04-08T05:00:00+00:00\",\"dateModified\":\"2022-06-30T17:46:45+00:00\",\"author\":{\"@id\":\"https:\\\/\\\/jennyisbaking.com\\\/#\\\/schema\\\/person\\\/28a46859582cac5ac1ef7e065a17f77b\"},\"breadcrumb\":{\"@id\":\"https:\\\/\\\/jennyisbaking.com\\\/de\\\/2022\\\/04\\\/08\\\/coffee-date-no-11\\\/#breadcrumb\"},\"inLanguage\":\"de\",\"potentialAction\":[{\"@type\":\"ReadAction\",\"target\":[[\"https:\\\/\\\/jennyisbaking.com\\\/de\\\/2022\\\/04\\\/08\\\/coffee-date-no-11\\\/\"]]}]},{\"@type\":\"ImageObject\",\"inLanguage\":\"de\",\"@id\":\"https:\\\/\\\/jennyisbaking.com\\\/de\\\/2022\\\/04\\\/08\\\/coffee-date-no-11\\\/#primaryimage\",\"url\":\"https:\\\/\\\/i0.wp.com\\\/jennyisbaking.com\\\/wp-1c174-content\\\/uploads\\\/2022\\\/03\\\/DSC00032.jpg?fit=534%2C801&ssl=1\",\"contentUrl\":\"https:\\\/\\\/i0.wp.com\\\/jennyisbaking.com\\\/wp-1c174-content\\\/uploads\\\/2022\\\/03\\\/DSC00032.jpg?fit=534%2C801&ssl=1\",\"width\":534,\"height\":801,\"caption\":\"Kaffee mit Osterhasen\"},{\"@type\":\"BreadcrumbList\",\"@id\":\"https:\\\/\\\/jennyisbaking.com\\\/de\\\/2022\\\/04\\\/08\\\/coffee-date-no-11\\\/#breadcrumb\",\"itemListElement\":[{\"@type\":\"ListItem\",\"position\":1,\"name\":\"Startseite\",\"item\":\"https:\\\/\\\/jennyisbaking.com\\\/de\\\/\"},{\"@type\":\"ListItem\",\"position\":2,\"name\":\"Coffee Date No. 11\"}]},{\"@type\":\"WebSite\",\"@id\":\"https:\\\/\\\/jennyisbaking.com\\\/de\\\/#website\",\"url\":\"https:\\\/\\\/jennyisbaking.com\\\/de\\\/\",\"name\":\"Jenny is baking\",\"description\":\"Backrezepte aus Nord- und S\u00fcdamerika\",\"potentialAction\":[{\"@type\":\"SearchAction\",\"target\":{\"@type\":\"EntryPoint\",\"urlTemplate\":\"https:\\\/\\\/jennyisbaking.com\\\/de\\\/?s={search_term_string}\"},\"query-input\":{\"@type\":\"PropertyValueSpecification\",\"valueRequired\":true,\"valueName\":\"search_term_string\"}}],\"inLanguage\":\"de\"},{\"@type\":\"Person\",\"@id\":\"https:\\\/\\\/jennyisbaking.com\\\/#\\\/schema\\\/person\\\/28a46859582cac5ac1ef7e065a17f77b\",\"name\":\"Jenny\",\"image\":{\"@type\":\"ImageObject\",\"inLanguage\":\"de\",\"@id\":\"https:\\\/\\\/secure.gravatar.com\\\/avatar\\\/23e81660a6279fbe7db0db01e9985036a8488f0100c3985867731ba2b4348089?s=96&d=mm&r=g\",\"url\":\"https:\\\/\\\/secure.gravatar.com\\\/avatar\\\/23e81660a6279fbe7db0db01e9985036a8488f0100c3985867731ba2b4348089?s=96&d=mm&r=g\",\"contentUrl\":\"https:\\\/\\\/secure.gravatar.com\\\/avatar\\\/23e81660a6279fbe7db0db01e9985036a8488f0100c3985867731ba2b4348089?s=96&d=mm&r=g\",\"caption\":\"Jenny\"},\"description\":\"Hi, ich hei\u00dfe Jenny, geb\u00fcrtig in Uruguay, als Kind in USA gelebt, nach dem Abi in Kanada und mit einem Kolumbianer verheiratet. Ich wohne im Moment in M\u00fcnchen, S\u00fcddeutschland. Auf meinem Blog finden sich meist s\u00fc\u00dfe Rezepte. Ich mag normalerweise einfache Sachen, die schnell gemacht sind, aber gleichzeitig was hermachen. Manchmal packt mich auch der Ehrgeiz und ich wage mich an kompliziertere Torten. Schau dir im Men\u00fc \u201eAlle Rezepte\u201c an f\u00fcr weitere Inspiration.\",\"sameAs\":[\"https:\\\/\\\/www.facebook.com\\\/jennyisbaking\\\/\",\"https:\\\/\\\/www.pinterest.de\\\/jennyisbaking\\\/\"]}]}<\/script>\n<!-- \/ Yoast SEO plugin. -->","yoast_head_json":{"title":"Kaffee-Date Nr. 11 - Jenny is baking","robots":{"index":"index","follow":"follow","max-snippet":"max-snippet:-1","max-image-preview":"max-image-preview:large","max-video-preview":"max-video-preview:-1"},"canonical":"https:\/\/jennyisbaking.com\/de\/2022\/04\/08\/coffee-date-no-11\/","og_locale":"de_DE","og_type":"article","og_title":"Kaffee-Date Nr. 11 - Jenny is baking","og_description":"Es ist wieder mal viel zu lange her, dass ich mit euch virtuell einen Kaffee getrunken habe. Das muss ich jetzt ganz schnell nachholen. Das letzte Mal habe ich euch mitgenommen ins Backen von der zweiten Hochzeitstorte. Ich muss sagen, das hat total Spa\u00df gemacht, war aber auch mega anstrengend.&nbsp; Die erste Torte (Bild unten links) habe ich in Spanien gebacken, die zweite (Bild rechts) habe ich teils zu Hause in M\u00fcnchen gebacken und bin dann mit gefrorenen B\u00f6den, meiner K\u00fcchenmaschine und gef\u00fchlt dreihundert Materialien 600km gefahren, um sie in einer Ferienwohnung fertig zu stellen. Alles zum Thema Hochzeitstorten k\u00f6nnt ihr hier und hier nachlesen. Dieses Jahr habe ich noch keinen Auftrag f\u00fcr eine Hochzeitstorte bekommen, das ist doch auch fein. So kann ich ganz entspannt in den Fr\u00fchling und Sommer starten. Bild links: Hueto Fot\u00f3grafo Aber Torten zu backen kann ich wohl doch nicht sein lassen, eine Auftragstorte war ein sogenannter &#8222;Gender Reveal Cake&#8220;. Die Idee stammt aus USA, wo man beim Anschneiden der Torte dann erf\u00e4hrt, ob es ein Junge oder ein M\u00e4dchen wird, entsprechend der eingef\u00e4rbten Tortencreme. In Deutschland noch nicht ganz so gel\u00e4ufig, hatte in dem Fall die Frauen\u00e4rztin das Geschlecht auf einen Zettel geschrieben, den [&hellip;]","og_url":"https:\/\/jennyisbaking.com\/de\/2022\/04\/08\/coffee-date-no-11\/","og_site_name":"Jenny is baking","article_publisher":"https:\/\/www.facebook.com\/jennyisbaking\/","article_author":"https:\/\/www.facebook.com\/jennyisbaking\/","article_published_time":"2022-04-08T05:00:00+00:00","article_modified_time":"2022-06-30T17:46:45+00:00","og_image":[{"width":534,"height":801,"url":"https:\/\/i0.wp.com\/jennyisbaking.com\/wp-1c174-content\/uploads\/2022\/03\/DSC00032.jpg?fit=534%2C801&ssl=1","type":"image\/jpeg"}],"author":"Jenny","twitter_card":"summary_large_image","twitter_misc":{"Verfasst von":"Jenny","Gesch\u00e4tzte Lesezeit":"8\u00a0Minuten"},"schema":{"@context":"https:\/\/schema.org","@graph":[{"@type":"Article","@id":"https:\/\/jennyisbaking.com\/2022\/04\/08\/coffee-date-no-11\/#article","isPartOf":{"@id":"https:\/\/jennyisbaking.com\/2022\/04\/08\/coffee-date-no-11\/"},"author":{"name":"Jenny","@id":"https:\/\/jennyisbaking.com\/#\/schema\/person\/28a46859582cac5ac1ef7e065a17f77b"},"headline":"Kaffee-Date Nr. 11","datePublished":"2022-04-08T05:00:00+00:00","dateModified":"2022-06-30T17:46:45+00:00","mainEntityOfPage":{"@id":"https:\/\/jennyisbaking.com\/2022\/04\/08\/coffee-date-no-11\/"},"wordCount":1545,"commentCount":2,"image":{"@id":"https:\/\/jennyisbaking.com\/2022\/04\/08\/coffee-date-no-11\/#primaryimage"},"thumbnailUrl":"https:\/\/i0.wp.com\/jennyisbaking.com\/wp-1c174-content\/uploads\/2022\/03\/DSC00032.jpg?fit=534%2C801&ssl=1","articleSection":["Coffee with Jenny"],"inLanguage":"de","potentialAction":[{"@type":"CommentAction","name":"Comment","target":["https:\/\/jennyisbaking.com\/2022\/04\/08\/coffee-date-no-11\/#respond"]}]},{"@type":"WebPage","@id":"https:\/\/jennyisbaking.com\/de\/2022\/04\/08\/coffee-date-no-11\/","url":"https:\/\/jennyisbaking.com\/de\/2022\/04\/08\/coffee-date-no-11\/","name":"Kaffee-Date Nr. 11 - Jenny is baking","isPartOf":{"@id":"https:\/\/jennyisbaking.com\/de\/#website"},"primaryImageOfPage":{"@id":"https:\/\/jennyisbaking.com\/de\/2022\/04\/08\/coffee-date-no-11\/#primaryimage"},"image":{"@id":"https:\/\/jennyisbaking.com\/2022\/04\/08\/coffee-date-no-11\/#primaryimage"},"thumbnailUrl":"https:\/\/i0.wp.com\/jennyisbaking.com\/wp-1c174-content\/uploads\/2022\/03\/DSC00032.jpg?fit=534%2C801&ssl=1","datePublished":"2022-04-08T05:00:00+00:00","dateModified":"2022-06-30T17:46:45+00:00","author":{"@id":"https:\/\/jennyisbaking.com\/#\/schema\/person\/28a46859582cac5ac1ef7e065a17f77b"},"breadcrumb":{"@id":"https:\/\/jennyisbaking.com\/de\/2022\/04\/08\/coffee-date-no-11\/#breadcrumb"},"inLanguage":"de","potentialAction":[{"@type":"ReadAction","target":[["https:\/\/jennyisbaking.com\/de\/2022\/04\/08\/coffee-date-no-11\/"]]}]},{"@type":"ImageObject","inLanguage":"de","@id":"https:\/\/jennyisbaking.com\/de\/2022\/04\/08\/coffee-date-no-11\/#primaryimage","url":"https:\/\/i0.wp.com\/jennyisbaking.com\/wp-1c174-content\/uploads\/2022\/03\/DSC00032.jpg?fit=534%2C801&ssl=1","contentUrl":"https:\/\/i0.wp.com\/jennyisbaking.com\/wp-1c174-content\/uploads\/2022\/03\/DSC00032.jpg?fit=534%2C801&ssl=1","width":534,"height":801,"caption":"Kaffee mit Osterhasen"},{"@type":"BreadcrumbList","@id":"https:\/\/jennyisbaking.com\/de\/2022\/04\/08\/coffee-date-no-11\/#breadcrumb","itemListElement":[{"@type":"ListItem","position":1,"name":"Startseite","item":"https:\/\/jennyisbaking.com\/de\/"},{"@type":"ListItem","position":2,"name":"Coffee Date No. 11"}]},{"@type":"WebSite","@id":"https:\/\/jennyisbaking.com\/de\/#website","url":"https:\/\/jennyisbaking.com\/de\/","name":"Jenny is baking","description":"Backrezepte aus Nord- und S\u00fcdamerika","potentialAction":[{"@type":"SearchAction","target":{"@type":"EntryPoint","urlTemplate":"https:\/\/jennyisbaking.com\/de\/?s={search_term_string}"},"query-input":{"@type":"PropertyValueSpecification","valueRequired":true,"valueName":"search_term_string"}}],"inLanguage":"de"},{"@type":"Person","@id":"https:\/\/jennyisbaking.com\/#\/schema\/person\/28a46859582cac5ac1ef7e065a17f77b","name":"Jenny","image":{"@type":"ImageObject","inLanguage":"de","@id":"https:\/\/secure.gravatar.com\/avatar\/23e81660a6279fbe7db0db01e9985036a8488f0100c3985867731ba2b4348089?s=96&d=mm&r=g","url":"https:\/\/secure.gravatar.com\/avatar\/23e81660a6279fbe7db0db01e9985036a8488f0100c3985867731ba2b4348089?s=96&d=mm&r=g","contentUrl":"https:\/\/secure.gravatar.com\/avatar\/23e81660a6279fbe7db0db01e9985036a8488f0100c3985867731ba2b4348089?s=96&d=mm&r=g","caption":"Jenny"},"description":"Hi, ich hei\u00dfe Jenny, geb\u00fcrtig in Uruguay, als Kind in USA gelebt, nach dem Abi in Kanada und mit einem Kolumbianer verheiratet. Ich wohne im Moment in M\u00fcnchen, S\u00fcddeutschland. Auf meinem Blog finden sich meist s\u00fc\u00dfe Rezepte. Ich mag normalerweise einfache Sachen, die schnell gemacht sind, aber gleichzeitig was hermachen. Manchmal packt mich auch der Ehrgeiz und ich wage mich an kompliziertere Torten. Schau dir im Men\u00fc \u201eAlle Rezepte\u201c an f\u00fcr weitere Inspiration.","sameAs":["https:\/\/www.facebook.com\/jennyisbaking\/","https:\/\/www.pinterest.de\/jennyisbaking\/"]}]}},"jetpack_publicize_connections":[],"jetpack_featured_media_url":"https:\/\/i0.wp.com\/jennyisbaking.com\/wp-1c174-content\/uploads\/2022\/03\/DSC00032.jpg?fit=534%2C801&ssl=1","jetpack_sharing_enabled":true,"jetpack_shortlink":"https:\/\/wp.me\/p8MAhl-3q2","jetpack-related-posts":[{"id":17845,"url":"https:\/\/jennyisbaking.com\/de\/2025\/03\/18\/coffee-date-no-18-travel-to-bayerischer-wald\/","url_meta":{"origin":13146,"position":0},"title":"Coffee Date 18 &#8211; Reise in den Bayerischen Wald","author":"Jenny","date":"Dienstag, der 18. M\u00e4rz 2025","format":false,"excerpt":"Werbung - unbeauftragt Zu unserem 15. Hochzeitstag waren wir zum ersten Mal im Bayerischen Wald in Ort Frauenau im G\u00e4stehaus Falkenau. Das Hotel ist ein sogenanntes Hundehotel, d.h. Hunde sind explizit erw\u00fcnscht und d\u00fcrfen mit aufs Zimmer. Bis dato wusste ich nicht, dass sowas \u00fcberhaupt existiert, aber man lernt ja\u2026","rel":"","context":"In &quot;Coffee with Jenny&quot;","block_context":{"text":"Coffee with Jenny","link":"https:\/\/jennyisbaking.com\/de\/category\/coffee-with-jenny\/"},"img":{"alt_text":"","src":"https:\/\/i0.wp.com\/jennyisbaking.com\/wp-1c174-content\/uploads\/2025\/03\/Gastehaus-Falkenau.jpg?fit=801%2C534&ssl=1&resize=350%2C200","width":350,"height":200,"srcset":"https:\/\/i0.wp.com\/jennyisbaking.com\/wp-1c174-content\/uploads\/2025\/03\/Gastehaus-Falkenau.jpg?fit=801%2C534&ssl=1&resize=350%2C200 1x, https:\/\/i0.wp.com\/jennyisbaking.com\/wp-1c174-content\/uploads\/2025\/03\/Gastehaus-Falkenau.jpg?fit=801%2C534&ssl=1&resize=525%2C300 1.5x, https:\/\/i0.wp.com\/jennyisbaking.com\/wp-1c174-content\/uploads\/2025\/03\/Gastehaus-Falkenau.jpg?fit=801%2C534&ssl=1&resize=700%2C400 2x"},"classes":[]},{"id":7079,"url":"https:\/\/jennyisbaking.com\/de\/2018\/10\/09\/lets-have-a-coffee\/","url_meta":{"origin":13146,"position":1},"title":"Auf einen Kaffee mit Jenny","author":"Jenny","date":"Dienstag, der  9. Oktober 2018","format":false,"excerpt":"Ich habe beschlossen eine neue Kategorie auf meinem Blog zu er\u00f6ffnen, bei der ich mit dir virtuell einen Kaffee trinke. Keine Sorge, es wird weiterhin regelm\u00e4\u00dfig Rezepte hier geben. Wie immer ein bunter Blumenstrau\u00df aus einfachen Rezepten, wie zum Beispiel diese schnellen super schokoladigen Cupcakes, die man fix zusammenger\u00fchrt hat,\u2026","rel":"","context":"In &quot;Coffee with Jenny&quot;","block_context":{"text":"Coffee with Jenny","link":"https:\/\/jennyisbaking.com\/de\/category\/coffee-with-jenny\/"},"img":{"alt_text":"Pumpkin Spice Latte","src":"https:\/\/i0.wp.com\/jennyisbaking.com\/wp-1c174-content\/uploads\/2017\/10\/DSC04337.jpg?fit=534%2C801&ssl=1&resize=350%2C200","width":350,"height":200,"srcset":"https:\/\/i0.wp.com\/jennyisbaking.com\/wp-1c174-content\/uploads\/2017\/10\/DSC04337.jpg?fit=534%2C801&ssl=1&resize=350%2C200 1x, https:\/\/i0.wp.com\/jennyisbaking.com\/wp-1c174-content\/uploads\/2017\/10\/DSC04337.jpg?fit=534%2C801&ssl=1&resize=525%2C300 1.5x"},"classes":[]},{"id":18292,"url":"https:\/\/jennyisbaking.com\/de\/2025\/10\/10\/gateau-opera-oder-opera-torte-aus-frankreich\/","url_meta":{"origin":13146,"position":2},"title":"G\u00e2teau Op\u00e9ra, franz\u00f6sische Opern-Torte","author":"Jenny","date":"Freitag, der 10. Oktober 2025","format":false,"excerpt":"G\u00e2teau Op\u00e9ra oder franz\u00f6sische Operntorte ist die Antwort auf italienisches Tiramisu und ein Klassiker der franz\u00f6sischen Patisserie. Dies ist mein Beitrag zum aktuellen Blogevent, das ich ausrichte, zum Thema Kaffee. Mandelbiskuit, der mit Kaffeesirup getr\u00e4nkt wurde, Kaffee-Buttercreme und Schoko-Ganache werden hier zu einer hohen Torte mit sieben Schichten geschichtet. Charakteristisch\u2026","rel":"","context":"In &quot;Cakes&quot;","block_context":{"text":"Cakes","link":"https:\/\/jennyisbaking.com\/de\/category\/cakes\/"},"img":{"alt_text":"","src":"https:\/\/i0.wp.com\/jennyisbaking.com\/wp-1c174-content\/uploads\/2025\/07\/Gateau-Opera-Rezept.jpg?fit=534%2C801&ssl=1&resize=350%2C200","width":350,"height":200,"srcset":"https:\/\/i0.wp.com\/jennyisbaking.com\/wp-1c174-content\/uploads\/2025\/07\/Gateau-Opera-Rezept.jpg?fit=534%2C801&ssl=1&resize=350%2C200 1x, https:\/\/i0.wp.com\/jennyisbaking.com\/wp-1c174-content\/uploads\/2025\/07\/Gateau-Opera-Rezept.jpg?fit=534%2C801&ssl=1&resize=525%2C300 1.5x"},"classes":[]},{"id":8801,"url":"https:\/\/jennyisbaking.com\/de\/2019\/07\/19\/iced-coffee-cheesecake-no-bake\/","url_meta":{"origin":13146,"position":3},"title":"Eiskalter Kaffee-Cheesecake ohne backen","author":"Jenny","date":"Freitag, der 19. Juli 2019","format":false,"excerpt":"Heute gibt es eiskalten Kaffee-Cheesecake ganz ohne backen! Er \u00e4hnelt ein bisschen Tiramisu, kommt aber komplett ohne Mascarpone und rohem Ei aus und besteht aus cremigen Frischk\u00e4se, Sahne, leckerem Kaffee und - Pumpernickel! Als Ostwestfale war mir gar nicht bewusst, dass Pumpernickel gar nicht in allen Teilen Deutschlands sonderlich verbreitet\u2026","rel":"","context":"In &quot;Cakes&quot;","block_context":{"text":"Cakes","link":"https:\/\/jennyisbaking.com\/de\/category\/cakes\/"},"img":{"alt_text":"Eiskalter Kaffee-Cheesecake ohne backen","src":"https:\/\/i0.wp.com\/jennyisbaking.com\/wp-1c174-content\/uploads\/2019\/06\/DSC01698.jpg?fit=534%2C800&ssl=1&resize=350%2C200","width":350,"height":200,"srcset":"https:\/\/i0.wp.com\/jennyisbaking.com\/wp-1c174-content\/uploads\/2019\/06\/DSC01698.jpg?fit=534%2C800&ssl=1&resize=350%2C200 1x, https:\/\/i0.wp.com\/jennyisbaking.com\/wp-1c174-content\/uploads\/2019\/06\/DSC01698.jpg?fit=534%2C800&ssl=1&resize=525%2C300 1.5x"},"classes":[]},{"id":12467,"url":"https:\/\/jennyisbaking.com\/de\/2021\/10\/22\/rezepte-fuer-eine-fruchtig-frische-dreistoeckige-hochzeitstorte\/","url_meta":{"origin":13146,"position":4},"title":"Rezepte f\u00fcr eine dreist\u00f6ckige Hochzeitstorte mit fruchtigen und frischen F\u00fcllungen","author":"Jenny","date":"Freitag, der 22. Oktober 2021","format":false,"excerpt":"Da ich nun doch an verschiedener Stelle zu weiteren Details dieser fruchtigen dreist\u00f6ckigen Hochzeitstorte befragt wurde, einige Tipps gibt es bereits hier, gibt es nun endlich alle Rezepte der Hochzeitstorte. In den Highlights bei Instagram kannst du auch einige Details einsehen. Und ja, schon nur in den B\u00f6den stecken 43\u2026","rel":"","context":"In &quot;Wedding Cakes&quot;","block_context":{"text":"Wedding Cakes","link":"https:\/\/jennyisbaking.com\/de\/category\/wedding-cakes\/"},"img":{"alt_text":"","src":"https:\/\/i0.wp.com\/jennyisbaking.com\/wp-1c174-content\/uploads\/2021\/10\/HZ-NM-470-scaled-1.jpg?fit=534%2C801&ssl=1&resize=350%2C200","width":350,"height":200,"srcset":"https:\/\/i0.wp.com\/jennyisbaking.com\/wp-1c174-content\/uploads\/2021\/10\/HZ-NM-470-scaled-1.jpg?fit=534%2C801&ssl=1&resize=350%2C200 1x, https:\/\/i0.wp.com\/jennyisbaking.com\/wp-1c174-content\/uploads\/2021\/10\/HZ-NM-470-scaled-1.jpg?fit=534%2C801&ssl=1&resize=525%2C300 1.5x"},"classes":[]},{"id":11891,"url":"https:\/\/jennyisbaking.com\/de\/2021\/04\/30\/leckere-erdbeer-stracciatella-torte\/","url_meta":{"origin":13146,"position":5},"title":"Leckere Erdbeer-Stracciatella-Torte","author":"Jenny","date":"Freitag, der 30. April 2021","format":false,"excerpt":"Heute gibt es eine mega leckere Erdbeer-Stracciatella-Torte zum Muttertag! Die Torte macht auf jeden Fall Arbeit, aber ich finde zum Muttertag darf das sein, wenn man seiner Mama zeigen will wie dankbar man ist. Zum Vanillebiskuit kommt eine ganz leckere Erdbeer-Stracciatella-F\u00fcllung und vorher tr\u00e4nken wir die Tortenb\u00f6den mit Kaffee und\u2026","rel":"","context":"In &quot;Cakes&quot;","block_context":{"text":"Cakes","link":"https:\/\/jennyisbaking.com\/de\/category\/cakes\/"},"img":{"alt_text":"Hohe Erdbeer-Stracciatella-Torte","src":"https:\/\/i0.wp.com\/jennyisbaking.com\/wp-1c174-content\/uploads\/2021\/04\/DSC02846-2.jpg?fit=534%2C801&ssl=1&resize=350%2C200","width":350,"height":200,"srcset":"https:\/\/i0.wp.com\/jennyisbaking.com\/wp-1c174-content\/uploads\/2021\/04\/DSC02846-2.jpg?fit=534%2C801&ssl=1&resize=350%2C200 1x, https:\/\/i0.wp.com\/jennyisbaking.com\/wp-1c174-content\/uploads\/2021\/04\/DSC02846-2.jpg?fit=534%2C801&ssl=1&resize=525%2C300 1.5x"},"classes":[]}],"_links":{"self":[{"href":"https:\/\/jennyisbaking.com\/de\/wp-json\/wp\/v2\/posts\/13146","targetHints":{"allow":["GET"]}}],"collection":[{"href":"https:\/\/jennyisbaking.com\/de\/wp-json\/wp\/v2\/posts"}],"about":[{"href":"https:\/\/jennyisbaking.com\/de\/wp-json\/wp\/v2\/types\/post"}],"author":[{"embeddable":true,"href":"https:\/\/jennyisbaking.com\/de\/wp-json\/wp\/v2\/users\/1"}],"replies":[{"embeddable":true,"href":"https:\/\/jennyisbaking.com\/de\/wp-json\/wp\/v2\/comments?post=13146"}],"version-history":[{"count":19,"href":"https:\/\/jennyisbaking.com\/de\/wp-json\/wp\/v2\/posts\/13146\/revisions"}],"predecessor-version":[{"id":13523,"href":"https:\/\/jennyisbaking.com\/de\/wp-json\/wp\/v2\/posts\/13146\/revisions\/13523"}],"wp:featuredmedia":[{"embeddable":true,"href":"https:\/\/jennyisbaking.com\/de\/wp-json\/wp\/v2\/media\/13147"}],"wp:attachment":[{"href":"https:\/\/jennyisbaking.com\/de\/wp-json\/wp\/v2\/media?parent=13146"}],"wp:term":[{"taxonomy":"category","embeddable":true,"href":"https:\/\/jennyisbaking.com\/de\/wp-json\/wp\/v2\/categories?post=13146"},{"taxonomy":"post_tag","embeddable":true,"href":"https:\/\/jennyisbaking.com\/de\/wp-json\/wp\/v2\/tags?post=13146"}],"curies":[{"name":"wp","href":"https:\/\/api.w.org\/{rel}","templated":true}]}}