{"id":14054,"date":"2022-11-27T07:00:00","date_gmt":"2022-11-27T06:00:00","guid":{"rendered":"https:\/\/jennyisbaking.com\/?p=14054"},"modified":"2022-11-27T09:38:53","modified_gmt":"2022-11-27T08:38:53","slug":"saltenas-rezept-oder-bolivianische-teigtaschen","status":"publish","type":"post","link":"https:\/\/jennyisbaking.com\/de\/2022\/11\/27\/saltenas-rezept-oder-bolivianische-teigtaschen\/","title":{"rendered":"Salte\u00f1as oder bolivianische Teigtaschen"},"content":{"rendered":"<p>Zwischen dem ganzen S\u00fc\u00dfkram brauchen wir hier mal wieder etwas Herzhaftes. Dazu habe ich eine K\u00f6stlichkeit aus Bolivien mitgebracht: salte\u00f1as aka bolivianische Teigtaschen. In S\u00fcdamerika werden Teigtaschen normalerweise Empanadas genannt. Nat\u00fcrlich habe ich schon die klassische Version aus meinem Geburtsland Uruguay vorgestellt: <a href=\"https:\/\/jennyisbaking.com\/de\/2019\/10\/25\/traditionelle-uruguayische-empanadas\/\" target=\"_blank\" rel=\"noopener\">Rindfleisch-Empanadas<\/a>. Auch aus Kolumbien habe ich Empanadas vorgestellt, das Rezept erfreut sich gro\u00dfer Beliebtheit, die <a href=\"https:\/\/jennyisbaking.com\/de\/2022\/09\/09\/klassische-empanadas-aus-kolumbien\/\" target=\"_blank\" rel=\"noopener\">klassischen kolumbianischen Empanadas<\/a> finden sich hier. Heute sind also die aus Bolivien dran, aber die nennen sich salte\u00f1as. Hauptunterschied ist hier, dass der Teig leicht ges\u00fc\u00dft wird und auch die F\u00fcllung durch die Rosinen etwas in die s\u00fc\u00dfliche Richtung geht. Um der Trockenheit vorzubeugen, gibt man hier Gelatine dazu, sodass die F\u00fcllung saftig bleibt. Uns haben die salte\u00f1as tats\u00e4chlich am zweiten Tag besser geschmeckt, nachdem alles hat gut hat durchziehen k\u00f6nnen und sie komplett vorbereitet erst an Tag 2 gebacken wurden.<\/p>\n<p><a href=\"https:\/\/i0.wp.com\/jennyisbaking.com\/wp-1c174-content\/uploads\/2022\/11\/DSC07836-Edit.jpg?ssl=1\"><img data-recalc-dims=\"1\" loading=\"lazy\" decoding=\"async\" data-attachment-id=\"14064\" data-permalink=\"https:\/\/jennyisbaking.com\/de\/2022\/11\/27\/saltenas-rezept-oder-bolivianische-teigtaschen\/dsc07836-edit\/\" data-orig-file=\"https:\/\/i0.wp.com\/jennyisbaking.com\/wp-1c174-content\/uploads\/2022\/11\/DSC07836-Edit.jpg?fit=534%2C801&amp;ssl=1\" data-orig-size=\"534,801\" data-comments-opened=\"1\" data-image-meta=\"{&quot;aperture&quot;:&quot;0&quot;,&quot;credit&quot;:&quot;&quot;,&quot;camera&quot;:&quot;&quot;,&quot;caption&quot;:&quot;&quot;,&quot;created_timestamp&quot;:&quot;0&quot;,&quot;copyright&quot;:&quot;&quot;,&quot;focal_length&quot;:&quot;0&quot;,&quot;iso&quot;:&quot;0&quot;,&quot;shutter_speed&quot;:&quot;0&quot;,&quot;title&quot;:&quot;&quot;,&quot;orientation&quot;:&quot;0&quot;}\" data-image-title=\"Salte\u00f1as, bolivianische Teigtaschen\" data-image-description=\"\" data-image-caption=\"\" data-large-file=\"https:\/\/i0.wp.com\/jennyisbaking.com\/wp-1c174-content\/uploads\/2022\/11\/DSC07836-Edit.jpg?fit=534%2C801&amp;ssl=1\" class=\"aligncenter size-full wp-image-14064\" src=\"https:\/\/i0.wp.com\/jennyisbaking.com\/wp-1c174-content\/uploads\/2022\/11\/DSC07836-Edit.jpg?resize=534%2C801&#038;ssl=1\" alt=\"Salte\u00f1as, bolivianische Teigtaschen\" width=\"534\" height=\"801\" srcset=\"https:\/\/i0.wp.com\/jennyisbaking.com\/wp-1c174-content\/uploads\/2022\/11\/DSC07836-Edit.jpg?w=534&amp;ssl=1 534w, https:\/\/i0.wp.com\/jennyisbaking.com\/wp-1c174-content\/uploads\/2022\/11\/DSC07836-Edit.jpg?resize=200%2C300&amp;ssl=1 200w\" sizes=\"auto, (max-width: 534px) 100vw, 534px\" \/><\/a><!--more-->Wie immer bei Empanadas schon mal die Vorwarnung, dass\u00a0 hier viiiiiel Arbeiit drinsteckt, da ist man gut und gerne einige Stunden besch\u00e4ftigt. Da sowohl Teig als auch F\u00fcllung ruhen m\u00fcssen, empfehle ich bei diesen salte\u00f1as mindestens einen, wenn nicht zwei Tage vorher anzufangen. Wie gesagt haben uns die fertig vorbereiteten, aber noch nicht gebackenen salte\u00f1as nochmal besser an Tag 2 geschmeckt.\u00a0 Irgendwie hatten die Zutaten dann Zeit ordentlich zu marinieren. Von daher kann man sich bei allem Zeit lassen. Traditionell werden sie mit einem Tomaten-Dip namens llajua serviert, das Rezept habe ich unten mit angegeben, aber das kann man nat\u00fcrlich auch einfach weglassen.<\/p>\n<p><a href=\"https:\/\/i0.wp.com\/jennyisbaking.com\/wp-1c174-content\/uploads\/2022\/11\/DSC07851.jpg?ssl=1\"><img data-recalc-dims=\"1\" loading=\"lazy\" decoding=\"async\" data-attachment-id=\"14062\" data-permalink=\"https:\/\/jennyisbaking.com\/de\/2022\/11\/27\/saltenas-rezept-oder-bolivianische-teigtaschen\/dsc07851\/\" data-orig-file=\"https:\/\/i0.wp.com\/jennyisbaking.com\/wp-1c174-content\/uploads\/2022\/11\/DSC07851.jpg?fit=534%2C801&amp;ssl=1\" data-orig-size=\"534,801\" data-comments-opened=\"1\" data-image-meta=\"{&quot;aperture&quot;:&quot;0&quot;,&quot;credit&quot;:&quot;&quot;,&quot;camera&quot;:&quot;&quot;,&quot;caption&quot;:&quot;&quot;,&quot;created_timestamp&quot;:&quot;0&quot;,&quot;copyright&quot;:&quot;&quot;,&quot;focal_length&quot;:&quot;0&quot;,&quot;iso&quot;:&quot;0&quot;,&quot;shutter_speed&quot;:&quot;0&quot;,&quot;title&quot;:&quot;&quot;,&quot;orientation&quot;:&quot;0&quot;}\" data-image-title=\"Salte\u00f1as, bolivianische Teigtaschen\" data-image-description=\"\" data-image-caption=\"\" data-large-file=\"https:\/\/i0.wp.com\/jennyisbaking.com\/wp-1c174-content\/uploads\/2022\/11\/DSC07851.jpg?fit=534%2C801&amp;ssl=1\" class=\"aligncenter size-full wp-image-14062\" src=\"https:\/\/i0.wp.com\/jennyisbaking.com\/wp-1c174-content\/uploads\/2022\/11\/DSC07851.jpg?resize=534%2C801&#038;ssl=1\" alt=\"Salte\u00f1as, bolivianische Teigtaschen\" width=\"534\" height=\"801\" srcset=\"https:\/\/i0.wp.com\/jennyisbaking.com\/wp-1c174-content\/uploads\/2022\/11\/DSC07851.jpg?w=534&amp;ssl=1 534w, https:\/\/i0.wp.com\/jennyisbaking.com\/wp-1c174-content\/uploads\/2022\/11\/DSC07851.jpg?resize=200%2C300&amp;ssl=1 200w\" sizes=\"auto, (max-width: 534px) 100vw, 534px\" \/><\/a><\/p>\n<p>Ursprung: <a href=\"https:\/\/chipabythedozen.com\/en\/saltenas-bolivian-empanadas\/\" target=\"_blank\" rel=\"noopener\">Chipa by the dozen<\/a> (<em>auf Spanisch und Englisch<\/em>)<\/p>\n<p><span class=\"sp_shortcode\">\t<div id=\"recipe\"><\/div>\r\n\t<div class=\"sp-recipe\" id=\"printthis\">\r\n\t\t\r\n\t\t<div class=\"recipe-overview\">\r\n\t\t\t\r\n\t\t\t<div class=\"recipe-image\">\r\n\t\t\t\t\t\t\t\t\t\t\t\t<img data-recalc-dims=\"1\" decoding=\"async\" src=\"https:\/\/i0.wp.com\/jennyisbaking.com\/wp-1c174-content\/uploads\/2022\/11\/Saltenas-bolivianische_Teigtaschen.jpg?w=1080&#038;ssl=1\">\t\t\t\t\t\t\t\t\t\t\t\t\t<a href=\"#\" onclick=\"jQuery('#printthis').print()\" class=\"sp-print\"><i class=\"fa fas fa-print\"><\/i> Print Recipe<\/a>\r\n\t\t\t\t\t\t\t<\/div>\r\n\t\t\t\r\n\t\t\t<div class=\"recipe-header\">\r\n\t\t\t\r\n\t\t\t\t<div class=\"recipe-title-header\">\r\n\t\t\t\t\r\n\t\t\t\t\t\t\t\t\t\t\t<h2>Salte\u00f1as oder bolivianische Teigtaschen<\/h2>\r\n\t\t\t\t\t\t\t\t\t\t\t\t\t\t\r\n\t\t\t\t<\/div>\r\n\t\t\t\r\n\t\t\t\t\t\t\t\t<div class=\"recipe-meta\">\r\n\t\t\t\t\t\r\n\t\t\t\t\t<div class=\"meta-row\">\r\n\t\t\t\t\t\t\r\n\t\t\t\t\t\t\t\t\t\t\t\t\r\n\t\t\t\t\t\t\t\t\t\t\t\t\t\t\t\t\t\t\t\t\t\t\t\r\n\t\t\t\t\t<\/div>\r\n\t\t\t\t\t\r\n\t\t\t\t\t<div class=\"meta-row\">\r\n\t\t\t\t\t\t\r\n\t\t\t\t\t\t<i class=\"far fa-user\"><\/i>\t\t\t\t\t\t\r\n\t\t\t\t\t\t\t\t\t\t\t\t\t\t\t\t\t\t<span class=\"recipe-meta-item\">Serves: 30<\/span>\t\t\t\t\t\r\n\t\t\t\t\t<\/div>\r\n\t\t\t\t\t\r\n\t\t\t\t\t<div class=\"meta-row\">\r\n\t\t\t\t\t\r\n\t\t\t\t\t\t<i class=\"far fa-clock\"><\/i> \r\n\t\t\t\t\t\t\r\n\t\t\t\t\t\t\t\t\t\t\t\t\t\t\t\t\t\t<span class=\"recipe-meta-item\">Prep Time: 4hr<\/span>\r\n\t\t\t\t\t\t\t\t\t\t\t\t\r\n\t\t\t\t\t\t<span class=\"separator\">&#8211;<\/span>\t\t\t\t\t\t\r\n\t\t\t\t\t\t\t\t\t\t\t\t\t\t\t\t\t\t<span class=\"recipe-meta-item\">Cooking Time: 20min<\/span>\r\n\t\t\t\t\t\t\t\t\t\t\t\t\r\n\t\t\t\t\t\t<span class=\"separator\">&#8211;<\/span>\t\t\t\t\t\t\r\n\t\t\t\t\t\t\t\t\t\t\t\t\t\t\t\t\t\t<span class=\"recipe-meta-item\">Total Time: 4hr 30min<\/span>\r\n\t\t\t\t\t\t\t\t\t\t\t\t\r\n\t\t\t\t\t<\/div>\r\n\t\t\t\r\n\t\t\t\t<\/div>\r\n\t\t\t\t\t\t\t\t\r\n\t\t\t\t\t\t\t\t\t<div class=\"sep-line\"><\/div>\r\n\t\t\t\t\t<div class=\"recipe-description\"><p>Salte\u00f1as oder bolivianische Teigtaschen werden mit einem leicht ges\u00fc\u00dften Teig zubereitet und enthalten Gelatine in der F\u00fcllung, sodass diese sch\u00f6n saftig bleibt.<\/p><\/div>\r\n\t\t\t\t\t\t\t\r\n\t\t\t<\/div>\r\n\t\t\t\r\n\t\t<\/div>\r\n\t\t\t\r\n\t\t\t\t<div class=\"recipe-ingredients\">\r\n\t\t\t\t\t\t\t\r\n\t\t\t<h3 class=\"recipe-title\">Ingredients<\/h3>\r\n\t\t\t\r\n\t\t\t<ul>\r\n\t\t\t\t\t\t\t\t\t\t\t\t\t\t\t\t\t\t\t<li><span><b>Salte\u00f1a-F\u00fcllung<\/b><\/span><\/li>\r\n\t\t\t\t\t\t\t\t\t\t\t\t\t\t\t\t\t\t\t\t\t\t\t\t\t\t\t\t<li><span>330g H\u00e4hnchenbrust (ca. eine gro\u00dfe Brust)<\/span><\/li>\r\n\t\t\t\t\t\t\t\t\t\t\t\t\t\t\t\t\t\t\t\t\t\t\t\t\t\t\t\t<li><span>250-300g Kartoffeln (ca. 3-4 kleinere Kartoffeln)<\/span><\/li>\r\n\t\t\t\t\t\t\t\t\t\t\t\t\t\t\t\t\t\t\t\t\t\t\t\t\t\t\t\t<li><span>2 Eier<\/span><\/li>\r\n\t\t\t\t\t\t\t\t\t\t\t\t\t\t\t\t\t\t\t\t\t\t\t\t\t\t\t\t<li><span>1 Zwiebel<\/span><\/li>\r\n\t\t\t\t\t\t\t\t\t\t\t\t\t\t\t\t\t\t\t\t\t\t\t\t\t\t\t\t<li><span>1 rote oder gelbe Paprika<\/span><\/li>\r\n\t\t\t\t\t\t\t\t\t\t\t\t\t\t\t\t\t\t\t\t\t\t\t\t\t\t\t\t<li><span>1 Knoblauchzehe<\/span><\/li>\r\n\t\t\t\t\t\t\t\t\t\t\t\t\t\t\t\t\t\t\t\t\t\t\t\t\t\t\t\t<li><span>2 Habanero-Chilis (kann man weglassen, Bolivianer lieben es scharf)<\/span><\/li>\r\n\t\t\t\t\t\t\t\t\t\t\t\t\t\t\t\t\t\t\t\t\t\t\t\t\t\t\t\t<li><span>60g Erbsen (gehen auch gefroren oder aus der Dose)<\/span><\/li>\r\n\t\t\t\t\t\t\t\t\t\t\t\t\t\t\t\t\t\t\t\t\t\t\t\t\t\t\t\t<li><span>80g Rosinen<\/span><\/li>\r\n\t\t\t\t\t\t\t\t\t\t\t\t\t\t\t\t\t\t\t\t\t\t\t\t\t\t\t\t<li><span>1 TL Salz<\/span><\/li>\r\n\t\t\t\t\t\t\t\t\t\t\t\t\t\t\t\t\t\t\t\t\t\t\t\t\t\t\t\t<li><span>1 EL wei\u00dfer Zucker<\/span><\/li>\r\n\t\t\t\t\t\t\t\t\t\t\t\t\t\t\t\t\t\t\t\t\t\t\t\t\t\t\t\t<li><span>1\/2 TL Pfeffer<\/span><\/li>\r\n\t\t\t\t\t\t\t\t\t\t\t\t\t\t\t\t\t\t\t\t\t\t\t\t\t\t\t\t<li><span>1\/2 TL Kreuzk\u00fcmmel<\/span><\/li>\r\n\t\t\t\t\t\t\t\t\t\t\t\t\t\t\t\t\t\t\t\t\t\t\t\t\t\t\t\t<li><span>1 EL Oregano<\/span><\/li>\r\n\t\t\t\t\t\t\t\t\t\t\t\t\t\t\t\t\t\t\t\t\t\t\t\t\t\t\t\t<li><span>2 Lorbeerbl\u00e4tter<\/span><\/li>\r\n\t\t\t\t\t\t\t\t\t\t\t\t\t\t\t\t\t\t\t\t\t\t\t\t\t\t\t\t<li><span>6 Blatt Gelatine<\/span><\/li>\r\n\t\t\t\t\t\t\t\t\t\t\t\t\t\t\t\t\t\t\t\t\t\t\t\t\t\t\t\t<li><span>20 Oliven<\/span><\/li>\r\n\t\t\t\t\t\t\t\t\t\t\t\t\t\t\t\t\t\t\t\t\t\t\t\t\t\t\t\t<li><span><br \/><\/span><\/li>\r\n\t\t\t\t\t\t\t\t\t\t\t\t\t\t\t\t\t\t\t\t\t\t\t\t\t\t\t\t<li><span><b>Teig<\/b><\/span><\/li>\r\n\t\t\t\t\t\t\t\t\t\t\t\t\t\t\t\t\t\t\t\t\t\t\t\t\t\t\t\t<li><span>750g Mehl, Type 550<\/span><\/li>\r\n\t\t\t\t\t\t\t\t\t\t\t\t\t\t\t\t\t\t\t\t\t\t\t\t\t\t\t\t<li><span>150g Zucker (Achtung, f\u00fcr den deutschen Geschmack ungewohnt, kann man weglassen oder noch mehr reduzieren)<\/span><\/li>\r\n\t\t\t\t\t\t\t\t\t\t\t\t\t\t\t\t\t\t\t\t\t\t\t\t\t\t\t\t<li><span>1 EL Achiotepulver (vom Annattostrauch, gibt es online oder im Asialaden)<\/span><\/li>\r\n\t\t\t\t\t\t\t\t\t\t\t\t\t\t\t\t\t\t\t\t\t\t\t\t\t\t\t\t<li><span>1 TL Salz<\/span><\/li>\r\n\t\t\t\t\t\t\t\t\t\t\t\t\t\t\t\t\t\t\t\t\t\t\t\t\t\t\t\t<li><span>160g Butter<\/span><\/li>\r\n\t\t\t\t\t\t\t\t\t\t\t\t\t\t\t\t\t\t\t\t\t\t\t\t\t\t\t\t<li><span>200g Wasser<\/span><\/li>\r\n\t\t\t\t\t\t\t\t\t\t\t\t\t\t\t\t\t\t\t\t\t\t\t\t\t\t\t\t<li><span><br \/><\/span><\/li>\r\n\t\t\t\t\t\t\t\t\t\t\t\t\t\t\t\t\t\t\t\t\t\t\t\t\t\t\t\t<li><span><b>Tomaten-Dip (llajua)<\/b><\/span><\/li>\r\n\t\t\t\t\t\t\t\t\t\t\t\t\t\t\t\t\t\t\t\t\t\t\t\t\t\t\t\t<li><span>1 gro\u00dfe Tomate<\/span><\/li>\r\n\t\t\t\t\t\t\t\t\t\t\t\t\t\t\t\t\t\t\t\t\t\t\t\t\t\t\t\t<li><span>1-5 Habanero-Chilis (f\u00fcr den deutschen Geschmack reicht eine)<\/span><\/li>\r\n\t\t\t\t\t\t\t\t\t\t\t\t\t\t\t\t\t\t\t\t\t\t\t\t\t\t\t\t<li><span>2 EL gehackte Petersilie (ich habe getrocknete genommen)<\/span><\/li>\r\n\t\t\t\t\t\t\t\t\t\t\t\t\t\t\t\t\t\t\t\t\t\t\t\t\t\t\t\t<li><span>Salz nach Geschmack<\/span><\/li>\r\n\t\t\t\t\t\t\t\t\t\t\t\t\t\t\t\t<\/ul>\r\n\t\t\t\r\n\t\t<\/div>\r\n\t\t\t\t\r\n\t\t\t\t<div class=\"recipe-method\">\r\n\t\t\t\t\t\t\t\r\n\t\t\t<h3 class=\"recipe-title\">Instructions<\/h3>\r\n\t\t\t\r\n\t\t\t\t\t\t\t\t\t\r\n\t\t\t\t\t\t\t\t\t\t\t\t\t\t\t<div class=\"step\">\r\n\t\t\t\t\t<span class=\"step-number\">1<\/span>\r\n\t\t\t\t\t<div class=\"step-content\">\r\n\t\t\t\t\t\t<p>F\u00fcr die <b>F\u00fcllung<\/b> die H\u00e4hnchenbrust abbrausen, trocken tupfen und in ca. 3cm dicke Streifen schneiden. In einem Topf mit anderthalb Liter Wasser und etwas Salz geben und gar kochen (braucht ca. genauso lange wie die Kartoffeln). Das Wasser auf keinen Fall wegsch\u00fctten, das brauchen wir noch. Die Kartoffeln sch\u00e4len, kleinschneiden, mit Wasser und Salz gar kochen. Eier hart kochen und abschrecken. Am besten Eierschale erst einmal dran lassen. <\/p>\r\n\t\t\t\t\t<\/div>\r\n\t\t\t\t<\/div>\r\n\t\t\t\t\t\t\t\t\t\t\r\n\t\t\t\t\t\t\r\n\t\t\t\t\t\t\t\t\t\t\t\t\t\t\t<div class=\"step\">\r\n\t\t\t\t\t<span class=\"step-number\">2<\/span>\r\n\t\t\t\t\t<div class=\"step-content\">\r\n\t\t\t\t\t\t<p>Dann die Zwiebel und Paprika w\u00fcrfeln und einige Minuten in einer gro\u00dfen Pfanne d\u00fcnsten. Knoblauch ausgepresst dazugeben. Chilis fein schneiden und hinzuf\u00fcgen. Dann Erbsen, Rosinen, Gew\u00fcrze, evtl. nochmal feiner geschnittenes H\u00e4hnchen, Kartoffeln und 750 Gramm vom H\u00e4hnchenwasser dazugeben. Falls das H\u00e4hnchenwasser nicht ausreicht, einfach mit Wasser auff\u00fcllen. Einmal zum Kochen bringen und dann 5min k\u00f6cheln lassen. Am Ende nochmal abschmecken und die Lorbeerbl\u00e4tter entfernen. Derweil die Gelatine im kalten Wasser einweichen. Wenn die Masse leicht abgek\u00fchlt ist, die ausgedr\u00fcckte Gelatine dazugeben und verr\u00fchren bis sie sich aufgel\u00f6st hat. Mindestens f\u00fcr vier Stunden oder \u00fcber Nacht k\u00fchlen. Die Gelatine sollte die Masse relativ fest werden lassen, da sollte nichts mehr tropfen oder fl\u00fcssig sein. <\/p>\r\n\t\t\t\t\t<\/div>\r\n\t\t\t\t<\/div>\r\n\t\t\t\t\t\t\t\t\t\t\r\n\t\t\t\t\t\t\r\n\t\t\t\t\t\t\t\t\t\t\t\t\t\t\t<div class=\"step\">\r\n\t\t\t\t\t<span class=\"step-number\">3<\/span>\r\n\t\t\t\t\t<div class=\"step-content\">\r\n\t\t\t\t\t\t<p>F\u00fcr den <b>Teig<\/b> alle Zutaten entweder per Hand oder K\u00fcchenmaschine 10min kneten. Dann kleine B\u00e4llchen von 50 Gramm daraus formen, bei uns sind es 30 B\u00e4llchen gewesen. Diese luftdicht verpackt ebenfalls k\u00fchlen, gerne auch \u00fcber Nacht. Man kann den Teig auch jetzt schon schon einzeln ausrollen, ich empfehle jedoch immer etwas Backpapier zwischen den Teigkreisen zu legen, bevor man sie k\u00fchlt. <\/p>\r\n\t\t\t\t\t<\/div>\r\n\t\t\t\t<\/div>\r\n\t\t\t\t\t\t\t\t\t\t\r\n\t\t\t\t\t\t\r\n\t\t\t\t\t\t\t\t\t\t\t\t\t\t\t<div class=\"step\">\r\n\t\t\t\t\t<span class=\"step-number\">4<\/span>\r\n\t\t\t\t\t<div class=\"step-content\">\r\n\t\t\t\t\t\t<p>F\u00fcr den <b>Dip<\/b> die Tomate vierteln, den Struck entfernen, bei den Chilis ebenso und zusammen mit der Petersilie kurz im Food-Prozessor h\u00e4ckseln. In ein T\u00f6pfchen f\u00fcllen und abgedeckt ebenfalls k\u00fchlen. Man kann den Dip bis zu ca. 5 Tage im Voraus zubereiten. <\/p>\r\n\t\t\t\t\t<\/div>\r\n\t\t\t\t<\/div>\r\n\t\t\t\t\t\t\t\t\t\t\r\n\t\t\t\t\t\t\r\n\t\t\t\t\t\t\t\t\t\t\t\t\t\t\t<div class=\"step\">\r\n\t\t\t\t\t<span class=\"step-number\">5<\/span>\r\n\t\t\t\t\t<div class=\"step-content\">\r\n\t\t\t\t\t\t<p>Kurz vor Zubereitung die Eier sch\u00e4len, kleinschneiden und unter die F\u00fcllung mischen. <\/p>\r\n\t\t\t\t\t<\/div>\r\n\t\t\t\t<\/div>\r\n\t\t\t\t\t\t\t\t\t\t\r\n\t\t\t\t\t\t\r\n\t\t\t\t\t\t\t\t\t\t\t\t\t\t\t<div class=\"step\">\r\n\t\t\t\t\t<span class=\"step-number\">6<\/span>\r\n\t\t\t\t\t<div class=\"step-content\">\r\n\t\t\t\t\t\t<p>Dann die B\u00e4llchen einzeln auf einer bemehlten Arbeitsfl\u00e4che mit dem Nudelholz in ca. 14cm gro\u00dfe Kreise ausrollen. Pro Kreis ca. 2-3 TL F\u00fcllung in die Mitte geben, am Ende eine Olive obenauf setzen, mit dem Finger den Teigrand mit etwas Wasser beschmieren, zu einem Halbmond verschlie\u00dfen und dann den geflochtenen Rand formen. Dazu mit Daumen und Zeigefinger den Teig an der Au\u00dfenkante ziehen und zur Mitte hin falten, diesen Vorgang bis zum Ende des Halbkreises wiederholen. <a href=\"https:\/\/www.instagram.com\/jennysbakingblog\/\" target=\"_blank\" rel=\"noopener noreferrer\">Hier gibt es visuelle Hilfe<\/a> dazu. Die vorbereiteten salte\u00f1as immer luftdicht aufbewahren und immer auf Backpapier legen, weil sie sonst an Tellern etc. festkleben. <\/p>\r\n\t\t\t\t\t<\/div>\r\n\t\t\t\t<\/div>\r\n\t\t\t\t\t\t\t\t\t\t\r\n\t\t\t\t\t\t\r\n\t\t\t\t\t\t\t\t\t\t\t\t\t\t\t<div class=\"step\">\r\n\t\t\t\t\t<span class=\"step-number\">7<\/span>\r\n\t\t\t\t\t<div class=\"step-content\">\r\n\t\t\t\t\t\t<p>Den Ofen auf 245 Grad heizen und die salte\u00f1as ca. 20min backen (richtig macht man es, indem sie aufrecht stehen, man kann sie aber auch hinlegen) oder bis sie eine goldbraune Farbe haben. Etwas abk\u00fchlen lassen, da sie durch die Gelatine viel Fl\u00fcssigkeit haben und lange hei\u00df bleiben. Mit dem Dip genie\u00dfen. <\/p>\r\n\t\t\t\t\t<\/div>\r\n\t\t\t\t<\/div>\r\n\t\t\t\t\t\t\t\t\t\t\r\n\t\t\t\t\t\t\r\n\t\t\t\t\t\t\t\t\t\t\t\t\t\t\t<div class=\"step\">\r\n\t\t\t\t\t<span class=\"step-number\">8<\/span>\r\n\t\t\t\t\t<div class=\"step-content\">\r\n\t\t\t\t\t\t<p>Salte\u00f1as lassen sich super einfrieren und halten sich auch im K\u00fchlschrank super einige Tage. Wie gesagt immer auf Backpapier lagern und luftdicht in einer Dose oder \u00e4hnlichem aufbewahren.<\/p>\r\n\t\t\t\t\t<\/div>\r\n\t\t\t\t<\/div>\r\n\t\t\t\t\t\t\t\t\t\t\r\n\t\t\t\t\t\t\r\n\t\t<\/div>\r\n\t\t\t\t\r\n\t\t\t\t\r\n\t\t\t\t\r\n\t\t<script type=\"application\/ld+json\">\r\n\t\t\t{\r\n\t\t\t  \"@context\": \"http:\/\/schema.org\",\r\n\t\t\t  \"@type\": \"Recipe\",\r\n\t\t\t  \"url\": \"https:\/\/jennyisbaking.com\/de\/2022\/11\/27\/saltenas-rezept-oder-bolivianische-teigtaschen\/\",\r\n\t\t\t  \"author\": {\r\n\t\t\t\t\"@type\": \"Thing\",\r\n\t\t\t\t\"name\": \"\"\r\n\t\t\t  },\r\n\t\t\t  \"datePublished\": \"Sonntag, der 27. November 2022\",\r\n\t\t\t  \"cookTime\": \"PT20M\",\r\n\t\t\t  \t\t\t  \"description\": \"Salte\u00f1as oder bolivianische Teigtaschen werden mit einem leicht ges\u00fc\u00dften Teig zubereitet und enthalten Gelatine in der F\u00fcllung, sodass diese sch\u00f6n saftig bleibt.\",\r\n\t\t\t  \"image\": \"https:\/\/jennyisbaking.com\/wp-1c174-content\/uploads\/2022\/11\/Saltenas-bolivianische_Teigtaschen.jpg\",\r\n\t\t\t  \"recipeIngredient\": [\r\n\t\t\t\t\t\t\t\t\t\t\t\t\t                    \t\t\t\t\t\"<b>Salte\u00f1a-F\u00fcllung<\/b>\",\t\t\t\t\t\t\t\t\t\t\t\t\t\t\t\t\t\t\t                    \t\t\t\t\t\"330g H\u00e4hnchenbrust (ca. eine gro\u00dfe Brust)\",\t\t\t\t\t\t\t\t\t\t\t\t\t\t\t\t\t\t\t                    \t\t\t\t\t\"250-300g Kartoffeln (ca. 3-4 kleinere Kartoffeln)\",\t\t\t\t\t\t\t\t\t\t\t\t\t\t\t\t\t\t\t                    \t\t\t\t\t\"2 Eier\",\t\t\t\t\t\t\t\t\t\t\t\t\t\t\t\t\t\t\t                    \t\t\t\t\t\"1 Zwiebel\",\t\t\t\t\t\t\t\t\t\t\t\t\t\t\t\t\t\t\t                    \t\t\t\t\t\"1 rote oder gelbe Paprika\",\t\t\t\t\t\t\t\t\t\t\t\t\t\t\t\t\t\t\t                    \t\t\t\t\t\"1 Knoblauchzehe\",\t\t\t\t\t\t\t\t\t\t\t\t\t\t\t\t\t\t\t                    \t\t\t\t\t\"2 Habanero-Chilis (kann man weglassen, Bolivianer lieben es scharf)\",\t\t\t\t\t\t\t\t\t\t\t\t\t\t\t\t\t\t\t                    \t\t\t\t\t\"60g Erbsen (gehen auch gefroren oder aus der Dose)\",\t\t\t\t\t\t\t\t\t\t\t\t\t\t\t\t\t\t\t                    \t\t\t\t\t\"80g Rosinen\",\t\t\t\t\t\t\t\t\t\t\t\t\t\t\t\t\t\t\t                    \t\t\t\t\t\"1 TL Salz\",\t\t\t\t\t\t\t\t\t\t\t\t\t\t\t\t\t\t\t                    \t\t\t\t\t\"1 EL wei\u00dfer Zucker\",\t\t\t\t\t\t\t\t\t\t\t\t\t\t\t\t\t\t\t                    \t\t\t\t\t\"1\/2 TL Pfeffer\",\t\t\t\t\t\t\t\t\t\t\t\t\t\t\t\t\t\t\t                    \t\t\t\t\t\"1\/2 TL Kreuzk\u00fcmmel\",\t\t\t\t\t\t\t\t\t\t\t\t\t\t\t\t\t\t\t                    \t\t\t\t\t\"1 EL Oregano\",\t\t\t\t\t\t\t\t\t\t\t\t\t\t\t\t\t\t\t                    \t\t\t\t\t\"2 Lorbeerbl\u00e4tter\",\t\t\t\t\t\t\t\t\t\t\t\t\t\t\t\t\t\t\t                    \t\t\t\t\t\"6 Blatt Gelatine\",\t\t\t\t\t\t\t\t\t\t\t\t\t\t\t\t\t\t\t                    \t\t\t\t\t\"20 Oliven\",\t\t\t\t\t\t\t\t\t\t\t\t\t\t\t\t\t\t\t                    \t\t\t\t\t\"<br \/>\",\t\t\t\t\t\t\t\t\t\t\t\t\t\t\t\t\t\t\t                    \t\t\t\t\t\"<b>Teig<\/b>\",\t\t\t\t\t\t\t\t\t\t\t\t\t\t\t\t\t\t\t                    \t\t\t\t\t\"750g Mehl, Type 550\",\t\t\t\t\t\t\t\t\t\t\t\t\t\t\t\t\t\t\t                    \t\t\t\t\t\"150g Zucker (Achtung, f\u00fcr den deutschen Geschmack ungewohnt, kann man weglassen oder noch mehr reduzieren)\",\t\t\t\t\t\t\t\t\t\t\t\t\t\t\t\t\t\t\t                    \t\t\t\t\t\"1 EL Achiotepulver (vom Annattostrauch, gibt es online oder im Asialaden)\",\t\t\t\t\t\t\t\t\t\t\t\t\t\t\t\t\t\t\t                    \t\t\t\t\t\"1 TL Salz\",\t\t\t\t\t\t\t\t\t\t\t\t\t\t\t\t\t\t\t                    \t\t\t\t\t\"160g Butter\",\t\t\t\t\t\t\t\t\t\t\t\t\t\t\t\t\t\t\t                    \t\t\t\t\t\"200g Wasser\",\t\t\t\t\t\t\t\t\t\t\t\t\t\t\t\t\t\t\t                    \t\t\t\t\t\"<br \/>\",\t\t\t\t\t\t\t\t\t\t\t\t\t\t\t\t\t\t\t                    \t\t\t\t\t\"<b>Tomaten-Dip (llajua)<\/b>\",\t\t\t\t\t\t\t\t\t\t\t\t\t\t\t\t\t\t\t                    \t\t\t\t\t\"1 gro\u00dfe Tomate\",\t\t\t\t\t\t\t\t\t\t\t\t\t\t\t\t\t\t\t                    \t\t\t\t\t\"1-5 Habanero-Chilis (f\u00fcr den deutschen Geschmack reicht eine)\",\t\t\t\t\t\t\t\t\t\t\t\t\t\t\t\t\t\t\t                    \t\t\t\t\t\"2 EL gehackte Petersilie (ich habe getrocknete genommen)\",\t\t\t\t\t\t\t\t\t\t\t\t\t\t\t\t\t\t\t                    \t\t\t\t\t\"Salz nach Geschmack\"\t\t\t\t\t\t\t\t\t\t\t\t\t\t\t\t\t  ],\r\n\t\t\t  \"name\": \"Salte\u00f1as oder bolivianische Teigtaschen\",\r\n\t\t\t  \"nutrition\": {\r\n\t\t\t\t\"@type\": \"NutritionInformation\",\r\n\t\t\t\t\"calories\": \"\",\r\n\t\t\t\t\"carbohydrateContent\": \"\",\r\n\t\t\t\t\"cholesterolContent\": \"\",\r\n\t\t\t\t\"fatContent\": \"\",\r\n\t\t\t\t\"fiberContent\": \"\",\r\n\t\t\t\t\"proteinContent\": \"\",\r\n\t\t\t\t\"saturatedFatContent\": \"\",\r\n\t\t\t\t\"sodiumContent\": \"\",\r\n\t\t\t\t\"sugarContent\": \"\",\r\n\t\t\t\t\"transFatContent\": \"\",\r\n\t\t\t\t\"unsaturatedFatContent\": \"\"\r\n\t\t\t  },\r\n\t\t\t  \"prepTime\": \"P\",\r\n\t\t\t  \"totalTime\": \"P\",\r\n\t\t\t  \"recipeCategory\":\"\",\r\n\t\t\t  \"recipeCuisine\":\"\",\r\n\t\t\t  \"keywords\": \"\",\t\t\t  \r\n\t\t\t  \"recipeInstructions\": [\r\n\t\t\t\t\t\t\t\t\t\t\t\r\n\t\t\t\t\t\t\t\t\t\t\t\t\t\t\t\t\"F\u00fcr die <b>F\u00fcllung<\/b> die H\u00e4hnchenbrust abbrausen, trocken tupfen und in ca. 3cm dicke Streifen schneiden. In einem Topf mit anderthalb Liter Wasser und etwas Salz geben und gar kochen (braucht ca. genauso lange wie die Kartoffeln). Das Wasser auf keinen Fall wegsch\u00fctten, das brauchen wir noch. Die Kartoffeln sch\u00e4len, kleinschneiden, mit Wasser und Salz gar kochen. Eier hart kochen und abschrecken. Am besten Eierschale erst einmal dran lassen. \",\t\t\t\t\t\t\r\n\t\t\t\t\t\t\t\t\t\t\t\t\t\t\r\n\t\t\t\t\t\t\t\r\n\t\t\t\t\t\t\t\t\t\t\t\t\t\t\t\t\"Dann die Zwiebel und Paprika w\u00fcrfeln und einige Minuten in einer gro\u00dfen Pfanne d\u00fcnsten. Knoblauch ausgepresst dazugeben. Chilis fein schneiden und hinzuf\u00fcgen. Dann Erbsen, Rosinen, Gew\u00fcrze, evtl. nochmal feiner geschnittenes H\u00e4hnchen, Kartoffeln und 750 Gramm vom H\u00e4hnchenwasser dazugeben. Falls das H\u00e4hnchenwasser nicht ausreicht, einfach mit Wasser auff\u00fcllen. Einmal zum Kochen bringen und dann 5min k\u00f6cheln lassen. Am Ende nochmal abschmecken und die Lorbeerbl\u00e4tter entfernen. Derweil die Gelatine im kalten Wasser einweichen. Wenn die Masse leicht abgek\u00fchlt ist, die ausgedr\u00fcckte Gelatine dazugeben und verr\u00fchren bis sie sich aufgel\u00f6st hat. Mindestens f\u00fcr vier Stunden oder \u00fcber Nacht k\u00fchlen. Die Gelatine sollte die Masse relativ fest werden lassen, da sollte nichts mehr tropfen oder fl\u00fcssig sein. \",\t\t\t\t\t\t\r\n\t\t\t\t\t\t\t\t\t\t\t\t\t\t\r\n\t\t\t\t\t\t\t\r\n\t\t\t\t\t\t\t\t\t\t\t\t\t\t\t\t\"F\u00fcr den <b>Teig<\/b> alle Zutaten entweder per Hand oder K\u00fcchenmaschine 10min kneten. Dann kleine B\u00e4llchen von 50 Gramm daraus formen, bei uns sind es 30 B\u00e4llchen gewesen. Diese luftdicht verpackt ebenfalls k\u00fchlen, gerne auch \u00fcber Nacht. Man kann den Teig auch jetzt schon schon einzeln ausrollen, ich empfehle jedoch immer etwas Backpapier zwischen den Teigkreisen zu legen, bevor man sie k\u00fchlt. \",\t\t\t\t\t\t\r\n\t\t\t\t\t\t\t\t\t\t\t\t\t\t\r\n\t\t\t\t\t\t\t\r\n\t\t\t\t\t\t\t\t\t\t\t\t\t\t\t\t\"F\u00fcr den <b>Dip<\/b> die Tomate vierteln, den Struck entfernen, bei den Chilis ebenso und zusammen mit der Petersilie kurz im Food-Prozessor h\u00e4ckseln. In ein T\u00f6pfchen f\u00fcllen und abgedeckt ebenfalls k\u00fchlen. Man kann den Dip bis zu ca. 5 Tage im Voraus zubereiten. \",\t\t\t\t\t\t\r\n\t\t\t\t\t\t\t\t\t\t\t\t\t\t\r\n\t\t\t\t\t\t\t\r\n\t\t\t\t\t\t\t\t\t\t\t\t\t\t\t\t\"Kurz vor Zubereitung die Eier sch\u00e4len, kleinschneiden und unter die F\u00fcllung mischen. \",\t\t\t\t\t\t\r\n\t\t\t\t\t\t\t\t\t\t\t\t\t\t\r\n\t\t\t\t\t\t\t\r\n\t\t\t\t\t\t\t\t\t\t\t\t\t\t\t\t\"Dann die B\u00e4llchen einzeln auf einer bemehlten Arbeitsfl\u00e4che mit dem Nudelholz in ca. 14cm gro\u00dfe Kreise ausrollen. Pro Kreis ca. 2-3 TL F\u00fcllung in die Mitte geben, am Ende eine Olive obenauf setzen, mit dem Finger den Teigrand mit etwas Wasser beschmieren, zu einem Halbmond verschlie\u00dfen und dann den geflochtenen Rand formen. Dazu mit Daumen und Zeigefinger den Teig an der Au\u00dfenkante ziehen und zur Mitte hin falten, diesen Vorgang bis zum Ende des Halbkreises wiederholen. <a href='https:\/\/www.instagram.com\/jennysbakingblog\/' target='_blank' rel='noopener noreferrer'>Hier gibt es visuelle Hilfe<\/a> dazu. Die vorbereiteten salte\u00f1as immer luftdicht aufbewahren und immer auf Backpapier legen, weil sie sonst an Tellern etc. festkleben. \",\t\t\t\t\t\t\r\n\t\t\t\t\t\t\t\t\t\t\t\t\t\t\r\n\t\t\t\t\t\t\t\r\n\t\t\t\t\t\t\t\t\t\t\t\t\t\t\t\t\"Den Ofen auf 245 Grad heizen und die salte\u00f1as ca. 20min backen (richtig macht man es, indem sie aufrecht stehen, man kann sie aber auch hinlegen) oder bis sie eine goldbraune Farbe haben. Etwas abk\u00fchlen lassen, da sie durch die Gelatine viel Fl\u00fcssigkeit haben und lange hei\u00df bleiben. Mit dem Dip genie\u00dfen. \",\t\t\t\t\t\t\r\n\t\t\t\t\t\t\t\t\t\t\t\t\t\t\r\n\t\t\t\t\t\t\t\r\n\t\t\t\t\t\t\t\t\t\t\t\t\t\t\t\t\"Salte\u00f1as lassen sich super einfrieren und halten sich auch im K\u00fchlschrank super einige Tage. Wie gesagt immer auf Backpapier lagern und luftdicht in einer Dose oder \u00e4hnlichem aufbewahren.\"\t\t\t\t\t\t\r\n\t\t\t\t\t\t\t\t\t\t\t\t\t\t\r\n\t\t\t\t\t\t\t  ],\r\n\t\t\t  \t\t\t  \"recipeYield\": \"30\"\t\t\t  \t\t\t}\r\n\t\t<\/script>\r\n\t\t\r\n\t<\/div>\r\n\t<\/span><\/p>\n<p><a href=\"https:\/\/i0.wp.com\/jennyisbaking.com\/wp-1c174-content\/uploads\/2022\/11\/DSC07833.jpg?ssl=1\"><img data-recalc-dims=\"1\" loading=\"lazy\" decoding=\"async\" data-attachment-id=\"14065\" data-permalink=\"https:\/\/jennyisbaking.com\/de\/2022\/11\/27\/saltenas-rezept-oder-bolivianische-teigtaschen\/dsc07833\/\" data-orig-file=\"https:\/\/i0.wp.com\/jennyisbaking.com\/wp-1c174-content\/uploads\/2022\/11\/DSC07833.jpg?fit=534%2C801&amp;ssl=1\" data-orig-size=\"534,801\" data-comments-opened=\"1\" data-image-meta=\"{&quot;aperture&quot;:&quot;0&quot;,&quot;credit&quot;:&quot;&quot;,&quot;camera&quot;:&quot;&quot;,&quot;caption&quot;:&quot;&quot;,&quot;created_timestamp&quot;:&quot;0&quot;,&quot;copyright&quot;:&quot;&quot;,&quot;focal_length&quot;:&quot;0&quot;,&quot;iso&quot;:&quot;0&quot;,&quot;shutter_speed&quot;:&quot;0&quot;,&quot;title&quot;:&quot;&quot;,&quot;orientation&quot;:&quot;0&quot;}\" data-image-title=\"Salte\u00f1as, bolivianische Teigtaschen\" data-image-description=\"\" data-image-caption=\"\" data-large-file=\"https:\/\/i0.wp.com\/jennyisbaking.com\/wp-1c174-content\/uploads\/2022\/11\/DSC07833.jpg?fit=534%2C801&amp;ssl=1\" class=\"aligncenter size-full wp-image-14065\" src=\"https:\/\/i0.wp.com\/jennyisbaking.com\/wp-1c174-content\/uploads\/2022\/11\/DSC07833.jpg?resize=534%2C801&#038;ssl=1\" alt=\"Salte\u00f1as, bolivianische Teigtaschen\" width=\"534\" height=\"801\" srcset=\"https:\/\/i0.wp.com\/jennyisbaking.com\/wp-1c174-content\/uploads\/2022\/11\/DSC07833.jpg?w=534&amp;ssl=1 534w, https:\/\/i0.wp.com\/jennyisbaking.com\/wp-1c174-content\/uploads\/2022\/11\/DSC07833.jpg?resize=200%2C300&amp;ssl=1 200w\" sizes=\"auto, (max-width: 534px) 100vw, 534px\" \/><\/a><\/p>","protected":false},"excerpt":{"rendered":"<p>Leider ist der Eintrag nur auf English verf\u00fcgbar.<\/p>\n","protected":false},"author":1,"featured_media":14063,"comment_status":"open","ping_status":"closed","sticky":false,"template":"","format":"standard","meta":{"jetpack_post_was_ever_published":false,"_jetpack_newsletter_access":"","_jetpack_dont_email_post_to_subs":false,"_jetpack_newsletter_tier_id":0,"_jetpack_memberships_contains_paywalled_content":false,"_jetpack_memberships_contains_paid_content":false,"footnotes":"","jetpack_publicize_message":"","jetpack_publicize_feature_enabled":true,"jetpack_social_post_already_shared":true,"jetpack_social_options":{"image_generator_settings":{"template":"highway","default_image_id":0,"font":"","enabled":false},"version":2}},"categories":[920,10],"tags":[2147,2149,2146,487,1349,488,435,2148,2145,2144,2150],"class_list":["post-14054","post","type-post","status-publish","format-standard","has-post-thumbnail","hentry","category-latin-american-recipes","category-savory","tag-bolivia","tag-bolivianisch","tag-bolivien","tag-chicken","tag-empanadas","tag-hahnchen","tag-herzhaft","tag-llajua","tag-saltea","tag-saltenas","tag-teigtaschen"],"yoast_head":"<!-- This site is optimized with the Yoast SEO plugin v27.5 - https:\/\/yoast.com\/product\/yoast-seo-wordpress\/ -->\n<title>Salte\u00f1as oder bolivianische Teigtaschen - Jenny is baking<\/title>\n<meta name=\"robots\" content=\"index, follow, max-snippet:-1, max-image-preview:large, max-video-preview:-1\" \/>\n<link rel=\"canonical\" href=\"https:\/\/jennyisbaking.com\/de\/2022\/11\/27\/saltenas-rezept-oder-bolivianische-teigtaschen\/\" \/>\n<meta property=\"og:locale\" content=\"de_DE\" \/>\n<meta property=\"og:type\" content=\"article\" \/>\n<meta property=\"og:title\" content=\"Salte\u00f1as oder bolivianische Teigtaschen - Jenny is baking\" \/>\n<meta property=\"og:description\" content=\"Leider ist der Eintrag nur auf English verf\u00fcgbar.\" \/>\n<meta property=\"og:url\" content=\"https:\/\/jennyisbaking.com\/de\/2022\/11\/27\/saltenas-rezept-oder-bolivianische-teigtaschen\/\" \/>\n<meta property=\"og:site_name\" content=\"Jenny is baking\" \/>\n<meta property=\"article:publisher\" content=\"https:\/\/www.facebook.com\/jennyisbaking\/\" \/>\n<meta property=\"article:author\" content=\"https:\/\/www.facebook.com\/jennyisbaking\/\" \/>\n<meta property=\"article:published_time\" content=\"2022-11-27T06:00:00+00:00\" \/>\n<meta property=\"article:modified_time\" content=\"2022-11-27T08:38:53+00:00\" \/>\n<meta property=\"og:image\" content=\"https:\/\/jennyisbaking.com\/wp-1c174-content\/uploads\/2022\/11\/Saltenas-bolivianische_Teigtaschen.jpg\" \/>\n\t<meta property=\"og:image:width\" content=\"534\" \/>\n\t<meta property=\"og:image:height\" content=\"801\" \/>\n\t<meta property=\"og:image:type\" content=\"image\/jpeg\" \/>\n<meta name=\"author\" content=\"Jenny\" \/>\n<meta name=\"twitter:card\" content=\"summary_large_image\" \/>\n<meta name=\"twitter:label1\" content=\"Verfasst von\" \/>\n\t<meta name=\"twitter:data1\" content=\"Jenny\" \/>\n\t<meta name=\"twitter:label2\" content=\"Gesch\u00e4tzte Lesezeit\" \/>\n\t<meta name=\"twitter:data2\" content=\"3\u00a0Minuten\" \/>\n<script type=\"application\/ld+json\" class=\"yoast-schema-graph\">{\"@context\":\"https:\\\/\\\/schema.org\",\"@graph\":[{\"@type\":\"Article\",\"@id\":\"https:\\\/\\\/jennyisbaking.com\\\/2022\\\/11\\\/27\\\/saltenas-rezept-oder-bolivianische-teigtaschen\\\/#article\",\"isPartOf\":{\"@id\":\"https:\\\/\\\/jennyisbaking.com\\\/2022\\\/11\\\/27\\\/saltenas-rezept-oder-bolivianische-teigtaschen\\\/\"},\"author\":{\"name\":\"Jenny\",\"@id\":\"https:\\\/\\\/jennyisbaking.com\\\/#\\\/schema\\\/person\\\/28a46859582cac5ac1ef7e065a17f77b\"},\"headline\":\"Salte\u00f1as oder bolivianische Teigtaschen\",\"datePublished\":\"2022-11-27T06:00:00+00:00\",\"dateModified\":\"2022-11-27T08:38:53+00:00\",\"mainEntityOfPage\":{\"@id\":\"https:\\\/\\\/jennyisbaking.com\\\/2022\\\/11\\\/27\\\/saltenas-rezept-oder-bolivianische-teigtaschen\\\/\"},\"wordCount\":635,\"commentCount\":0,\"image\":{\"@id\":\"https:\\\/\\\/jennyisbaking.com\\\/2022\\\/11\\\/27\\\/saltenas-rezept-oder-bolivianische-teigtaschen\\\/#primaryimage\"},\"thumbnailUrl\":\"https:\\\/\\\/i0.wp.com\\\/jennyisbaking.com\\\/wp-1c174-content\\\/uploads\\\/2022\\\/11\\\/Saltenas-bolivianische_Teigtaschen.jpg?fit=534%2C801&ssl=1\",\"keywords\":[\"bolivia\",\"bolivianisch\",\"bolivien\",\"chicken\",\"empanadas\",\"H\u00e4hnchen\",\"herzhaft\",\"llajua\",\"salte\u00e3\",\"salte\u00f1as\",\"teigtaschen\"],\"articleSection\":[\"Latin American Recipes\",\"Savory\"],\"inLanguage\":\"de\",\"potentialAction\":[{\"@type\":\"CommentAction\",\"name\":\"Comment\",\"target\":[\"https:\\\/\\\/jennyisbaking.com\\\/2022\\\/11\\\/27\\\/saltenas-rezept-oder-bolivianische-teigtaschen\\\/#respond\"]}]},{\"@type\":\"WebPage\",\"@id\":\"https:\\\/\\\/jennyisbaking.com\\\/de\\\/2022\\\/11\\\/27\\\/saltenas-rezept-oder-bolivianische-teigtaschen\\\/\",\"url\":\"https:\\\/\\\/jennyisbaking.com\\\/de\\\/2022\\\/11\\\/27\\\/saltenas-rezept-oder-bolivianische-teigtaschen\\\/\",\"name\":\"Salte\u00f1as oder bolivianische Teigtaschen - Jenny is baking\",\"isPartOf\":{\"@id\":\"https:\\\/\\\/jennyisbaking.com\\\/de\\\/#website\"},\"primaryImageOfPage\":{\"@id\":\"https:\\\/\\\/jennyisbaking.com\\\/de\\\/2022\\\/11\\\/27\\\/saltenas-rezept-oder-bolivianische-teigtaschen\\\/#primaryimage\"},\"image\":{\"@id\":\"https:\\\/\\\/jennyisbaking.com\\\/2022\\\/11\\\/27\\\/saltenas-rezept-oder-bolivianische-teigtaschen\\\/#primaryimage\"},\"thumbnailUrl\":\"https:\\\/\\\/i0.wp.com\\\/jennyisbaking.com\\\/wp-1c174-content\\\/uploads\\\/2022\\\/11\\\/Saltenas-bolivianische_Teigtaschen.jpg?fit=534%2C801&ssl=1\",\"datePublished\":\"2022-11-27T06:00:00+00:00\",\"dateModified\":\"2022-11-27T08:38:53+00:00\",\"author\":{\"@id\":\"https:\\\/\\\/jennyisbaking.com\\\/#\\\/schema\\\/person\\\/28a46859582cac5ac1ef7e065a17f77b\"},\"breadcrumb\":{\"@id\":\"https:\\\/\\\/jennyisbaking.com\\\/de\\\/2022\\\/11\\\/27\\\/saltenas-rezept-oder-bolivianische-teigtaschen\\\/#breadcrumb\"},\"inLanguage\":\"de\",\"potentialAction\":[{\"@type\":\"ReadAction\",\"target\":[[\"https:\\\/\\\/jennyisbaking.com\\\/de\\\/2022\\\/11\\\/27\\\/saltenas-rezept-oder-bolivianische-teigtaschen\\\/\"]]}]},{\"@type\":\"ImageObject\",\"inLanguage\":\"de\",\"@id\":\"https:\\\/\\\/jennyisbaking.com\\\/de\\\/2022\\\/11\\\/27\\\/saltenas-rezept-oder-bolivianische-teigtaschen\\\/#primaryimage\",\"url\":\"https:\\\/\\\/i0.wp.com\\\/jennyisbaking.com\\\/wp-1c174-content\\\/uploads\\\/2022\\\/11\\\/Saltenas-bolivianische_Teigtaschen.jpg?fit=534%2C801&ssl=1\",\"contentUrl\":\"https:\\\/\\\/i0.wp.com\\\/jennyisbaking.com\\\/wp-1c174-content\\\/uploads\\\/2022\\\/11\\\/Saltenas-bolivianische_Teigtaschen.jpg?fit=534%2C801&ssl=1\",\"width\":534,\"height\":801,\"caption\":\"Salte\u00f1as, bolivianische Teigtaschen\"},{\"@type\":\"BreadcrumbList\",\"@id\":\"https:\\\/\\\/jennyisbaking.com\\\/de\\\/2022\\\/11\\\/27\\\/saltenas-rezept-oder-bolivianische-teigtaschen\\\/#breadcrumb\",\"itemListElement\":[{\"@type\":\"ListItem\",\"position\":1,\"name\":\"Startseite\",\"item\":\"https:\\\/\\\/jennyisbaking.com\\\/de\\\/\"},{\"@type\":\"ListItem\",\"position\":2,\"name\":\"Salte\u00f1as oder bolivianische Teigtaschen\"}]},{\"@type\":\"WebSite\",\"@id\":\"https:\\\/\\\/jennyisbaking.com\\\/de\\\/#website\",\"url\":\"https:\\\/\\\/jennyisbaking.com\\\/de\\\/\",\"name\":\"Jenny is baking\",\"description\":\"Backrezepte aus Nord- und S\u00fcdamerika\",\"potentialAction\":[{\"@type\":\"SearchAction\",\"target\":{\"@type\":\"EntryPoint\",\"urlTemplate\":\"https:\\\/\\\/jennyisbaking.com\\\/de\\\/?s={search_term_string}\"},\"query-input\":{\"@type\":\"PropertyValueSpecification\",\"valueRequired\":true,\"valueName\":\"search_term_string\"}}],\"inLanguage\":\"de\"},{\"@type\":\"Person\",\"@id\":\"https:\\\/\\\/jennyisbaking.com\\\/#\\\/schema\\\/person\\\/28a46859582cac5ac1ef7e065a17f77b\",\"name\":\"Jenny\",\"image\":{\"@type\":\"ImageObject\",\"inLanguage\":\"de\",\"@id\":\"https:\\\/\\\/secure.gravatar.com\\\/avatar\\\/23e81660a6279fbe7db0db01e9985036a8488f0100c3985867731ba2b4348089?s=96&d=mm&r=g\",\"url\":\"https:\\\/\\\/secure.gravatar.com\\\/avatar\\\/23e81660a6279fbe7db0db01e9985036a8488f0100c3985867731ba2b4348089?s=96&d=mm&r=g\",\"contentUrl\":\"https:\\\/\\\/secure.gravatar.com\\\/avatar\\\/23e81660a6279fbe7db0db01e9985036a8488f0100c3985867731ba2b4348089?s=96&d=mm&r=g\",\"caption\":\"Jenny\"},\"description\":\"Hi, ich hei\u00dfe Jenny, geb\u00fcrtig in Uruguay, als Kind in USA gelebt, nach dem Abi in Kanada und mit einem Kolumbianer verheiratet. Ich wohne im Moment in M\u00fcnchen, S\u00fcddeutschland. Auf meinem Blog finden sich meist s\u00fc\u00dfe Rezepte. Ich mag normalerweise einfache Sachen, die schnell gemacht sind, aber gleichzeitig was hermachen. Manchmal packt mich auch der Ehrgeiz und ich wage mich an kompliziertere Torten. Schau dir im Men\u00fc \u201eAlle Rezepte\u201c an f\u00fcr weitere Inspiration.\",\"sameAs\":[\"https:\\\/\\\/www.facebook.com\\\/jennyisbaking\\\/\",\"https:\\\/\\\/www.pinterest.de\\\/jennyisbaking\\\/\"]}]}<\/script>\n<!-- \/ Yoast SEO plugin. -->","yoast_head_json":{"title":"Salte\u00f1as oder bolivianische Teigtaschen - Jenny is baking","robots":{"index":"index","follow":"follow","max-snippet":"max-snippet:-1","max-image-preview":"max-image-preview:large","max-video-preview":"max-video-preview:-1"},"canonical":"https:\/\/jennyisbaking.com\/de\/2022\/11\/27\/saltenas-rezept-oder-bolivianische-teigtaschen\/","og_locale":"de_DE","og_type":"article","og_title":"Salte\u00f1as oder bolivianische Teigtaschen - Jenny is baking","og_description":"Leider ist der Eintrag nur auf English verf\u00fcgbar.","og_url":"https:\/\/jennyisbaking.com\/de\/2022\/11\/27\/saltenas-rezept-oder-bolivianische-teigtaschen\/","og_site_name":"Jenny is baking","article_publisher":"https:\/\/www.facebook.com\/jennyisbaking\/","article_author":"https:\/\/www.facebook.com\/jennyisbaking\/","article_published_time":"2022-11-27T06:00:00+00:00","article_modified_time":"2022-11-27T08:38:53+00:00","og_image":[{"width":534,"height":801,"url":"https:\/\/jennyisbaking.com\/wp-1c174-content\/uploads\/2022\/11\/Saltenas-bolivianische_Teigtaschen.jpg","type":"image\/jpeg"}],"author":"Jenny","twitter_card":"summary_large_image","twitter_misc":{"Verfasst von":"Jenny","Gesch\u00e4tzte Lesezeit":"3\u00a0Minuten"},"schema":{"@context":"https:\/\/schema.org","@graph":[{"@type":"Article","@id":"https:\/\/jennyisbaking.com\/2022\/11\/27\/saltenas-rezept-oder-bolivianische-teigtaschen\/#article","isPartOf":{"@id":"https:\/\/jennyisbaking.com\/2022\/11\/27\/saltenas-rezept-oder-bolivianische-teigtaschen\/"},"author":{"name":"Jenny","@id":"https:\/\/jennyisbaking.com\/#\/schema\/person\/28a46859582cac5ac1ef7e065a17f77b"},"headline":"Salte\u00f1as oder bolivianische Teigtaschen","datePublished":"2022-11-27T06:00:00+00:00","dateModified":"2022-11-27T08:38:53+00:00","mainEntityOfPage":{"@id":"https:\/\/jennyisbaking.com\/2022\/11\/27\/saltenas-rezept-oder-bolivianische-teigtaschen\/"},"wordCount":635,"commentCount":0,"image":{"@id":"https:\/\/jennyisbaking.com\/2022\/11\/27\/saltenas-rezept-oder-bolivianische-teigtaschen\/#primaryimage"},"thumbnailUrl":"https:\/\/i0.wp.com\/jennyisbaking.com\/wp-1c174-content\/uploads\/2022\/11\/Saltenas-bolivianische_Teigtaschen.jpg?fit=534%2C801&ssl=1","keywords":["bolivia","bolivianisch","bolivien","chicken","empanadas","H\u00e4hnchen","herzhaft","llajua","salte\u00e3","salte\u00f1as","teigtaschen"],"articleSection":["Latin American Recipes","Savory"],"inLanguage":"de","potentialAction":[{"@type":"CommentAction","name":"Comment","target":["https:\/\/jennyisbaking.com\/2022\/11\/27\/saltenas-rezept-oder-bolivianische-teigtaschen\/#respond"]}]},{"@type":"WebPage","@id":"https:\/\/jennyisbaking.com\/de\/2022\/11\/27\/saltenas-rezept-oder-bolivianische-teigtaschen\/","url":"https:\/\/jennyisbaking.com\/de\/2022\/11\/27\/saltenas-rezept-oder-bolivianische-teigtaschen\/","name":"Salte\u00f1as oder bolivianische Teigtaschen - Jenny is baking","isPartOf":{"@id":"https:\/\/jennyisbaking.com\/de\/#website"},"primaryImageOfPage":{"@id":"https:\/\/jennyisbaking.com\/de\/2022\/11\/27\/saltenas-rezept-oder-bolivianische-teigtaschen\/#primaryimage"},"image":{"@id":"https:\/\/jennyisbaking.com\/2022\/11\/27\/saltenas-rezept-oder-bolivianische-teigtaschen\/#primaryimage"},"thumbnailUrl":"https:\/\/i0.wp.com\/jennyisbaking.com\/wp-1c174-content\/uploads\/2022\/11\/Saltenas-bolivianische_Teigtaschen.jpg?fit=534%2C801&ssl=1","datePublished":"2022-11-27T06:00:00+00:00","dateModified":"2022-11-27T08:38:53+00:00","author":{"@id":"https:\/\/jennyisbaking.com\/#\/schema\/person\/28a46859582cac5ac1ef7e065a17f77b"},"breadcrumb":{"@id":"https:\/\/jennyisbaking.com\/de\/2022\/11\/27\/saltenas-rezept-oder-bolivianische-teigtaschen\/#breadcrumb"},"inLanguage":"de","potentialAction":[{"@type":"ReadAction","target":[["https:\/\/jennyisbaking.com\/de\/2022\/11\/27\/saltenas-rezept-oder-bolivianische-teigtaschen\/"]]}]},{"@type":"ImageObject","inLanguage":"de","@id":"https:\/\/jennyisbaking.com\/de\/2022\/11\/27\/saltenas-rezept-oder-bolivianische-teigtaschen\/#primaryimage","url":"https:\/\/i0.wp.com\/jennyisbaking.com\/wp-1c174-content\/uploads\/2022\/11\/Saltenas-bolivianische_Teigtaschen.jpg?fit=534%2C801&ssl=1","contentUrl":"https:\/\/i0.wp.com\/jennyisbaking.com\/wp-1c174-content\/uploads\/2022\/11\/Saltenas-bolivianische_Teigtaschen.jpg?fit=534%2C801&ssl=1","width":534,"height":801,"caption":"Salte\u00f1as, bolivianische Teigtaschen"},{"@type":"BreadcrumbList","@id":"https:\/\/jennyisbaking.com\/de\/2022\/11\/27\/saltenas-rezept-oder-bolivianische-teigtaschen\/#breadcrumb","itemListElement":[{"@type":"ListItem","position":1,"name":"Startseite","item":"https:\/\/jennyisbaking.com\/de\/"},{"@type":"ListItem","position":2,"name":"Salte\u00f1as oder bolivianische Teigtaschen"}]},{"@type":"WebSite","@id":"https:\/\/jennyisbaking.com\/de\/#website","url":"https:\/\/jennyisbaking.com\/de\/","name":"Jenny is baking","description":"Backrezepte aus Nord- und S\u00fcdamerika","potentialAction":[{"@type":"SearchAction","target":{"@type":"EntryPoint","urlTemplate":"https:\/\/jennyisbaking.com\/de\/?s={search_term_string}"},"query-input":{"@type":"PropertyValueSpecification","valueRequired":true,"valueName":"search_term_string"}}],"inLanguage":"de"},{"@type":"Person","@id":"https:\/\/jennyisbaking.com\/#\/schema\/person\/28a46859582cac5ac1ef7e065a17f77b","name":"Jenny","image":{"@type":"ImageObject","inLanguage":"de","@id":"https:\/\/secure.gravatar.com\/avatar\/23e81660a6279fbe7db0db01e9985036a8488f0100c3985867731ba2b4348089?s=96&d=mm&r=g","url":"https:\/\/secure.gravatar.com\/avatar\/23e81660a6279fbe7db0db01e9985036a8488f0100c3985867731ba2b4348089?s=96&d=mm&r=g","contentUrl":"https:\/\/secure.gravatar.com\/avatar\/23e81660a6279fbe7db0db01e9985036a8488f0100c3985867731ba2b4348089?s=96&d=mm&r=g","caption":"Jenny"},"description":"Hi, ich hei\u00dfe Jenny, geb\u00fcrtig in Uruguay, als Kind in USA gelebt, nach dem Abi in Kanada und mit einem Kolumbianer verheiratet. Ich wohne im Moment in M\u00fcnchen, S\u00fcddeutschland. Auf meinem Blog finden sich meist s\u00fc\u00dfe Rezepte. Ich mag normalerweise einfache Sachen, die schnell gemacht sind, aber gleichzeitig was hermachen. Manchmal packt mich auch der Ehrgeiz und ich wage mich an kompliziertere Torten. Schau dir im Men\u00fc \u201eAlle Rezepte\u201c an f\u00fcr weitere Inspiration.","sameAs":["https:\/\/www.facebook.com\/jennyisbaking\/","https:\/\/www.pinterest.de\/jennyisbaking\/"]}]}},"jetpack_publicize_connections":[],"jetpack_featured_media_url":"https:\/\/i0.wp.com\/jennyisbaking.com\/wp-1c174-content\/uploads\/2022\/11\/Saltenas-bolivianische_Teigtaschen.jpg?fit=534%2C801&ssl=1","jetpack_sharing_enabled":true,"jetpack_shortlink":"https:\/\/wp.me\/p8MAhl-3EG","jetpack-related-posts":[{"id":14225,"url":"https:\/\/jennyisbaking.com\/de\/2023\/01\/01\/argentinische-empanadas-mit-rind-und-kartoffeln\/","url_meta":{"origin":14054,"position":0},"title":"Argentinische Empanadas mit Rindfleisch und Kartoffeln","author":"Jenny","date":"Sonntag, der  1. Januar 2023","format":false,"excerpt":"Heute gibt es den perfekten Snack aus Lateinamerika: Empanadas! Empanadas sind Teigtaschen, die ganz viele unterschiedliche F\u00fcllungen haben k\u00f6nnen. Ich stelle hier eine Version aus Argentinien vor mit Rindfleisch und Kartoffeln. Aber es gibt so viele verschiedene F\u00fcllungen wie Sand am Meer. Nat\u00fcrlich habe ich hier auch schon andere Versionen\u2026","rel":"","context":"In &quot;Argentina and Uruguay&quot;","block_context":{"text":"Argentina and Uruguay","link":"https:\/\/jennyisbaking.com\/de\/category\/argentina-and-uruguay\/"},"img":{"alt_text":"","src":"https:\/\/i0.wp.com\/jennyisbaking.com\/wp-1c174-content\/uploads\/2022\/12\/Argentinische_Empanadas.jpg?fit=534%2C801&ssl=1&resize=350%2C200","width":350,"height":200,"srcset":"https:\/\/i0.wp.com\/jennyisbaking.com\/wp-1c174-content\/uploads\/2022\/12\/Argentinische_Empanadas.jpg?fit=534%2C801&ssl=1&resize=350%2C200 1x, https:\/\/i0.wp.com\/jennyisbaking.com\/wp-1c174-content\/uploads\/2022\/12\/Argentinische_Empanadas.jpg?fit=534%2C801&ssl=1&resize=525%2C300 1.5x"},"classes":[]},{"id":14238,"url":"https:\/\/jennyisbaking.com\/de\/2023\/04\/28\/die-grose-empanadas-schule\/","url_meta":{"origin":14054,"position":1},"title":"Die gro\u00dfe Empanadas-Schule","author":"Jenny","date":"Freitag, der 28. April 2023","format":false,"excerpt":"Heute gibt es die gro\u00dfe Schule der Empanadas, das sind gef\u00fcllte Teigtaschen aus S\u00fcdamerika. Empanadas, das kann man wohl guten Gewissens sagen, sind DER Snack schlechthin, wenn man nach Lateinamerika reist. An jeder Stra\u00dfenecke werden sie verkauft und in stundenlanger Arbeit liebevoll per Hand zubereitet. Empanadas sind, das muss man\u2026","rel":"","context":"In &quot;All Seasons&quot;","block_context":{"text":"All Seasons","link":"https:\/\/jennyisbaking.com\/de\/category\/all-seasons\/"},"img":{"alt_text":"","src":"https:\/\/i0.wp.com\/jennyisbaking.com\/wp-1c174-content\/uploads\/2023\/04\/Emapnadas-aus-Lateinamerika.jpg?fit=534%2C801&ssl=1&resize=350%2C200","width":350,"height":200,"srcset":"https:\/\/i0.wp.com\/jennyisbaking.com\/wp-1c174-content\/uploads\/2023\/04\/Emapnadas-aus-Lateinamerika.jpg?fit=534%2C801&ssl=1&resize=350%2C200 1x, https:\/\/i0.wp.com\/jennyisbaking.com\/wp-1c174-content\/uploads\/2023\/04\/Emapnadas-aus-Lateinamerika.jpg?fit=534%2C801&ssl=1&resize=525%2C300 1.5x"},"classes":[]},{"id":14517,"url":"https:\/\/jennyisbaking.com\/de\/2023\/04\/14\/empanadas-mit-quittenpaste-und-kase\/","url_meta":{"origin":14054,"position":2},"title":"Empanadas mit Quittenpaste und K\u00e4se aus Mittelamerika","author":"Jenny","date":"Freitag, der 14. April 2023","format":false,"excerpt":"K\u00e4se mit z.B. Marmelade zu kombinieren, scheint etwas absolut Typisches in Lateinamerika zu sein. So gibt es nat\u00fcrlich auch Empanadas, also Teigtaschen, die mit K\u00e4se und Quittenpaste gef\u00fcllt werden. Eigentlich werden sie im Original mit Guave gemacht, aber das ist hier in Deutschland schwer aufzutreiben. Ich habe die Quittenpaste tats\u00e4chlich\u2026","rel":"","context":"In &quot;Latin American Recipes&quot;","block_context":{"text":"Latin American Recipes","link":"https:\/\/jennyisbaking.com\/de\/category\/latin-american-recipes\/"},"img":{"alt_text":"","src":"https:\/\/i0.wp.com\/jennyisbaking.com\/wp-1c174-content\/uploads\/2023\/04\/Empanadas-mit-Quittenpaste-und-Kaese-1-2.jpg?fit=534%2C801&ssl=1&resize=350%2C200","width":350,"height":200,"srcset":"https:\/\/i0.wp.com\/jennyisbaking.com\/wp-1c174-content\/uploads\/2023\/04\/Empanadas-mit-Quittenpaste-und-Kaese-1-2.jpg?fit=534%2C801&ssl=1&resize=350%2C200 1x, https:\/\/i0.wp.com\/jennyisbaking.com\/wp-1c174-content\/uploads\/2023\/04\/Empanadas-mit-Quittenpaste-und-Kaese-1-2.jpg?fit=534%2C801&ssl=1&resize=525%2C300 1.5x"},"classes":[]},{"id":15261,"url":"https:\/\/jennyisbaking.com\/de\/2023\/11\/12\/empanadas-aus-mendoza-argentinien\/","url_meta":{"origin":14054,"position":3},"title":"Empanadas aus Mendoza, Argentinien","author":"Jenny","date":"Sonntag, der 12. November 2023","format":false,"excerpt":"Heute gibt es wieder einmal Empanadas, also Teigtaschen, aus Argentinien. Ich habe die ber\u00fchmte Version aus Mendoza mitgebracht. Sie werden traditionell mit Rindfleisch sowie Oliven und hartgekochten Eiern gef\u00fcllt. Sie \u00e4hneln stark den Empanadas aus Uruguay, da auch diese Rindfleisch und hartgekochte Eier enthalten, jedoch gibt es leichte Unterschiede, in\u2026","rel":"","context":"In &quot;Argentina and Uruguay&quot;","block_context":{"text":"Argentina and Uruguay","link":"https:\/\/jennyisbaking.com\/de\/category\/argentina-and-uruguay\/"},"img":{"alt_text":"","src":"https:\/\/i0.wp.com\/jennyisbaking.com\/wp-1c174-content\/uploads\/2023\/10\/Empanadas-aus-Argentinien.jpg?fit=534%2C801&ssl=1&resize=350%2C200","width":350,"height":200,"srcset":"https:\/\/i0.wp.com\/jennyisbaking.com\/wp-1c174-content\/uploads\/2023\/10\/Empanadas-aus-Argentinien.jpg?fit=534%2C801&ssl=1&resize=350%2C200 1x, https:\/\/i0.wp.com\/jennyisbaking.com\/wp-1c174-content\/uploads\/2023\/10\/Empanadas-aus-Argentinien.jpg?fit=534%2C801&ssl=1&resize=525%2C300 1.5x"},"classes":[]},{"id":10085,"url":"https:\/\/jennyisbaking.com\/de\/2022\/09\/09\/klassische-empanadas-aus-kolumbien\/","url_meta":{"origin":14054,"position":4},"title":"Klassische Empanadas aus Kolumbien","author":"Jenny","date":"Freitag, der  9. September 2022","format":false,"excerpt":"Warnung, klassische Empanadas aus Kolumbien sind ein Haufen Arbeit. Wenn man alles selbst vorbereitet, ist man einige Stunden zugange. Aber das Gute an Empanadas ist, dass man sowohl den Teig als auch die F\u00fcllung ein bis zwei Tage im Voraus zubereiten kann, sodass man \"nur\" noch die Empanadas formen und\u2026","rel":"","context":"In &quot;GF\/vegan\/zuckerfrei&quot;","block_context":{"text":"GF\/vegan\/zuckerfrei","link":"https:\/\/jennyisbaking.com\/de\/category\/gfveganzuckerfrei\/"},"img":{"alt_text":"Kolumbianische Empanadas","src":"https:\/\/i0.wp.com\/jennyisbaking.com\/wp-1c174-content\/uploads\/2022\/08\/DSC07124.jpg?fit=534%2C801&ssl=1&resize=350%2C200","width":350,"height":200,"srcset":"https:\/\/i0.wp.com\/jennyisbaking.com\/wp-1c174-content\/uploads\/2022\/08\/DSC07124.jpg?fit=534%2C801&ssl=1&resize=350%2C200 1x, https:\/\/i0.wp.com\/jennyisbaking.com\/wp-1c174-content\/uploads\/2022\/08\/DSC07124.jpg?fit=534%2C801&ssl=1&resize=525%2C300 1.5x"},"classes":[]},{"id":11566,"url":"https:\/\/jennyisbaking.com\/de\/2021\/01\/29\/meine-9-lieblingsrezepte-aus-uruguay\/","url_meta":{"origin":14054,"position":5},"title":"Meine 9 Lieblingsrezepte aus Uruguay","author":"Jenny","date":"Freitag, der 29. Januar 2021","format":false,"excerpt":"Meine 9 Lieblingsrezepte aus Uruguay beinhaltet sowohl herzhafte als auch s\u00fc\u00dfe Speisen und k\u00f6nnen mit deutschen Zutaten zubereitet werden.","rel":"","context":"In &quot;Latin American Recipes&quot;","block_context":{"text":"Latin American Recipes","link":"https:\/\/jennyisbaking.com\/de\/category\/latin-american-recipes\/"},"img":{"alt_text":"Meine neun Lieblingsrezepte aus Uruguay","src":"https:\/\/i0.wp.com\/jennyisbaking.com\/wp-1c174-content\/uploads\/2021\/01\/9_Lieblingsrezepte_aus_Uruguay.jpg?fit=800%2C800&ssl=1&resize=350%2C200","width":350,"height":200,"srcset":"https:\/\/i0.wp.com\/jennyisbaking.com\/wp-1c174-content\/uploads\/2021\/01\/9_Lieblingsrezepte_aus_Uruguay.jpg?fit=800%2C800&ssl=1&resize=350%2C200 1x, https:\/\/i0.wp.com\/jennyisbaking.com\/wp-1c174-content\/uploads\/2021\/01\/9_Lieblingsrezepte_aus_Uruguay.jpg?fit=800%2C800&ssl=1&resize=525%2C300 1.5x, https:\/\/i0.wp.com\/jennyisbaking.com\/wp-1c174-content\/uploads\/2021\/01\/9_Lieblingsrezepte_aus_Uruguay.jpg?fit=800%2C800&ssl=1&resize=700%2C400 2x"},"classes":[]}],"_links":{"self":[{"href":"https:\/\/jennyisbaking.com\/de\/wp-json\/wp\/v2\/posts\/14054","targetHints":{"allow":["GET"]}}],"collection":[{"href":"https:\/\/jennyisbaking.com\/de\/wp-json\/wp\/v2\/posts"}],"about":[{"href":"https:\/\/jennyisbaking.com\/de\/wp-json\/wp\/v2\/types\/post"}],"author":[{"embeddable":true,"href":"https:\/\/jennyisbaking.com\/de\/wp-json\/wp\/v2\/users\/1"}],"replies":[{"embeddable":true,"href":"https:\/\/jennyisbaking.com\/de\/wp-json\/wp\/v2\/comments?post=14054"}],"version-history":[{"count":8,"href":"https:\/\/jennyisbaking.com\/de\/wp-json\/wp\/v2\/posts\/14054\/revisions"}],"predecessor-version":[{"id":14116,"href":"https:\/\/jennyisbaking.com\/de\/wp-json\/wp\/v2\/posts\/14054\/revisions\/14116"}],"wp:featuredmedia":[{"embeddable":true,"href":"https:\/\/jennyisbaking.com\/de\/wp-json\/wp\/v2\/media\/14063"}],"wp:attachment":[{"href":"https:\/\/jennyisbaking.com\/de\/wp-json\/wp\/v2\/media?parent=14054"}],"wp:term":[{"taxonomy":"category","embeddable":true,"href":"https:\/\/jennyisbaking.com\/de\/wp-json\/wp\/v2\/categories?post=14054"},{"taxonomy":"post_tag","embeddable":true,"href":"https:\/\/jennyisbaking.com\/de\/wp-json\/wp\/v2\/tags?post=14054"}],"curies":[{"name":"wp","href":"https:\/\/api.w.org\/{rel}","templated":true}]}}