{"id":15663,"date":"2023-12-29T07:00:00","date_gmt":"2023-12-29T06:00:00","guid":{"rendered":"https:\/\/jennyisbaking.com\/?p=15663"},"modified":"2024-01-31T09:23:30","modified_gmt":"2024-01-31T08:23:30","slug":"foodblog-bilanz-2023","status":"publish","type":"post","link":"https:\/\/jennyisbaking.com\/de\/2023\/12\/29\/foodblog-bilanz-2023\/","title":{"rendered":"Foodblog-Bilanz 2023"},"content":{"rendered":"<p>Es ist mittlerweile Tradition, dass ich bei der <a href=\"https:\/\/feedmeupbeforeyougogo.de\/2023\/12\/12\/einladung-zur-foodblogbilanz-2023\/\" target=\"_blank\" rel=\"noopener\">Foodblog-Bilanz<\/a> von <a href=\"https:\/\/feedmeupbeforeyougogo.de\/\" target=\"_blank\" rel=\"noopener\">Feed me up before you go go<\/a> mitmache. Jedes Jahr beantwortet man dazu acht Fragen und zieht ein Res\u00fcmee. Meine <a href=\"https:\/\/jennyisbaking.com\/de\/2022\/12\/30\/foodblog-bilanz-2022\/\" target=\"_blank\" rel=\"noopener\">Foodblog-Bilanzen von 2022<\/a>, <a href=\"https:\/\/jennyisbaking.com\/de\/2021\/12\/31\/blogbilanz-2021\/\" target=\"_blank\" rel=\"noopener\">2021<\/a>, <a href=\"https:\/\/jennyisbaking.com\/de\/2020\/12\/27\/food-blog-bilanz-2020\/\" target=\"_blank\" rel=\"noopener\">2020<\/a> und <a href=\"https:\/\/jennyisbaking.com\/de\/2019\/12\/31\/blog-summary-of-2019\/\" target=\"_blank\" rel=\"noopener\">2019<\/a> kannst du hier nachlesen. Mein grunds\u00e4tzliches Fazit nach sechs Jahren bloggen? Es macht mir immer noch Spa\u00df und es finden sich noch immer Leute, die die Rezepte nachmachen. In der Tat w\u00e4chst die Anzahl an Besuchern und Klicks jedes Jahr, von daher werde ich bestimmt auch 2024 bloggen, sofern es in meiner Macht liegt, aber nun zu den Fragen.<\/p>\n<h2>1. Was war 2023 dein erfolgreichster Blogartikel?<\/h2>\n<p>Ich freue mich, dass der Dauer-Brenner <a href=\"https:\/\/jennyisbaking.com\/de\/2018\/11\/27\/chocolate-brownie-cookies-for-gloomy-november-days\/\" target=\"_blank\" rel=\"noopener\">Brownie-Cookies<\/a> tats\u00e4chlich vom <a href=\"https:\/\/jennyisbaking.com\/de\/2023\/05\/05\/erdbeer-tiramisu-ohne-ei-ohne-alkohol\/\" target=\"_blank\" rel=\"noopener\">Erdbeer-Tiramisu<\/a> verscheucht wurde und die Cookies es &#8222;nur&#8220; auf Platz 2 geschafft haben. Insgesamt erstaunt und freut mich, dass viele in diesem Jahr vorgestellten Rezepte es in die Top 10 geschafft haben. Insgesamt haben es sechs Rezepte aus dem Jahr 2023 in die Top 10 geschafft, das ist doch echt eine super Bilanz, oder? Extra erw\u00e4hnen will ich das <a href=\"https:\/\/jennyisbaking.com\/de\/2023\/06\/20\/zitronen-mousse-in-15-min-mit-3-zutaten\/\" target=\"_blank\" rel=\"noopener\">blitzschnelle Zitronen-Dessert<\/a>, das es auf Platz 6 geschafft hat und den <a href=\"https:\/\/jennyisbaking.com\/de\/2023\/08\/19\/mein-liebster-kaiserschmarrn-mit-zwetschgenroster\/\" target=\"_blank\" rel=\"noopener\">Kaiserschmarrn mit Zwetschgenr\u00f6ster<\/a> (Platz 7) (siehe kleinere Fotos). Auf alle bin ich sehr stolz.<\/p>\n<p style=\"text-align: center;\"><a href=\"https:\/\/i0.wp.com\/jennyisbaking.com\/wp-1c174-content\/uploads\/2023\/05\/Erdbeer-Tiramisu-1.jpg?ssl=1\"><img data-recalc-dims=\"1\" loading=\"lazy\" decoding=\"async\" data-attachment-id=\"14660\" data-permalink=\"https:\/\/jennyisbaking.com\/de\/2023\/05\/05\/erdbeer-tiramisu-ohne-ei-ohne-alkohol\/erdbeer-tiramisu-1\/\" data-orig-file=\"https:\/\/i0.wp.com\/jennyisbaking.com\/wp-1c174-content\/uploads\/2023\/05\/Erdbeer-Tiramisu-1.jpg?fit=534%2C801&amp;ssl=1\" data-orig-size=\"534,801\" data-comments-opened=\"1\" data-image-meta=\"{&quot;aperture&quot;:&quot;0&quot;,&quot;credit&quot;:&quot;&quot;,&quot;camera&quot;:&quot;&quot;,&quot;caption&quot;:&quot;&quot;,&quot;created_timestamp&quot;:&quot;0&quot;,&quot;copyright&quot;:&quot;&quot;,&quot;focal_length&quot;:&quot;0&quot;,&quot;iso&quot;:&quot;0&quot;,&quot;shutter_speed&quot;:&quot;0&quot;,&quot;title&quot;:&quot;&quot;,&quot;orientation&quot;:&quot;0&quot;}\" data-image-title=\"Erdbeer-Tiramisu-1\" data-image-description=\"\" data-image-caption=\"\" data-large-file=\"https:\/\/i0.wp.com\/jennyisbaking.com\/wp-1c174-content\/uploads\/2023\/05\/Erdbeer-Tiramisu-1.jpg?fit=534%2C801&amp;ssl=1\" class=\"aligncenter size-full wp-image-14660\" src=\"https:\/\/i0.wp.com\/jennyisbaking.com\/wp-1c174-content\/uploads\/2023\/05\/Erdbeer-Tiramisu-1.jpg?resize=534%2C801&#038;ssl=1\" alt=\"\" width=\"534\" height=\"801\" srcset=\"https:\/\/i0.wp.com\/jennyisbaking.com\/wp-1c174-content\/uploads\/2023\/05\/Erdbeer-Tiramisu-1.jpg?w=534&amp;ssl=1 534w, https:\/\/i0.wp.com\/jennyisbaking.com\/wp-1c174-content\/uploads\/2023\/05\/Erdbeer-Tiramisu-1.jpg?resize=200%2C300&amp;ssl=1 200w\" sizes=\"auto, (max-width: 534px) 100vw, 534px\" \/><\/a><a href=\"https:\/\/jennyisbaking.com\/de\/2023\/05\/05\/erdbeer-tiramisu-ohne-ei-ohne-alkohol\/\" target=\"_blank\" rel=\"noopener\">Erdbeer-Tiramisu ohne rohes Ei oder Alkohol<\/a><\/p>\n<div class=\"tiled-gallery type-square tiled-gallery-unresized\" data-original-width=\"1080\" data-carousel-extra='{&quot;blog_id&quot;:1,&quot;permalink&quot;:&quot;https:\\\/\\\/jennyisbaking.com\\\/de\\\/2023\\\/12\\\/29\\\/foodblog-bilanz-2023\\\/&quot;,&quot;likes_blog_id&quot;:129789891}' itemscope itemtype=\"http:\/\/schema.org\/ImageGallery\" > <div class=\"gallery-row\" style=\"width: 1080px; height: 540px;\" data-original-width=\"1080\" data-original-height=\"540\" > <div class=\"gallery-group\" style=\"width: 540px; height: 540px;\" data-original-width=\"540\" data-original-height=\"540\" > <div class=\"tiled-gallery-item \" itemprop=\"associatedMedia\" itemscope itemtype=\"http:\/\/schema.org\/ImageObject\"> <a href=\"https:\/\/jennyisbaking.com\/de\/2023\/06\/20\/zitronen-mousse-in-15-min-mit-3-zutaten\/zitronen-mousse-1\/\" border=\"0\" itemprop=\"url\"> <meta itemprop=\"width\" content=\"536\"> <meta itemprop=\"height\" content=\"536\"> <img decoding=\"async\" class=\"\" data-attachment-id=\"14806\" data-orig-file=\"https:\/\/jennyisbaking.com\/wp-1c174-content\/uploads\/2023\/06\/Zitronen-Mousse-1.jpg\" data-orig-size=\"534,801\" data-comments-opened=\"1\" data-image-meta=\"{&quot;aperture&quot;:&quot;0&quot;,&quot;credit&quot;:&quot;&quot;,&quot;camera&quot;:&quot;&quot;,&quot;caption&quot;:&quot;&quot;,&quot;created_timestamp&quot;:&quot;0&quot;,&quot;copyright&quot;:&quot;&quot;,&quot;focal_length&quot;:&quot;0&quot;,&quot;iso&quot;:&quot;0&quot;,&quot;shutter_speed&quot;:&quot;0&quot;,&quot;title&quot;:&quot;&quot;,&quot;orientation&quot;:&quot;0&quot;}\" data-image-title=\"Zitronen-Mousse-1\" data-image-description=\"\" data-medium-file=\"https:\/\/i0.wp.com\/jennyisbaking.com\/wp-1c174-content\/uploads\/2023\/06\/Zitronen-Mousse-1.jpg?fit=200%2C300&#038;ssl=1\" data-large-file=\"https:\/\/i0.wp.com\/jennyisbaking.com\/wp-1c174-content\/uploads\/2023\/06\/Zitronen-Mousse-1.jpg?fit=534%2C801&#038;ssl=1\" src=\"https:\/\/i0.wp.com\/jennyisbaking.com\/wp-1c174-content\/uploads\/2023\/06\/Zitronen-Mousse-1.jpg?w=536&#038;h=536&#038;crop=1&#038;ssl=1\" width=\"536\" height=\"536\" loading=\"lazy\" data-original-width=\"536\" data-original-height=\"536\" itemprop=\"http:\/\/schema.org\/image\" title=\"Zitronen-Mousse-1\" alt=\"Zitronen-Mousse-1\" style=\"width: 536px; height: 536px;\" \/> <\/a> <\/div> <\/div> <div class=\"gallery-group\" style=\"width: 540px; height: 540px;\" data-original-width=\"540\" data-original-height=\"540\" > <div class=\"tiled-gallery-item \" itemprop=\"associatedMedia\" itemscope itemtype=\"http:\/\/schema.org\/ImageObject\"> <a href=\"https:\/\/jennyisbaking.com\/de\/2023\/08\/19\/mein-liebster-kaiserschmarrn-mit-zwetschgenroster\/kaiserschmarrn-mit-zwetschgenroester-1\/\" border=\"0\" itemprop=\"url\"> <meta itemprop=\"width\" content=\"536\"> <meta itemprop=\"height\" content=\"536\"> <img decoding=\"async\" class=\"\" data-attachment-id=\"15040\" data-orig-file=\"https:\/\/jennyisbaking.com\/wp-1c174-content\/uploads\/2023\/08\/Kaiserschmarrn-mit-Zwetschgenroester-1.jpg\" data-orig-size=\"534,801\" data-comments-opened=\"1\" data-image-meta=\"{&quot;aperture&quot;:&quot;0&quot;,&quot;credit&quot;:&quot;&quot;,&quot;camera&quot;:&quot;&quot;,&quot;caption&quot;:&quot;&quot;,&quot;created_timestamp&quot;:&quot;0&quot;,&quot;copyright&quot;:&quot;&quot;,&quot;focal_length&quot;:&quot;0&quot;,&quot;iso&quot;:&quot;0&quot;,&quot;shutter_speed&quot;:&quot;0&quot;,&quot;title&quot;:&quot;&quot;,&quot;orientation&quot;:&quot;0&quot;}\" data-image-title=\"Kaiserschmarrn-mit-Zwetschgenro\u0308ster-1\" data-image-description=\"\" data-medium-file=\"https:\/\/i0.wp.com\/jennyisbaking.com\/wp-1c174-content\/uploads\/2023\/08\/Kaiserschmarrn-mit-Zwetschgenroester-1.jpg?fit=200%2C300&#038;ssl=1\" data-large-file=\"https:\/\/i0.wp.com\/jennyisbaking.com\/wp-1c174-content\/uploads\/2023\/08\/Kaiserschmarrn-mit-Zwetschgenroester-1.jpg?fit=534%2C801&#038;ssl=1\" src=\"https:\/\/i0.wp.com\/jennyisbaking.com\/wp-1c174-content\/uploads\/2023\/08\/Kaiserschmarrn-mit-Zwetschgenroester-1.jpg?w=536&#038;h=536&#038;crop=1&#038;ssl=1\" width=\"536\" height=\"536\" loading=\"lazy\" data-original-width=\"536\" data-original-height=\"536\" itemprop=\"http:\/\/schema.org\/image\" title=\"Kaiserschmarrn-mit-Zwetschgenro\u0308ster-1\" alt=\"Kaiserschmarrn-mit-Zwetschgenro\u0308ster-1\" style=\"width: 536px; height: 536px;\" \/> <\/a> <\/div> <\/div> <\/div> <\/div>\n<p><!--more--><\/p>\n<h2>2. Welche drei deiner eigenen Blogartikel aus diesem Jahr haben dir pers\u00f6nlich am meisten bedeutet?<\/h2>\n<p>Ganz oben steht mein <a href=\"https:\/\/jennyisbaking.com\/de\/2023\/11\/28\/coffee-date-von-hiobsbotschaften-und-medical-gaslighting\/\" target=\"_blank\" rel=\"noopener\">Artikel zum Thema medical gaslighting<\/a>. Da bei mir Verdacht auf die chronische Krankheit MS vorlag, habe ich einen ziemlichen \u00c4rztemarathon hinter mir und finde es unfassbar traurig, dass so viele \u00c4rzte meinen man bilde sich seine Symptome ein. Ernst genommen gef\u00fchlt\u00a0 habe ich mich nicht.<\/p>\n<p>Den meisten emotionalen Bezug habe ich zu diesen Mini-Br\u00f6tchen, die \u00e4hnlich wie Brioche schmecken: <a href=\"https:\/\/jennyisbaking.com\/de\/2023\/01\/27\/russlanddeutsche-twoiback-oder-zwieback\/\" target=\"_blank\" rel=\"noopener\">Twoiback<\/a>, die meinen russlanddeutschen Hintergrund widerspiegeln. So lange hatte ich sie nicht gegessen, es war sch\u00f6n, endlich mal selber welche zu machen.<\/p>\n<p style=\"text-align: center;\"><a href=\"https:\/\/i0.wp.com\/jennyisbaking.com\/wp-1c174-content\/uploads\/2023\/01\/Russlanddeutsche_Twoiback-6.jpg?ssl=1\"><img data-recalc-dims=\"1\" loading=\"lazy\" decoding=\"async\" data-attachment-id=\"14304\" data-permalink=\"https:\/\/jennyisbaking.com\/de\/2023\/01\/27\/russlanddeutsche-twoiback-oder-zwieback\/russlanddeutsche_twoiback-6\/\" data-orig-file=\"https:\/\/i0.wp.com\/jennyisbaking.com\/wp-1c174-content\/uploads\/2023\/01\/Russlanddeutsche_Twoiback-6.jpg?fit=534%2C801&amp;ssl=1\" data-orig-size=\"534,801\" data-comments-opened=\"1\" data-image-meta=\"{&quot;aperture&quot;:&quot;0&quot;,&quot;credit&quot;:&quot;&quot;,&quot;camera&quot;:&quot;&quot;,&quot;caption&quot;:&quot;&quot;,&quot;created_timestamp&quot;:&quot;0&quot;,&quot;copyright&quot;:&quot;&quot;,&quot;focal_length&quot;:&quot;0&quot;,&quot;iso&quot;:&quot;0&quot;,&quot;shutter_speed&quot;:&quot;0&quot;,&quot;title&quot;:&quot;&quot;,&quot;orientation&quot;:&quot;0&quot;}\" data-image-title=\"Russlanddeutsche_Twoiback-6\" data-image-description=\"\" data-image-caption=\"\" data-large-file=\"https:\/\/i0.wp.com\/jennyisbaking.com\/wp-1c174-content\/uploads\/2023\/01\/Russlanddeutsche_Twoiback-6.jpg?fit=534%2C801&amp;ssl=1\" class=\"aligncenter size-full wp-image-14304\" src=\"https:\/\/i0.wp.com\/jennyisbaking.com\/wp-1c174-content\/uploads\/2023\/01\/Russlanddeutsche_Twoiback-6.jpg?resize=534%2C801&#038;ssl=1\" alt=\"\" width=\"534\" height=\"801\" srcset=\"https:\/\/i0.wp.com\/jennyisbaking.com\/wp-1c174-content\/uploads\/2023\/01\/Russlanddeutsche_Twoiback-6.jpg?w=534&amp;ssl=1 534w, https:\/\/i0.wp.com\/jennyisbaking.com\/wp-1c174-content\/uploads\/2023\/01\/Russlanddeutsche_Twoiback-6.jpg?resize=200%2C300&amp;ssl=1 200w\" sizes=\"auto, (max-width: 534px) 100vw, 534px\" \/><\/a><a href=\"https:\/\/jennyisbaking.com\/de\/2023\/01\/27\/russlanddeutsche-twoiback-oder-zwieback\/\" target=\"_blank\" rel=\"noopener\">Russlanddeutsche Twoiback<\/a>, \u00e4hnlich wie Brioche<\/p>\n<p>Ebenfalls in diese Kategorie fallen die <a href=\"https:\/\/jennyisbaking.com\/de\/2023\/09\/22\/pelmeni-teigtaschen-aus-russland\/\" target=\"_blank\" rel=\"noopener\">Teigtaschen aus Russland oder der Ukraine, Pelmeni<\/a>. Bei der Zubereitung der winzigen Teigt\u00e4schen war ich extrem nostalgisch. Sie schmecken selbstgemacht nochmal so viel besser und k\u00f6nnen super eingefroren werden. Im Blogbeitrag kannst du auch nachlesen wie ein Streich in die Hose ging, den wir beim Pelmeni formen machten.<\/p>\n<h2>3. Und welche drei aus anderen Blogs haben dich am meisten inspiriert?<\/h2>\n<p>Ich bin fasziniert von <a href=\"https:\/\/www.instagram.com\/losdenam\/\" target=\"_blank\" rel=\"noopener\">Los de \u00f1am<\/a>, zwei Typen aus Kolumbien\/Venezuela, die auf Spanisch auf Instagram und Tiktok endlich mal kolumbianische Rezepte mit Mengenangaben ver\u00f6ffentlichen. Das ist wirklich rar, bisher musste ich einfach immer wieder probieren bis ich die richtigen Mengen beieinander hatte, in Lateinamerika b\u00e4ckt und kocht man so gut wie nie mit pr\u00e4zisen Mengen und kommt ganz ohne Waage aus. <a href=\"https:\/\/www.buscalibre.es\/libro-esto-esta-muy-nam\/9786287650602\/p\/55260493#\" target=\"_blank\" rel=\"noopener\">Deren Kochbuch<\/a> steht auf meiner Wunschliste ganz weit oben, jedoch habe ich es mir noch nicht besorgt, da mich bisher die hohen Porto- und Zollgeb\u00fchren bei Einfuhr aus Kolumbien abgeschreckt haben. Falls jemand zeitnah nach S\u00fcdamerika fliegt und es mir mitbringen k\u00f6nnte, dann bitte unbedingt bei mir melden. Und nein, ein E-Book ist f\u00fcr mich keine gute Alternative, ich brauche das haptisch vor mir.<\/p>\n<p>In eine ganz andere Richtung geht Kwun aus Thailand mit ihrem Instagramprofil <a href=\"https:\/\/www.instagram.com\/butterblossoms\/\" target=\"_blank\" rel=\"noopener\">Butter and Blossoms<\/a>, zu Beginn diesen Jahres habe ich ja angefangen mit einer Palette und Buttercreme auf Torten zu malen. Entstanden ist einmal eine <a href=\"https:\/\/jennyisbaking.com\/de\/2023\/02\/15\/funfter-bloggeburtstag-blumen-mit-buttercreme-per-palettenmesser\/\" target=\"_blank\" rel=\"noopener\">Torte mit einem Blumenmuster<\/a> (links unten) und die <a href=\"https:\/\/jennyisbaking.com\/de\/2023\/08\/25\/festliche-hochzeitstorte-mit-weltkarte\/\" target=\"_blank\" rel=\"noopener\">Weltkartentore<\/a> (rechts). Kwun hat mich dazu mega inspiriert. Ich will auf jeden Fall sehr bald einen Onlinekurs bei ihr buchen und noch mehr in diesem Bereich lernen.<\/p>\n<div class=\"tiled-gallery type-square tiled-gallery-unresized\" data-original-width=\"1080\" data-carousel-extra='{&quot;blog_id&quot;:1,&quot;permalink&quot;:&quot;https:\\\/\\\/jennyisbaking.com\\\/de\\\/2023\\\/12\\\/29\\\/foodblog-bilanz-2023\\\/&quot;,&quot;likes_blog_id&quot;:129789891}' itemscope itemtype=\"http:\/\/schema.org\/ImageGallery\" > <div class=\"gallery-row\" style=\"width: 1080px; height: 540px;\" data-original-width=\"1080\" data-original-height=\"540\" > <div class=\"gallery-group\" style=\"width: 540px; height: 540px;\" data-original-width=\"540\" data-original-height=\"540\" > <div class=\"tiled-gallery-item \" itemprop=\"associatedMedia\" itemscope itemtype=\"http:\/\/schema.org\/ImageObject\"> <a href=\"https:\/\/jennyisbaking.com\/de\/2023\/02\/15\/funfter-bloggeburtstag-blumen-mit-buttercreme-per-palettenmesser\/torte-mit-blumen-aus-buttercreme\/\" border=\"0\" itemprop=\"url\"> <meta itemprop=\"width\" content=\"536\"> <meta itemprop=\"height\" content=\"536\"> <img decoding=\"async\" class=\"\" data-attachment-id=\"14286\" data-orig-file=\"https:\/\/jennyisbaking.com\/wp-1c174-content\/uploads\/2023\/01\/Torte-mit-Blumen-aus-Buttercreme.jpg\" data-orig-size=\"534,801\" data-comments-opened=\"1\" data-image-meta=\"{&quot;aperture&quot;:&quot;0&quot;,&quot;credit&quot;:&quot;&quot;,&quot;camera&quot;:&quot;&quot;,&quot;caption&quot;:&quot;&quot;,&quot;created_timestamp&quot;:&quot;0&quot;,&quot;copyright&quot;:&quot;&quot;,&quot;focal_length&quot;:&quot;0&quot;,&quot;iso&quot;:&quot;0&quot;,&quot;shutter_speed&quot;:&quot;0&quot;,&quot;title&quot;:&quot;&quot;,&quot;orientation&quot;:&quot;0&quot;}\" data-image-title=\"Torte-mit-Blumen-aus-Buttercreme\" data-image-description=\"\" data-medium-file=\"https:\/\/i0.wp.com\/jennyisbaking.com\/wp-1c174-content\/uploads\/2023\/01\/Torte-mit-Blumen-aus-Buttercreme.jpg?fit=200%2C300&#038;ssl=1\" data-large-file=\"https:\/\/i0.wp.com\/jennyisbaking.com\/wp-1c174-content\/uploads\/2023\/01\/Torte-mit-Blumen-aus-Buttercreme.jpg?fit=534%2C801&#038;ssl=1\" src=\"https:\/\/i0.wp.com\/jennyisbaking.com\/wp-1c174-content\/uploads\/2023\/01\/Torte-mit-Blumen-aus-Buttercreme.jpg?w=536&#038;h=536&#038;crop=1&#038;ssl=1\" width=\"536\" height=\"536\" loading=\"lazy\" data-original-width=\"536\" data-original-height=\"536\" itemprop=\"http:\/\/schema.org\/image\" title=\"Torte-mit-Blumen-aus-Buttercreme\" alt=\"Torte-mit-Blumen-aus-Buttercreme\" style=\"width: 536px; height: 536px;\" \/> <\/a> <\/div> <\/div> <div class=\"gallery-group\" style=\"width: 540px; height: 540px;\" data-original-width=\"540\" data-original-height=\"540\" > <div class=\"tiled-gallery-item \" itemprop=\"associatedMedia\" itemscope itemtype=\"http:\/\/schema.org\/ImageObject\"> <a href=\"https:\/\/jennyisbaking.com\/de\/2023\/08\/25\/festliche-hochzeitstorte-mit-weltkarte\/einstoeckige-hochzeitstorte-mit-weltkarte\/\" border=\"0\" itemprop=\"url\"> <meta itemprop=\"width\" content=\"536\"> <meta itemprop=\"height\" content=\"536\"> <img decoding=\"async\" class=\"\" data-attachment-id=\"15017\" data-orig-file=\"https:\/\/jennyisbaking.com\/wp-1c174-content\/uploads\/2023\/08\/Einstoeckige-Hochzeitstorte-mit-Weltkarte.jpg\" data-orig-size=\"534,801\" data-comments-opened=\"1\" data-image-meta=\"{&quot;aperture&quot;:&quot;0&quot;,&quot;credit&quot;:&quot;&quot;,&quot;camera&quot;:&quot;&quot;,&quot;caption&quot;:&quot;&quot;,&quot;created_timestamp&quot;:&quot;0&quot;,&quot;copyright&quot;:&quot;&quot;,&quot;focal_length&quot;:&quot;0&quot;,&quot;iso&quot;:&quot;0&quot;,&quot;shutter_speed&quot;:&quot;0&quot;,&quot;title&quot;:&quot;&quot;,&quot;orientation&quot;:&quot;0&quot;}\" data-image-title=\"Einsto\u0308ckige-Hochzeitstorte-mit-Weltkarte\" data-image-description=\"\" data-medium-file=\"https:\/\/i0.wp.com\/jennyisbaking.com\/wp-1c174-content\/uploads\/2023\/08\/Einstoeckige-Hochzeitstorte-mit-Weltkarte.jpg?fit=200%2C300&#038;ssl=1\" data-large-file=\"https:\/\/i0.wp.com\/jennyisbaking.com\/wp-1c174-content\/uploads\/2023\/08\/Einstoeckige-Hochzeitstorte-mit-Weltkarte.jpg?fit=534%2C801&#038;ssl=1\" src=\"https:\/\/i0.wp.com\/jennyisbaking.com\/wp-1c174-content\/uploads\/2023\/08\/Einstoeckige-Hochzeitstorte-mit-Weltkarte.jpg?w=536&#038;h=536&#038;crop=1&#038;ssl=1\" width=\"536\" height=\"536\" loading=\"lazy\" data-original-width=\"536\" data-original-height=\"536\" itemprop=\"http:\/\/schema.org\/image\" title=\"Einsto\u0308ckige-Hochzeitstorte-mit-Weltkarte\" alt=\"Einsto\u0308ckige-Hochzeitstorte-mit-Weltkarte\" style=\"width: 536px; height: 536px;\" \/> <\/a> <\/div> <\/div> <\/div> <\/div>\n<p>&nbsp;<\/p>\n<p>Und Nr. 3 ist ganz klar Rosie Grant, die auf ihrem Instagram-Profil <a href=\"https:\/\/www.instagram.com\/ghostly.archive\/\" target=\"_blank\" rel=\"noopener\">Ghostly Archive<\/a> Rezepte ver\u00f6ffentlicht, die sie auf Grabsteinen findet und nachbackt. Was im ersten Moment super merkw\u00fcrdig klingt, ist auf den zweiten Blick eigentlich eine total sch\u00f6ne Sache. Nat\u00fcrlich gibt es nicht viele Gr\u00e4ber, auf denen Rezepte eingraviert sind, das ist meist ziemlich teuer. Aber sie ruft ihre Follower auf ihr Rezepte auf Grabsteinen zuzuschicken. Die meisten stammen aus USA, aber sie hat auch schon eines aus Israel nachgemacht. In der S\u00fcddeutschen gibt es sogar einen Artikel \u00fcber sie, kann man <a href=\"https:\/\/www.sueddeutsche.de\/panorama\/tiktok-rezepte-rosie-grant-friedhof-1.5601363\" target=\"_blank\" rel=\"noopener\">hier<\/a> nachlesen. Mit den Rezepten versucht sie auch nachzuvollziehen wer der Mensch dahinter war und warum genau dieses Rezept als so wichtig befunden wurde, dass man es in den Grabstein gemei\u00dfelt hat. Das hei\u00dft, es geht auch um die Weitergabe von Familienrezepten, um die Wichtigkeit von Essen und die Frage\u00a0 wie man mit dem Tod umgeht. Rosie versucht die Gr\u00e4ber zu besuchen und bringt daf\u00fcr jedes Mal das entsprechend gemacht Rezept mit, das sie dann am Grabstein isst. Ein vielleicht ungew\u00f6hnlicher Blickwinkel auf das Thema Essen, ich finde ihn aber irgendwie ber\u00fchrend.<\/p>\n<h2>4. Welches der Rezepte, die du 2023 ver\u00f6ffentlicht hast, hast du selbst am h\u00e4ufigsten gekocht \u2013 und warum?<\/h2>\n<p>Ganz klar Empanadas, die Teigtaschen aus S\u00fcdamerika. Weil diese Teigtaschen einfach mit so vielen Varianten gef\u00fcllt werden k\u00f6nnen, einfrierbar sind und aus Lateinamerika stammen. Was will man mehr? Mein letztes Empanada-Rezept waren diese <a href=\"https:\/\/jennyisbaking.com\/de\/2023\/11\/12\/empanadas-aus-mendoza-argentinien\/\" target=\"_blank\" rel=\"noopener\">Empanadas aus Argentinien<\/a>. Hier wird der Teig mit Milch zubereitet, wodurch er besonders geschmeidig ist. F\u00fcr eine F\u00fclle an Rezepten und Infos zu Empanadas schau doch mal bei meiner <a href=\"https:\/\/jennyisbaking.com\/de\/2023\/04\/28\/die-grose-empanadas-schule\/\" target=\"_blank\" rel=\"noopener\">Empanada-Schule<\/a> vorbei.<\/p>\n<h2>5. Welches Koch- oder Blog-Problem hat dich 2023 besch\u00e4ftigt? Und hast du es gel\u00f6st?<\/h2>\n<p>Mich treiben immer diverse Fragen um. Ich hatte mir ja vorgenommen Online-Backkurse zu geben, einen habe ich dann tats\u00e4chlich auch f\u00fcr die Kollegen veranstaltet. Wir haben Weihnachtspl\u00e4tzchen gebacken, es gab <a href=\"https:\/\/jennyisbaking.com\/de\/2017\/12\/08\/linzer-cookies\/\" target=\"_blank\" rel=\"noopener\">Spitzbuben<\/a> und <a href=\"https:\/\/jennyisbaking.com\/de\/2023\/11\/24\/schoko-nougatstangen\/\" target=\"_blank\" rel=\"noopener\">Schoko-Nougatstangen<\/a>. Besonders toll fand ich, dass Kinder, Ehem\u00e4nner und auch Tiere mit dabei waren. Aber wenn ich ehrlich bin, h\u00e4tte ich gerne noch viel mehr gemacht, nur ist das immer schwierig, wenn man einen Vollzeitjob hat und in der Weihnachtszeit traditionell viel los ist bei der Arbeit. Aber vielleicht klappt es ja 2024 mal. Immerhin konnte ich bei Jasmin vom <a href=\"https:\/\/kuechendeern.de\/\" target=\"_blank\" rel=\"noopener\">Blog K\u00fcchendeern<\/a> einen Kurs als Teilnehmerin besuchen, dort haben wir die <a href=\"https:\/\/jennyisbaking.com\/de\/2023\/12\/15\/festliche-dominostein-torte-zu-weihnachten\/\" target=\"_blank\" rel=\"noopener\">leckere Dominosteintorte<\/a> an zwei Abenden zubereitet. Jasmin ist eine ganz geduldige Lehrerin und hat mir meine Angst vor Gelatine genommen.<\/p>\n<p style=\"text-align: center;\"><a href=\"https:\/\/i0.wp.com\/jennyisbaking.com\/wp-1c174-content\/uploads\/2023\/11\/Dominostein-Torte-3.jpg?ssl=1\"><img data-recalc-dims=\"1\" loading=\"lazy\" decoding=\"async\" data-attachment-id=\"15575\" data-permalink=\"https:\/\/jennyisbaking.com\/de\/2023\/12\/15\/festliche-dominostein-torte-zu-weihnachten\/dominostein-torte-3\/\" data-orig-file=\"https:\/\/i0.wp.com\/jennyisbaking.com\/wp-1c174-content\/uploads\/2023\/11\/Dominostein-Torte-3.jpg?fit=534%2C801&amp;ssl=1\" data-orig-size=\"534,801\" data-comments-opened=\"1\" data-image-meta=\"{&quot;aperture&quot;:&quot;0&quot;,&quot;credit&quot;:&quot;&quot;,&quot;camera&quot;:&quot;&quot;,&quot;caption&quot;:&quot;&quot;,&quot;created_timestamp&quot;:&quot;0&quot;,&quot;copyright&quot;:&quot;&quot;,&quot;focal_length&quot;:&quot;0&quot;,&quot;iso&quot;:&quot;0&quot;,&quot;shutter_speed&quot;:&quot;0&quot;,&quot;title&quot;:&quot;&quot;,&quot;orientation&quot;:&quot;0&quot;}\" data-image-title=\"Dominostein-Torte-3\" data-image-description=\"\" data-image-caption=\"\" data-large-file=\"https:\/\/i0.wp.com\/jennyisbaking.com\/wp-1c174-content\/uploads\/2023\/11\/Dominostein-Torte-3.jpg?fit=534%2C801&amp;ssl=1\" class=\"aligncenter size-full wp-image-15575\" src=\"https:\/\/i0.wp.com\/jennyisbaking.com\/wp-1c174-content\/uploads\/2023\/11\/Dominostein-Torte-3.jpg?resize=534%2C801&#038;ssl=1\" alt=\"\" width=\"534\" height=\"801\" srcset=\"https:\/\/i0.wp.com\/jennyisbaking.com\/wp-1c174-content\/uploads\/2023\/11\/Dominostein-Torte-3.jpg?w=534&amp;ssl=1 534w, https:\/\/i0.wp.com\/jennyisbaking.com\/wp-1c174-content\/uploads\/2023\/11\/Dominostein-Torte-3.jpg?resize=200%2C300&amp;ssl=1 200w\" sizes=\"auto, (max-width: 534px) 100vw, 534px\" \/><\/a>Diese <a href=\"https:\/\/jennyisbaking.com\/de\/2023\/12\/15\/festliche-dominostein-torte-zu-weihnachten\/\" target=\"_blank\" rel=\"noopener\">leckere Dominosteintorte<\/a> habe ich als Teilnehmerin in einem Online-Backkurs gezaubert<\/p>\n<h2>6. Was war deine gr\u00f6\u00dfte kulinarische Neuentdeckung dieses Jahres \u2013 welches Lebensmittel, welches Rezept, welche K\u00fcchentechnik, welcher Geschmack hat dir eine v\u00f6llig neue Welt er\u00f6ffnet?<\/h2>\n<p>Es mag vielleicht albern klingen, aber ich habe tats\u00e4chlich Mais f\u00fcr mich entdeckt. Hier in Deutschland findet man ja leider nur den Zuckermais, aber es gibt wahnsinnig viele verschiedene Sorten in Lateinamerika. Im Moment probiere ich herum, wie ich eine Variante der ber\u00fchmten Maisfladen aus Kolumbien, <a href=\"https:\/\/jennyisbaking.com\/de\/2022\/05\/27\/arepas-con-queso-oder-maisfladen-mit-kasefullung-aus-kolumbien\/\" target=\"_blank\" rel=\"noopener\">arepas<\/a> genannt, hier in Deutschland hinbekomme. Arepas de choclo werden mit Zuckermais gemacht und schmecken etwas s\u00fc\u00dflich. Ich habe sie bereits einmal erfolgreich probiert, siehe Bild. Mal schauen, wann ich gen\u00fcgend getestet habe, dass das Rezept auf den Blog kommt.<\/p>\n<p><a href=\"https:\/\/i0.wp.com\/jennyisbaking.com\/wp-1c174-content\/uploads\/2023\/12\/Arepa-de-choclo.jpg?ssl=1\"><img data-recalc-dims=\"1\" loading=\"lazy\" decoding=\"async\" data-attachment-id=\"15709\" data-permalink=\"https:\/\/jennyisbaking.com\/de\/2023\/12\/29\/foodblog-bilanz-2023\/arepa-de-choclo\/\" data-orig-file=\"https:\/\/i0.wp.com\/jennyisbaking.com\/wp-1c174-content\/uploads\/2023\/12\/Arepa-de-choclo.jpg?fit=534%2C801&amp;ssl=1\" data-orig-size=\"534,801\" data-comments-opened=\"1\" data-image-meta=\"{&quot;aperture&quot;:&quot;0&quot;,&quot;credit&quot;:&quot;&quot;,&quot;camera&quot;:&quot;&quot;,&quot;caption&quot;:&quot;&quot;,&quot;created_timestamp&quot;:&quot;0&quot;,&quot;copyright&quot;:&quot;&quot;,&quot;focal_length&quot;:&quot;0&quot;,&quot;iso&quot;:&quot;0&quot;,&quot;shutter_speed&quot;:&quot;0&quot;,&quot;title&quot;:&quot;&quot;,&quot;orientation&quot;:&quot;0&quot;}\" data-image-title=\"Arepa-de-choclo\" data-image-description=\"\" data-image-caption=\"\" data-large-file=\"https:\/\/i0.wp.com\/jennyisbaking.com\/wp-1c174-content\/uploads\/2023\/12\/Arepa-de-choclo.jpg?fit=534%2C801&amp;ssl=1\" class=\"aligncenter size-full wp-image-15709\" src=\"https:\/\/i0.wp.com\/jennyisbaking.com\/wp-1c174-content\/uploads\/2023\/12\/Arepa-de-choclo.jpg?resize=534%2C801&#038;ssl=1\" alt=\"\" width=\"534\" height=\"801\" srcset=\"https:\/\/i0.wp.com\/jennyisbaking.com\/wp-1c174-content\/uploads\/2023\/12\/Arepa-de-choclo.jpg?w=534&amp;ssl=1 534w, https:\/\/i0.wp.com\/jennyisbaking.com\/wp-1c174-content\/uploads\/2023\/12\/Arepa-de-choclo.jpg?resize=200%2C300&amp;ssl=1 200w\" sizes=\"auto, (max-width: 534px) 100vw, 534px\" \/><\/a><\/p>\n<h2>7. Was war der beste (oder lustigste) Suchbegriff, \u00fcber den Besucher auf deinen Blog gekommen sind?<\/h2>\n<p>Kein Suchbegriff, aber manchmal wundert man sich \u00fcber Kommentare. So l\u00f6schte ich einen Kommentar, bei dem sich die Person bei dem <a href=\"https:\/\/jennyisbaking.com\/de\/2020\/07\/05\/gesunde-melonentorte-fur-eine-sommerparty\/\" target=\"_blank\" rel=\"noopener\">gesunden Melontentorte-Rezept<\/a> dar\u00fcber beschwerte, dass die Torte aus Melone besteht und ich das doch nicht Torte nennen sollte, weil das irref\u00fchrend w\u00e4re. Ich wei\u00df gar nicht, ob es einen besseren Begriff gibt, schlie\u00dflich sieht es aus wie eine Torte und besteht aus Melone, deshalb lag Melonen-Torte nahe. Da fragt man sich, warum sich jemand die M\u00fche macht diesen Kommentar zu verfassen, um sich \u00fcber eine simple Tatsache aufzuregen. Und ja, ich nehme mir die Freiheit Kommentare zu l\u00f6schen bzw. nicht zu ver\u00f6ffentlichen. Das scheint einige auch zu wundern. Leute, ich bin keine Maschine, die hier Artikel produziert, sondern ein Mensch. Wenn mir ein Kommentar sinnlos erscheint, nicht thematisch passt oder gar ausfallend wird, wird er nicht ver\u00f6ffentlicht, schlie\u00dflich betreibe ich diesen Blog privat und habe die Freiheit damit umzugehen wie ich will.<\/p>\n<h2>8. Was w\u00fcnschst du dir und deinem Blog f\u00fcr 2024?<\/h2>\n<p>Wie schon in den Vorjahren w\u00fcnsche ich mir, dass sich mehr Leser trauen ihre Fragen zu stellen. Egal, ob \u00fcber Social Media, als Kommentar oder per E-Mail, nur, wenn ich R\u00fcckmeldungen bekomme, wenn etwas nicht klappt oder unklar ist, kann ich was \u00e4ndern und verbessern. Nat\u00fcrlich habe ich den Anspruch, dass die Rezepte verst\u00e4ndlich formuliert sind und dass man sie zu Hause mit genauso viel Erfolg nachmachen kann. Aber wenn man ohne Kommentar eine super schlechte Bewertung abgibt, kann ich nichts verbessern. Liebe Leser, meldet euch, ich bei\u00dfe nicht, ich versuche so gut ich kann so schnell zu antworten wie es geht. Ich sehe gerne Fotos eurer Ergebnisse und tausche mich gerne aus. Ich bin keine Backg\u00f6ttin, ich mache auch Fehler, gemeinsam k\u00f6nnen wir lernen und gemeinsam k\u00f6nnen wir wunderbare Kreationen backen. Mit einer Leserin, die ebenfalls in M\u00fcnchen lebt, bin ich sogar in einen regen Austausch gekommen, sie hatte zum ersten Mal eine Hochzeitstorte backen m\u00fcssen, so konnte ich hier mental beistehen und habe ihr auch einige Tortenutensilien verliehen. Ich trete gerne in Kontakt.<\/p>","protected":false},"excerpt":{"rendered":"<p>Leider ist der Eintrag nur auf English verf\u00fcgbar.<\/p>\n","protected":false},"author":1,"featured_media":15708,"comment_status":"open","ping_status":"closed","sticky":false,"template":"","format":"standard","meta":{"jetpack_post_was_ever_published":false,"_jetpack_newsletter_access":"","_jetpack_dont_email_post_to_subs":false,"_jetpack_newsletter_tier_id":0,"_jetpack_memberships_contains_paywalled_content":false,"_jetpack_memberships_contains_paid_content":false,"footnotes":"","jetpack_publicize_message":"","jetpack_publicize_feature_enabled":true,"jetpack_social_post_already_shared":true,"jetpack_social_options":{"image_generator_settings":{"template":"highway","default_image_id":0,"font":"","enabled":false},"version":2}},"categories":[1,980],"tags":[2410,1397,1608,1954,1399,2409,1077],"class_list":["post-15663","post","type-post","status-publish","format-standard","has-post-thumbnail","hentry","category-allgemein","category-coffee-with-jenny","tag-2410","tag-bilanz","tag-blog","tag-blog-review","tag-foodblog","tag-foodblogbilanz","tag-review"],"yoast_head":"<!-- This site is optimized with the Yoast SEO plugin v27.5 - https:\/\/yoast.com\/product\/yoast-seo-wordpress\/ -->\n<title>Foodblog-Bilanz 2023 - Jenny is baking<\/title>\n<meta name=\"robots\" content=\"index, follow, max-snippet:-1, max-image-preview:large, max-video-preview:-1\" \/>\n<link rel=\"canonical\" href=\"https:\/\/jennyisbaking.com\/de\/2023\/12\/29\/foodblog-bilanz-2023\/\" \/>\n<meta property=\"og:locale\" content=\"de_DE\" \/>\n<meta property=\"og:type\" content=\"article\" \/>\n<meta property=\"og:title\" content=\"Foodblog-Bilanz 2023 - Jenny is baking\" \/>\n<meta property=\"og:description\" content=\"Leider ist der Eintrag nur auf English verf\u00fcgbar.\" \/>\n<meta property=\"og:url\" content=\"https:\/\/jennyisbaking.com\/de\/2023\/12\/29\/foodblog-bilanz-2023\/\" \/>\n<meta property=\"og:site_name\" content=\"Jenny is baking\" \/>\n<meta property=\"article:publisher\" content=\"https:\/\/www.facebook.com\/jennyisbaking\/\" \/>\n<meta property=\"article:author\" content=\"https:\/\/www.facebook.com\/jennyisbaking\/\" \/>\n<meta property=\"article:published_time\" content=\"2023-12-29T06:00:00+00:00\" \/>\n<meta property=\"article:modified_time\" content=\"2024-01-31T08:23:30+00:00\" \/>\n<meta property=\"og:image\" content=\"https:\/\/jennyisbaking.com\/wp-1c174-content\/uploads\/2023\/12\/Gemuetlicher-Kamin.jpg\" \/>\n\t<meta property=\"og:image:width\" content=\"534\" \/>\n\t<meta property=\"og:image:height\" content=\"801\" \/>\n\t<meta property=\"og:image:type\" content=\"image\/jpeg\" \/>\n<meta name=\"author\" content=\"Jenny\" \/>\n<meta name=\"twitter:card\" content=\"summary_large_image\" \/>\n<meta name=\"twitter:label1\" content=\"Verfasst von\" \/>\n\t<meta name=\"twitter:data1\" content=\"Jenny\" \/>\n\t<meta name=\"twitter:label2\" content=\"Gesch\u00e4tzte Lesezeit\" \/>\n\t<meta name=\"twitter:data2\" content=\"10\u00a0Minuten\" \/>\n<script type=\"application\/ld+json\" class=\"yoast-schema-graph\">{\"@context\":\"https:\\\/\\\/schema.org\",\"@graph\":[{\"@type\":\"Article\",\"@id\":\"https:\\\/\\\/jennyisbaking.com\\\/2023\\\/12\\\/29\\\/foodblog-bilanz-2023\\\/#article\",\"isPartOf\":{\"@id\":\"https:\\\/\\\/jennyisbaking.com\\\/2023\\\/12\\\/29\\\/foodblog-bilanz-2023\\\/\"},\"author\":{\"name\":\"Jenny\",\"@id\":\"https:\\\/\\\/jennyisbaking.com\\\/#\\\/schema\\\/person\\\/28a46859582cac5ac1ef7e065a17f77b\"},\"headline\":\"Foodblog-Bilanz 2023\",\"datePublished\":\"2023-12-29T06:00:00+00:00\",\"dateModified\":\"2024-01-31T08:23:30+00:00\",\"mainEntityOfPage\":{\"@id\":\"https:\\\/\\\/jennyisbaking.com\\\/2023\\\/12\\\/29\\\/foodblog-bilanz-2023\\\/\"},\"wordCount\":3024,\"commentCount\":9,\"image\":{\"@id\":\"https:\\\/\\\/jennyisbaking.com\\\/2023\\\/12\\\/29\\\/foodblog-bilanz-2023\\\/#primaryimage\"},\"thumbnailUrl\":\"https:\\\/\\\/i0.wp.com\\\/jennyisbaking.com\\\/wp-1c174-content\\\/uploads\\\/2023\\\/12\\\/Gemuetlicher-Kamin.jpg?fit=534%2C801&ssl=1\",\"keywords\":[\"2023\",\"bilanz\",\"blog\",\"blog review\",\"foodblog\",\"foodblogbilanz\",\"review\"],\"articleSection\":{\"1\":\"Coffee with Jenny\"},\"inLanguage\":\"de\",\"potentialAction\":[{\"@type\":\"CommentAction\",\"name\":\"Comment\",\"target\":[\"https:\\\/\\\/jennyisbaking.com\\\/2023\\\/12\\\/29\\\/foodblog-bilanz-2023\\\/#respond\"]}]},{\"@type\":\"WebPage\",\"@id\":\"https:\\\/\\\/jennyisbaking.com\\\/de\\\/2023\\\/12\\\/29\\\/foodblog-bilanz-2023\\\/\",\"url\":\"https:\\\/\\\/jennyisbaking.com\\\/de\\\/2023\\\/12\\\/29\\\/foodblog-bilanz-2023\\\/\",\"name\":\"Foodblog-Bilanz 2023 - Jenny is baking\",\"isPartOf\":{\"@id\":\"https:\\\/\\\/jennyisbaking.com\\\/de\\\/#website\"},\"primaryImageOfPage\":{\"@id\":\"https:\\\/\\\/jennyisbaking.com\\\/de\\\/2023\\\/12\\\/29\\\/foodblog-bilanz-2023\\\/#primaryimage\"},\"image\":{\"@id\":\"https:\\\/\\\/jennyisbaking.com\\\/2023\\\/12\\\/29\\\/foodblog-bilanz-2023\\\/#primaryimage\"},\"thumbnailUrl\":\"https:\\\/\\\/i0.wp.com\\\/jennyisbaking.com\\\/wp-1c174-content\\\/uploads\\\/2023\\\/12\\\/Gemuetlicher-Kamin.jpg?fit=534%2C801&ssl=1\",\"datePublished\":\"2023-12-29T06:00:00+00:00\",\"dateModified\":\"2024-01-31T08:23:30+00:00\",\"author\":{\"@id\":\"https:\\\/\\\/jennyisbaking.com\\\/#\\\/schema\\\/person\\\/28a46859582cac5ac1ef7e065a17f77b\"},\"breadcrumb\":{\"@id\":\"https:\\\/\\\/jennyisbaking.com\\\/de\\\/2023\\\/12\\\/29\\\/foodblog-bilanz-2023\\\/#breadcrumb\"},\"inLanguage\":\"de\",\"potentialAction\":[{\"@type\":\"ReadAction\",\"target\":[[\"https:\\\/\\\/jennyisbaking.com\\\/de\\\/2023\\\/12\\\/29\\\/foodblog-bilanz-2023\\\/\"]]}]},{\"@type\":\"ImageObject\",\"inLanguage\":\"de\",\"@id\":\"https:\\\/\\\/jennyisbaking.com\\\/de\\\/2023\\\/12\\\/29\\\/foodblog-bilanz-2023\\\/#primaryimage\",\"url\":\"https:\\\/\\\/i0.wp.com\\\/jennyisbaking.com\\\/wp-1c174-content\\\/uploads\\\/2023\\\/12\\\/Gemuetlicher-Kamin.jpg?fit=534%2C801&ssl=1\",\"contentUrl\":\"https:\\\/\\\/i0.wp.com\\\/jennyisbaking.com\\\/wp-1c174-content\\\/uploads\\\/2023\\\/12\\\/Gemuetlicher-Kamin.jpg?fit=534%2C801&ssl=1\",\"width\":534,\"height\":801},{\"@type\":\"BreadcrumbList\",\"@id\":\"https:\\\/\\\/jennyisbaking.com\\\/de\\\/2023\\\/12\\\/29\\\/foodblog-bilanz-2023\\\/#breadcrumb\",\"itemListElement\":[{\"@type\":\"ListItem\",\"position\":1,\"name\":\"Startseite\",\"item\":\"https:\\\/\\\/jennyisbaking.com\\\/de\\\/\"},{\"@type\":\"ListItem\",\"position\":2,\"name\":\"Foodblog-Bilanz 2023\"}]},{\"@type\":\"WebSite\",\"@id\":\"https:\\\/\\\/jennyisbaking.com\\\/de\\\/#website\",\"url\":\"https:\\\/\\\/jennyisbaking.com\\\/de\\\/\",\"name\":\"Jenny is baking\",\"description\":\"Backrezepte aus Nord- und S\u00fcdamerika\",\"potentialAction\":[{\"@type\":\"SearchAction\",\"target\":{\"@type\":\"EntryPoint\",\"urlTemplate\":\"https:\\\/\\\/jennyisbaking.com\\\/de\\\/?s={search_term_string}\"},\"query-input\":{\"@type\":\"PropertyValueSpecification\",\"valueRequired\":true,\"valueName\":\"search_term_string\"}}],\"inLanguage\":\"de\"},{\"@type\":\"Person\",\"@id\":\"https:\\\/\\\/jennyisbaking.com\\\/#\\\/schema\\\/person\\\/28a46859582cac5ac1ef7e065a17f77b\",\"name\":\"Jenny\",\"image\":{\"@type\":\"ImageObject\",\"inLanguage\":\"de\",\"@id\":\"https:\\\/\\\/secure.gravatar.com\\\/avatar\\\/23e81660a6279fbe7db0db01e9985036a8488f0100c3985867731ba2b4348089?s=96&d=mm&r=g\",\"url\":\"https:\\\/\\\/secure.gravatar.com\\\/avatar\\\/23e81660a6279fbe7db0db01e9985036a8488f0100c3985867731ba2b4348089?s=96&d=mm&r=g\",\"contentUrl\":\"https:\\\/\\\/secure.gravatar.com\\\/avatar\\\/23e81660a6279fbe7db0db01e9985036a8488f0100c3985867731ba2b4348089?s=96&d=mm&r=g\",\"caption\":\"Jenny\"},\"description\":\"Hi, ich hei\u00dfe Jenny, geb\u00fcrtig in Uruguay, als Kind in USA gelebt, nach dem Abi in Kanada und mit einem Kolumbianer verheiratet. Ich wohne im Moment in M\u00fcnchen, S\u00fcddeutschland. Auf meinem Blog finden sich meist s\u00fc\u00dfe Rezepte. Ich mag normalerweise einfache Sachen, die schnell gemacht sind, aber gleichzeitig was hermachen. Manchmal packt mich auch der Ehrgeiz und ich wage mich an kompliziertere Torten. Schau dir im Men\u00fc \u201eAlle Rezepte\u201c an f\u00fcr weitere Inspiration.\",\"sameAs\":[\"https:\\\/\\\/www.facebook.com\\\/jennyisbaking\\\/\",\"https:\\\/\\\/www.pinterest.de\\\/jennyisbaking\\\/\"]}]}<\/script>\n<!-- \/ Yoast SEO plugin. -->","yoast_head_json":{"title":"Foodblog-Bilanz 2023 - Jenny is baking","robots":{"index":"index","follow":"follow","max-snippet":"max-snippet:-1","max-image-preview":"max-image-preview:large","max-video-preview":"max-video-preview:-1"},"canonical":"https:\/\/jennyisbaking.com\/de\/2023\/12\/29\/foodblog-bilanz-2023\/","og_locale":"de_DE","og_type":"article","og_title":"Foodblog-Bilanz 2023 - Jenny is baking","og_description":"Leider ist der Eintrag nur auf English verf\u00fcgbar.","og_url":"https:\/\/jennyisbaking.com\/de\/2023\/12\/29\/foodblog-bilanz-2023\/","og_site_name":"Jenny is baking","article_publisher":"https:\/\/www.facebook.com\/jennyisbaking\/","article_author":"https:\/\/www.facebook.com\/jennyisbaking\/","article_published_time":"2023-12-29T06:00:00+00:00","article_modified_time":"2024-01-31T08:23:30+00:00","og_image":[{"width":534,"height":801,"url":"https:\/\/jennyisbaking.com\/wp-1c174-content\/uploads\/2023\/12\/Gemuetlicher-Kamin.jpg","type":"image\/jpeg"}],"author":"Jenny","twitter_card":"summary_large_image","twitter_misc":{"Verfasst von":"Jenny","Gesch\u00e4tzte Lesezeit":"10\u00a0Minuten"},"schema":{"@context":"https:\/\/schema.org","@graph":[{"@type":"Article","@id":"https:\/\/jennyisbaking.com\/2023\/12\/29\/foodblog-bilanz-2023\/#article","isPartOf":{"@id":"https:\/\/jennyisbaking.com\/2023\/12\/29\/foodblog-bilanz-2023\/"},"author":{"name":"Jenny","@id":"https:\/\/jennyisbaking.com\/#\/schema\/person\/28a46859582cac5ac1ef7e065a17f77b"},"headline":"Foodblog-Bilanz 2023","datePublished":"2023-12-29T06:00:00+00:00","dateModified":"2024-01-31T08:23:30+00:00","mainEntityOfPage":{"@id":"https:\/\/jennyisbaking.com\/2023\/12\/29\/foodblog-bilanz-2023\/"},"wordCount":3024,"commentCount":9,"image":{"@id":"https:\/\/jennyisbaking.com\/2023\/12\/29\/foodblog-bilanz-2023\/#primaryimage"},"thumbnailUrl":"https:\/\/i0.wp.com\/jennyisbaking.com\/wp-1c174-content\/uploads\/2023\/12\/Gemuetlicher-Kamin.jpg?fit=534%2C801&ssl=1","keywords":["2023","bilanz","blog","blog review","foodblog","foodblogbilanz","review"],"articleSection":{"1":"Coffee with Jenny"},"inLanguage":"de","potentialAction":[{"@type":"CommentAction","name":"Comment","target":["https:\/\/jennyisbaking.com\/2023\/12\/29\/foodblog-bilanz-2023\/#respond"]}]},{"@type":"WebPage","@id":"https:\/\/jennyisbaking.com\/de\/2023\/12\/29\/foodblog-bilanz-2023\/","url":"https:\/\/jennyisbaking.com\/de\/2023\/12\/29\/foodblog-bilanz-2023\/","name":"Foodblog-Bilanz 2023 - Jenny is baking","isPartOf":{"@id":"https:\/\/jennyisbaking.com\/de\/#website"},"primaryImageOfPage":{"@id":"https:\/\/jennyisbaking.com\/de\/2023\/12\/29\/foodblog-bilanz-2023\/#primaryimage"},"image":{"@id":"https:\/\/jennyisbaking.com\/2023\/12\/29\/foodblog-bilanz-2023\/#primaryimage"},"thumbnailUrl":"https:\/\/i0.wp.com\/jennyisbaking.com\/wp-1c174-content\/uploads\/2023\/12\/Gemuetlicher-Kamin.jpg?fit=534%2C801&ssl=1","datePublished":"2023-12-29T06:00:00+00:00","dateModified":"2024-01-31T08:23:30+00:00","author":{"@id":"https:\/\/jennyisbaking.com\/#\/schema\/person\/28a46859582cac5ac1ef7e065a17f77b"},"breadcrumb":{"@id":"https:\/\/jennyisbaking.com\/de\/2023\/12\/29\/foodblog-bilanz-2023\/#breadcrumb"},"inLanguage":"de","potentialAction":[{"@type":"ReadAction","target":[["https:\/\/jennyisbaking.com\/de\/2023\/12\/29\/foodblog-bilanz-2023\/"]]}]},{"@type":"ImageObject","inLanguage":"de","@id":"https:\/\/jennyisbaking.com\/de\/2023\/12\/29\/foodblog-bilanz-2023\/#primaryimage","url":"https:\/\/i0.wp.com\/jennyisbaking.com\/wp-1c174-content\/uploads\/2023\/12\/Gemuetlicher-Kamin.jpg?fit=534%2C801&ssl=1","contentUrl":"https:\/\/i0.wp.com\/jennyisbaking.com\/wp-1c174-content\/uploads\/2023\/12\/Gemuetlicher-Kamin.jpg?fit=534%2C801&ssl=1","width":534,"height":801},{"@type":"BreadcrumbList","@id":"https:\/\/jennyisbaking.com\/de\/2023\/12\/29\/foodblog-bilanz-2023\/#breadcrumb","itemListElement":[{"@type":"ListItem","position":1,"name":"Startseite","item":"https:\/\/jennyisbaking.com\/de\/"},{"@type":"ListItem","position":2,"name":"Foodblog-Bilanz 2023"}]},{"@type":"WebSite","@id":"https:\/\/jennyisbaking.com\/de\/#website","url":"https:\/\/jennyisbaking.com\/de\/","name":"Jenny is baking","description":"Backrezepte aus Nord- und S\u00fcdamerika","potentialAction":[{"@type":"SearchAction","target":{"@type":"EntryPoint","urlTemplate":"https:\/\/jennyisbaking.com\/de\/?s={search_term_string}"},"query-input":{"@type":"PropertyValueSpecification","valueRequired":true,"valueName":"search_term_string"}}],"inLanguage":"de"},{"@type":"Person","@id":"https:\/\/jennyisbaking.com\/#\/schema\/person\/28a46859582cac5ac1ef7e065a17f77b","name":"Jenny","image":{"@type":"ImageObject","inLanguage":"de","@id":"https:\/\/secure.gravatar.com\/avatar\/23e81660a6279fbe7db0db01e9985036a8488f0100c3985867731ba2b4348089?s=96&d=mm&r=g","url":"https:\/\/secure.gravatar.com\/avatar\/23e81660a6279fbe7db0db01e9985036a8488f0100c3985867731ba2b4348089?s=96&d=mm&r=g","contentUrl":"https:\/\/secure.gravatar.com\/avatar\/23e81660a6279fbe7db0db01e9985036a8488f0100c3985867731ba2b4348089?s=96&d=mm&r=g","caption":"Jenny"},"description":"Hi, ich hei\u00dfe Jenny, geb\u00fcrtig in Uruguay, als Kind in USA gelebt, nach dem Abi in Kanada und mit einem Kolumbianer verheiratet. Ich wohne im Moment in M\u00fcnchen, S\u00fcddeutschland. Auf meinem Blog finden sich meist s\u00fc\u00dfe Rezepte. Ich mag normalerweise einfache Sachen, die schnell gemacht sind, aber gleichzeitig was hermachen. Manchmal packt mich auch der Ehrgeiz und ich wage mich an kompliziertere Torten. Schau dir im Men\u00fc \u201eAlle Rezepte\u201c an f\u00fcr weitere Inspiration.","sameAs":["https:\/\/www.facebook.com\/jennyisbaking\/","https:\/\/www.pinterest.de\/jennyisbaking\/"]}]}},"jetpack_publicize_connections":[],"jetpack_featured_media_url":"https:\/\/i0.wp.com\/jennyisbaking.com\/wp-1c174-content\/uploads\/2023\/12\/Gemuetlicher-Kamin.jpg?fit=534%2C801&ssl=1","jetpack_sharing_enabled":true,"jetpack_shortlink":"https:\/\/wp.me\/p8MAhl-44D","jetpack-related-posts":[{"id":14143,"url":"https:\/\/jennyisbaking.com\/de\/2022\/12\/30\/foodblog-bilanz-2022\/","url_meta":{"origin":15663,"position":0},"title":"Foodblog-Bilanz 2022","author":"Jenny","date":"Freitag, der 30. Dezember 2022","format":false,"excerpt":"Alle Jahre wieder liebe ich es, bei der Foodblog-Bilanz von Feedmeuobeforeyougogo mitzumachen. Dazu beantwortet man jedes Jahr die gleichen acht Fragen, hier also meine Antworten. Titelbild stammt von Daniel Cuervo. 1. Was war 2022 dein erfolgreichster Blogartikel?Eigentlich immer noch die Brownie-Cookies, aber ich bin da jetzt einfach mal so dreist\u2026","rel":"","context":"In &quot;Allgemein&quot;","block_context":{"text":"Allgemein","link":"https:\/\/jennyisbaking.com\/de\/category\/allgemein\/"},"img":{"alt_text":"","src":"https:\/\/i0.wp.com\/jennyisbaking.com\/wp-1c174-content\/uploads\/2022\/12\/Unbenannt-8.jpg?fit=534%2C801&ssl=1&resize=350%2C200","width":350,"height":200,"srcset":"https:\/\/i0.wp.com\/jennyisbaking.com\/wp-1c174-content\/uploads\/2022\/12\/Unbenannt-8.jpg?fit=534%2C801&ssl=1&resize=350%2C200 1x, https:\/\/i0.wp.com\/jennyisbaking.com\/wp-1c174-content\/uploads\/2022\/12\/Unbenannt-8.jpg?fit=534%2C801&ssl=1&resize=525%2C300 1.5x"},"classes":[]},{"id":5053,"url":"https:\/\/jennyisbaking.com\/de\/2018\/02\/16\/review-of-my-first-year-of-blogging\/","url_meta":{"origin":15663,"position":1},"title":"Bilanz nach dem ersten Blogjahr","author":"Jenny","date":"Freitag, der 16. Februar 2018","format":false,"excerpt":"Man macht \u00fcblicherweise zu Beginn des Jahres ein sogenanntes \"Best of\". Welches Rezept wurde am meisten geklickt, welches wurde am meisten kommentiert usw. Ich habe mir jedoch gedacht, dass es doch viel toller w\u00e4re, wenn ich nach meinem ersten Blogjahr Bilanz ziehe. Ich wei\u00df, das Jahr ist schon nicht mehr\u2026","rel":"","context":"In &quot;Allgemein&quot;","block_context":{"text":"Allgemein","link":"https:\/\/jennyisbaking.com\/de\/category\/allgemein\/"},"img":{"alt_text":"","src":"https:\/\/i0.wp.com\/jennyisbaking.com\/wp-1c174-content\/uploads\/2018\/02\/DSC4724x.jpg?fit=534%2C800&ssl=1&resize=350%2C200","width":350,"height":200,"srcset":"https:\/\/i0.wp.com\/jennyisbaking.com\/wp-1c174-content\/uploads\/2018\/02\/DSC4724x.jpg?fit=534%2C800&ssl=1&resize=350%2C200 1x, https:\/\/i0.wp.com\/jennyisbaking.com\/wp-1c174-content\/uploads\/2018\/02\/DSC4724x.jpg?fit=534%2C800&ssl=1&resize=525%2C300 1.5x"},"classes":[]},{"id":12808,"url":"https:\/\/jennyisbaking.com\/de\/2021\/12\/31\/blogbilanz-2021\/","url_meta":{"origin":15663,"position":2},"title":"Blogbilanz 2021","author":"Jenny","date":"Freitag, der 31. Dezember 2021","format":false,"excerpt":"So, wie jedes Jahr gibt es nun also die Blogbilanz 2021. Ich mache hierbei beim Event, das von Feed me up before you go go veranstaltet wird, mit. Dabei beantwortet man insgesamt acht Fragen zum Foodblog. Hier also meine Antworten. 1. Was war 2021 dein erfolgreichster Blogartikel? Die allerbesten schokoladigen\u2026","rel":"","context":"In &quot;Allgemein&quot;","block_context":{"text":"Allgemein","link":"https:\/\/jennyisbaking.com\/de\/category\/allgemein\/"},"img":{"alt_text":"","src":"https:\/\/i0.wp.com\/jennyisbaking.com\/wp-1c174-content\/uploads\/2021\/12\/DSC0107.jpg?fit=535%2C800&ssl=1&resize=350%2C200","width":350,"height":200,"srcset":"https:\/\/i0.wp.com\/jennyisbaking.com\/wp-1c174-content\/uploads\/2021\/12\/DSC0107.jpg?fit=535%2C800&ssl=1&resize=350%2C200 1x, https:\/\/i0.wp.com\/jennyisbaking.com\/wp-1c174-content\/uploads\/2021\/12\/DSC0107.jpg?fit=535%2C800&ssl=1&resize=525%2C300 1.5x"},"classes":[]},{"id":11473,"url":"https:\/\/jennyisbaking.com\/de\/2020\/12\/27\/food-blog-bilanz-2020\/","url_meta":{"origin":15663,"position":3},"title":"Blog-R\u00fcckblick 2020","author":"Jenny","date":"Sonntag, der 27. Dezember 2020","format":false,"excerpt":"Das verr\u00fcckte Jahr 2020 ist fast rum und ich finde, es ist an der Zeit ein Res\u00fcmee zu ziehen und zu schauen, was so alles passiert ist. Ich mache hiermit mit bei der \"Foodblogbilanz 2020\" von\u00a0 Feed me up before you go-go\" mit und beantworte die acht Fragen zu meinem\u2026","rel":"","context":"In &quot;Allgemein&quot;","block_context":{"text":"Allgemein","link":"https:\/\/jennyisbaking.com\/de\/category\/allgemein\/"},"img":{"alt_text":"Hund vor dem Weihnachtsbaum","src":"https:\/\/i0.wp.com\/jennyisbaking.com\/wp-1c174-content\/uploads\/2020\/12\/DSC06687.jpg?fit=534%2C801&ssl=1&resize=350%2C200","width":350,"height":200,"srcset":"https:\/\/i0.wp.com\/jennyisbaking.com\/wp-1c174-content\/uploads\/2020\/12\/DSC06687.jpg?fit=534%2C801&ssl=1&resize=350%2C200 1x, https:\/\/i0.wp.com\/jennyisbaking.com\/wp-1c174-content\/uploads\/2020\/12\/DSC06687.jpg?fit=534%2C801&ssl=1&resize=525%2C300 1.5x"},"classes":[]},{"id":9888,"url":"https:\/\/jennyisbaking.com\/de\/2019\/12\/31\/blog-summary-of-2019\/","url_meta":{"origin":15663,"position":4},"title":"Foodblogbilanz 2019","author":"Jenny","date":"Dienstag, der 31. Dezember 2019","format":false,"excerpt":"Der letzte Tag vom Jahr 2019. Unfassbar. Irgendwie ist die Zeit dieses Jahr besonders schnell gerast. Sicher liegt es daran, dass ich von Hamburg nach M\u00fcnchen umgezogen bin, aber ich glaube, nicht nur deshalb. Dieses Jahr m\u00f6chte ich gerne dem Aufruf vom Blog Feedmeupbeforeyougogo folgen und ein wenig auf das\u2026","rel":"","context":"In &quot;Allgemein&quot;","block_context":{"text":"Allgemein","link":"https:\/\/jennyisbaking.com\/de\/category\/allgemein\/"},"img":{"alt_text":"Letter Cake mit Biskuit und Zitronen-Minzcreme","src":"https:\/\/i0.wp.com\/jennyisbaking.com\/wp-1c174-content\/uploads\/2018\/12\/DSC05673n-1.jpg?fit=801%2C534&ssl=1&resize=350%2C200","width":350,"height":200,"srcset":"https:\/\/i0.wp.com\/jennyisbaking.com\/wp-1c174-content\/uploads\/2018\/12\/DSC05673n-1.jpg?fit=801%2C534&ssl=1&resize=350%2C200 1x, https:\/\/i0.wp.com\/jennyisbaking.com\/wp-1c174-content\/uploads\/2018\/12\/DSC05673n-1.jpg?fit=801%2C534&ssl=1&resize=525%2C300 1.5x, https:\/\/i0.wp.com\/jennyisbaking.com\/wp-1c174-content\/uploads\/2018\/12\/DSC05673n-1.jpg?fit=801%2C534&ssl=1&resize=700%2C400 2x"},"classes":[]},{"id":15522,"url":"https:\/\/jennyisbaking.com\/de\/2023\/12\/01\/torta-rogel-aus-uruguay-oder-argentinien\/","url_meta":{"origin":15663,"position":5},"title":"Erstes Adventst\u00fcrchen: Torta Rogel aus Uruguay","author":"Jenny","date":"Freitag, der  1. Dezember 2023","format":false,"excerpt":"Hurra, ich habe heute die besondere Ehre, dass ich den wohl legend\u00e4rsten Foodblogger-Adventskalender er\u00f6ffnen darf: Zorra vom Blog Kochtopf l\u00e4dt uns alle ein. Wer jeden Tag durchs T\u00fcrchen geht und sich die Rezepte und Rezeptgeschichten durchliest, hat die gro\u00dfe Chance tolle Preise zu gewinnen, es gibt gleich zwei Mal die\u2026","rel":"","context":"In &quot;All Seasons&quot;","block_context":{"text":"All Seasons","link":"https:\/\/jennyisbaking.com\/de\/category\/all-seasons\/"},"img":{"alt_text":"","src":"https:\/\/i0.wp.com\/jennyisbaking.com\/wp-1c174-content\/uploads\/2023\/11\/Torta-Rogel-1-1.jpg?fit=534%2C801&ssl=1&resize=350%2C200","width":350,"height":200,"srcset":"https:\/\/i0.wp.com\/jennyisbaking.com\/wp-1c174-content\/uploads\/2023\/11\/Torta-Rogel-1-1.jpg?fit=534%2C801&ssl=1&resize=350%2C200 1x, https:\/\/i0.wp.com\/jennyisbaking.com\/wp-1c174-content\/uploads\/2023\/11\/Torta-Rogel-1-1.jpg?fit=534%2C801&ssl=1&resize=525%2C300 1.5x"},"classes":[]}],"_links":{"self":[{"href":"https:\/\/jennyisbaking.com\/de\/wp-json\/wp\/v2\/posts\/15663","targetHints":{"allow":["GET"]}}],"collection":[{"href":"https:\/\/jennyisbaking.com\/de\/wp-json\/wp\/v2\/posts"}],"about":[{"href":"https:\/\/jennyisbaking.com\/de\/wp-json\/wp\/v2\/types\/post"}],"author":[{"embeddable":true,"href":"https:\/\/jennyisbaking.com\/de\/wp-json\/wp\/v2\/users\/1"}],"replies":[{"embeddable":true,"href":"https:\/\/jennyisbaking.com\/de\/wp-json\/wp\/v2\/comments?post=15663"}],"version-history":[{"count":20,"href":"https:\/\/jennyisbaking.com\/de\/wp-json\/wp\/v2\/posts\/15663\/revisions"}],"predecessor-version":[{"id":15950,"href":"https:\/\/jennyisbaking.com\/de\/wp-json\/wp\/v2\/posts\/15663\/revisions\/15950"}],"wp:featuredmedia":[{"embeddable":true,"href":"https:\/\/jennyisbaking.com\/de\/wp-json\/wp\/v2\/media\/15708"}],"wp:attachment":[{"href":"https:\/\/jennyisbaking.com\/de\/wp-json\/wp\/v2\/media?parent=15663"}],"wp:term":[{"taxonomy":"category","embeddable":true,"href":"https:\/\/jennyisbaking.com\/de\/wp-json\/wp\/v2\/categories?post=15663"},{"taxonomy":"post_tag","embeddable":true,"href":"https:\/\/jennyisbaking.com\/de\/wp-json\/wp\/v2\/tags?post=15663"}],"curies":[{"name":"wp","href":"https:\/\/api.w.org\/{rel}","templated":true}]}}