{"id":16335,"date":"2024-05-27T07:00:00","date_gmt":"2024-05-27T05:00:00","guid":{"rendered":"https:\/\/jennyisbaking.com\/?p=16335"},"modified":"2024-07-04T20:02:11","modified_gmt":"2024-07-04T18:02:11","slug":"coffee-date-16","status":"publish","type":"post","link":"https:\/\/jennyisbaking.com\/de\/2024\/05\/27\/coffee-date-16\/","title":{"rendered":"Coffee-Date 16"},"content":{"rendered":"<p>Es ist mal wieder h\u00f6chste Zeit f\u00fcr ein Coffee-Date mit euch, also, schnapp dir einen Tee oder Kaffee und komm mit auf eine Reise mit mir. Wir bleiben diesmal im sch\u00f6nen Bayern, wir haben n\u00e4mlich hier einen Aktivurlaub gemacht. Ich bin immer noch ganz stolz, dass wir zwei Fahrradtouren mit dem abgebildeten Rad gemacht haben, zwei Mal sind wir 80km gefahren. Hazel dabei, manchmal auch neben dem Rad laufend (wenn auch eher k\u00fcrzere Strecken). Au\u00dferdem waren wir auch wandern. Fazit: Bayern ist wundersch\u00f6n und zum Gl\u00fcck ist mein Mann mittlerweile noch fahrradbegeisterter als ich, das war zu Beginn unserer Beziehung noch ganz anders. Mein Mann war auch derjenige, der mich darauf hinwies, dass der Eibsee in Bayern viel \u00c4hnlichkeit mit dem Jasper Nationalpark in Kanada hat, in dem ich vor fast 20 Jahren mal Urlaub gemacht habe. Wundersch\u00f6n, fast schon gr\u00fcnes Wasser und einfach nur atemberaubend anzuschauen.<\/p>\n<p><a href=\"https:\/\/i0.wp.com\/jennyisbaking.com\/wp-1c174-content\/uploads\/2024\/04\/Eibsee-2.jpg?ssl=1\"><img data-recalc-dims=\"1\" loading=\"lazy\" decoding=\"async\" data-attachment-id=\"16337\" data-permalink=\"https:\/\/jennyisbaking.com\/de\/2024\/05\/27\/coffee-date-16\/eibsee-2\/\" data-orig-file=\"https:\/\/i0.wp.com\/jennyisbaking.com\/wp-1c174-content\/uploads\/2024\/04\/Eibsee-2.jpg?fit=801%2C534&amp;ssl=1\" data-orig-size=\"801,534\" data-comments-opened=\"1\" data-image-meta=\"{&quot;aperture&quot;:&quot;0&quot;,&quot;credit&quot;:&quot;&quot;,&quot;camera&quot;:&quot;&quot;,&quot;caption&quot;:&quot;&quot;,&quot;created_timestamp&quot;:&quot;0&quot;,&quot;copyright&quot;:&quot;&quot;,&quot;focal_length&quot;:&quot;0&quot;,&quot;iso&quot;:&quot;0&quot;,&quot;shutter_speed&quot;:&quot;0&quot;,&quot;title&quot;:&quot;&quot;,&quot;orientation&quot;:&quot;0&quot;}\" data-image-title=\"Eibsee-2\" data-image-description=\"\" data-image-caption=\"\" data-large-file=\"https:\/\/i0.wp.com\/jennyisbaking.com\/wp-1c174-content\/uploads\/2024\/04\/Eibsee-2.jpg?fit=801%2C534&amp;ssl=1\" class=\"aligncenter size-full wp-image-16337\" src=\"https:\/\/i0.wp.com\/jennyisbaking.com\/wp-1c174-content\/uploads\/2024\/04\/Eibsee-2.jpg?resize=801%2C534&#038;ssl=1\" alt=\"\" width=\"801\" height=\"534\" srcset=\"https:\/\/i0.wp.com\/jennyisbaking.com\/wp-1c174-content\/uploads\/2024\/04\/Eibsee-2.jpg?w=801&amp;ssl=1 801w, https:\/\/i0.wp.com\/jennyisbaking.com\/wp-1c174-content\/uploads\/2024\/04\/Eibsee-2.jpg?resize=300%2C200&amp;ssl=1 300w, https:\/\/i0.wp.com\/jennyisbaking.com\/wp-1c174-content\/uploads\/2024\/04\/Eibsee-2.jpg?resize=768%2C512&amp;ssl=1 768w\" sizes=\"auto, (max-width: 801px) 100vw, 801px\" \/><\/a><!--more-->In letzter Zeit scheine ich auch vermehrt Rezepte aus der Kindheit ausprobieren zu wollen, so machte ich zu Ostern <a href=\"https:\/\/jennyisbaking.com\/de\/2024\/03\/22\/schoko-ostereier-mit-eiweisglasur\/\" target=\"_blank\" rel=\"noopener\">Schoko-Ostereier und verzierte diese mit Eiwei\u00dfglasur<\/a>. Ich kann mich noch lebhaft erinnern, dass es die in den 80ern in Uruguay gab. Das letzte Mal bestaunt hatte ich sie Ostern 2016, als wir in Uruguay zu Besuch waren. Dass es gar nicht so schwer ist diese selbst zu kreiern, hat mich wieder darin best\u00e4tigt einfach mal zu machen und auszuprobieren.<\/p>\n<div class=\"tiled-gallery type-rectangular tiled-gallery-unresized\" data-original-width=\"1080\" data-carousel-extra='{&quot;blog_id&quot;:1,&quot;permalink&quot;:&quot;https:\\\/\\\/jennyisbaking.com\\\/de\\\/2024\\\/05\\\/27\\\/coffee-date-16\\\/&quot;,&quot;likes_blog_id&quot;:129789891}' itemscope itemtype=\"http:\/\/schema.org\/ImageGallery\" > <div class=\"gallery-row\" style=\"width: 1080px; height: 808px;\" data-original-width=\"1080\" data-original-height=\"808\" > <div class=\"gallery-group images-1\" style=\"width: 540px; height: 808px;\" data-original-width=\"540\" data-original-height=\"808\" > <div class=\"tiled-gallery-item tiled-gallery-item-large\" itemprop=\"associatedMedia\" itemscope itemtype=\"http:\/\/schema.org\/ImageObject\"> <a href=\"https:\/\/jennyisbaking.com\/de\/2024\/03\/22\/schoko-ostereier-mit-eiweisglasur\/schokoladenei-mit-eiweissglasur\/\" border=\"0\" itemprop=\"url\"> <meta itemprop=\"width\" content=\"536\"> <meta itemprop=\"height\" content=\"804\"> <img decoding=\"async\" class=\"\" data-attachment-id=\"16124\" data-orig-file=\"https:\/\/jennyisbaking.com\/wp-1c174-content\/uploads\/2024\/03\/Schokoladenei-mit-Eiweissglasur.jpg\" data-orig-size=\"534,801\" data-comments-opened=\"1\" data-image-meta=\"{&quot;aperture&quot;:&quot;0&quot;,&quot;credit&quot;:&quot;&quot;,&quot;camera&quot;:&quot;&quot;,&quot;caption&quot;:&quot;&quot;,&quot;created_timestamp&quot;:&quot;0&quot;,&quot;copyright&quot;:&quot;&quot;,&quot;focal_length&quot;:&quot;0&quot;,&quot;iso&quot;:&quot;0&quot;,&quot;shutter_speed&quot;:&quot;0&quot;,&quot;title&quot;:&quot;&quot;,&quot;orientation&quot;:&quot;0&quot;}\" data-image-title=\"Schokoladenei-mit-Eiwei\u00dfglasur\" data-image-description=\"\" data-medium-file=\"https:\/\/i0.wp.com\/jennyisbaking.com\/wp-1c174-content\/uploads\/2024\/03\/Schokoladenei-mit-Eiweissglasur.jpg?fit=200%2C300&#038;ssl=1\" data-large-file=\"https:\/\/i0.wp.com\/jennyisbaking.com\/wp-1c174-content\/uploads\/2024\/03\/Schokoladenei-mit-Eiweissglasur.jpg?fit=534%2C801&#038;ssl=1\" src=\"https:\/\/i0.wp.com\/jennyisbaking.com\/wp-1c174-content\/uploads\/2024\/03\/Schokoladenei-mit-Eiweissglasur.jpg?w=536&#038;h=804&#038;ssl=1\" srcset=\"https:\/\/i0.wp.com\/jennyisbaking.com\/wp-1c174-content\/uploads\/2024\/03\/Schokoladenei-mit-Eiweissglasur.jpg?w=534&amp;ssl=1 534w, https:\/\/i0.wp.com\/jennyisbaking.com\/wp-1c174-content\/uploads\/2024\/03\/Schokoladenei-mit-Eiweissglasur.jpg?resize=200%2C300&amp;ssl=1 200w\" width=\"536\" height=\"804\" loading=\"lazy\" data-original-width=\"536\" data-original-height=\"804\" itemprop=\"http:\/\/schema.org\/image\" title=\"Schokoladenei-mit-Eiwei\u00dfglasur\" alt=\"Schokoladenei-mit-Eiwei\u00dfglasur\" style=\"width: 536px; height: 804px;\" \/> <\/a> <\/div> <\/div> <!-- close group --> <div class=\"gallery-group images-1\" style=\"width: 540px; height: 808px;\" data-original-width=\"540\" data-original-height=\"808\" > <div class=\"tiled-gallery-item tiled-gallery-item-large\" itemprop=\"associatedMedia\" itemscope itemtype=\"http:\/\/schema.org\/ImageObject\"> <a href=\"https:\/\/jennyisbaking.com\/de\/2024\/04\/12\/ukrainische-wareniki-nach-dem-rezept-meiner-oma\/wareniki-rezept-4\/\" border=\"0\" itemprop=\"url\"> <meta itemprop=\"width\" content=\"536\"> <meta itemprop=\"height\" content=\"804\"> <img decoding=\"async\" class=\"\" data-attachment-id=\"16222\" data-orig-file=\"https:\/\/jennyisbaking.com\/wp-1c174-content\/uploads\/2024\/04\/Wareniki-Rezept-4.jpg\" data-orig-size=\"534,801\" data-comments-opened=\"1\" data-image-meta=\"{&quot;aperture&quot;:&quot;0&quot;,&quot;credit&quot;:&quot;&quot;,&quot;camera&quot;:&quot;&quot;,&quot;caption&quot;:&quot;&quot;,&quot;created_timestamp&quot;:&quot;0&quot;,&quot;copyright&quot;:&quot;&quot;,&quot;focal_length&quot;:&quot;0&quot;,&quot;iso&quot;:&quot;0&quot;,&quot;shutter_speed&quot;:&quot;0&quot;,&quot;title&quot;:&quot;&quot;,&quot;orientation&quot;:&quot;0&quot;}\" data-image-title=\"Wareniki-Rezept-4\" data-image-description=\"\" data-medium-file=\"https:\/\/i0.wp.com\/jennyisbaking.com\/wp-1c174-content\/uploads\/2024\/04\/Wareniki-Rezept-4.jpg?fit=200%2C300&#038;ssl=1\" data-large-file=\"https:\/\/i0.wp.com\/jennyisbaking.com\/wp-1c174-content\/uploads\/2024\/04\/Wareniki-Rezept-4.jpg?fit=534%2C801&#038;ssl=1\" src=\"https:\/\/i0.wp.com\/jennyisbaking.com\/wp-1c174-content\/uploads\/2024\/04\/Wareniki-Rezept-4.jpg?w=536&#038;h=804&#038;ssl=1\" srcset=\"https:\/\/i0.wp.com\/jennyisbaking.com\/wp-1c174-content\/uploads\/2024\/04\/Wareniki-Rezept-4.jpg?w=534&amp;ssl=1 534w, https:\/\/i0.wp.com\/jennyisbaking.com\/wp-1c174-content\/uploads\/2024\/04\/Wareniki-Rezept-4.jpg?resize=200%2C300&amp;ssl=1 200w\" width=\"536\" height=\"804\" loading=\"lazy\" data-original-width=\"536\" data-original-height=\"804\" itemprop=\"http:\/\/schema.org\/image\" title=\"Wareniki-Rezept-4\" alt=\"Wareniki-Rezept-4\" style=\"width: 536px; height: 804px;\" \/> <\/a> <\/div> <\/div> <!-- close group --> <\/div> <!-- close row --> <\/div>\n<p>Au\u00dferdem machte ich ein Rezept meiner Oma nach, <a href=\"https:\/\/jennyisbaking.com\/de\/2024\/04\/12\/ukrainische-wareniki-nach-dem-rezept-meiner-oma\/\" target=\"_blank\" rel=\"noopener\">ukrainische Wareniki<\/a>, und schwelgte in Kindheitserinnerungen, es gibt noch so einige Rezepte aus Omas Rezeptbuch, die ich unbedingt ausprobieren m\u00f6chte. Wie immer ist meine Backliste nat\u00fcrlich lang und wird immer l\u00e4nger.<\/p>\n<p>Da es im April auf einmal super kalt wurde und wir wieder unsere Wintersachen auspacken mussten, probierte ich wieder kolumbianische Schokolade, chocolate caliente. Ich hatte so einige Diskussionen, denn Kolumbianer schneiden sich Mozzarella in W\u00fcrfel und packen diese in die hei\u00dfe Schokolade. Viele denken erst einmal, dass das Marshmallows sind, nein, es handelt sich um Mozzarella-W\u00fcrfel. Entweder wartet man bis der K\u00e4se geschmolzen ist und isst ihn dann separat oder aber man trinkt Schokolade und isst den K\u00e4se nebenbei. In meinem Spanischkurs brachte ich dann einmal kolumbianische Schokolade mit, ich war schon sehr gespannt, ob wirklich alle probieren w\u00fcrden. Tats\u00e4chlich, alle trauten sich, mein Spanischlehrer (aus Madrid), war mega begeistert. Wir waren uns einig, der K\u00e4se muss auf jeden Fall mild sein, dass man in Kolumbien Mozzarella verwendet, \u00fcberrascht nicht. Eine Mitsch\u00fclerin meinte, der K\u00e4se schmecke irgendwie so als ob man Sahne der Schokolade beigemischt h\u00e4tte. Dem kann ich nur zustimmen, man hat das Gef\u00fchl, dass die hei\u00dfe Schokolade cremiger wird. Ich selbst war erst auch ziemlich misstrauisch, muss aber sagen, je \u00f6fter ich es esse, umso leckerer wird es. W\u00fcrdest du es probieren?<\/p>\n<p>Der April ist f\u00fcr mich auch immer ein besonderer Monat, weil ich meinen zweiten Geburtstag feiere. Am 23. April 2018 hatte ich einen heftigen Fahrradunfall mit Hirnbluten, <a href=\"https:\/\/jennyisbaking.com\/de\/2022\/04\/17\/blogevent-fuenf-jahre-ohne-folgeschaeden-wir-feiern-mit-schokolade\/\" target=\"_blank\" rel=\"noopener\">Details kannst du hier nachlesen<\/a>. Jedes Jahr denke ich mir eine Torte aus, die ich zur Feier des Tages esse. Da mache ich auch eine gro\u00dfe Ausnahme, w\u00e4hrend ich von meinen Torten meist nur ein kleines Probierst\u00fcck esse, gibt es durchaus mal zwei oder drei St\u00fcck Torte an diesem besonderen Tag. Diesmal hatte ich irgendwie Lust auf Vanille und Erdbeere, deshalb gab es diese <a href=\"https:\/\/jennyisbaking.com\/de\/2024\/04\/23\/finnische-erdbeertorte-mansikkakakku-rezept\/\" target=\"_blank\" rel=\"noopener\">finnische Erdbeertorte<\/a>.<\/p>\n<p><a href=\"https:\/\/i0.wp.com\/jennyisbaking.com\/wp-1c174-content\/uploads\/2024\/04\/Finnische-Erdbeertorte-mansikkakakku-2.jpg?ssl=1\"><img data-recalc-dims=\"1\" loading=\"lazy\" decoding=\"async\" data-attachment-id=\"16316\" data-permalink=\"https:\/\/jennyisbaking.com\/de\/2024\/04\/23\/finnische-erdbeertorte-mansikkakakku-rezept\/finnische-erdbeertorte-mansikkakakku-2\/\" data-orig-file=\"https:\/\/i0.wp.com\/jennyisbaking.com\/wp-1c174-content\/uploads\/2024\/04\/Finnische-Erdbeertorte-mansikkakakku-2.jpg?fit=534%2C801&amp;ssl=1\" data-orig-size=\"534,801\" data-comments-opened=\"1\" data-image-meta=\"{&quot;aperture&quot;:&quot;0&quot;,&quot;credit&quot;:&quot;&quot;,&quot;camera&quot;:&quot;&quot;,&quot;caption&quot;:&quot;&quot;,&quot;created_timestamp&quot;:&quot;0&quot;,&quot;copyright&quot;:&quot;&quot;,&quot;focal_length&quot;:&quot;0&quot;,&quot;iso&quot;:&quot;0&quot;,&quot;shutter_speed&quot;:&quot;0&quot;,&quot;title&quot;:&quot;&quot;,&quot;orientation&quot;:&quot;0&quot;}\" data-image-title=\"Finnische-Erdbeertorte-mansikkakakku-2\" data-image-description=\"\" data-image-caption=\"\" data-large-file=\"https:\/\/i0.wp.com\/jennyisbaking.com\/wp-1c174-content\/uploads\/2024\/04\/Finnische-Erdbeertorte-mansikkakakku-2.jpg?fit=534%2C801&amp;ssl=1\" class=\"aligncenter size-full wp-image-16316\" src=\"https:\/\/i0.wp.com\/jennyisbaking.com\/wp-1c174-content\/uploads\/2024\/04\/Finnische-Erdbeertorte-mansikkakakku-2.jpg?resize=534%2C801&#038;ssl=1\" alt=\"\" width=\"534\" height=\"801\" srcset=\"https:\/\/i0.wp.com\/jennyisbaking.com\/wp-1c174-content\/uploads\/2024\/04\/Finnische-Erdbeertorte-mansikkakakku-2.jpg?w=534&amp;ssl=1 534w, https:\/\/i0.wp.com\/jennyisbaking.com\/wp-1c174-content\/uploads\/2024\/04\/Finnische-Erdbeertorte-mansikkakakku-2.jpg?resize=200%2C300&amp;ssl=1 200w\" sizes=\"auto, (max-width: 534px) 100vw, 534px\" \/><\/a>Und dann probierte ich mich noch im <a href=\"https:\/\/jennyisbaking.com\/de\/2024\/05\/05\/blumen-aus-buttercreme-mit-dem-palettenmesser\/\" target=\"_blank\" rel=\"noopener\">Gestalten von Blumen mit dem Palettenmesser<\/a>. Daf\u00fcr habe ich sogar an einem <a href=\"https:\/\/butterandblossoms.studio\/featured-courses\" target=\"_blank\" rel=\"noopener\">Online-Kurs von Kwun<\/a> teilgenommen. Mit einer Buttercreme, die zum gro\u00dfen Teil aus wei\u00dfer Schokolade besteht, hat es leider gar nicht geklappt, ich bin dann zu einem anderen Rezept umgeschwenkt, dass deutlich einfacher war. Au\u00dferdem ist es auch nicht ganz ohne mit Palettenmesser immer wieder Bl\u00fctenbl\u00e4tter zu kreiern, es dauerte eine Weile bis ich den Dreh raus hatte. Das Gute ist jedoch, dass man einfach Bl\u00fctenbl\u00e4tter immer wieder neu \u00fcben kann, wenn was nicht geworden ist, einfach wieder ein wenig Creme verstreichen und neu ein Blatt abstreichen. Das finde ich unglaublich befreiend, man kann einfach so lange \u00fcben bis man gl\u00fccklich ist. Au\u00dferdem besteht die Creme haupts\u00e4chlich aus Butter, so hatte ich einige Abende nach der Arbeit Zeit neu zu \u00fcben, Buttercreme aus dem K\u00fchlschrank holen, einfach kurz anf\u00f6nen und dann ging es wieder los. Super praktisch. \u00dcbrigens gibt es schon einen Beitrag auf meinem Blog zum Thema <a href=\"https:\/\/jennyisbaking.com\/de\/2020\/06\/26\/wie-macht-man-blumen-mit-buttercreme\/\" target=\"_blank\" rel=\"noopener\">wie man Blumen aus Buttercreme macht<\/a>. Der Artikel ist bewusst Anf\u00e4ngern gewidmet und wird von euch viel aufgerufen. Deshalb gibt jetzt ganz neu einen Beitrag <a href=\"https:\/\/jennyisbaking.com\/de\/2024\/05\/05\/blumen-aus-buttercreme-mit-dem-palettenmesser\/\" target=\"_blank\" rel=\"noopener\">wie man Blumen mit dem Palettenmesser kreiert<\/a>.<\/p>\n<p style=\"text-align: center;\"><a href=\"https:\/\/i0.wp.com\/jennyisbaking.com\/wp-1c174-content\/uploads\/2024\/05\/Palettenmesserblumen-aus-Buttercreme.jpg?ssl=1\"><img data-recalc-dims=\"1\" loading=\"lazy\" decoding=\"async\" class=\"aligncenter size-full wp-image-16486\" src=\"https:\/\/i0.wp.com\/jennyisbaking.com\/wp-1c174-content\/uploads\/2024\/05\/Palettenmesserblumen-aus-Buttercreme.jpg?resize=534%2C801&#038;ssl=1\" alt=\"\" width=\"534\" height=\"801\" \/><\/a>Ich bin wirklich stolz auf diese <a href=\"https:\/\/jennyisbaking.com\/de\/2024\/05\/05\/blumen-aus-buttercreme-mit-dem-palettenmesser\/\" target=\"_blank\" rel=\"noopener\">Blumen mit dem Palettenmesser<\/a>, ein paar Mal habe ich schon \u00fcben k\u00f6nnen.<\/p>\n<p>Es ist jetzt nur ein paar Tage her, dass wir eine Party zum Thema &#8222;42 ist die Antwort auf alles&#8220; geschmissen haben. Hintergrund ist, dass wir beide Jahrgang 1982 sind, sprich also beide dieses Jahr 42 Jahre alt werden. Zur Sicherheit, damit beziehe ich mich auf das Buch von Douglas Adams &#8222;Per Anhalter durch die Galaxis&#8220;. Keiner von uns hat im Mai Geburtstag, wir entschieden einfach kurzerhand ein zuf\u00e4lliges Datum zu w\u00e4hlen und unsere Geburtstag zusammen zu feiern. Nat\u00fcrlich musste ich die Geburtstagstorte machen (war ja klar) und so gab es einmal <a href=\"https:\/\/jennyisbaking.com\/de\/2024\/04\/23\/finnische-erdbeertorte-mansikkakakku-rezept\/\" target=\"_blank\" rel=\"noopener\">Erdbeer-Sahne-Torte<\/a> und <a href=\"https:\/\/jennyisbaking.com\/de\/2024\/02\/15\/torta-oder-postre-balcarce-aus-argentinien-rezept\/\" target=\"_blank\" rel=\"noopener\">argentinische Torte mit dulce de leche und Maronen<\/a>. Die Torte war am Ende fast komplett weg. Au\u00dferdem gab es noch <a href=\"https:\/\/jennyisbaking.com\/de\/2019\/10\/25\/traditionelle-uruguayische-empanadas\/\" target=\"_blank\" rel=\"noopener\">uruguayische Empanadas<\/a> und <a href=\"https:\/\/jennyisbaking.com\/de\/2023\/12\/09\/arroz-con-pollo-aus-kolumbien\/\" target=\"_blank\" rel=\"noopener\">kolumbianischen arroz con pollo<\/a>.<\/p>\n<div class=\"tiled-gallery type-square tiled-gallery-unresized\" data-original-width=\"1080\" data-carousel-extra='{&quot;blog_id&quot;:1,&quot;permalink&quot;:&quot;https:\\\/\\\/jennyisbaking.com\\\/de\\\/2024\\\/05\\\/27\\\/coffee-date-16\\\/&quot;,&quot;likes_blog_id&quot;:129789891}' itemscope itemtype=\"http:\/\/schema.org\/ImageGallery\" > <div class=\"gallery-row\" style=\"width: 1080px; height: 540px;\" data-original-width=\"1080\" data-original-height=\"540\" > <div class=\"gallery-group\" style=\"width: 540px; height: 540px;\" data-original-width=\"540\" data-original-height=\"540\" > <div class=\"tiled-gallery-item \" itemprop=\"associatedMedia\" itemscope itemtype=\"http:\/\/schema.org\/ImageObject\"> <a href=\"https:\/\/jennyisbaking.com\/de\/2024\/05\/27\/coffee-date-16\/42_cake\/\" border=\"0\" itemprop=\"url\"> <meta itemprop=\"width\" content=\"536\"> <meta itemprop=\"height\" content=\"536\"> <img decoding=\"async\" class=\"\" data-attachment-id=\"16519\" data-orig-file=\"https:\/\/jennyisbaking.com\/wp-1c174-content\/uploads\/2024\/05\/42_cake.jpg\" data-orig-size=\"534,801\" data-comments-opened=\"1\" data-image-meta=\"{&quot;aperture&quot;:&quot;0&quot;,&quot;credit&quot;:&quot;&quot;,&quot;camera&quot;:&quot;&quot;,&quot;caption&quot;:&quot;&quot;,&quot;created_timestamp&quot;:&quot;0&quot;,&quot;copyright&quot;:&quot;&quot;,&quot;focal_length&quot;:&quot;0&quot;,&quot;iso&quot;:&quot;0&quot;,&quot;shutter_speed&quot;:&quot;0&quot;,&quot;title&quot;:&quot;&quot;,&quot;orientation&quot;:&quot;0&quot;}\" data-image-title=\"42_cake\" data-image-description=\"\" data-medium-file=\"https:\/\/i0.wp.com\/jennyisbaking.com\/wp-1c174-content\/uploads\/2024\/05\/42_cake.jpg?fit=200%2C300&#038;ssl=1\" data-large-file=\"https:\/\/i0.wp.com\/jennyisbaking.com\/wp-1c174-content\/uploads\/2024\/05\/42_cake.jpg?fit=534%2C801&#038;ssl=1\" src=\"https:\/\/i0.wp.com\/jennyisbaking.com\/wp-1c174-content\/uploads\/2024\/05\/42_cake.jpg?w=536&#038;h=536&#038;crop=1&#038;ssl=1\" width=\"536\" height=\"536\" loading=\"lazy\" data-original-width=\"536\" data-original-height=\"536\" itemprop=\"http:\/\/schema.org\/image\" title=\"42_cake\" alt=\"42_cake\" style=\"width: 536px; height: 536px;\" \/> <\/a> <\/div> <\/div> <div class=\"gallery-group\" style=\"width: 540px; height: 540px;\" data-original-width=\"540\" data-original-height=\"540\" > <div class=\"tiled-gallery-item \" itemprop=\"associatedMedia\" itemscope itemtype=\"http:\/\/schema.org\/ImageObject\"> <a href=\"https:\/\/jennyisbaking.com\/de\/2024\/05\/27\/coffee-date-16\/42_party\/\" border=\"0\" itemprop=\"url\"> <meta itemprop=\"width\" content=\"536\"> <meta itemprop=\"height\" content=\"536\"> <img decoding=\"async\" class=\"\" data-attachment-id=\"16520\" data-orig-file=\"https:\/\/jennyisbaking.com\/wp-1c174-content\/uploads\/2024\/05\/42_party.jpg\" data-orig-size=\"533,801\" data-comments-opened=\"1\" data-image-meta=\"{&quot;aperture&quot;:&quot;0&quot;,&quot;credit&quot;:&quot;&quot;,&quot;camera&quot;:&quot;&quot;,&quot;caption&quot;:&quot;&quot;,&quot;created_timestamp&quot;:&quot;0&quot;,&quot;copyright&quot;:&quot;&quot;,&quot;focal_length&quot;:&quot;0&quot;,&quot;iso&quot;:&quot;0&quot;,&quot;shutter_speed&quot;:&quot;0&quot;,&quot;title&quot;:&quot;&quot;,&quot;orientation&quot;:&quot;0&quot;}\" data-image-title=\"42_party\" data-image-description=\"\" data-medium-file=\"https:\/\/i0.wp.com\/jennyisbaking.com\/wp-1c174-content\/uploads\/2024\/05\/42_party.jpg?fit=200%2C300&#038;ssl=1\" data-large-file=\"https:\/\/i0.wp.com\/jennyisbaking.com\/wp-1c174-content\/uploads\/2024\/05\/42_party.jpg?fit=533%2C801&#038;ssl=1\" src=\"https:\/\/i0.wp.com\/jennyisbaking.com\/wp-1c174-content\/uploads\/2024\/05\/42_party.jpg?w=536&#038;h=536&#038;crop=1&#038;ssl=1\" width=\"536\" height=\"536\" loading=\"lazy\" data-original-width=\"536\" data-original-height=\"536\" itemprop=\"http:\/\/schema.org\/image\" title=\"42_party\" alt=\"42_party\" style=\"width: 536px; height: 536px;\" \/> <\/a> <\/div> <\/div> <\/div> <\/div>\n<p>Wir sind noch flei\u00dfig dabei Reste zu essen. Ich empfand die Party als vollen Erfolg. Ich entschied ein Quiz w\u00e4hrend der Party durchzuf\u00fchren. Kategorien waren unter anderem &#8222;Geografie&#8220;, &#8222;Jenny &amp; Alex&#8220; und &#8222;Computer&#8220;. Beide Gruppen waren so nah bei einander, dass es wahrscheinlich noch eine Weile diskutiert wird, wer am Ende wirklich gewonnen hat. In dem Sinne danke f\u00fcr den Fisch und auf das n\u00e4chste Mal!<\/p>","protected":false},"excerpt":{"rendered":"<p>Leider ist der Eintrag nur auf English verf\u00fcgbar.<\/p>\n","protected":false},"author":1,"featured_media":16336,"comment_status":"open","ping_status":"closed","sticky":false,"template":"","format":"standard","meta":{"jetpack_post_was_ever_published":false,"_jetpack_newsletter_access":"","_jetpack_dont_email_post_to_subs":false,"_jetpack_newsletter_tier_id":0,"_jetpack_memberships_contains_paywalled_content":false,"_jetpack_memberships_contains_paid_content":false,"footnotes":"","jetpack_publicize_message":"","jetpack_publicize_feature_enabled":true,"jetpack_social_post_already_shared":true,"jetpack_social_options":{"image_generator_settings":{"template":"highway","default_image_id":0,"font":"","enabled":false},"version":2}},"categories":[980],"tags":[],"class_list":["post-16335","post","type-post","status-publish","format-standard","has-post-thumbnail","hentry","category-coffee-with-jenny"],"yoast_head":"<!-- This site is optimized with the Yoast SEO plugin v27.4 - https:\/\/yoast.com\/product\/yoast-seo-wordpress\/ -->\n<title>Coffee-Date 16 - Jenny is baking<\/title>\n<meta name=\"robots\" content=\"index, follow, max-snippet:-1, max-image-preview:large, max-video-preview:-1\" \/>\n<link rel=\"canonical\" href=\"https:\/\/jennyisbaking.com\/de\/2024\/05\/27\/coffee-date-16\/\" \/>\n<meta property=\"og:locale\" content=\"de_DE\" \/>\n<meta property=\"og:type\" content=\"article\" \/>\n<meta property=\"og:title\" content=\"Coffee-Date 16 - Jenny is baking\" \/>\n<meta property=\"og:description\" content=\"Leider ist der Eintrag nur auf English verf\u00fcgbar.\" \/>\n<meta property=\"og:url\" content=\"https:\/\/jennyisbaking.com\/de\/2024\/05\/27\/coffee-date-16\/\" \/>\n<meta property=\"og:site_name\" content=\"Jenny is baking\" \/>\n<meta property=\"article:publisher\" content=\"https:\/\/www.facebook.com\/jennyisbaking\/\" \/>\n<meta property=\"article:author\" content=\"https:\/\/www.facebook.com\/jennyisbaking\/\" \/>\n<meta property=\"article:published_time\" content=\"2024-05-27T05:00:00+00:00\" \/>\n<meta property=\"article:modified_time\" content=\"2024-07-04T18:02:11+00:00\" \/>\n<meta property=\"og:image\" content=\"https:\/\/jennyisbaking.com\/wp-1c174-content\/uploads\/2024\/04\/Eibsee-1.jpg\" \/>\n\t<meta property=\"og:image:width\" content=\"534\" \/>\n\t<meta property=\"og:image:height\" content=\"801\" \/>\n\t<meta property=\"og:image:type\" content=\"image\/jpeg\" \/>\n<meta name=\"author\" content=\"Jenny\" \/>\n<meta name=\"twitter:card\" content=\"summary_large_image\" \/>\n<meta name=\"twitter:label1\" content=\"Verfasst von\" \/>\n\t<meta name=\"twitter:data1\" content=\"Jenny\" \/>\n\t<meta name=\"twitter:label2\" content=\"Gesch\u00e4tzte Lesezeit\" \/>\n\t<meta name=\"twitter:data2\" content=\"7\u00a0Minuten\" \/>\n<script type=\"application\/ld+json\" class=\"yoast-schema-graph\">{\"@context\":\"https:\\\/\\\/schema.org\",\"@graph\":[{\"@type\":\"Article\",\"@id\":\"https:\\\/\\\/jennyisbaking.com\\\/2024\\\/05\\\/27\\\/coffee-date-16\\\/#article\",\"isPartOf\":{\"@id\":\"https:\\\/\\\/jennyisbaking.com\\\/2024\\\/05\\\/27\\\/coffee-date-16\\\/\"},\"author\":{\"name\":\"Jenny\",\"@id\":\"https:\\\/\\\/jennyisbaking.com\\\/#\\\/schema\\\/person\\\/28a46859582cac5ac1ef7e065a17f77b\"},\"headline\":\"Coffee-Date 16\",\"datePublished\":\"2024-05-27T05:00:00+00:00\",\"dateModified\":\"2024-07-04T18:02:11+00:00\",\"mainEntityOfPage\":{\"@id\":\"https:\\\/\\\/jennyisbaking.com\\\/2024\\\/05\\\/27\\\/coffee-date-16\\\/\"},\"wordCount\":1983,\"commentCount\":0,\"image\":{\"@id\":\"https:\\\/\\\/jennyisbaking.com\\\/2024\\\/05\\\/27\\\/coffee-date-16\\\/#primaryimage\"},\"thumbnailUrl\":\"https:\\\/\\\/i0.wp.com\\\/jennyisbaking.com\\\/wp-1c174-content\\\/uploads\\\/2024\\\/04\\\/Eibsee-1.jpg?fit=534%2C801&ssl=1\",\"articleSection\":[\"Coffee with Jenny\"],\"inLanguage\":\"de\",\"potentialAction\":[{\"@type\":\"CommentAction\",\"name\":\"Comment\",\"target\":[\"https:\\\/\\\/jennyisbaking.com\\\/2024\\\/05\\\/27\\\/coffee-date-16\\\/#respond\"]}]},{\"@type\":\"WebPage\",\"@id\":\"https:\\\/\\\/jennyisbaking.com\\\/de\\\/2024\\\/05\\\/27\\\/coffee-date-16\\\/\",\"url\":\"https:\\\/\\\/jennyisbaking.com\\\/de\\\/2024\\\/05\\\/27\\\/coffee-date-16\\\/\",\"name\":\"Coffee-Date 16 - Jenny is baking\",\"isPartOf\":{\"@id\":\"https:\\\/\\\/jennyisbaking.com\\\/de\\\/#website\"},\"primaryImageOfPage\":{\"@id\":\"https:\\\/\\\/jennyisbaking.com\\\/de\\\/2024\\\/05\\\/27\\\/coffee-date-16\\\/#primaryimage\"},\"image\":{\"@id\":\"https:\\\/\\\/jennyisbaking.com\\\/2024\\\/05\\\/27\\\/coffee-date-16\\\/#primaryimage\"},\"thumbnailUrl\":\"https:\\\/\\\/i0.wp.com\\\/jennyisbaking.com\\\/wp-1c174-content\\\/uploads\\\/2024\\\/04\\\/Eibsee-1.jpg?fit=534%2C801&ssl=1\",\"datePublished\":\"2024-05-27T05:00:00+00:00\",\"dateModified\":\"2024-07-04T18:02:11+00:00\",\"author\":{\"@id\":\"https:\\\/\\\/jennyisbaking.com\\\/#\\\/schema\\\/person\\\/28a46859582cac5ac1ef7e065a17f77b\"},\"breadcrumb\":{\"@id\":\"https:\\\/\\\/jennyisbaking.com\\\/de\\\/2024\\\/05\\\/27\\\/coffee-date-16\\\/#breadcrumb\"},\"inLanguage\":\"de\",\"potentialAction\":[{\"@type\":\"ReadAction\",\"target\":[[\"https:\\\/\\\/jennyisbaking.com\\\/de\\\/2024\\\/05\\\/27\\\/coffee-date-16\\\/\"]]}]},{\"@type\":\"ImageObject\",\"inLanguage\":\"de\",\"@id\":\"https:\\\/\\\/jennyisbaking.com\\\/de\\\/2024\\\/05\\\/27\\\/coffee-date-16\\\/#primaryimage\",\"url\":\"https:\\\/\\\/i0.wp.com\\\/jennyisbaking.com\\\/wp-1c174-content\\\/uploads\\\/2024\\\/04\\\/Eibsee-1.jpg?fit=534%2C801&ssl=1\",\"contentUrl\":\"https:\\\/\\\/i0.wp.com\\\/jennyisbaking.com\\\/wp-1c174-content\\\/uploads\\\/2024\\\/04\\\/Eibsee-1.jpg?fit=534%2C801&ssl=1\",\"width\":534,\"height\":801},{\"@type\":\"BreadcrumbList\",\"@id\":\"https:\\\/\\\/jennyisbaking.com\\\/de\\\/2024\\\/05\\\/27\\\/coffee-date-16\\\/#breadcrumb\",\"itemListElement\":[{\"@type\":\"ListItem\",\"position\":1,\"name\":\"Startseite\",\"item\":\"https:\\\/\\\/jennyisbaking.com\\\/de\\\/\"},{\"@type\":\"ListItem\",\"position\":2,\"name\":\"Coffee-Date 16\"}]},{\"@type\":\"WebSite\",\"@id\":\"https:\\\/\\\/jennyisbaking.com\\\/de\\\/#website\",\"url\":\"https:\\\/\\\/jennyisbaking.com\\\/de\\\/\",\"name\":\"Jenny is baking\",\"description\":\"Backrezepte aus Nord- und S\u00fcdamerika\",\"potentialAction\":[{\"@type\":\"SearchAction\",\"target\":{\"@type\":\"EntryPoint\",\"urlTemplate\":\"https:\\\/\\\/jennyisbaking.com\\\/de\\\/?s={search_term_string}\"},\"query-input\":{\"@type\":\"PropertyValueSpecification\",\"valueRequired\":true,\"valueName\":\"search_term_string\"}}],\"inLanguage\":\"de\"},{\"@type\":\"Person\",\"@id\":\"https:\\\/\\\/jennyisbaking.com\\\/#\\\/schema\\\/person\\\/28a46859582cac5ac1ef7e065a17f77b\",\"name\":\"Jenny\",\"image\":{\"@type\":\"ImageObject\",\"inLanguage\":\"de\",\"@id\":\"https:\\\/\\\/secure.gravatar.com\\\/avatar\\\/23e81660a6279fbe7db0db01e9985036a8488f0100c3985867731ba2b4348089?s=96&d=mm&r=g\",\"url\":\"https:\\\/\\\/secure.gravatar.com\\\/avatar\\\/23e81660a6279fbe7db0db01e9985036a8488f0100c3985867731ba2b4348089?s=96&d=mm&r=g\",\"contentUrl\":\"https:\\\/\\\/secure.gravatar.com\\\/avatar\\\/23e81660a6279fbe7db0db01e9985036a8488f0100c3985867731ba2b4348089?s=96&d=mm&r=g\",\"caption\":\"Jenny\"},\"description\":\"Hi, ich hei\u00dfe Jenny, geb\u00fcrtig in Uruguay, als Kind in USA gelebt, nach dem Abi in Kanada und mit einem Kolumbianer verheiratet. Ich wohne im Moment in M\u00fcnchen, S\u00fcddeutschland. Auf meinem Blog finden sich meist s\u00fc\u00dfe Rezepte. Ich mag normalerweise einfache Sachen, die schnell gemacht sind, aber gleichzeitig was hermachen. Manchmal packt mich auch der Ehrgeiz und ich wage mich an kompliziertere Torten. Schau dir im Men\u00fc \u201eAlle Rezepte\u201c an f\u00fcr weitere Inspiration.\",\"sameAs\":[\"https:\\\/\\\/www.facebook.com\\\/jennyisbaking\\\/\",\"https:\\\/\\\/www.pinterest.de\\\/jennyisbaking\\\/\"]}]}<\/script>\n<!-- \/ Yoast SEO plugin. -->","yoast_head_json":{"title":"Coffee-Date 16 - Jenny is baking","robots":{"index":"index","follow":"follow","max-snippet":"max-snippet:-1","max-image-preview":"max-image-preview:large","max-video-preview":"max-video-preview:-1"},"canonical":"https:\/\/jennyisbaking.com\/de\/2024\/05\/27\/coffee-date-16\/","og_locale":"de_DE","og_type":"article","og_title":"Coffee-Date 16 - Jenny is baking","og_description":"Leider ist der Eintrag nur auf English verf\u00fcgbar.","og_url":"https:\/\/jennyisbaking.com\/de\/2024\/05\/27\/coffee-date-16\/","og_site_name":"Jenny is baking","article_publisher":"https:\/\/www.facebook.com\/jennyisbaking\/","article_author":"https:\/\/www.facebook.com\/jennyisbaking\/","article_published_time":"2024-05-27T05:00:00+00:00","article_modified_time":"2024-07-04T18:02:11+00:00","og_image":[{"width":534,"height":801,"url":"https:\/\/jennyisbaking.com\/wp-1c174-content\/uploads\/2024\/04\/Eibsee-1.jpg","type":"image\/jpeg"}],"author":"Jenny","twitter_card":"summary_large_image","twitter_misc":{"Verfasst von":"Jenny","Gesch\u00e4tzte Lesezeit":"7\u00a0Minuten"},"schema":{"@context":"https:\/\/schema.org","@graph":[{"@type":"Article","@id":"https:\/\/jennyisbaking.com\/2024\/05\/27\/coffee-date-16\/#article","isPartOf":{"@id":"https:\/\/jennyisbaking.com\/2024\/05\/27\/coffee-date-16\/"},"author":{"name":"Jenny","@id":"https:\/\/jennyisbaking.com\/#\/schema\/person\/28a46859582cac5ac1ef7e065a17f77b"},"headline":"Coffee-Date 16","datePublished":"2024-05-27T05:00:00+00:00","dateModified":"2024-07-04T18:02:11+00:00","mainEntityOfPage":{"@id":"https:\/\/jennyisbaking.com\/2024\/05\/27\/coffee-date-16\/"},"wordCount":1983,"commentCount":0,"image":{"@id":"https:\/\/jennyisbaking.com\/2024\/05\/27\/coffee-date-16\/#primaryimage"},"thumbnailUrl":"https:\/\/i0.wp.com\/jennyisbaking.com\/wp-1c174-content\/uploads\/2024\/04\/Eibsee-1.jpg?fit=534%2C801&ssl=1","articleSection":["Coffee with Jenny"],"inLanguage":"de","potentialAction":[{"@type":"CommentAction","name":"Comment","target":["https:\/\/jennyisbaking.com\/2024\/05\/27\/coffee-date-16\/#respond"]}]},{"@type":"WebPage","@id":"https:\/\/jennyisbaking.com\/de\/2024\/05\/27\/coffee-date-16\/","url":"https:\/\/jennyisbaking.com\/de\/2024\/05\/27\/coffee-date-16\/","name":"Coffee-Date 16 - Jenny is baking","isPartOf":{"@id":"https:\/\/jennyisbaking.com\/de\/#website"},"primaryImageOfPage":{"@id":"https:\/\/jennyisbaking.com\/de\/2024\/05\/27\/coffee-date-16\/#primaryimage"},"image":{"@id":"https:\/\/jennyisbaking.com\/2024\/05\/27\/coffee-date-16\/#primaryimage"},"thumbnailUrl":"https:\/\/i0.wp.com\/jennyisbaking.com\/wp-1c174-content\/uploads\/2024\/04\/Eibsee-1.jpg?fit=534%2C801&ssl=1","datePublished":"2024-05-27T05:00:00+00:00","dateModified":"2024-07-04T18:02:11+00:00","author":{"@id":"https:\/\/jennyisbaking.com\/#\/schema\/person\/28a46859582cac5ac1ef7e065a17f77b"},"breadcrumb":{"@id":"https:\/\/jennyisbaking.com\/de\/2024\/05\/27\/coffee-date-16\/#breadcrumb"},"inLanguage":"de","potentialAction":[{"@type":"ReadAction","target":[["https:\/\/jennyisbaking.com\/de\/2024\/05\/27\/coffee-date-16\/"]]}]},{"@type":"ImageObject","inLanguage":"de","@id":"https:\/\/jennyisbaking.com\/de\/2024\/05\/27\/coffee-date-16\/#primaryimage","url":"https:\/\/i0.wp.com\/jennyisbaking.com\/wp-1c174-content\/uploads\/2024\/04\/Eibsee-1.jpg?fit=534%2C801&ssl=1","contentUrl":"https:\/\/i0.wp.com\/jennyisbaking.com\/wp-1c174-content\/uploads\/2024\/04\/Eibsee-1.jpg?fit=534%2C801&ssl=1","width":534,"height":801},{"@type":"BreadcrumbList","@id":"https:\/\/jennyisbaking.com\/de\/2024\/05\/27\/coffee-date-16\/#breadcrumb","itemListElement":[{"@type":"ListItem","position":1,"name":"Startseite","item":"https:\/\/jennyisbaking.com\/de\/"},{"@type":"ListItem","position":2,"name":"Coffee-Date 16"}]},{"@type":"WebSite","@id":"https:\/\/jennyisbaking.com\/de\/#website","url":"https:\/\/jennyisbaking.com\/de\/","name":"Jenny is baking","description":"Backrezepte aus Nord- und S\u00fcdamerika","potentialAction":[{"@type":"SearchAction","target":{"@type":"EntryPoint","urlTemplate":"https:\/\/jennyisbaking.com\/de\/?s={search_term_string}"},"query-input":{"@type":"PropertyValueSpecification","valueRequired":true,"valueName":"search_term_string"}}],"inLanguage":"de"},{"@type":"Person","@id":"https:\/\/jennyisbaking.com\/#\/schema\/person\/28a46859582cac5ac1ef7e065a17f77b","name":"Jenny","image":{"@type":"ImageObject","inLanguage":"de","@id":"https:\/\/secure.gravatar.com\/avatar\/23e81660a6279fbe7db0db01e9985036a8488f0100c3985867731ba2b4348089?s=96&d=mm&r=g","url":"https:\/\/secure.gravatar.com\/avatar\/23e81660a6279fbe7db0db01e9985036a8488f0100c3985867731ba2b4348089?s=96&d=mm&r=g","contentUrl":"https:\/\/secure.gravatar.com\/avatar\/23e81660a6279fbe7db0db01e9985036a8488f0100c3985867731ba2b4348089?s=96&d=mm&r=g","caption":"Jenny"},"description":"Hi, ich hei\u00dfe Jenny, geb\u00fcrtig in Uruguay, als Kind in USA gelebt, nach dem Abi in Kanada und mit einem Kolumbianer verheiratet. Ich wohne im Moment in M\u00fcnchen, S\u00fcddeutschland. Auf meinem Blog finden sich meist s\u00fc\u00dfe Rezepte. Ich mag normalerweise einfache Sachen, die schnell gemacht sind, aber gleichzeitig was hermachen. Manchmal packt mich auch der Ehrgeiz und ich wage mich an kompliziertere Torten. Schau dir im Men\u00fc \u201eAlle Rezepte\u201c an f\u00fcr weitere Inspiration.","sameAs":["https:\/\/www.facebook.com\/jennyisbaking\/","https:\/\/www.pinterest.de\/jennyisbaking\/"]}]}},"jetpack_publicize_connections":[],"jetpack_featured_media_url":"https:\/\/i0.wp.com\/jennyisbaking.com\/wp-1c174-content\/uploads\/2024\/04\/Eibsee-1.jpg?fit=534%2C801&ssl=1","jetpack_sharing_enabled":true,"jetpack_shortlink":"https:\/\/wp.me\/p8MAhl-4ft","jetpack-related-posts":[{"id":16747,"url":"https:\/\/jennyisbaking.com\/de\/2024\/09\/19\/klassische-zwetschgenknodel\/","url_meta":{"origin":16335,"position":0},"title":"Blogevent &#8222;Wiesngr\u00fc\u00dfe&#8220; und klassische Zwetschgenkn\u00f6del","author":"Jenny","date":"Donnerstag, der 19. September 2024","format":false,"excerpt":"Servus! Heute gibt es klassische Zwetschgenkn\u00f6del im Angebot. Hiermit lade ich gleichzeitig mit Zorra vom Kochtopf zum Blogevent \"Wiesngr\u00fc\u00dfe!\" ein. Die Wiesn oder das Oktoberfest 2024 naht mit riesigen Schritten und da dachte mir, warum nicht Blogger einladen bayrische Rezepte bzw. Rezepte f\u00fcr einen Jahrmarkt zu fabrizieren? Ich verbinde mit\u2026","rel":"","context":"In &quot;Bread and Breakfast&quot;","block_context":{"text":"Bread and Breakfast","link":"https:\/\/jennyisbaking.com\/de\/category\/bread-and-breakfast\/"},"img":{"alt_text":"","src":"https:\/\/i0.wp.com\/jennyisbaking.com\/wp-1c174-content\/uploads\/2024\/07\/Klassische-Zwetschgenknoedel.jpg?fit=534%2C801&ssl=1&resize=350%2C200","width":350,"height":200,"srcset":"https:\/\/i0.wp.com\/jennyisbaking.com\/wp-1c174-content\/uploads\/2024\/07\/Klassische-Zwetschgenknoedel.jpg?fit=534%2C801&ssl=1&resize=350%2C200 1x, https:\/\/i0.wp.com\/jennyisbaking.com\/wp-1c174-content\/uploads\/2024\/07\/Klassische-Zwetschgenknoedel.jpg?fit=534%2C801&ssl=1&resize=525%2C300 1.5x"},"classes":[]},{"id":16939,"url":"https:\/\/jennyisbaking.com\/de\/2024\/09\/13\/einfacher-rahmkuchen-mit-saurer-sahne\/","url_meta":{"origin":16335,"position":1},"title":"Einfacher Rahmkuchen","author":"Jenny","date":"Freitag, der 13. September 2024","format":false,"excerpt":"Heute gibt es Rahmkuchen. Das Rezept hat mir netterweise Susanne zugesteckt, ich kannte Rahmkuchen bisher noch nicht. Erst nachdem ich ein wenig recherchiert habe, habe ich festgestellt, dass es sich hierbei um einen K\u00e4sekuchen handelt, der mit Sauerrahm (saurer Sahne) zubereitet wird. Ich mag an diesem Kuchen, dass er a)\u2026","rel":"","context":"In &quot;All Seasons&quot;","block_context":{"text":"All Seasons","link":"https:\/\/jennyisbaking.com\/de\/category\/all-seasons\/"},"img":{"alt_text":"","src":"https:\/\/i0.wp.com\/jennyisbaking.com\/wp-1c174-content\/uploads\/2024\/09\/Einfacher-Rahmkuchen.jpg?fit=534%2C801&ssl=1&resize=350%2C200","width":350,"height":200,"srcset":"https:\/\/i0.wp.com\/jennyisbaking.com\/wp-1c174-content\/uploads\/2024\/09\/Einfacher-Rahmkuchen.jpg?fit=534%2C801&ssl=1&resize=350%2C200 1x, https:\/\/i0.wp.com\/jennyisbaking.com\/wp-1c174-content\/uploads\/2024\/09\/Einfacher-Rahmkuchen.jpg?fit=534%2C801&ssl=1&resize=525%2C300 1.5x"},"classes":[]},{"id":9561,"url":"https:\/\/jennyisbaking.com\/de\/2019\/11\/08\/moist-apple-almond-cake\/","url_meta":{"origin":16335,"position":2},"title":"Saftiger Apfel-Mandel-Kuchen","author":"Jenny","date":"Freitag, der  8. November 2019","format":false,"excerpt":"Ich nehme Kuchen oft mit ins B\u00fcro. Meine Kollegen sind meine heimlichen Dauer-Testesser. Da ich oft Kuchen mit ins B\u00fcro nehme, ist ziemlich schnell klar, wenn ich einen \u00dcberflieger dabei habe. Das war definitiv der Fall bei diesem Apfel-Mandel-Kuchen. Auf einmal fand ich Post-Its mit folgenden Spr\u00fcchen: \"Danke an unsere\u2026","rel":"","context":"In &quot;Cakes&quot;","block_context":{"text":"Cakes","link":"https:\/\/jennyisbaking.com\/de\/category\/cakes\/"},"img":{"alt_text":"Apfel-Mandel-Kuchen","src":"https:\/\/i0.wp.com\/jennyisbaking.com\/wp-1c174-content\/uploads\/2019\/10\/DSC05203.jpg?fit=534%2C801&ssl=1&resize=350%2C200","width":350,"height":200,"srcset":"https:\/\/i0.wp.com\/jennyisbaking.com\/wp-1c174-content\/uploads\/2019\/10\/DSC05203.jpg?fit=534%2C801&ssl=1&resize=350%2C200 1x, https:\/\/i0.wp.com\/jennyisbaking.com\/wp-1c174-content\/uploads\/2019\/10\/DSC05203.jpg?fit=534%2C801&ssl=1&resize=525%2C300 1.5x"},"classes":[]},{"id":10616,"url":"https:\/\/jennyisbaking.com\/de\/2020\/07\/17\/coffee-eclairs-dalgona-style\/","url_meta":{"origin":16335,"position":3},"title":"Eclairs mit Kaffeecreme Dalgona-Style","author":"Jenny","date":"Freitag, der 17. Juli 2020","format":false,"excerpt":"Es gibt Eclairs auf meinem Blog, diesmal Eclairs mit Kaffee-Creme a la Dalgona-Style. Ich wei\u00df schon, es gibt schon so einige Eclairs auf meinem Blog, zum Beispiel Schwarzw\u00e4lder-Kirsch-Eclairs, Eclairs mit Erdnussbuttercreme, Eclairs mit Himbeercreme, etc., etc. Warum also noch eins? Daf\u00fcr gibt es zwei Gr\u00fcnde. Erstens k\u00f6nnte ich jeden Tag\u2026","rel":"","context":"In &quot;All Seasons&quot;","block_context":{"text":"All Seasons","link":"https:\/\/jennyisbaking.com\/de\/category\/all-seasons\/"},"img":{"alt_text":"Eclairs mit Kaffeecreme Dalgona-Style","src":"https:\/\/i0.wp.com\/jennyisbaking.com\/wp-1c174-content\/uploads\/2020\/07\/DSC09433.jpg?fit=534%2C801&ssl=1&resize=350%2C200","width":350,"height":200,"srcset":"https:\/\/i0.wp.com\/jennyisbaking.com\/wp-1c174-content\/uploads\/2020\/07\/DSC09433.jpg?fit=534%2C801&ssl=1&resize=350%2C200 1x, https:\/\/i0.wp.com\/jennyisbaking.com\/wp-1c174-content\/uploads\/2020\/07\/DSC09433.jpg?fit=534%2C801&ssl=1&resize=525%2C300 1.5x"},"classes":[]},{"id":8801,"url":"https:\/\/jennyisbaking.com\/de\/2019\/07\/19\/iced-coffee-cheesecake-no-bake\/","url_meta":{"origin":16335,"position":4},"title":"Eiskalter Kaffee-Cheesecake ohne backen","author":"Jenny","date":"Freitag, der 19. Juli 2019","format":false,"excerpt":"Heute gibt es eiskalten Kaffee-Cheesecake ganz ohne backen! Er \u00e4hnelt ein bisschen Tiramisu, kommt aber komplett ohne Mascarpone und rohem Ei aus und besteht aus cremigen Frischk\u00e4se, Sahne, leckerem Kaffee und - Pumpernickel! Als Ostwestfale war mir gar nicht bewusst, dass Pumpernickel gar nicht in allen Teilen Deutschlands sonderlich verbreitet\u2026","rel":"","context":"In &quot;Cakes&quot;","block_context":{"text":"Cakes","link":"https:\/\/jennyisbaking.com\/de\/category\/cakes\/"},"img":{"alt_text":"Eiskalter Kaffee-Cheesecake ohne backen","src":"https:\/\/i0.wp.com\/jennyisbaking.com\/wp-1c174-content\/uploads\/2019\/06\/DSC01698.jpg?fit=534%2C800&ssl=1&resize=350%2C200","width":350,"height":200,"srcset":"https:\/\/i0.wp.com\/jennyisbaking.com\/wp-1c174-content\/uploads\/2019\/06\/DSC01698.jpg?fit=534%2C800&ssl=1&resize=350%2C200 1x, https:\/\/i0.wp.com\/jennyisbaking.com\/wp-1c174-content\/uploads\/2019\/06\/DSC01698.jpg?fit=534%2C800&ssl=1&resize=525%2C300 1.5x"},"classes":[]},{"id":16831,"url":"https:\/\/jennyisbaking.com\/de\/2024\/08\/23\/einfacher-und-schneller-zwetschgenkuchen\/","url_meta":{"origin":16335,"position":5},"title":"Einfacher und schneller Zwetschgenkuchen","author":"Jenny","date":"Freitag, der 23. August 2024","format":false,"excerpt":"Heute gibt es einen einfachen und schnellen Zwetschgenkuchen. Statt lange auf Hefeteig wie beim Zwetschgendatschi zu warten oder M\u00fcrbeteig zu k\u00fchlen f\u00fcr die Pflaumentarte, geht es bei diesem Teig direkt weiter, sodass man allersp\u00e4testens nach einer halben Stunde den Kuchen in den Ofen schieben kann. Die Zwetschgen werden dann mit\u2026","rel":"","context":"In &quot;Cakes&quot;","block_context":{"text":"Cakes","link":"https:\/\/jennyisbaking.com\/de\/category\/cakes\/"},"img":{"alt_text":"","src":"https:\/\/i0.wp.com\/jennyisbaking.com\/wp-1c174-content\/uploads\/2024\/08\/Einfacher-Zwetschgenkuchen-4.jpg?fit=534%2C801&ssl=1&resize=350%2C200","width":350,"height":200,"srcset":"https:\/\/i0.wp.com\/jennyisbaking.com\/wp-1c174-content\/uploads\/2024\/08\/Einfacher-Zwetschgenkuchen-4.jpg?fit=534%2C801&ssl=1&resize=350%2C200 1x, https:\/\/i0.wp.com\/jennyisbaking.com\/wp-1c174-content\/uploads\/2024\/08\/Einfacher-Zwetschgenkuchen-4.jpg?fit=534%2C801&ssl=1&resize=525%2C300 1.5x"},"classes":[]}],"_links":{"self":[{"href":"https:\/\/jennyisbaking.com\/de\/wp-json\/wp\/v2\/posts\/16335","targetHints":{"allow":["GET"]}}],"collection":[{"href":"https:\/\/jennyisbaking.com\/de\/wp-json\/wp\/v2\/posts"}],"about":[{"href":"https:\/\/jennyisbaking.com\/de\/wp-json\/wp\/v2\/types\/post"}],"author":[{"embeddable":true,"href":"https:\/\/jennyisbaking.com\/de\/wp-json\/wp\/v2\/users\/1"}],"replies":[{"embeddable":true,"href":"https:\/\/jennyisbaking.com\/de\/wp-json\/wp\/v2\/comments?post=16335"}],"version-history":[{"count":22,"href":"https:\/\/jennyisbaking.com\/de\/wp-json\/wp\/v2\/posts\/16335\/revisions"}],"predecessor-version":[{"id":16643,"href":"https:\/\/jennyisbaking.com\/de\/wp-json\/wp\/v2\/posts\/16335\/revisions\/16643"}],"wp:featuredmedia":[{"embeddable":true,"href":"https:\/\/jennyisbaking.com\/de\/wp-json\/wp\/v2\/media\/16336"}],"wp:attachment":[{"href":"https:\/\/jennyisbaking.com\/de\/wp-json\/wp\/v2\/media?parent=16335"}],"wp:term":[{"taxonomy":"category","embeddable":true,"href":"https:\/\/jennyisbaking.com\/de\/wp-json\/wp\/v2\/categories?post=16335"},{"taxonomy":"post_tag","embeddable":true,"href":"https:\/\/jennyisbaking.com\/de\/wp-json\/wp\/v2\/tags?post=16335"}],"curies":[{"name":"wp","href":"https:\/\/api.w.org\/{rel}","templated":true}]}}