{"id":18334,"date":"2025-09-12T07:00:08","date_gmt":"2025-09-12T05:00:08","guid":{"rendered":"https:\/\/jennyisbaking.com\/?p=18334"},"modified":"2025-12-25T11:01:13","modified_gmt":"2025-12-25T10:01:13","slug":"huevos-pericos-aus-kolumbien","status":"publish","type":"post","link":"https:\/\/jennyisbaking.com\/de\/2025\/09\/12\/huevos-pericos-aus-kolumbien\/","title":{"rendered":"Huevos Pericos &#8211; R\u00fchrei auf kolumbianische Art und kolumbianisches Fr\u00fchst\u00fcck"},"content":{"rendered":"<p>Ich werde mein Leben lang nicht vergessen wie ich das erste Mal in einem Hotel in Kolumbien gefragt wurde, was ich zum Fr\u00fchst\u00fcck essen wolle. Meine Antwort lautete &#8222;<a href=\"https:\/\/jennyisbaking.com\/de\/2020\/07\/31\/wie-macht-man-perfekte-arepas-aus-kolumbien-oder-venezuela\/\" target=\"_blank\" rel=\"noopener\">arepas<\/a>&#8222;, die kolumbianischen Maisfladen, die es in tausend Varianten gibt. Beleidigt starrte man mich an, dass es arepas geben w\u00fcrde, war sonnenklar, stattdessen lautete die Frage WIE ich das R\u00fchrei gereicht bekommen wollte, normal, als &#8222;huevos pericos&#8220;, also mit Tomate und Fr\u00fchlingszwiebeln oder &#8222;huevos con salchichas.&#8220; Ach so, dann wollte ich die Variante huevos pericos gerne probieren, hatte ich bis dato noch nicht gegessen. Das Rezept dazu gibt es unten und ganz viele Infos, was man sonst noch so zum Fr\u00fchst\u00fcck in Kolumbien gerne konsumiert.<\/p>\n<p style=\"text-align: center;\"><a href=\"https:\/\/jennyisbaking.com\/2020\/07\/31\/wie-macht-man-perfekte-arepas-aus-kolumbien-oder-venezuela\/dsc09850\/\" rel=\"attachment wp-att-10675\"><img data-recalc-dims=\"1\" loading=\"lazy\" decoding=\"async\" data-attachment-id=\"10675\" data-permalink=\"https:\/\/jennyisbaking.com\/de\/2020\/07\/31\/wie-macht-man-perfekte-arepas-aus-kolumbien-oder-venezuela\/dsc09850\/\" data-orig-file=\"https:\/\/i0.wp.com\/jennyisbaking.com\/wp-1c174-content\/uploads\/2020\/07\/DSC09850.jpg?fit=534%2C801&amp;ssl=1\" data-orig-size=\"534,801\" data-comments-opened=\"1\" data-image-meta=\"{&quot;aperture&quot;:&quot;4.5&quot;,&quot;credit&quot;:&quot;Jennifer Warkentin&quot;,&quot;camera&quot;:&quot;ILCE-7&quot;,&quot;caption&quot;:&quot;&quot;,&quot;created_timestamp&quot;:&quot;1595152106&quot;,&quot;copyright&quot;:&quot;Jennifer Warkentin&quot;,&quot;focal_length&quot;:&quot;50&quot;,&quot;iso&quot;:&quot;640&quot;,&quot;shutter_speed&quot;:&quot;0.008&quot;,&quot;title&quot;:&quot;&quot;,&quot;orientation&quot;:&quot;1&quot;}\" data-image-title=\"Typisches kolumbianisches Fr\u00fchst\u00fcck mit arepas und R\u00fchrei\" data-image-description=\"\" data-image-caption=\"\" data-large-file=\"https:\/\/i0.wp.com\/jennyisbaking.com\/wp-1c174-content\/uploads\/2020\/07\/DSC09850.jpg?fit=534%2C801&amp;ssl=1\" class=\"aligncenter size-full wp-image-10675\" src=\"https:\/\/i0.wp.com\/jennyisbaking.com\/wp-1c174-content\/uploads\/2020\/07\/DSC09850.jpg?resize=534%2C801&#038;ssl=1\" alt=\"Typisches kolumbianisches Fr\u00fchst\u00fcck mit arepas und R\u00fchrei\" width=\"534\" height=\"801\" srcset=\"https:\/\/i0.wp.com\/jennyisbaking.com\/wp-1c174-content\/uploads\/2020\/07\/DSC09850.jpg?w=534&amp;ssl=1 534w, https:\/\/i0.wp.com\/jennyisbaking.com\/wp-1c174-content\/uploads\/2020\/07\/DSC09850.jpg?resize=200%2C300&amp;ssl=1 200w\" sizes=\"auto, (max-width: 534px) 100vw, 534px\" \/><\/a>Typisches kolumbianisches Fr\u00fchst\u00fcck: <a href=\"https:\/\/jennyisbaking.com\/de\/2022\/05\/27\/arepas-con-queso-oder-maisfladen-mit-kasefullung-aus-kolumbien\/\" target=\"_blank\" rel=\"noopener\">arepa con queso<\/a> mit R\u00fchrei und frisch gepresstem Saft<\/p>\n<h2><!--more-->Arepas sind zum Fr\u00fchst\u00fcck Grundnahrungsmittel und vergleichbar mit dem geliebten Brot in Deutschland<\/h2>\n<p>Arepas sind flache und runde Maisfladen, die aus Maismehl, Wasser und Salz hergestellt werden, das <a href=\"https:\/\/jennyisbaking.com\/de\/2020\/07\/31\/wie-macht-man-perfekte-arepas-aus-kolumbien-oder-venezuela\/\" target=\"_blank\" rel=\"noopener\">Grundrezept f\u00fcr arepas<\/a> gibt es nat\u00fcrlich auf dem Blog. So wie es hierzulande viele verschiedene Sorten Brot gibt, gibt es auch extrem viele Varianten von arepas: <a href=\"https:\/\/jennyisbaking.com\/de\/2022\/05\/27\/arepas-con-queso-oder-maisfladen-mit-kasefullung-aus-kolumbien\/\" target=\"_blank\" rel=\"noopener\">Arepa con queso<\/a>, also gef\u00fcllt mit K\u00e4se, ist eine beliebte Variante, ebenso die leicht ges\u00fc\u00dften <a href=\"https:\/\/jennyisbaking.com\/de\/2017\/12\/29\/colombian-corn-bread-with-cheese-filling-arepa-boyacense\/\" target=\"_blank\" rel=\"noopener\">arepas boyacenses<\/a>, die ebenfalls mit K\u00e4se gef\u00fcllt werden. <a href=\"https:\/\/jennyisbaking.com\/de\/2024\/06\/28\/cachapas-venezolanische-maisfladen-mit-kase\/\" target=\"_blank\" rel=\"noopener\">Cachapas oder arepas de choclo<\/a> werden mit Zuckermais zubereitet, es gibt auch <a href=\"https:\/\/jennyisbaking.com\/de\/2023\/05\/19\/glutenfreie-arepas-mit-kochbanane\/\" target=\"_blank\" rel=\"noopener\">arepas, die mit Kochbananen zubereitet werden<\/a>. Als D\u00f6nerersatz kann man <a href=\"https:\/\/jennyisbaking.com\/de\/2020\/08\/16\/arepas-with-chicken-and-guacamole-filling\/\" target=\"_blank\" rel=\"noopener\">arepas mit H\u00e4hnchenf\u00fcllung<\/a> sehen. Allen gemein ist als Grundlage das Maismehl, wodurch sie automatisch glutenfrei sind.<\/p>\n<h2>Das Fr\u00fchst\u00fcck ist herzhaft und reichhaltig<\/h2>\n<p>Das Fr\u00fchst\u00fcck wird gerne zelebiert, man isst reichhaltig, zum Beispiel ist es durchaus normal &#8222;<a href=\"https:\/\/jennyisbaking.com\/de\/2021\/12\/08\/kolumbianische-tamales\/\" target=\"_blank\" rel=\"noopener\">tamales<\/a>&#8222;, also in Bananenbl\u00e4ttern ged\u00e4mpfte Speisen (Fleisch, Gem\u00fcse und Maisbrei) zum Fr\u00fchst\u00fcck zu essen. Quasi eine Hauptmahlzeit, satt wird man davon auf jeden Fall. Vielleicht ist es vergleichbar mit einem Bauernfr\u00fchst\u00fcck hier, statt Bratkartoffeln und Speck isst man Maisbrei mit Fleisch und Gem\u00fcsesorten.<\/p>\n<div class=\"tiled-gallery type-rectangular tiled-gallery-unresized\" data-original-width=\"1080\" data-carousel-extra='{&quot;blog_id&quot;:1,&quot;permalink&quot;:&quot;https:\\\/\\\/jennyisbaking.com\\\/de\\\/2025\\\/09\\\/12\\\/huevos-pericos-aus-kolumbien\\\/&quot;,&quot;likes_blog_id&quot;:129789891}' itemscope itemtype=\"http:\/\/schema.org\/ImageGallery\" > <div class=\"gallery-row\" style=\"width: 1080px; height: 809px;\" data-original-width=\"1080\" data-original-height=\"809\" > <div class=\"gallery-group images-1\" style=\"width: 539px; height: 809px;\" data-original-width=\"539\" data-original-height=\"809\" > <div class=\"tiled-gallery-item tiled-gallery-item-large\" itemprop=\"associatedMedia\" itemscope itemtype=\"http:\/\/schema.org\/ImageObject\"> <a href=\"https:\/\/jennyisbaking.com\/de\/2025\/09\/12\/huevos-pericos-aus-kolumbien\/tamales-und-chocolate\/\" border=\"0\" itemprop=\"url\"> <meta itemprop=\"width\" content=\"535\"> <meta itemprop=\"height\" content=\"805\"> <img decoding=\"async\" class=\"\" data-attachment-id=\"18335\" data-orig-file=\"https:\/\/jennyisbaking.com\/wp-1c174-content\/uploads\/2025\/08\/Tamales-und-chocolate.jpg\" data-orig-size=\"533,801\" data-comments-opened=\"1\" data-image-meta=\"{&quot;aperture&quot;:&quot;0&quot;,&quot;credit&quot;:&quot;&quot;,&quot;camera&quot;:&quot;&quot;,&quot;caption&quot;:&quot;&quot;,&quot;created_timestamp&quot;:&quot;0&quot;,&quot;copyright&quot;:&quot;&quot;,&quot;focal_length&quot;:&quot;0&quot;,&quot;iso&quot;:&quot;0&quot;,&quot;shutter_speed&quot;:&quot;0&quot;,&quot;title&quot;:&quot;&quot;,&quot;orientation&quot;:&quot;0&quot;}\" data-image-title=\"Tamales-und-chocolate\" data-image-description=\"\" data-medium-file=\"https:\/\/i0.wp.com\/jennyisbaking.com\/wp-1c174-content\/uploads\/2025\/08\/Tamales-und-chocolate.jpg?fit=200%2C300&#038;ssl=1\" data-large-file=\"https:\/\/i0.wp.com\/jennyisbaking.com\/wp-1c174-content\/uploads\/2025\/08\/Tamales-und-chocolate.jpg?fit=533%2C801&#038;ssl=1\" src=\"https:\/\/i0.wp.com\/jennyisbaking.com\/wp-1c174-content\/uploads\/2025\/08\/Tamales-und-chocolate.jpg?w=535&#038;h=805&#038;ssl=1\" srcset=\"https:\/\/i0.wp.com\/jennyisbaking.com\/wp-1c174-content\/uploads\/2025\/08\/Tamales-und-chocolate.jpg?w=533&amp;ssl=1 533w, https:\/\/i0.wp.com\/jennyisbaking.com\/wp-1c174-content\/uploads\/2025\/08\/Tamales-und-chocolate.jpg?resize=200%2C300&amp;ssl=1 200w\" width=\"535\" height=\"805\" loading=\"lazy\" data-original-width=\"535\" data-original-height=\"805\" itemprop=\"http:\/\/schema.org\/image\" title=\"Tamales-und-chocolate\" alt=\"Tamales-und-chocolate\" style=\"width: 535px; height: 805px;\" \/> <\/a> <\/div> <\/div> <!-- close group --> <div class=\"gallery-group images-1\" style=\"width: 541px; height: 809px;\" data-original-width=\"541\" data-original-height=\"809\" > <div class=\"tiled-gallery-item tiled-gallery-item-large\" itemprop=\"associatedMedia\" itemscope itemtype=\"http:\/\/schema.org\/ImageObject\"> <a href=\"https:\/\/jennyisbaking.com\/de\/2023\/07\/04\/warum-es-so-viele-lateinamerikanischen-rezepte-auf-meinem-blog-gibt\/kolumbianische-tamales-mit-chocolate\/\" border=\"0\" itemprop=\"url\"> <meta itemprop=\"width\" content=\"537\"> <meta itemprop=\"height\" content=\"805\"> <img decoding=\"async\" class=\"\" data-attachment-id=\"14848\" data-orig-file=\"https:\/\/jennyisbaking.com\/wp-1c174-content\/uploads\/2023\/06\/Kolumbianische-tamales-mit-chocolate.jpg\" data-orig-size=\"534,801\" data-comments-opened=\"1\" data-image-meta=\"{&quot;aperture&quot;:&quot;0&quot;,&quot;credit&quot;:&quot;&quot;,&quot;camera&quot;:&quot;&quot;,&quot;caption&quot;:&quot;&quot;,&quot;created_timestamp&quot;:&quot;0&quot;,&quot;copyright&quot;:&quot;&quot;,&quot;focal_length&quot;:&quot;0&quot;,&quot;iso&quot;:&quot;0&quot;,&quot;shutter_speed&quot;:&quot;0&quot;,&quot;title&quot;:&quot;&quot;,&quot;orientation&quot;:&quot;0&quot;}\" data-image-title=\"Kolumbianische-tamales-mit-chocolate\" data-image-description=\"\" data-medium-file=\"https:\/\/i0.wp.com\/jennyisbaking.com\/wp-1c174-content\/uploads\/2023\/06\/Kolumbianische-tamales-mit-chocolate.jpg?fit=200%2C300&#038;ssl=1\" data-large-file=\"https:\/\/i0.wp.com\/jennyisbaking.com\/wp-1c174-content\/uploads\/2023\/06\/Kolumbianische-tamales-mit-chocolate.jpg?fit=534%2C801&#038;ssl=1\" src=\"https:\/\/i0.wp.com\/jennyisbaking.com\/wp-1c174-content\/uploads\/2023\/06\/Kolumbianische-tamales-mit-chocolate.jpg?w=537&#038;h=805&#038;ssl=1\" srcset=\"https:\/\/i0.wp.com\/jennyisbaking.com\/wp-1c174-content\/uploads\/2023\/06\/Kolumbianische-tamales-mit-chocolate.jpg?w=534&amp;ssl=1 534w, https:\/\/i0.wp.com\/jennyisbaking.com\/wp-1c174-content\/uploads\/2023\/06\/Kolumbianische-tamales-mit-chocolate.jpg?resize=200%2C300&amp;ssl=1 200w\" width=\"537\" height=\"805\" loading=\"lazy\" data-original-width=\"537\" data-original-height=\"805\" itemprop=\"http:\/\/schema.org\/image\" title=\"Kolumbianische-tamales-mit-chocolate\" alt=\"Kolumbianische-tamales-mit-chocolate\" style=\"width: 537px; height: 805px;\" \/> <\/a> <\/div> <\/div> <!-- close group --> <\/div> <!-- close row --> <\/div>\n<p style=\"text-align: center;\">Ein weiteres typisches Fr\u00fchst\u00fcck: <a href=\"https:\/\/jennyisbaking.com\/de\/2021\/12\/08\/kolumbianische-tamales\/\" target=\"_blank\" rel=\"noopener\">tamales, also in Bananenbl\u00e4ttern ged\u00e4mpfte Speisen<\/a> mit einer <a href=\"https:\/\/jennyisbaking.com\/de\/2025\/12\/19\/colombian-hot-chocolate-with-cheese\/\" target=\"_blank\" rel=\"noopener\">hei\u00dfen Schokolade<\/a><\/p>\n<h2>Eier werden gerne zum Fr\u00fchst\u00fcck gereicht, besonders beliebt ist R\u00fchrei<\/h2>\n<p style=\"text-align: left;\">Dass Eier unfassbar wichtig sind, konnte ich im Supermarkt ablesen, hier werden Eier nicht im Dutzend verkauft, sondern gleich 30 an der Zahl, der schnell abfotografierte Eierlieferant in Bogot\u00e1 unten gibt einen kleinen Eindruck wieder. Besonders gerne wird R\u00fchrei gemacht, &#8222;revueltos&#8220;, genannt. Dann gibt es Varianten mit Wurst (salchichas) oder aber die huevos pericos, die ich hier vorstelle. Dazu werden Tomaten und Zwiebel angebraten, bevor die Eier hinzugef\u00fcgt werden.<\/p>\n<h2><a href=\"https:\/\/jennyisbaking.com\/2025\/09\/12\/huevos-pericos-aus-kolumbien\/jeep-mit-eier-lieferung\/\" rel=\"attachment wp-att-18336\"><img data-recalc-dims=\"1\" loading=\"lazy\" decoding=\"async\" data-attachment-id=\"18336\" data-permalink=\"https:\/\/jennyisbaking.com\/de\/2025\/09\/12\/huevos-pericos-aus-kolumbien\/jeep-mit-eier-lieferung\/\" data-orig-file=\"https:\/\/i0.wp.com\/jennyisbaking.com\/wp-1c174-content\/uploads\/2025\/08\/Jeep-mit-Eier-Lieferung.jpg?fit=801%2C597&amp;ssl=1\" data-orig-size=\"801,597\" data-comments-opened=\"1\" data-image-meta=\"{&quot;aperture&quot;:&quot;0&quot;,&quot;credit&quot;:&quot;&quot;,&quot;camera&quot;:&quot;&quot;,&quot;caption&quot;:&quot;&quot;,&quot;created_timestamp&quot;:&quot;0&quot;,&quot;copyright&quot;:&quot;&quot;,&quot;focal_length&quot;:&quot;0&quot;,&quot;iso&quot;:&quot;0&quot;,&quot;shutter_speed&quot;:&quot;0&quot;,&quot;title&quot;:&quot;&quot;,&quot;orientation&quot;:&quot;0&quot;}\" data-image-title=\"Jeep-mit-Eier-Lieferung\" data-image-description=\"\" data-image-caption=\"\" data-large-file=\"https:\/\/i0.wp.com\/jennyisbaking.com\/wp-1c174-content\/uploads\/2025\/08\/Jeep-mit-Eier-Lieferung.jpg?fit=801%2C597&amp;ssl=1\" class=\"aligncenter size-full wp-image-18336\" src=\"https:\/\/i0.wp.com\/jennyisbaking.com\/wp-1c174-content\/uploads\/2025\/08\/Jeep-mit-Eier-Lieferung.jpg?resize=801%2C597&#038;ssl=1\" alt=\"\" width=\"801\" height=\"597\" srcset=\"https:\/\/i0.wp.com\/jennyisbaking.com\/wp-1c174-content\/uploads\/2025\/08\/Jeep-mit-Eier-Lieferung.jpg?w=801&amp;ssl=1 801w, https:\/\/i0.wp.com\/jennyisbaking.com\/wp-1c174-content\/uploads\/2025\/08\/Jeep-mit-Eier-Lieferung.jpg?resize=300%2C224&amp;ssl=1 300w, https:\/\/i0.wp.com\/jennyisbaking.com\/wp-1c174-content\/uploads\/2025\/08\/Jeep-mit-Eier-Lieferung.jpg?resize=768%2C572&amp;ssl=1 768w\" sizes=\"auto, (max-width: 801px) 100vw, 801px\" \/><\/a><\/h2>\n<p style=\"text-align: center;\">Eier werden im 30er Pack verkauft, man geht davon aus, dass diese in einer typischen Familie schnell genug konsumiert werden<\/p>\n<h2>Neben Eiern ist K\u00e4se fundamental wichtig<\/h2>\n<p>In Kolumbien gibt es vorrangig eher milde K\u00e4sesorten, wie z.B. Mozzarella. K\u00e4se spielt beim Fr\u00fchst\u00fcck eine wichtige Rolle, sowohl als F\u00fcllung in arepas, aber auch um <a href=\"https:\/\/jennyisbaking.com\/de\/2025\/02\/25\/pan-de-bono-aus-kolumbien-glutenfrei\/\" target=\"_blank\" rel=\"noopener\">pan de bonos<\/a> oder <a href=\"https:\/\/jennyisbaking.com\/de\/2019\/07\/26\/pandebonos-colombian-cheese-bread-gluten-free\/\" target=\"_blank\" rel=\"noopener\">pandebonos<\/a> zu erstellen. Daf\u00fcr verwendet man einen Fischk\u00e4se namens &#8222;queso campesino.&#8220; Diese kleinen K\u00e4seb\u00e4llchen serviert man gerne mit frisch gebr\u00fchtem Kaffee oder &#8222;<a href=\"https:\/\/jennyisbaking.com\/de\/2025\/12\/19\/colombian-hot-chocolate-with-cheese\/\" target=\"_blank\" rel=\"noopener\">chocolate caliente<\/a>&#8222;, also hei\u00dfer Schokolade. Selbst in die hei\u00dfe Schokolade kommen K\u00e4sew\u00fcrfel. Von meinen deutschen Freunden kommen dann irritierte Blicke, aber wenn man daran denkt, dass ein milder K\u00e4se wie Mozzarella verwendet wird, versteht man vielleicht, dass dieser quasi Sahneersatz in der hei\u00dfen Schokolade ist. Auf dem Foto unten abgebildet ist auch noch &#8222;changua&#8220;, eine Milchsuppe mit pochierten Eiern (klar), Fr\u00fchlingszwiebeln und Brotw\u00fcrfeln. Zwar habe ich das auch schon gegessen, aber mag es nicht sonderlich, weshalb es auch noch kein Rezept auf dem Blog dazu gibt.<\/p>\n<h2><a href=\"https:\/\/jennyisbaking.com\/2025\/09\/12\/huevos-pericos-aus-kolumbien\/kolumbianisches-fruhstuck\/\" rel=\"attachment wp-att-18338\"><img data-recalc-dims=\"1\" loading=\"lazy\" decoding=\"async\" data-attachment-id=\"18338\" data-permalink=\"https:\/\/jennyisbaking.com\/de\/2025\/09\/12\/huevos-pericos-aus-kolumbien\/kolumbianisches-fruhstuck\/\" data-orig-file=\"https:\/\/i0.wp.com\/jennyisbaking.com\/wp-1c174-content\/uploads\/2025\/08\/Kolumbianisches-Fruhstuck.jpg?fit=601%2C801&amp;ssl=1\" data-orig-size=\"601,801\" data-comments-opened=\"1\" data-image-meta=\"{&quot;aperture&quot;:&quot;0&quot;,&quot;credit&quot;:&quot;&quot;,&quot;camera&quot;:&quot;&quot;,&quot;caption&quot;:&quot;&quot;,&quot;created_timestamp&quot;:&quot;0&quot;,&quot;copyright&quot;:&quot;&quot;,&quot;focal_length&quot;:&quot;0&quot;,&quot;iso&quot;:&quot;0&quot;,&quot;shutter_speed&quot;:&quot;0&quot;,&quot;title&quot;:&quot;&quot;,&quot;orientation&quot;:&quot;0&quot;}\" data-image-title=\"Kolumbianisches-Fru\u0308hstu\u0308ck\" data-image-description=\"\" data-image-caption=\"\" data-large-file=\"https:\/\/i0.wp.com\/jennyisbaking.com\/wp-1c174-content\/uploads\/2025\/08\/Kolumbianisches-Fruhstuck.jpg?fit=601%2C801&amp;ssl=1\" class=\"aligncenter size-full wp-image-18338\" src=\"https:\/\/i0.wp.com\/jennyisbaking.com\/wp-1c174-content\/uploads\/2025\/08\/Kolumbianisches-Fruhstuck.jpg?resize=601%2C801&#038;ssl=1\" alt=\"\" width=\"601\" height=\"801\" srcset=\"https:\/\/i0.wp.com\/jennyisbaking.com\/wp-1c174-content\/uploads\/2025\/08\/Kolumbianisches-Fruhstuck.jpg?w=601&amp;ssl=1 601w, https:\/\/i0.wp.com\/jennyisbaking.com\/wp-1c174-content\/uploads\/2025\/08\/Kolumbianisches-Fruhstuck.jpg?resize=225%2C300&amp;ssl=1 225w\" sizes=\"auto, (max-width: 601px) 100vw, 601px\" \/><\/a>Frisch gepresste Fruchts\u00e4fte spiegeln die Fruchtvielfalt wieder<\/h2>\n<p>Eine tragende Rolle beim kolumbianischen Fr\u00fchst\u00fcck spielen auch Fr\u00fcchte. Die Fr\u00fcchtevielfalt Kolumbiens ist erstaunlich, ich habe es tats\u00e4chlich geschafft dreieinhalb Wochen jeden Morgen eine neue, mir noch unbekannte Frucht zu probieren. F\u00fcr mich neu war auf dem Bild links &#8222;curuba&#8220;. Viele der Fr\u00fcchte sind hier g\u00e4nzlich unbekannt, da sie viel zu schnell verderben und nicht exportiert werden k\u00f6nnen. In Kolumbien werden die Fr\u00fcchte nicht nur roh gegessen, sondern man macht gerne einen frisch gepressten Saft daraus. An jeder Stra\u00dfenecke kann man S\u00e4fte und frische Fr\u00fcchte erstehen.<\/p>\n<div class=\"tiled-gallery type-rectangular tiled-gallery-unresized\" data-original-width=\"1080\" data-carousel-extra='{&quot;blog_id&quot;:1,&quot;permalink&quot;:&quot;https:\\\/\\\/jennyisbaking.com\\\/de\\\/2025\\\/09\\\/12\\\/huevos-pericos-aus-kolumbien\\\/&quot;,&quot;likes_blog_id&quot;:129789891}' itemscope itemtype=\"http:\/\/schema.org\/ImageGallery\" > <div class=\"gallery-row\" style=\"width: 1080px; height: 540px;\" data-original-width=\"1080\" data-original-height=\"540\" > <div class=\"gallery-group images-1\" style=\"width: 719px; height: 540px;\" data-original-width=\"719\" data-original-height=\"540\" > <div class=\"tiled-gallery-item tiled-gallery-item-large\" itemprop=\"associatedMedia\" itemscope itemtype=\"http:\/\/schema.org\/ImageObject\"> <a href=\"https:\/\/jennyisbaking.com\/de\/2025\/09\/12\/huevos-pericos-aus-kolumbien\/fruchte_in_kolumbien\/\" border=\"0\" itemprop=\"url\"> <meta itemprop=\"width\" content=\"715\"> <meta itemprop=\"height\" content=\"536\"> <img decoding=\"async\" class=\"\" data-attachment-id=\"18351\" data-orig-file=\"https:\/\/jennyisbaking.com\/wp-1c174-content\/uploads\/2025\/08\/Fruchte_in_Kolumbien.jpg\" data-orig-size=\"801,601\" data-comments-opened=\"1\" data-image-meta=\"{&quot;aperture&quot;:&quot;0&quot;,&quot;credit&quot;:&quot;&quot;,&quot;camera&quot;:&quot;&quot;,&quot;caption&quot;:&quot;&quot;,&quot;created_timestamp&quot;:&quot;0&quot;,&quot;copyright&quot;:&quot;&quot;,&quot;focal_length&quot;:&quot;0&quot;,&quot;iso&quot;:&quot;0&quot;,&quot;shutter_speed&quot;:&quot;0&quot;,&quot;title&quot;:&quot;&quot;,&quot;orientation&quot;:&quot;0&quot;}\" data-image-title=\"Fru\u0308chte_in_Kolumbien\" data-image-description=\"\" data-medium-file=\"https:\/\/i0.wp.com\/jennyisbaking.com\/wp-1c174-content\/uploads\/2025\/08\/Fruchte_in_Kolumbien.jpg?fit=300%2C225&#038;ssl=1\" data-large-file=\"https:\/\/i0.wp.com\/jennyisbaking.com\/wp-1c174-content\/uploads\/2025\/08\/Fruchte_in_Kolumbien.jpg?fit=801%2C601&#038;ssl=1\" src=\"https:\/\/i0.wp.com\/jennyisbaking.com\/wp-1c174-content\/uploads\/2025\/08\/Fruchte_in_Kolumbien.jpg?w=715&#038;h=536&#038;ssl=1\" srcset=\"https:\/\/i0.wp.com\/jennyisbaking.com\/wp-1c174-content\/uploads\/2025\/08\/Fruchte_in_Kolumbien.jpg?w=801&amp;ssl=1 801w, https:\/\/i0.wp.com\/jennyisbaking.com\/wp-1c174-content\/uploads\/2025\/08\/Fruchte_in_Kolumbien.jpg?resize=300%2C225&amp;ssl=1 300w, https:\/\/i0.wp.com\/jennyisbaking.com\/wp-1c174-content\/uploads\/2025\/08\/Fruchte_in_Kolumbien.jpg?resize=768%2C576&amp;ssl=1 768w\" width=\"715\" height=\"536\" loading=\"lazy\" data-original-width=\"715\" data-original-height=\"536\" itemprop=\"http:\/\/schema.org\/image\" title=\"Fru\u0308chte_in_Kolumbien\" alt=\"Fru\u0308chte_in_Kolumbien\" style=\"width: 715px; height: 536px;\" \/> <\/a> <\/div> <\/div> <!-- close group --> <div class=\"gallery-group images-1\" style=\"width: 361px; height: 540px;\" data-original-width=\"361\" data-original-height=\"540\" > <div class=\"tiled-gallery-item tiled-gallery-item-large\" itemprop=\"associatedMedia\" itemscope itemtype=\"http:\/\/schema.org\/ImageObject\"> <a href=\"https:\/\/jennyisbaking.com\/de\/2025\/09\/12\/huevos-pericos-aus-kolumbien\/fruchtestand-in-kolumbien\/\" border=\"0\" itemprop=\"url\"> <meta itemprop=\"width\" content=\"357\"> <meta itemprop=\"height\" content=\"536\"> <img decoding=\"async\" class=\"\" data-attachment-id=\"18352\" data-orig-file=\"https:\/\/jennyisbaking.com\/wp-1c174-content\/uploads\/2025\/08\/Fruchtestand-in-Kolumbien.jpg\" data-orig-size=\"533,801\" data-comments-opened=\"1\" data-image-meta=\"{&quot;aperture&quot;:&quot;0&quot;,&quot;credit&quot;:&quot;&quot;,&quot;camera&quot;:&quot;&quot;,&quot;caption&quot;:&quot;&quot;,&quot;created_timestamp&quot;:&quot;0&quot;,&quot;copyright&quot;:&quot;&quot;,&quot;focal_length&quot;:&quot;0&quot;,&quot;iso&quot;:&quot;0&quot;,&quot;shutter_speed&quot;:&quot;0&quot;,&quot;title&quot;:&quot;&quot;,&quot;orientation&quot;:&quot;0&quot;}\" data-image-title=\"Fru\u0308chtestand-in-Kolumbien\" data-image-description=\"\" data-medium-file=\"https:\/\/i0.wp.com\/jennyisbaking.com\/wp-1c174-content\/uploads\/2025\/08\/Fruchtestand-in-Kolumbien.jpg?fit=200%2C300&#038;ssl=1\" data-large-file=\"https:\/\/i0.wp.com\/jennyisbaking.com\/wp-1c174-content\/uploads\/2025\/08\/Fruchtestand-in-Kolumbien.jpg?fit=533%2C801&#038;ssl=1\" src=\"https:\/\/i0.wp.com\/jennyisbaking.com\/wp-1c174-content\/uploads\/2025\/08\/Fruchtestand-in-Kolumbien.jpg?w=357&#038;h=536&#038;ssl=1\" srcset=\"https:\/\/i0.wp.com\/jennyisbaking.com\/wp-1c174-content\/uploads\/2025\/08\/Fruchtestand-in-Kolumbien.jpg?w=533&amp;ssl=1 533w, https:\/\/i0.wp.com\/jennyisbaking.com\/wp-1c174-content\/uploads\/2025\/08\/Fruchtestand-in-Kolumbien.jpg?resize=200%2C300&amp;ssl=1 200w\" width=\"357\" height=\"536\" loading=\"lazy\" data-original-width=\"357\" data-original-height=\"536\" itemprop=\"http:\/\/schema.org\/image\" title=\"Fru\u0308chtestand-in-Kolumbien\" alt=\"Fru\u0308chtestand-in-Kolumbien\" style=\"width: 357px; height: 536px;\" \/> <\/a> <\/div> <\/div> <!-- close group --> <\/div> <!-- close row --> <\/div>\n<p style=\"text-align: center;\">Links zu sehen sind von oben nach unten pitaya (Drachenfrucht), curuba (auf Englisch banana passionfruit), ciruela (Pflaumen), lim\u00f3n (Limetten), rechts ein typischer Fr\u00fcchte- und Saftstand<\/p>\n<p>Zusammenfassend kann man also sagen, ein typisches kolumbianisches Fr\u00fchst\u00fcck enth\u00e4lt arepas, R\u00fchrei, frischen Fruchtsaft und\/oder Kaffee oder <a href=\"https:\/\/jennyisbaking.com\/de\/2025\/12\/19\/colombian-hot-chocolate-with-cheese\/\" target=\"_blank\" rel=\"noopener\">hei\u00dfe Schokolade<\/a>. Von Haus aus ist es herzhaft, nur die Fr\u00fcchte und Schokolade sind s\u00fc\u00df. Und K\u00e4se entdeckt man sowohl als F\u00fcllung, als Teil vom Geb\u00e4ck oder aber in der Schokolade.<\/p>\n<p><span class=\"sp_shortcode\">\t<div id=\"recipe\"><\/div>\r\n\t<div class=\"sp-recipe\" id=\"printthis\">\r\n\t\t\r\n\t\t<div class=\"recipe-overview\">\r\n\t\t\t\r\n\t\t\t<div class=\"recipe-image\">\r\n\t\t\t\t\t\t\t\t\t\t\t\t<img data-recalc-dims=\"1\" decoding=\"async\" src=\"https:\/\/i0.wp.com\/jennyisbaking.com\/wp-1c174-content\/uploads\/2025\/08\/Huevos-periocs-aus-Kolumbien.jpg?w=1080&#038;ssl=1\">\t\t\t\t\t\t\t\t\t\t\t\t\t<a href=\"#\" onclick=\"jQuery('#printthis').print()\" class=\"sp-print\"><i class=\"fa fas fa-print\"><\/i> Print Recipe<\/a>\r\n\t\t\t\t\t\t\t<\/div>\r\n\t\t\t\r\n\t\t\t<div class=\"recipe-header\">\r\n\t\t\t\r\n\t\t\t\t<div class=\"recipe-title-header\">\r\n\t\t\t\t\r\n\t\t\t\t\t\t\t\t\t\t\t<h2>Huevos periocos - R\u00fchrei mit Tomate und Zwiebel aus Kolumbien<\/h2>\r\n\t\t\t\t\t\t\t\t\t\t\t\t\t\t\r\n\t\t\t\t<\/div>\r\n\t\t\t\r\n\t\t\t\t\t\t\t\t<div class=\"recipe-meta\">\r\n\t\t\t\t\t\r\n\t\t\t\t\t<div class=\"meta-row\">\r\n\t\t\t\t\t\t\r\n\t\t\t\t\t\t\t\t\t\t\t\t\r\n\t\t\t\t\t\t\t\t\t\t\t\t\t\t\t\t\t\t\t\t\t\t\t\r\n\t\t\t\t\t<\/div>\r\n\t\t\t\t\t\r\n\t\t\t\t\t<div class=\"meta-row\">\r\n\t\t\t\t\t\t\r\n\t\t\t\t\t\t<i class=\"far fa-user\"><\/i>\t\t\t\t\t\t\r\n\t\t\t\t\t\t\t\t\t\t\t\t\t\t\t\t\t\t<span class=\"recipe-meta-item\">Serves: Rezept pro Person<\/span>\t\t\t\t\t\r\n\t\t\t\t\t<\/div>\r\n\t\t\t\t\t\r\n\t\t\t\t\t<div class=\"meta-row\">\r\n\t\t\t\t\t\r\n\t\t\t\t\t\t<i class=\"far fa-clock\"><\/i> \r\n\t\t\t\t\t\t\r\n\t\t\t\t\t\t\t\t\t\t\t\t\t\t\t\t\t\t<span class=\"recipe-meta-item\">Prep Time: 5min<\/span>\r\n\t\t\t\t\t\t\t\t\t\t\t\t\r\n\t\t\t\t\t\t<span class=\"separator\">&#8211;<\/span>\t\t\t\t\t\t\r\n\t\t\t\t\t\t\t\t\t\t\t\t\t\t\t\t\t\t<span class=\"recipe-meta-item\">Cooking Time: 10min<\/span>\r\n\t\t\t\t\t\t\t\t\t\t\t\t\r\n\t\t\t\t\t\t<span class=\"separator\">&#8211;<\/span>\t\t\t\t\t\t\r\n\t\t\t\t\t\t\t\t\t\t\t\t\t\t\t\t\t\t<span class=\"recipe-meta-item\">Total Time: 15min<\/span>\r\n\t\t\t\t\t\t\t\t\t\t\t\t\r\n\t\t\t\t\t<\/div>\r\n\t\t\t\r\n\t\t\t\t<\/div>\r\n\t\t\t\t\t\t\t\t\r\n\t\t\t\t\t\t\t\t\t<div class=\"sep-line\"><\/div>\r\n\t\t\t\t\t<div class=\"recipe-description\"><p>Huevos periocos - das ist die kolumbianische Bezeichnung f\u00fcr R\u00fchrei, das mit Tomate und Zwiebel zubereitet wird.<\/p><\/div>\r\n\t\t\t\t\t\t\t\r\n\t\t\t<\/div>\r\n\t\t\t\r\n\t\t<\/div>\r\n\t\t\t\r\n\t\t\t\t<div class=\"recipe-ingredients\">\r\n\t\t\t\t\t\t\t\r\n\t\t\t<h3 class=\"recipe-title\">Ingredients<\/h3>\r\n\t\t\t\r\n\t\t\t<ul>\r\n\t\t\t\t\t\t\t\t\t\t\t\t\t\t\t\t\t\t\t<li><span><b>Pro Person<\/b><\/span><\/li>\r\n\t\t\t\t\t\t\t\t\t\t\t\t\t\t\t\t\t\t\t\t\t\t\t\t\t\t\t\t<li><span>1 mittlere Tomate (ca. 150g)<\/span><\/li>\r\n\t\t\t\t\t\t\t\t\t\t\t\t\t\t\t\t\t\t\t\t\t\t\t\t\t\t\t\t<li><span>1 kleine Fr\u00fchlingszwiebel (alternativ eine halbe Zwiebel)<\/span><\/li>\r\n\t\t\t\t\t\t\t\t\t\t\t\t\t\t\t\t\t\t\t\t\t\t\t\t\t\t\t\t<li><span>2 gro\u00dfe Eier<\/span><\/li>\r\n\t\t\t\t\t\t\t\t\t\t\t\t\t\t\t\t\t\t\t\t\t\t\t\t\t\t\t\t<li><span>Butter oder Oliven\u00f6l zum Braten<\/span><\/li>\r\n\t\t\t\t\t\t\t\t\t\t\t\t\t\t\t\t\t\t\t\t\t\t\t\t\t\t\t\t<li><span>Nach Geschmack Salz, Pfeffer, Cumin<\/span><\/li>\r\n\t\t\t\t\t\t\t\t\t\t\t\t\t\t\t\t<\/ul>\r\n\t\t\t\r\n\t\t<\/div>\r\n\t\t\t\t\r\n\t\t\t\t<div class=\"recipe-method\">\r\n\t\t\t\t\t\t\t\r\n\t\t\t<h3 class=\"recipe-title\">Instructions<\/h3>\r\n\t\t\t\r\n\t\t\t\t\t\t\t\t\t\r\n\t\t\t\t\t\t\t\t\t\t\t\t\t\t\t<div class=\"step\">\r\n\t\t\t\t\t<span class=\"step-number\">1<\/span>\r\n\t\t\t\t\t<div class=\"step-content\">\r\n\t\t\t\t\t\t<p>Zun\u00e4chst die Tomate und Zwiebel in ganz feine W\u00fcrfel schneiden, das letzte gr\u00fcne Ende der Fr\u00fchlingszwiebel zum Bestreuen aufbewahren. Dann Butter oder \u00d6l in einer Pfanne erhitzen und erst einmal die geschnittenen Zwiebeln darin ca. 1 Minute anbraten, Tomatenw\u00fcrfel hinzugeben, salzen und nun mindestens 5 Minuten unter gelegentlichem R\u00fchren braten. Wichtig ist, dass die Tomaten ordentlich Fl\u00fcssigkeit verlieren, denn sonst wird es sp\u00e4ter matschig. <\/p>\r\n\t\t\t\t\t<\/div>\r\n\t\t\t\t<\/div>\r\n\t\t\t\t\t\t\t\t\t\t\r\n\t\t\t\t\t\t\r\n\t\t\t\t\t\t\t\t\t\t\t\t\t\t\t<div class=\"step\">\r\n\t\t\t\t\t<span class=\"step-number\">2<\/span>\r\n\t\t\t\t\t<div class=\"step-content\">\r\n\t\t\t\t\t\t<p>Derweil die Eier verquirlen und nach Geschmack salzen, pfeffern, in Kolumbien w\u00fcrzt man gerne mit Cumin. Die verquirlten Eier \u00fcber die Tomatenmasse geben und stocken lassen, zwischendurch umr\u00fchren. Mit den restlichen Fr\u00fchlingszwiebeln hei\u00df servieren und mit <a href=\"https:\/\/jennyisbaking.com\/de\/2020\/07\/31\/wie-macht-man-perfekte-arepas-aus-kolumbien-oder-venezuela\/\" target=\"_blank\" rel=\"noopener noreferrer\">arepas<\/a> genie\u00dfen.<\/p>\r\n\t\t\t\t\t<\/div>\r\n\t\t\t\t<\/div>\r\n\t\t\t\t\t\t\t\t\t\t\r\n\t\t\t\t\t\t\r\n\t\t<\/div>\r\n\t\t\t\t\r\n\t\t\t\t\r\n\t\t\t\t\r\n\t\t<script type=\"application\/ld+json\">\r\n\t\t\t{\r\n\t\t\t  \"@context\": \"http:\/\/schema.org\",\r\n\t\t\t  \"@type\": \"Recipe\",\r\n\t\t\t  \"url\": \"https:\/\/jennyisbaking.com\/de\/2025\/09\/12\/huevos-pericos-aus-kolumbien\/\",\r\n\t\t\t  \"author\": {\r\n\t\t\t\t\"@type\": \"Thing\",\r\n\t\t\t\t\"name\": \"\"\r\n\t\t\t  },\r\n\t\t\t  \"datePublished\": \"Freitag, der 12. September 2025\",\r\n\t\t\t  \"cookTime\": \"PT10M\",\r\n\t\t\t  \t\t\t  \"description\": \"Huevos periocos - das ist die kolumbianische Bezeichnung f\u00fcr R\u00fchrei, das mit Tomate und Zwiebel zubereitet wird.\",\r\n\t\t\t  \"image\": \"https:\/\/jennyisbaking.com\/wp-1c174-content\/uploads\/2025\/08\/Huevos-periocs-aus-Kolumbien.jpg\",\r\n\t\t\t  \"recipeIngredient\": [\r\n\t\t\t\t\t\t\t\t\t\t\t\t\t                    \t\t\t\t\t\"<b>Pro Person<\/b>\",\t\t\t\t\t\t\t\t\t\t\t\t\t\t\t\t\t\t\t                    \t\t\t\t\t\"1 mittlere Tomate (ca. 150g)\",\t\t\t\t\t\t\t\t\t\t\t\t\t\t\t\t\t\t\t                    \t\t\t\t\t\"1 kleine Fr\u00fchlingszwiebel (alternativ eine halbe Zwiebel)\",\t\t\t\t\t\t\t\t\t\t\t\t\t\t\t\t\t\t\t                    \t\t\t\t\t\"2 gro\u00dfe Eier\",\t\t\t\t\t\t\t\t\t\t\t\t\t\t\t\t\t\t\t                    \t\t\t\t\t\"Butter oder Oliven\u00f6l zum Braten\",\t\t\t\t\t\t\t\t\t\t\t\t\t\t\t\t\t\t\t                    \t\t\t\t\t\"Nach Geschmack Salz, Pfeffer, Cumin\"\t\t\t\t\t\t\t\t\t\t\t\t\t\t\t\t\t  ],\r\n\t\t\t  \"name\": \"Huevos periocos - R\u00fchrei mit Tomate und Zwiebel aus Kolumbien\",\r\n\t\t\t  \"nutrition\": {\r\n\t\t\t\t\"@type\": \"NutritionInformation\",\r\n\t\t\t\t\"calories\": \"\",\r\n\t\t\t\t\"carbohydrateContent\": \"\",\r\n\t\t\t\t\"cholesterolContent\": \"\",\r\n\t\t\t\t\"fatContent\": \"\",\r\n\t\t\t\t\"fiberContent\": \"\",\r\n\t\t\t\t\"proteinContent\": \"\",\r\n\t\t\t\t\"saturatedFatContent\": \"\",\r\n\t\t\t\t\"sodiumContent\": \"\",\r\n\t\t\t\t\"sugarContent\": \"\",\r\n\t\t\t\t\"transFatContent\": \"\",\r\n\t\t\t\t\"unsaturatedFatContent\": \"\"\r\n\t\t\t  },\r\n\t\t\t  \"prepTime\": \"PT5M\",\r\n\t\t\t  \"totalTime\": \"PT15M\",\r\n\t\t\t  \"recipeCategory\":\"\",\r\n\t\t\t  \"recipeCuisine\":\"\",\r\n\t\t\t  \"keywords\": \"\",\t\t\t  \r\n\t\t\t  \"recipeInstructions\": [\r\n\t\t\t\t\t\t\t\t\t\t\t\r\n\t\t\t\t\t\t\t\t\t\t\t\t\t\t\t\t\"Zun\u00e4chst die Tomate und Zwiebel in ganz feine W\u00fcrfel schneiden, das letzte gr\u00fcne Ende der Fr\u00fchlingszwiebel zum Bestreuen aufbewahren. Dann Butter oder \u00d6l in einer Pfanne erhitzen und erst einmal die geschnittenen Zwiebeln darin ca. 1 Minute anbraten, Tomatenw\u00fcrfel hinzugeben, salzen und nun mindestens 5 Minuten unter gelegentlichem R\u00fchren braten. Wichtig ist, dass die Tomaten ordentlich Fl\u00fcssigkeit verlieren, denn sonst wird es sp\u00e4ter matschig. \",\t\t\t\t\t\t\r\n\t\t\t\t\t\t\t\t\t\t\t\t\t\t\r\n\t\t\t\t\t\t\t\r\n\t\t\t\t\t\t\t\t\t\t\t\t\t\t\t\t\"Derweil die Eier verquirlen und nach Geschmack salzen, pfeffern, in Kolumbien w\u00fcrzt man gerne mit Cumin. Die verquirlten Eier \u00fcber die Tomatenmasse geben und stocken lassen, zwischendurch umr\u00fchren. Mit den restlichen Fr\u00fchlingszwiebeln hei\u00df servieren und mit <a href='https:\/\/jennyisbaking.com\/de\/2020\/07\/31\/wie-macht-man-perfekte-arepas-aus-kolumbien-oder-venezuela\/' target='_blank' rel='noopener noreferrer'>arepas<\/a> genie\u00dfen.\"\t\t\t\t\t\t\r\n\t\t\t\t\t\t\t\t\t\t\t\t\t\t\r\n\t\t\t\t\t\t\t  ],\r\n\t\t\t  \t\t\t  \"recipeYield\": \"Rezept pro Person\"\t\t\t  \t\t\t}\r\n\t\t<\/script>\r\n\t\t\r\n\t<\/div>\r\n\t<\/span><\/p>\n<p><a href=\"https:\/\/jennyisbaking.com\/2025\/09\/12\/huevos-pericos-aus-kolumbien\/huevos-periocs-aus-kolumbien-2\/\" rel=\"attachment wp-att-18361\"><img data-recalc-dims=\"1\" loading=\"lazy\" decoding=\"async\" data-attachment-id=\"18361\" data-permalink=\"https:\/\/jennyisbaking.com\/de\/2025\/09\/12\/huevos-pericos-aus-kolumbien\/huevos-periocs-aus-kolumbien-2\/\" data-orig-file=\"https:\/\/i0.wp.com\/jennyisbaking.com\/wp-1c174-content\/uploads\/2025\/08\/Huevos-periocs-aus-Kolumbien-2.jpg?fit=534%2C801&amp;ssl=1\" data-orig-size=\"534,801\" data-comments-opened=\"1\" data-image-meta=\"{&quot;aperture&quot;:&quot;0&quot;,&quot;credit&quot;:&quot;&quot;,&quot;camera&quot;:&quot;&quot;,&quot;caption&quot;:&quot;&quot;,&quot;created_timestamp&quot;:&quot;0&quot;,&quot;copyright&quot;:&quot;&quot;,&quot;focal_length&quot;:&quot;0&quot;,&quot;iso&quot;:&quot;0&quot;,&quot;shutter_speed&quot;:&quot;0&quot;,&quot;title&quot;:&quot;&quot;,&quot;orientation&quot;:&quot;0&quot;}\" data-image-title=\"Huevos-periocs-aus-Kolumbien-2\" data-image-description=\"\" data-image-caption=\"\" data-large-file=\"https:\/\/i0.wp.com\/jennyisbaking.com\/wp-1c174-content\/uploads\/2025\/08\/Huevos-periocs-aus-Kolumbien-2.jpg?fit=534%2C801&amp;ssl=1\" class=\"aligncenter size-full wp-image-18361\" src=\"https:\/\/i0.wp.com\/jennyisbaking.com\/wp-1c174-content\/uploads\/2025\/08\/Huevos-periocs-aus-Kolumbien-2.jpg?resize=534%2C801&#038;ssl=1\" alt=\"\" width=\"534\" height=\"801\" srcset=\"https:\/\/i0.wp.com\/jennyisbaking.com\/wp-1c174-content\/uploads\/2025\/08\/Huevos-periocs-aus-Kolumbien-2.jpg?w=534&amp;ssl=1 534w, https:\/\/i0.wp.com\/jennyisbaking.com\/wp-1c174-content\/uploads\/2025\/08\/Huevos-periocs-aus-Kolumbien-2.jpg?resize=200%2C300&amp;ssl=1 200w\" sizes=\"auto, (max-width: 534px) 100vw, 534px\" \/><\/a>Mit diesem Beitrag mache ich auch bei der <a href=\"https:\/\/volkermampft.de\/die-kulinarische-weltreise-die-grosse-foodblogger-aktion\/\" target=\"_blank\" rel=\"noopener\">kulinarischen Weltreise<\/a> mit. Dieses Mal stellt man Fr\u00fchst\u00fcck in einem Land vor, ich habe es hiermit mit Kolumbien gemacht. Folgende weitere Blogartikel gibt es hier, ich werde die Liste kontinuierlich erweitern:<\/p>\n<ul class=\"wp-block-list\">\n<li>Simone von zimtkringel mit <a href=\"https:\/\/www.zimtkringel.org\/2025\/09\/03\/petit-pains-au-chocolat\/\" target=\"_blank\" rel=\"noreferrer noopener\">Petit Pains au Chocolat<\/a><\/li>\n<li>Wilma von Pane-Bistecca mit <a href=\"https:\/\/pane-bistecca.com\/2025\/09\/07\/birchermueesli-fruehstueck-aus-der-schweiz\/\" target=\"_blank\" rel=\"noreferrer noopener\">Birchermuesli<\/a> und <a href=\"https:\/\/pane-bistecca.com\/2025\/09\/11\/roggen-vollkorn-brot-mit-jogurt\/\" target=\"_blank\" rel=\"noreferrer noopener\">Roggen-Vollkorn Brot mit Joghurt<\/a><\/li>\n<li>Petra aka Cascabel von Chili und Ciabatta mit <a href=\"https:\/\/chili-und-ciabatta.de\/2025\/09\/semiya-upma-vermicelli-upma\/\" target=\"_blank\" rel=\"noreferrer noopener\">Semiya Upma \u2013 Vermicelli Upma<\/a><\/li>\n<li>Susanne von magentratzerl mit <a href=\"https:\/\/magentratzerl.de\/2025\/09\/14\/ontbijtkoek-niederlaendischer-fruehstueckskuchen\/\" target=\"_blank\" rel=\"noreferrer noopener\">Ontbijtkoek<\/a> und <a href=\"https:\/\/magentratzerl.de\/2025\/09\/27\/haags-ontbijt-den-haager-fruehstuecksgebaeck\/\">Haags Ontbijt<\/a><\/li>\n<li>Sylvia von Brotwein mit <a href=\"https:\/\/brittas-kochbuch.info\/wp-admin\/post.php?post=31241&amp;action=edit\" target=\"_blank\" rel=\"noreferrer noopener\">Cilbir<\/a><\/li>\n<li>Britta von Brittas Kochbuch mit <a title=\"Strammer Max\" href=\"https:\/\/brittas-kochbuch.info\/?p=31241\" target=\"_blank\" rel=\"noopener\">Strammer Max<\/a><\/li>\n<li>Cornelia von SilverTravellers mit <a title=\"Moltebeerenmarmelade ohne Kerne \u2013 das Gold aus dem Moor\" href=\"https:\/\/www.silvertravellers.de\/moltebeerenmarmelade-ohne-kerne\/\" target=\"_blank\" rel=\"noopener\">Moltebeerenmarmelade ohne Kerne \u2013 das Gold aus dem Moor<\/a><\/li>\n<li>Kathrina von K\u00fcchentraum &amp; Purzelbaum mit <a title=\"Brioche Rezept - Einfaches s\u00fc\u00dfes Hefebrot\" href=\"https:\/\/www.kuechentraumundpurzelbaum.de\/brioche-rezept\/\" target=\"_blank\" rel=\"noopener\">Brioche Rezept &#8211; Einfaches s\u00fc\u00dfes Hefebrot<\/a><\/li>\n<li>Friederike von Fliederbaum mit <a href=\"https:\/\/fliederbaum.blogspot.com\/2025\/09\/fruhstucksguglhupf.html\">Fr\u00fchst\u00fccksgugelhup<\/a>f<\/li>\n<li>Regina von bistroglobal mit <a class=\"wpel-icon-right\" title=\"Nasi Lemak\" href=\"https:\/\/bistroglobal.de\/nasi-lemak\/\" target=\"_blank\" rel=\"noopener nofollow external noreferrer\" data-wpel-link=\"external\">Nasi Lemak<\/a><\/li>\n<\/ul>\n<p><\/p>","protected":false},"excerpt":{"rendered":"<p>Leider ist der Eintrag nur auf English verf\u00fcgbar.<\/p>\n","protected":false},"author":1,"featured_media":18357,"comment_status":"open","ping_status":"closed","sticky":false,"template":"","format":"standard","meta":{"jetpack_post_was_ever_published":false,"_jetpack_newsletter_access":"","_jetpack_dont_email_post_to_subs":false,"_jetpack_newsletter_tier_id":0,"_jetpack_memberships_contains_paywalled_content":false,"_jetpack_memberships_contains_paid_content":false,"footnotes":"","jetpack_publicize_message":"","jetpack_publicize_feature_enabled":true,"jetpack_social_post_already_shared":true,"jetpack_social_options":{"image_generator_settings":{"template":"highway","default_image_id":0,"font":"","enabled":false},"version":2}},"categories":[2,378,350,920,10],"tags":[562,39,2914,70,71,2917,2916,2915],"class_list":["post-18334","post","type-post","status-publish","format-standard","has-post-thumbnail","hentry","category-bread-and-breakfast","category-brotbrunchfruhstuck","category-herzhaft","category-latin-american-recipes","category-savory","tag-colombia","tag-colombian","tag-huevos-pericos","tag-kolumbianisch","tag-kolumbien","tag-omlette","tag-ruhrei","tag-scrambled-eggs"],"yoast_head":"<!-- This site is optimized with the Yoast SEO plugin v27.5 - https:\/\/yoast.com\/product\/yoast-seo-wordpress\/ -->\n<title>Huevos Pericos - R\u00fchrei auf kolumbianische Art und kolumbianisches Fr\u00fchst\u00fcck - Jenny is baking<\/title>\n<meta name=\"description\" content=\"Huevos periocos - das ist die kolumbianische Bezeichnung f\u00fcr R\u00fchrei, das mit Tomate und Zwiebel zubereitet wird.\" \/>\n<meta name=\"robots\" content=\"index, follow, max-snippet:-1, max-image-preview:large, max-video-preview:-1\" \/>\n<link rel=\"canonical\" href=\"https:\/\/jennyisbaking.com\/de\/2025\/09\/12\/huevos-pericos-aus-kolumbien\/\" \/>\n<meta property=\"og:locale\" content=\"de_DE\" \/>\n<meta property=\"og:type\" content=\"article\" \/>\n<meta property=\"og:title\" content=\"Huevos Pericos - R\u00fchrei auf kolumbianische Art und kolumbianisches Fr\u00fchst\u00fcck - Jenny is baking\" \/>\n<meta property=\"og:description\" content=\"Huevos periocos - das ist die kolumbianische Bezeichnung f\u00fcr R\u00fchrei, das mit Tomate und Zwiebel zubereitet wird.\" \/>\n<meta property=\"og:url\" content=\"https:\/\/jennyisbaking.com\/de\/2025\/09\/12\/huevos-pericos-aus-kolumbien\/\" \/>\n<meta property=\"og:site_name\" content=\"Jenny is baking\" \/>\n<meta property=\"article:publisher\" content=\"https:\/\/www.facebook.com\/jennyisbaking\/\" \/>\n<meta property=\"article:author\" content=\"https:\/\/www.facebook.com\/jennyisbaking\/\" \/>\n<meta property=\"article:published_time\" content=\"2025-09-12T05:00:08+00:00\" \/>\n<meta property=\"article:modified_time\" content=\"2025-12-25T10:01:13+00:00\" \/>\n<meta property=\"og:image\" content=\"https:\/\/jennyisbaking.com\/wp-1c174-content\/uploads\/2025\/08\/Huevos-periocs-aus-Kolumbien.jpg\" \/>\n\t<meta property=\"og:image:width\" content=\"534\" \/>\n\t<meta property=\"og:image:height\" content=\"801\" \/>\n\t<meta property=\"og:image:type\" content=\"image\/jpeg\" \/>\n<meta name=\"author\" content=\"Jenny\" \/>\n<meta name=\"twitter:card\" content=\"summary_large_image\" \/>\n<meta name=\"twitter:label1\" content=\"Verfasst von\" \/>\n\t<meta name=\"twitter:data1\" content=\"Jenny\" \/>\n\t<meta name=\"twitter:label2\" content=\"Gesch\u00e4tzte Lesezeit\" \/>\n\t<meta name=\"twitter:data2\" content=\"5\u00a0Minuten\" \/>\n<script type=\"application\/ld+json\" class=\"yoast-schema-graph\">{\"@context\":\"https:\\\/\\\/schema.org\",\"@graph\":[{\"@type\":\"Article\",\"@id\":\"https:\\\/\\\/jennyisbaking.com\\\/2025\\\/09\\\/12\\\/huevos-pericos-aus-kolumbien\\\/#article\",\"isPartOf\":{\"@id\":\"https:\\\/\\\/jennyisbaking.com\\\/2025\\\/09\\\/12\\\/huevos-pericos-aus-kolumbien\\\/\"},\"author\":{\"name\":\"Jenny\",\"@id\":\"https:\\\/\\\/jennyisbaking.com\\\/#\\\/schema\\\/person\\\/28a46859582cac5ac1ef7e065a17f77b\"},\"headline\":\"Huevos Pericos &#8211; R\u00fchrei auf kolumbianische Art und kolumbianisches Fr\u00fchst\u00fcck\",\"datePublished\":\"2025-09-12T05:00:08+00:00\",\"dateModified\":\"2025-12-25T10:01:13+00:00\",\"mainEntityOfPage\":{\"@id\":\"https:\\\/\\\/jennyisbaking.com\\\/2025\\\/09\\\/12\\\/huevos-pericos-aus-kolumbien\\\/\"},\"wordCount\":1833,\"commentCount\":14,\"image\":{\"@id\":\"https:\\\/\\\/jennyisbaking.com\\\/2025\\\/09\\\/12\\\/huevos-pericos-aus-kolumbien\\\/#primaryimage\"},\"thumbnailUrl\":\"https:\\\/\\\/i0.wp.com\\\/jennyisbaking.com\\\/wp-1c174-content\\\/uploads\\\/2025\\\/08\\\/Huevos-periocs-aus-Kolumbien.jpg?fit=534%2C801&ssl=1\",\"keywords\":[\"Colombia\",\"Colombian\",\"huevos pericos\",\"kolumbianisch\",\"Kolumbien\",\"omlette\",\"r\u00fchrei\",\"scrambled eggs\"],\"articleSection\":[\"Bread and Breakfast\",\"Brot\\\/Brunch\\\/Fr\u00fchst\u00fcck\",\"Herzhaft\",\"Latin American Recipes\",\"Savory\"],\"inLanguage\":\"de\",\"potentialAction\":[{\"@type\":\"CommentAction\",\"name\":\"Comment\",\"target\":[\"https:\\\/\\\/jennyisbaking.com\\\/2025\\\/09\\\/12\\\/huevos-pericos-aus-kolumbien\\\/#respond\"]}]},{\"@type\":\"WebPage\",\"@id\":\"https:\\\/\\\/jennyisbaking.com\\\/de\\\/2025\\\/09\\\/12\\\/huevos-pericos-aus-kolumbien\\\/\",\"url\":\"https:\\\/\\\/jennyisbaking.com\\\/de\\\/2025\\\/09\\\/12\\\/huevos-pericos-aus-kolumbien\\\/\",\"name\":\"Huevos Pericos - R\u00fchrei auf kolumbianische Art und kolumbianisches Fr\u00fchst\u00fcck - Jenny is baking\",\"isPartOf\":{\"@id\":\"https:\\\/\\\/jennyisbaking.com\\\/de\\\/#website\"},\"primaryImageOfPage\":{\"@id\":\"https:\\\/\\\/jennyisbaking.com\\\/de\\\/2025\\\/09\\\/12\\\/huevos-pericos-aus-kolumbien\\\/#primaryimage\"},\"image\":{\"@id\":\"https:\\\/\\\/jennyisbaking.com\\\/2025\\\/09\\\/12\\\/huevos-pericos-aus-kolumbien\\\/#primaryimage\"},\"thumbnailUrl\":\"https:\\\/\\\/i0.wp.com\\\/jennyisbaking.com\\\/wp-1c174-content\\\/uploads\\\/2025\\\/08\\\/Huevos-periocs-aus-Kolumbien.jpg?fit=534%2C801&ssl=1\",\"datePublished\":\"2025-09-12T05:00:08+00:00\",\"dateModified\":\"2025-12-25T10:01:13+00:00\",\"author\":{\"@id\":\"https:\\\/\\\/jennyisbaking.com\\\/#\\\/schema\\\/person\\\/28a46859582cac5ac1ef7e065a17f77b\"},\"description\":\"Huevos periocos - das ist die kolumbianische Bezeichnung f\u00fcr R\u00fchrei, das mit Tomate und Zwiebel zubereitet wird.\",\"breadcrumb\":{\"@id\":\"https:\\\/\\\/jennyisbaking.com\\\/de\\\/2025\\\/09\\\/12\\\/huevos-pericos-aus-kolumbien\\\/#breadcrumb\"},\"inLanguage\":\"de\",\"potentialAction\":[{\"@type\":\"ReadAction\",\"target\":[[\"https:\\\/\\\/jennyisbaking.com\\\/de\\\/2025\\\/09\\\/12\\\/huevos-pericos-aus-kolumbien\\\/\"]]}]},{\"@type\":\"ImageObject\",\"inLanguage\":\"de\",\"@id\":\"https:\\\/\\\/jennyisbaking.com\\\/de\\\/2025\\\/09\\\/12\\\/huevos-pericos-aus-kolumbien\\\/#primaryimage\",\"url\":\"https:\\\/\\\/i0.wp.com\\\/jennyisbaking.com\\\/wp-1c174-content\\\/uploads\\\/2025\\\/08\\\/Huevos-periocs-aus-Kolumbien.jpg?fit=534%2C801&ssl=1\",\"contentUrl\":\"https:\\\/\\\/i0.wp.com\\\/jennyisbaking.com\\\/wp-1c174-content\\\/uploads\\\/2025\\\/08\\\/Huevos-periocs-aus-Kolumbien.jpg?fit=534%2C801&ssl=1\",\"width\":534,\"height\":801},{\"@type\":\"BreadcrumbList\",\"@id\":\"https:\\\/\\\/jennyisbaking.com\\\/de\\\/2025\\\/09\\\/12\\\/huevos-pericos-aus-kolumbien\\\/#breadcrumb\",\"itemListElement\":[{\"@type\":\"ListItem\",\"position\":1,\"name\":\"Startseite\",\"item\":\"https:\\\/\\\/jennyisbaking.com\\\/de\\\/\"},{\"@type\":\"ListItem\",\"position\":2,\"name\":\"Huevos Pericos &#8211; Colombian Scrambled Eggs with Tomatoe and Spring Onion\"}]},{\"@type\":\"WebSite\",\"@id\":\"https:\\\/\\\/jennyisbaking.com\\\/de\\\/#website\",\"url\":\"https:\\\/\\\/jennyisbaking.com\\\/de\\\/\",\"name\":\"Jenny is baking\",\"description\":\"Backrezepte aus Nord- und S\u00fcdamerika\",\"potentialAction\":[{\"@type\":\"SearchAction\",\"target\":{\"@type\":\"EntryPoint\",\"urlTemplate\":\"https:\\\/\\\/jennyisbaking.com\\\/de\\\/?s={search_term_string}\"},\"query-input\":{\"@type\":\"PropertyValueSpecification\",\"valueRequired\":true,\"valueName\":\"search_term_string\"}}],\"inLanguage\":\"de\"},{\"@type\":\"Person\",\"@id\":\"https:\\\/\\\/jennyisbaking.com\\\/#\\\/schema\\\/person\\\/28a46859582cac5ac1ef7e065a17f77b\",\"name\":\"Jenny\",\"image\":{\"@type\":\"ImageObject\",\"inLanguage\":\"de\",\"@id\":\"https:\\\/\\\/secure.gravatar.com\\\/avatar\\\/23e81660a6279fbe7db0db01e9985036a8488f0100c3985867731ba2b4348089?s=96&d=mm&r=g\",\"url\":\"https:\\\/\\\/secure.gravatar.com\\\/avatar\\\/23e81660a6279fbe7db0db01e9985036a8488f0100c3985867731ba2b4348089?s=96&d=mm&r=g\",\"contentUrl\":\"https:\\\/\\\/secure.gravatar.com\\\/avatar\\\/23e81660a6279fbe7db0db01e9985036a8488f0100c3985867731ba2b4348089?s=96&d=mm&r=g\",\"caption\":\"Jenny\"},\"description\":\"Hi, ich hei\u00dfe Jenny, geb\u00fcrtig in Uruguay, als Kind in USA gelebt, nach dem Abi in Kanada und mit einem Kolumbianer verheiratet. Ich wohne im Moment in M\u00fcnchen, S\u00fcddeutschland. Auf meinem Blog finden sich meist s\u00fc\u00dfe Rezepte. Ich mag normalerweise einfache Sachen, die schnell gemacht sind, aber gleichzeitig was hermachen. Manchmal packt mich auch der Ehrgeiz und ich wage mich an kompliziertere Torten. Schau dir im Men\u00fc \u201eAlle Rezepte\u201c an f\u00fcr weitere Inspiration.\",\"sameAs\":[\"https:\\\/\\\/www.facebook.com\\\/jennyisbaking\\\/\",\"https:\\\/\\\/www.pinterest.de\\\/jennyisbaking\\\/\"]}]}<\/script>\n<!-- \/ Yoast SEO plugin. -->","yoast_head_json":{"title":"Huevos Pericos - R\u00fchrei auf kolumbianische Art und kolumbianisches Fr\u00fchst\u00fcck - Jenny is baking","description":"Huevos periocos - das ist die kolumbianische Bezeichnung f\u00fcr R\u00fchrei, das mit Tomate und Zwiebel zubereitet wird.","robots":{"index":"index","follow":"follow","max-snippet":"max-snippet:-1","max-image-preview":"max-image-preview:large","max-video-preview":"max-video-preview:-1"},"canonical":"https:\/\/jennyisbaking.com\/de\/2025\/09\/12\/huevos-pericos-aus-kolumbien\/","og_locale":"de_DE","og_type":"article","og_title":"Huevos Pericos - R\u00fchrei auf kolumbianische Art und kolumbianisches Fr\u00fchst\u00fcck - Jenny is baking","og_description":"Huevos periocos - das ist die kolumbianische Bezeichnung f\u00fcr R\u00fchrei, das mit Tomate und Zwiebel zubereitet wird.","og_url":"https:\/\/jennyisbaking.com\/de\/2025\/09\/12\/huevos-pericos-aus-kolumbien\/","og_site_name":"Jenny is baking","article_publisher":"https:\/\/www.facebook.com\/jennyisbaking\/","article_author":"https:\/\/www.facebook.com\/jennyisbaking\/","article_published_time":"2025-09-12T05:00:08+00:00","article_modified_time":"2025-12-25T10:01:13+00:00","og_image":[{"width":534,"height":801,"url":"https:\/\/jennyisbaking.com\/wp-1c174-content\/uploads\/2025\/08\/Huevos-periocs-aus-Kolumbien.jpg","type":"image\/jpeg"}],"author":"Jenny","twitter_card":"summary_large_image","twitter_misc":{"Verfasst von":"Jenny","Gesch\u00e4tzte Lesezeit":"5\u00a0Minuten"},"schema":{"@context":"https:\/\/schema.org","@graph":[{"@type":"Article","@id":"https:\/\/jennyisbaking.com\/2025\/09\/12\/huevos-pericos-aus-kolumbien\/#article","isPartOf":{"@id":"https:\/\/jennyisbaking.com\/2025\/09\/12\/huevos-pericos-aus-kolumbien\/"},"author":{"name":"Jenny","@id":"https:\/\/jennyisbaking.com\/#\/schema\/person\/28a46859582cac5ac1ef7e065a17f77b"},"headline":"Huevos Pericos &#8211; R\u00fchrei auf kolumbianische Art und kolumbianisches Fr\u00fchst\u00fcck","datePublished":"2025-09-12T05:00:08+00:00","dateModified":"2025-12-25T10:01:13+00:00","mainEntityOfPage":{"@id":"https:\/\/jennyisbaking.com\/2025\/09\/12\/huevos-pericos-aus-kolumbien\/"},"wordCount":1833,"commentCount":14,"image":{"@id":"https:\/\/jennyisbaking.com\/2025\/09\/12\/huevos-pericos-aus-kolumbien\/#primaryimage"},"thumbnailUrl":"https:\/\/i0.wp.com\/jennyisbaking.com\/wp-1c174-content\/uploads\/2025\/08\/Huevos-periocs-aus-Kolumbien.jpg?fit=534%2C801&ssl=1","keywords":["Colombia","Colombian","huevos pericos","kolumbianisch","Kolumbien","omlette","r\u00fchrei","scrambled eggs"],"articleSection":["Bread and Breakfast","Brot\/Brunch\/Fr\u00fchst\u00fcck","Herzhaft","Latin American Recipes","Savory"],"inLanguage":"de","potentialAction":[{"@type":"CommentAction","name":"Comment","target":["https:\/\/jennyisbaking.com\/2025\/09\/12\/huevos-pericos-aus-kolumbien\/#respond"]}]},{"@type":"WebPage","@id":"https:\/\/jennyisbaking.com\/de\/2025\/09\/12\/huevos-pericos-aus-kolumbien\/","url":"https:\/\/jennyisbaking.com\/de\/2025\/09\/12\/huevos-pericos-aus-kolumbien\/","name":"Huevos Pericos - R\u00fchrei auf kolumbianische Art und kolumbianisches Fr\u00fchst\u00fcck - Jenny is baking","isPartOf":{"@id":"https:\/\/jennyisbaking.com\/de\/#website"},"primaryImageOfPage":{"@id":"https:\/\/jennyisbaking.com\/de\/2025\/09\/12\/huevos-pericos-aus-kolumbien\/#primaryimage"},"image":{"@id":"https:\/\/jennyisbaking.com\/2025\/09\/12\/huevos-pericos-aus-kolumbien\/#primaryimage"},"thumbnailUrl":"https:\/\/i0.wp.com\/jennyisbaking.com\/wp-1c174-content\/uploads\/2025\/08\/Huevos-periocs-aus-Kolumbien.jpg?fit=534%2C801&ssl=1","datePublished":"2025-09-12T05:00:08+00:00","dateModified":"2025-12-25T10:01:13+00:00","author":{"@id":"https:\/\/jennyisbaking.com\/#\/schema\/person\/28a46859582cac5ac1ef7e065a17f77b"},"description":"Huevos periocos - das ist die kolumbianische Bezeichnung f\u00fcr R\u00fchrei, das mit Tomate und Zwiebel zubereitet wird.","breadcrumb":{"@id":"https:\/\/jennyisbaking.com\/de\/2025\/09\/12\/huevos-pericos-aus-kolumbien\/#breadcrumb"},"inLanguage":"de","potentialAction":[{"@type":"ReadAction","target":[["https:\/\/jennyisbaking.com\/de\/2025\/09\/12\/huevos-pericos-aus-kolumbien\/"]]}]},{"@type":"ImageObject","inLanguage":"de","@id":"https:\/\/jennyisbaking.com\/de\/2025\/09\/12\/huevos-pericos-aus-kolumbien\/#primaryimage","url":"https:\/\/i0.wp.com\/jennyisbaking.com\/wp-1c174-content\/uploads\/2025\/08\/Huevos-periocs-aus-Kolumbien.jpg?fit=534%2C801&ssl=1","contentUrl":"https:\/\/i0.wp.com\/jennyisbaking.com\/wp-1c174-content\/uploads\/2025\/08\/Huevos-periocs-aus-Kolumbien.jpg?fit=534%2C801&ssl=1","width":534,"height":801},{"@type":"BreadcrumbList","@id":"https:\/\/jennyisbaking.com\/de\/2025\/09\/12\/huevos-pericos-aus-kolumbien\/#breadcrumb","itemListElement":[{"@type":"ListItem","position":1,"name":"Startseite","item":"https:\/\/jennyisbaking.com\/de\/"},{"@type":"ListItem","position":2,"name":"Huevos Pericos &#8211; Colombian Scrambled Eggs with Tomatoe and Spring Onion"}]},{"@type":"WebSite","@id":"https:\/\/jennyisbaking.com\/de\/#website","url":"https:\/\/jennyisbaking.com\/de\/","name":"Jenny is baking","description":"Backrezepte aus Nord- und S\u00fcdamerika","potentialAction":[{"@type":"SearchAction","target":{"@type":"EntryPoint","urlTemplate":"https:\/\/jennyisbaking.com\/de\/?s={search_term_string}"},"query-input":{"@type":"PropertyValueSpecification","valueRequired":true,"valueName":"search_term_string"}}],"inLanguage":"de"},{"@type":"Person","@id":"https:\/\/jennyisbaking.com\/#\/schema\/person\/28a46859582cac5ac1ef7e065a17f77b","name":"Jenny","image":{"@type":"ImageObject","inLanguage":"de","@id":"https:\/\/secure.gravatar.com\/avatar\/23e81660a6279fbe7db0db01e9985036a8488f0100c3985867731ba2b4348089?s=96&d=mm&r=g","url":"https:\/\/secure.gravatar.com\/avatar\/23e81660a6279fbe7db0db01e9985036a8488f0100c3985867731ba2b4348089?s=96&d=mm&r=g","contentUrl":"https:\/\/secure.gravatar.com\/avatar\/23e81660a6279fbe7db0db01e9985036a8488f0100c3985867731ba2b4348089?s=96&d=mm&r=g","caption":"Jenny"},"description":"Hi, ich hei\u00dfe Jenny, geb\u00fcrtig in Uruguay, als Kind in USA gelebt, nach dem Abi in Kanada und mit einem Kolumbianer verheiratet. Ich wohne im Moment in M\u00fcnchen, S\u00fcddeutschland. Auf meinem Blog finden sich meist s\u00fc\u00dfe Rezepte. Ich mag normalerweise einfache Sachen, die schnell gemacht sind, aber gleichzeitig was hermachen. Manchmal packt mich auch der Ehrgeiz und ich wage mich an kompliziertere Torten. Schau dir im Men\u00fc \u201eAlle Rezepte\u201c an f\u00fcr weitere Inspiration.","sameAs":["https:\/\/www.facebook.com\/jennyisbaking\/","https:\/\/www.pinterest.de\/jennyisbaking\/"]}]}},"jetpack_publicize_connections":[],"jetpack_featured_media_url":"https:\/\/i0.wp.com\/jennyisbaking.com\/wp-1c174-content\/uploads\/2025\/08\/Huevos-periocs-aus-Kolumbien.jpg?fit=534%2C801&ssl=1","jetpack_sharing_enabled":true,"jetpack_shortlink":"https:\/\/wp.me\/p8MAhl-4LI","jetpack-related-posts":[{"id":13143,"url":"https:\/\/jennyisbaking.com\/de\/2022\/05\/27\/arepas-con-queso-oder-maisfladen-mit-kasefullung-aus-kolumbien\/","url_meta":{"origin":18334,"position":0},"title":"Arepas con queso oder Maisfladen mit K\u00e4sef\u00fcllung aus Kolumbien","author":"Jenny","date":"Freitag, der 27. Mai 2022","format":false,"excerpt":"Ich freue mich, dass endlich ein absoluter Klassiker der kolumbianischen K\u00fcche durch den Film \"Encanto\" popul\u00e4r wird. Kolumbianische \"arepas con queso\" oder flache kleine Maisfladen, die mit K\u00e4se gef\u00fcllt sind, werden in ganz Kolumbien gerne gegessen. Heute gibt es meine Version dieses kolumbianischen Klassikers f\u00fcr euch. Arepas sind vergleichbar mit\u2026","rel":"","context":"In &quot;Bread and Breakfast&quot;","block_context":{"text":"Bread and Breakfast","link":"https:\/\/jennyisbaking.com\/de\/category\/bread-and-breakfast\/"},"img":{"alt_text":"Arepas con queso","src":"https:\/\/i0.wp.com\/jennyisbaking.com\/wp-1c174-content\/uploads\/2022\/03\/DSC05637.jpg?fit=534%2C801&ssl=1&resize=350%2C200","width":350,"height":200,"srcset":"https:\/\/i0.wp.com\/jennyisbaking.com\/wp-1c174-content\/uploads\/2022\/03\/DSC05637.jpg?fit=534%2C801&ssl=1&resize=350%2C200 1x, https:\/\/i0.wp.com\/jennyisbaking.com\/wp-1c174-content\/uploads\/2022\/03\/DSC05637.jpg?fit=534%2C801&ssl=1&resize=525%2C300 1.5x"},"classes":[]},{"id":11856,"url":"https:\/\/jennyisbaking.com\/de\/2021\/04\/02\/kolumbianische-torta-maria-louisa\/","url_meta":{"origin":18334,"position":1},"title":"Kolumbianische Torta Mar\u00eda Lou\u00edsa","author":"Jenny","date":"Freitag, der  2. April 2021","format":false,"excerpt":"Bei der torta Mar\u00eda Lou\u00edsa aus Kolumbien wird ein saftiger R\u00fchrteig mit Orangengeschmack mit dem Karamell namens arequipe zusammengehalten.","rel":"","context":"In &quot;All Seasons&quot;","block_context":{"text":"All Seasons","link":"https:\/\/jennyisbaking.com\/de\/category\/all-seasons\/"},"img":{"alt_text":"Torta Maria Louisa aus Kolumbien","src":"https:\/\/i0.wp.com\/jennyisbaking.com\/wp-1c174-content\/uploads\/2021\/03\/DSC02587.jpg?fit=534%2C801&ssl=1&resize=350%2C200","width":350,"height":200,"srcset":"https:\/\/i0.wp.com\/jennyisbaking.com\/wp-1c174-content\/uploads\/2021\/03\/DSC02587.jpg?fit=534%2C801&ssl=1&resize=350%2C200 1x, https:\/\/i0.wp.com\/jennyisbaking.com\/wp-1c174-content\/uploads\/2021\/03\/DSC02587.jpg?fit=534%2C801&ssl=1&resize=525%2C300 1.5x"},"classes":[]},{"id":14261,"url":"https:\/\/jennyisbaking.com\/de\/2023\/01\/13\/mantecada-oder-ponque-aus-kolumbien\/","url_meta":{"origin":18334,"position":2},"title":"Mantecada, kolumbianischer Sandkuchen","author":"Jenny","date":"Freitag, der 13. Januar 2023","format":false,"excerpt":"Wenn der gute G\u00f6ttergatte nach dem ersten Bissen sagt, dass es genauso schmeckt wie fr\u00fcher in Kolumbien, dann ist das ungef\u00e4hr gleichzusetzen wie einem Sechser im Lotto. Darf ich vorstellen, kolumbianischer Sandkuchen namens mantecada. Hauptunterschied zu einem Sandkuchen aus deutschen Landen ist die Verwendung von Maismehl. Dadurch wird dieser Kuchen\u2026","rel":"","context":"In &quot;Cakes&quot;","block_context":{"text":"Cakes","link":"https:\/\/jennyisbaking.com\/de\/category\/cakes\/"},"img":{"alt_text":"","src":"https:\/\/i0.wp.com\/jennyisbaking.com\/wp-1c174-content\/uploads\/2023\/01\/Kolumbianischer-Kuchen-mantecada.jpg?fit=534%2C801&ssl=1&resize=350%2C200","width":350,"height":200,"srcset":"https:\/\/i0.wp.com\/jennyisbaking.com\/wp-1c174-content\/uploads\/2023\/01\/Kolumbianischer-Kuchen-mantecada.jpg?fit=534%2C801&ssl=1&resize=350%2C200 1x, https:\/\/i0.wp.com\/jennyisbaking.com\/wp-1c174-content\/uploads\/2023\/01\/Kolumbianischer-Kuchen-mantecada.jpg?fit=534%2C801&ssl=1&resize=525%2C300 1.5x"},"classes":[]},{"id":15254,"url":"https:\/\/jennyisbaking.com\/de\/2023\/10\/16\/roscones-hefekranze-aus-kolumbien\/","url_meta":{"origin":18334,"position":3},"title":"Rosc\u00f3nes aus Kolumbien mit Quittenpaste","author":"Jenny","date":"Montag, der 16. Oktober 2023","format":false,"excerpt":"Leute, heute ist World Bread Day! Zorra vom Blog Kochtopf l\u00e4dt wieder ein einen Teig mit Hefe oder Sauerteig zuzubereiten. Deshalb habe ich mir \u00fcberlegt, dass es eine Neuauflage eines meiner ersten Rezepte\u00a0 hier auf dem Blog geben soll, dem Hefekranz aus Kolumbien, rosc\u00f3n genannt, der mit einer Guavepaste (wie\u2026","rel":"","context":"In &quot;Bread and Breakfast&quot;","block_context":{"text":"Bread and Breakfast","link":"https:\/\/jennyisbaking.com\/de\/category\/bread-and-breakfast\/"},"img":{"alt_text":"","src":"https:\/\/i0.wp.com\/jennyisbaking.com\/wp-1c174-content\/uploads\/2023\/10\/Roscon-aus-Kolumbien-1.jpg?fit=534%2C801&ssl=1&resize=350%2C200","width":350,"height":200,"srcset":"https:\/\/i0.wp.com\/jennyisbaking.com\/wp-1c174-content\/uploads\/2023\/10\/Roscon-aus-Kolumbien-1.jpg?fit=534%2C801&ssl=1&resize=350%2C200 1x, https:\/\/i0.wp.com\/jennyisbaking.com\/wp-1c174-content\/uploads\/2023\/10\/Roscon-aus-Kolumbien-1.jpg?fit=534%2C801&ssl=1&resize=525%2C300 1.5x"},"classes":[]},{"id":9945,"url":"https:\/\/jennyisbaking.com\/de\/2020\/02\/22\/colombian-frijoles-or-red-beans\/","url_meta":{"origin":18334,"position":4},"title":"Kolumbianische rote Bohnen","author":"Jenny","date":"Samstag, der 22. Februar 2020","format":false,"excerpt":"Heute gibt es kolumbianische rote Bohnen! Yes, ich esse sie wirklich gern und das Rezept unten stammt tats\u00e4chlich aus der Feder meines Mannes. Rote Bohnen werden in S\u00fcdamerika sehr gerne gegessen. Das Essen armer Leute besteht oft aus Bohnen und Linsen, egal wo man sich in S\u00fcdamerika befindet. Kolumbianische Bohnen\u2026","rel":"","context":"In &quot;Latin American Recipes&quot;","block_context":{"text":"Latin American Recipes","link":"https:\/\/jennyisbaking.com\/de\/category\/latin-american-recipes\/"},"img":{"alt_text":"Kolumbianische rote Bohnen","src":"https:\/\/i0.wp.com\/jennyisbaking.com\/wp-1c174-content\/uploads\/2020\/02\/DSC00662.jpg?fit=534%2C801&ssl=1&resize=350%2C200","width":350,"height":200,"srcset":"https:\/\/i0.wp.com\/jennyisbaking.com\/wp-1c174-content\/uploads\/2020\/02\/DSC00662.jpg?fit=534%2C801&ssl=1&resize=350%2C200 1x, https:\/\/i0.wp.com\/jennyisbaking.com\/wp-1c174-content\/uploads\/2020\/02\/DSC00662.jpg?fit=534%2C801&ssl=1&resize=525%2C300 1.5x"},"classes":[]},{"id":15652,"url":"https:\/\/jennyisbaking.com\/de\/2024\/11\/29\/colombian-bunuelos-with-german-ingredients\/","url_meta":{"origin":18334,"position":5},"title":"Kolumbianische bu\u00f1uelos mit deutschen Zutaten","author":"Jenny","date":"Freitag, der 29. November 2024","format":false,"excerpt":"Hurra, heute gibt es ein Bu\u00f1uelosrezept mit deutschen Zutaten! Im Vergleich zu meinem ersten Bu\u00f1uelos-Rezept m\u00fcssen wir hier nicht umst\u00e4ndlich selbst Hand anlegen und K\u00e4se selbst machen, nein, wir nutzen einfach fertigen Schichtk\u00e4se und Feta. Darf ich vorstellen, diese frittierten K\u00e4seb\u00e4llchen werden traditionell im Dezember serviert, nat\u00fcrlich zu Weihnachten, aber\u2026","rel":"","context":"In &quot;Christmas&quot;","block_context":{"text":"Christmas","link":"https:\/\/jennyisbaking.com\/de\/category\/christmas\/"},"img":{"alt_text":"","src":"https:\/\/i0.wp.com\/jennyisbaking.com\/wp-1c174-content\/uploads\/2024\/01\/Bunuelos-aus-Kolumbien.jpg?fit=534%2C801&ssl=1&resize=350%2C200","width":350,"height":200,"srcset":"https:\/\/i0.wp.com\/jennyisbaking.com\/wp-1c174-content\/uploads\/2024\/01\/Bunuelos-aus-Kolumbien.jpg?fit=534%2C801&ssl=1&resize=350%2C200 1x, https:\/\/i0.wp.com\/jennyisbaking.com\/wp-1c174-content\/uploads\/2024\/01\/Bunuelos-aus-Kolumbien.jpg?fit=534%2C801&ssl=1&resize=525%2C300 1.5x"},"classes":[]}],"_links":{"self":[{"href":"https:\/\/jennyisbaking.com\/de\/wp-json\/wp\/v2\/posts\/18334","targetHints":{"allow":["GET"]}}],"collection":[{"href":"https:\/\/jennyisbaking.com\/de\/wp-json\/wp\/v2\/posts"}],"about":[{"href":"https:\/\/jennyisbaking.com\/de\/wp-json\/wp\/v2\/types\/post"}],"author":[{"embeddable":true,"href":"https:\/\/jennyisbaking.com\/de\/wp-json\/wp\/v2\/users\/1"}],"replies":[{"embeddable":true,"href":"https:\/\/jennyisbaking.com\/de\/wp-json\/wp\/v2\/comments?post=18334"}],"version-history":[{"count":25,"href":"https:\/\/jennyisbaking.com\/de\/wp-json\/wp\/v2\/posts\/18334\/revisions"}],"predecessor-version":[{"id":19065,"href":"https:\/\/jennyisbaking.com\/de\/wp-json\/wp\/v2\/posts\/18334\/revisions\/19065"}],"wp:featuredmedia":[{"embeddable":true,"href":"https:\/\/jennyisbaking.com\/de\/wp-json\/wp\/v2\/media\/18357"}],"wp:attachment":[{"href":"https:\/\/jennyisbaking.com\/de\/wp-json\/wp\/v2\/media?parent=18334"}],"wp:term":[{"taxonomy":"category","embeddable":true,"href":"https:\/\/jennyisbaking.com\/de\/wp-json\/wp\/v2\/categories?post=18334"},{"taxonomy":"post_tag","embeddable":true,"href":"https:\/\/jennyisbaking.com\/de\/wp-json\/wp\/v2\/tags?post=18334"}],"curies":[{"name":"wp","href":"https:\/\/api.w.org\/{rel}","templated":true}]}}