{"id":18484,"date":"2025-09-19T07:00:22","date_gmt":"2025-09-19T05:00:22","guid":{"rendered":"https:\/\/jennyisbaking.com\/?p=18484"},"modified":"2025-09-21T11:40:08","modified_gmt":"2025-09-21T09:40:08","slug":"tres-leches-kuchen-aus-mexiko","status":"publish","type":"post","link":"https:\/\/jennyisbaking.com\/de\/2025\/09\/19\/tres-leches-kuchen-aus-mexiko\/","title":{"rendered":"Tres-Leches-Kuchen aus Mexiko"},"content":{"rendered":"<p>Tres leches, also drei Milchsorten, oder tarta de tres leches, ist ein ber\u00fchmter Kuchen aus Mexiko. Ich wollte ihn schon lange hier vorstellen, bin aber nie dazu gekommen. Heute schaffe ich es endlich und kann diesen ber\u00fchmten Kuchen aus Mexiko vorstellen. Es ist quasi ein Biskuitteig, der mit drei Milchsorten (Kondensmilch, ges\u00fc\u00dfte Kondensmilch und Sahne) getr\u00e4nkt wird und dadurch besonders saftig und lecker wird.\u00a0 Auf den Biskuit kommt dann noch eine Schicht Schlagsahne, die mit Zimt bestreut wird. Wer Milch- und Vanillegeschmack mag, kommt bei diesem Kuchen voll auf seine Kosten.<a href=\"https:\/\/jennyisbaking.com\/2025\/09\/19\/tres-leches-kuchen-aus-mexiko\/tres-leches-kuchen-aus-mexiko-1\/\" rel=\"attachment wp-att-18489\"><br \/>\n<img data-recalc-dims=\"1\" loading=\"lazy\" decoding=\"async\" data-attachment-id=\"18489\" data-permalink=\"https:\/\/jennyisbaking.com\/de\/2025\/09\/19\/tres-leches-kuchen-aus-mexiko\/tres-leches-kuchen-aus-mexiko-1\/\" data-orig-file=\"https:\/\/i0.wp.com\/jennyisbaking.com\/wp-1c174-content\/uploads\/2025\/09\/Tres-leches-Kuchen-aus-Mexiko-1.jpg?fit=534%2C801&amp;ssl=1\" data-orig-size=\"534,801\" data-comments-opened=\"1\" data-image-meta=\"{&quot;aperture&quot;:&quot;0&quot;,&quot;credit&quot;:&quot;&quot;,&quot;camera&quot;:&quot;&quot;,&quot;caption&quot;:&quot;&quot;,&quot;created_timestamp&quot;:&quot;0&quot;,&quot;copyright&quot;:&quot;&quot;,&quot;focal_length&quot;:&quot;0&quot;,&quot;iso&quot;:&quot;0&quot;,&quot;shutter_speed&quot;:&quot;0&quot;,&quot;title&quot;:&quot;&quot;,&quot;orientation&quot;:&quot;0&quot;}\" data-image-title=\"Tres-leches-Kuchen-aus-Mexiko-1\" data-image-description=\"\" data-image-caption=\"\" data-large-file=\"https:\/\/i0.wp.com\/jennyisbaking.com\/wp-1c174-content\/uploads\/2025\/09\/Tres-leches-Kuchen-aus-Mexiko-1.jpg?fit=534%2C801&amp;ssl=1\" class=\"aligncenter size-full wp-image-18489\" src=\"https:\/\/i0.wp.com\/jennyisbaking.com\/wp-1c174-content\/uploads\/2025\/09\/Tres-leches-Kuchen-aus-Mexiko-1.jpg?resize=534%2C801&#038;ssl=1\" alt=\"\" width=\"534\" height=\"801\" srcset=\"https:\/\/i0.wp.com\/jennyisbaking.com\/wp-1c174-content\/uploads\/2025\/09\/Tres-leches-Kuchen-aus-Mexiko-1.jpg?w=534&amp;ssl=1 534w, https:\/\/i0.wp.com\/jennyisbaking.com\/wp-1c174-content\/uploads\/2025\/09\/Tres-leches-Kuchen-aus-Mexiko-1.jpg?resize=200%2C300&amp;ssl=1 200w\" sizes=\"auto, (max-width: 534px) 100vw, 534px\" \/><\/a><\/p>\n<p><!--more--><\/p>\n<p>Tres-leches-Kuchen scheint in Lateinamerika ganz unterschiedlich zubereitet zu werden. Am bekanntesten ist die Variante aus Mexiko, die ich hier vorstelle. Zwar ist allen gemein, dass diverse Milchprodukte verwendet werden, meist welche mit h\u00f6herem Fettgehalt wie zum Beispiel Kondensmilch oder Schlagsahne, aber hier h\u00f6rt die Gemeinsamtkeit auch schon auf. Es gibt Varianten mit R\u00fchrteig, welche, die statt einer Sahneschicht Baiser herstellen, was dann aber sehr s\u00fc\u00df wird und noch weitere Varianten mit Fr\u00fcchten. Ich wollte hier im ersten Schritt erst einmal den Klassiker vorstellen und der ist aus Mexiko. Nach meiner Recherche scheint dazu ein Biskuitteig mit Milchsorten getr\u00e4nkt werden, zwar gibt es nicht immer die Sahneschicht, ich fand es aber ganz lecker. Zur Not kann man diese auch weglassen.<\/p>\n<p><a href=\"https:\/\/jennyisbaking.com\/2025\/09\/19\/tres-leches-kuchen-aus-mexiko\/tres-leches-kuchen-aus-mexiko-2\/\" rel=\"attachment wp-att-18490\"><img data-recalc-dims=\"1\" loading=\"lazy\" decoding=\"async\" data-attachment-id=\"18490\" data-permalink=\"https:\/\/jennyisbaking.com\/de\/2025\/09\/19\/tres-leches-kuchen-aus-mexiko\/tres-leches-kuchen-aus-mexiko-2\/\" data-orig-file=\"https:\/\/i0.wp.com\/jennyisbaking.com\/wp-1c174-content\/uploads\/2025\/09\/Tres-leches-Kuchen-aus-Mexiko-2.jpg?fit=534%2C801&amp;ssl=1\" data-orig-size=\"534,801\" data-comments-opened=\"1\" data-image-meta=\"{&quot;aperture&quot;:&quot;0&quot;,&quot;credit&quot;:&quot;&quot;,&quot;camera&quot;:&quot;&quot;,&quot;caption&quot;:&quot;&quot;,&quot;created_timestamp&quot;:&quot;0&quot;,&quot;copyright&quot;:&quot;&quot;,&quot;focal_length&quot;:&quot;0&quot;,&quot;iso&quot;:&quot;0&quot;,&quot;shutter_speed&quot;:&quot;0&quot;,&quot;title&quot;:&quot;&quot;,&quot;orientation&quot;:&quot;0&quot;}\" data-image-title=\"Tres-leches-Kuchen-aus-Mexiko-2\" data-image-description=\"\" data-image-caption=\"\" data-large-file=\"https:\/\/i0.wp.com\/jennyisbaking.com\/wp-1c174-content\/uploads\/2025\/09\/Tres-leches-Kuchen-aus-Mexiko-2.jpg?fit=534%2C801&amp;ssl=1\" class=\"aligncenter size-full wp-image-18490\" src=\"https:\/\/i0.wp.com\/jennyisbaking.com\/wp-1c174-content\/uploads\/2025\/09\/Tres-leches-Kuchen-aus-Mexiko-2.jpg?resize=534%2C801&#038;ssl=1\" alt=\"\" width=\"534\" height=\"801\" srcset=\"https:\/\/i0.wp.com\/jennyisbaking.com\/wp-1c174-content\/uploads\/2025\/09\/Tres-leches-Kuchen-aus-Mexiko-2.jpg?w=534&amp;ssl=1 534w, https:\/\/i0.wp.com\/jennyisbaking.com\/wp-1c174-content\/uploads\/2025\/09\/Tres-leches-Kuchen-aus-Mexiko-2.jpg?resize=200%2C300&amp;ssl=1 200w\" sizes=\"auto, (max-width: 534px) 100vw, 534px\" \/><\/a><\/p>\n<p><span class=\"sp_shortcode\">\t<div id=\"recipe\"><\/div>\r\n\t<div class=\"sp-recipe\" id=\"printthis\">\r\n\t\t\r\n\t\t<div class=\"recipe-overview\">\r\n\t\t\t\r\n\t\t\t<div class=\"recipe-image\">\r\n\t\t\t\t\t\t\t\t\t\t\t\t<img data-recalc-dims=\"1\" decoding=\"async\" src=\"https:\/\/i0.wp.com\/jennyisbaking.com\/wp-1c174-content\/uploads\/2025\/09\/Tres-leches-Kuchen-aus-Mexiko.jpg?w=1080&#038;ssl=1\">\t\t\t\t\t\t\t\t\t\t\t\t\t<a href=\"#\" onclick=\"jQuery('#printthis').print()\" class=\"sp-print\"><i class=\"fa fas fa-print\"><\/i> Print Recipe<\/a>\r\n\t\t\t\t\t\t\t<\/div>\r\n\t\t\t\r\n\t\t\t<div class=\"recipe-header\">\r\n\t\t\t\r\n\t\t\t\t<div class=\"recipe-title-header\">\r\n\t\t\t\t\r\n\t\t\t\t\t\t\t\t\t\t\t<h2>Tres-Leches-Kuchen aus Mexiko<\/h2>\r\n\t\t\t\t\t\t\t\t\t\t\t\t\t\t\r\n\t\t\t\t<\/div>\r\n\t\t\t\r\n\t\t\t\t\t\t\t\t<div class=\"recipe-meta\">\r\n\t\t\t\t\t\r\n\t\t\t\t\t<div class=\"meta-row\">\r\n\t\t\t\t\t\t\r\n\t\t\t\t\t\t\t\t\t\t\t\t\r\n\t\t\t\t\t\t\t\t\t\t\t\t\t\t\t\t\t\t\t\t\t\t\t\r\n\t\t\t\t\t<\/div>\r\n\t\t\t\t\t\r\n\t\t\t\t\t<div class=\"meta-row\">\r\n\t\t\t\t\t\t\r\n\t\t\t\t\t\t<i class=\"far fa-user\"><\/i>\t\t\t\t\t\t\r\n\t\t\t\t\t\t\t\t\t\t\t\t\t\t\t\t\t\t<span class=\"recipe-meta-item\">Serves: Eine 20x20cm Backform<\/span>\t\t\t\t\t\r\n\t\t\t\t\t<\/div>\r\n\t\t\t\t\t\r\n\t\t\t\t\t<div class=\"meta-row\">\r\n\t\t\t\t\t\r\n\t\t\t\t\t\t<i class=\"far fa-clock\"><\/i> \r\n\t\t\t\t\t\t\r\n\t\t\t\t\t\t\t\t\t\t\t\t\t\t\t\t\t\t<span class=\"recipe-meta-item\">Prep Time: 30min<\/span>\r\n\t\t\t\t\t\t\t\t\t\t\t\t\r\n\t\t\t\t\t\t<span class=\"separator\">&#8211;<\/span>\t\t\t\t\t\t\r\n\t\t\t\t\t\t\t\t\t\t\t\t\t\t\t\t\t\t<span class=\"recipe-meta-item\">Cooking Time: 25min<\/span>\r\n\t\t\t\t\t\t\t\t\t\t\t\t\r\n\t\t\t\t\t\t<span class=\"separator\">&#8211;<\/span>\t\t\t\t\t\t\r\n\t\t\t\t\t\t\t\t\t\t\t\t\t\t\t\t\t\t<span class=\"recipe-meta-item\">Total Time: 55min<\/span>\r\n\t\t\t\t\t\t\t\t\t\t\t\t\r\n\t\t\t\t\t<\/div>\r\n\t\t\t\r\n\t\t\t\t<\/div>\r\n\t\t\t\t\t\t\t\t\r\n\t\t\t\t\t\t\t\t\t<div class=\"sep-line\"><\/div>\r\n\t\t\t\t\t<div class=\"recipe-description\"><p>Tres-Leches-Kuchen ist ein Biskuit aus Mexiko, der mit drei Milchsorten getr\u00e4nkt wird und eine Schicht Schlagsahne enth\u00f6lt.<\/p><\/div>\r\n\t\t\t\t\t\t\t\r\n\t\t\t<\/div>\r\n\t\t\t\r\n\t\t<\/div>\r\n\t\t\t\r\n\t\t\t\t<div class=\"recipe-ingredients\">\r\n\t\t\t\t\t\t\t\r\n\t\t\t<h3 class=\"recipe-title\">Ingredients<\/h3>\r\n\t\t\t\r\n\t\t\t<ul>\r\n\t\t\t\t\t\t\t\t\t\t\t\t\t\t\t\t\t\t\t<li><span><b>Biskuitteig<\/b><\/span><\/li>\r\n\t\t\t\t\t\t\t\t\t\t\t\t\t\t\t\t\t\t\t\t\t\t\t\t\t\t\t\t<li><span>90g Mehl, Type 405<\/span><\/li>\r\n\t\t\t\t\t\t\t\t\t\t\t\t\t\t\t\t\t\t\t\t\t\t\t\t\t\t\t\t<li><span>10g Speisest\u00e4rke<\/span><\/li>\r\n\t\t\t\t\t\t\t\t\t\t\t\t\t\t\t\t\t\t\t\t\t\t\t\t\t\t\t\t<li><span>4 Eier<\/span><\/li>\r\n\t\t\t\t\t\t\t\t\t\t\t\t\t\t\t\t\t\t\t\t\t\t\t\t\t\t\t\t<li><span>110g wei\u00dfer Zucker, aufgeteilt<\/span><\/li>\r\n\t\t\t\t\t\t\t\t\t\t\t\t\t\t\t\t\t\t\t\t\t\t\t\t\t\t\t\t<li><span>1 TL Vanilleextrakt<\/span><\/li>\r\n\t\t\t\t\t\t\t\t\t\t\t\t\t\t\t\t\t\t\t\t\t\t\t\t\t\t\t\t<li><span>55g Milch<\/span><\/li>\r\n\t\t\t\t\t\t\t\t\t\t\t\t\t\t\t\t\t\t\t\t\t\t\t\t\t\t\t\t<li><span><\/br><\/span><\/li>\r\n\t\t\t\t\t\t\t\t\t\t\t\t\t\t\t\t\t\t\t\t\t\t\t\t\t\t\t\t<li><span><b>Tres-Leches-Tr\u00e4nke<\/b><\/span><\/li>\r\n\t\t\t\t\t\t\t\t\t\t\t\t\t\t\t\t\t\t\t\t\t\t\t\t\t\t\t\t<li><span>150g Kondensmilch<\/span><\/li>\r\n\t\t\t\t\t\t\t\t\t\t\t\t\t\t\t\t\t\t\t\t\t\t\t\t\t\t\t\t<li><span>130g ges\u00fc\u00dfte Kondensmilch<\/span><\/li>\r\n\t\t\t\t\t\t\t\t\t\t\t\t\t\t\t\t\t\t\t\t\t\t\t\t\t\t\t\t<li><span>40g Schlagsahne<\/span><\/li>\r\n\t\t\t\t\t\t\t\t\t\t\t\t\t\t\t\t\t\t\t\t\t\t\t\t\t\t\t\t<li><span><\/br><\/span><\/li>\r\n\t\t\t\t\t\t\t\t\t\t\t\t\t\t\t\t\t\t\t\t\t\t\t\t\t\t\t\t<li><span><b>Deko<\/b><\/span><\/li>\r\n\t\t\t\t\t\t\t\t\t\t\t\t\t\t\t\t\t\t\t\t\t\t\t\t\t\t\t\t<li><span>280g Schlagsahne<\/span><\/li>\r\n\t\t\t\t\t\t\t\t\t\t\t\t\t\t\t\t\t\t\t\t\t\t\t\t\t\t\t\t<li><span>20g wei\u00dfer Zucker<\/span><\/li>\r\n\t\t\t\t\t\t\t\t\t\t\t\t\t\t\t\t\t\t\t\t\t\t\t\t\t\t\t\t<li><span>1 TL Vanilleextrakt<\/span><\/li>\r\n\t\t\t\t\t\t\t\t\t\t\t\t\t\t\t\t\t\t\t\t\t\t\t\t\t\t\t\t<li><span>Zimt<\/span><\/li>\r\n\t\t\t\t\t\t\t\t\t\t\t\t\t\t\t\t\t\t\t\t\t\t\t\t\t\t\t\t<li><span>Frische Beeren zum Garnieren (bei mir Himbeeren)<\/span><\/li>\r\n\t\t\t\t\t\t\t\t\t\t\t\t\t\t\t\t<\/ul>\r\n\t\t\t\r\n\t\t<\/div>\r\n\t\t\t\t\r\n\t\t\t\t<div class=\"recipe-method\">\r\n\t\t\t\t\t\t\t\r\n\t\t\t<h3 class=\"recipe-title\">Instructions<\/h3>\r\n\t\t\t\r\n\t\t\t\t\t\t\t\t\t\r\n\t\t\t\t\t\t\t\t\t\t\t\t\t\t\t<div class=\"step\">\r\n\t\t\t\t\t<span class=\"step-number\">1<\/span>\r\n\t\t\t\t\t<div class=\"step-content\">\r\n\t\t\t\t\t\t<p>F\u00fcr viele weitere Tipps zu <a href=\"https:\/\/jennyisbaking.com\/de\/2019\/04\/09\/twelve-tips-for-perfect-sponge-batter\/\" target=\"_blank\" rel=\"noopener noreferrer\">Biskuitteig<\/a> schau bitte einmal hier. Ansonsten Ofen auf 180 Grad Ober- und Unterhitze vorheizen, eine 20x20cm Backform mit Backpapier belegen. Mehl und Speisest\u00e4rke in eine kleine Sch\u00fcssel wiegen, Eier trennen und in zwei gr\u00f6\u00dfere Sch\u00fcsseln aufteilen. 50g Zucker zum Eiwei\u00df geben, 60g Zucker zum Eigelb als auch Vanilleextrakt. Dann Eiwei\u00df mit dem Mixer (bei mir Handr\u00fchrger\u00e4t) zu steifem Schnee schlagen, ohne den Mixer zu reinigen, Eigelb einige Minuten aufschlagen bis die Masse dicklicher wird und heller. Milch zum Eigelb geben und Mehlmischung dr\u00fcbersieben, alles mit einem Spatel vermischen. Als letzten Schritt das steifgeschlagene Eiwei\u00df in drei Schritten vorsichtig unter die Masse heben, dabei m\u00f6glichst wenig Luft entfernen. Die Masse gleichm\u00e4\u00dfig in der Backform verteilen und ca. 25min backen. <\/p>\r\n\t\t\t\t\t<\/div>\r\n\t\t\t\t<\/div>\r\n\t\t\t\t\t\t\t\t\t\t\r\n\t\t\t\t\t\t\r\n\t\t\t\t\t\t\t\t\t\t\t\t\t\t\t<div class=\"step\">\r\n\t\t\t\t\t<span class=\"step-number\">2<\/span>\r\n\t\t\t\t\t<div class=\"step-content\">\r\n\t\t\t\t\t\t<p>Derweil die Tr\u00e4nke vorbereiten, alles abwiegen und gut verr\u00fchren. <\/p>\r\n\t\t\t\t\t<\/div>\r\n\t\t\t\t<\/div>\r\n\t\t\t\t\t\t\t\t\t\t\r\n\t\t\t\t\t\t\r\n\t\t\t\t\t\t\t\t\t\t\t\t\t\t\t<div class=\"step\">\r\n\t\t\t\t\t<span class=\"step-number\">3<\/span>\r\n\t\t\t\t\t<div class=\"step-content\">\r\n\t\t\t\t\t\t<p>Sobald der Kuchen aus dem Ofen kommt, mit einer Gabel L\u00f6cher einpieksen, man kann ruhig oft einpieksen. Die Tr\u00e4nke verteilen und einziehen lassen. So vorbereitet kann der Kuchen abgedeckt eine Nacht in den K\u00fchlschrank, man kann aber auch direkt weitermachen. <\/p>\r\n\t\t\t\t\t<\/div>\r\n\t\t\t\t<\/div>\r\n\t\t\t\t\t\t\t\t\t\t\r\n\t\t\t\t\t\t\r\n\t\t\t\t\t\t\t\t\t\t\t\t\t\t\t<div class=\"step\">\r\n\t\t\t\t\t<span class=\"step-number\">4<\/span>\r\n\t\t\t\t\t<div class=\"step-content\">\r\n\t\t\t\t\t\t<p>Kurz vor dem Servieren die Sahne mit Zucker und Vanilleextrakt steifschlagen und auf dem Kuchen verteilen und mit Zimt bepudern. Ggf. mit Beeren dekorieren.<\/p>\r\n\t\t\t\t\t<\/div>\r\n\t\t\t\t<\/div>\r\n\t\t\t\t\t\t\t\t\t\t\r\n\t\t\t\t\t\t\r\n\t\t<\/div>\r\n\t\t\t\t\r\n\t\t\t\t\r\n\t\t\t\t\r\n\t\t<script type=\"application\/ld+json\">\r\n\t\t\t{\r\n\t\t\t  \"@context\": \"http:\/\/schema.org\",\r\n\t\t\t  \"@type\": \"Recipe\",\r\n\t\t\t  \"url\": \"https:\/\/jennyisbaking.com\/de\/2025\/09\/19\/tres-leches-kuchen-aus-mexiko\/\",\r\n\t\t\t  \"author\": {\r\n\t\t\t\t\"@type\": \"Thing\",\r\n\t\t\t\t\"name\": \"\"\r\n\t\t\t  },\r\n\t\t\t  \"datePublished\": \"Freitag, der 19. September 2025\",\r\n\t\t\t  \"cookTime\": \"PT25M\",\r\n\t\t\t  \t\t\t  \"description\": \"Tres-Leches-Kuchen ist ein Biskuit aus Mexiko, der mit drei Milchsorten getr\u00e4nkt wird und eine Schicht Schlagsahne enth\u00f6lt.\",\r\n\t\t\t  \"image\": \"https:\/\/jennyisbaking.com\/wp-1c174-content\/uploads\/2025\/09\/Tres-leches-Kuchen-aus-Mexiko.jpg\",\r\n\t\t\t  \"recipeIngredient\": [\r\n\t\t\t\t\t\t\t\t\t\t\t\t\t                    \t\t\t\t\t\"<b>Biskuitteig<\/b>\",\t\t\t\t\t\t\t\t\t\t\t\t\t\t\t\t\t\t\t                    \t\t\t\t\t\"90g Mehl, Type 405\",\t\t\t\t\t\t\t\t\t\t\t\t\t\t\t\t\t\t\t                    \t\t\t\t\t\"10g Speisest\u00e4rke\",\t\t\t\t\t\t\t\t\t\t\t\t\t\t\t\t\t\t\t                    \t\t\t\t\t\"4 Eier\",\t\t\t\t\t\t\t\t\t\t\t\t\t\t\t\t\t\t\t                    \t\t\t\t\t\"110g wei\u00dfer Zucker, aufgeteilt\",\t\t\t\t\t\t\t\t\t\t\t\t\t\t\t\t\t\t\t                    \t\t\t\t\t\"1 TL Vanilleextrakt\",\t\t\t\t\t\t\t\t\t\t\t\t\t\t\t\t\t\t\t                    \t\t\t\t\t\"55g Milch\",\t\t\t\t\t\t\t\t\t\t\t\t\t\t\t\t\t\t\t                    \t\t\t\t\t\"<\/br>\",\t\t\t\t\t\t\t\t\t\t\t\t\t\t\t\t\t\t\t                    \t\t\t\t\t\"<b>Tres-Leches-Tr\u00e4nke<\/b>\",\t\t\t\t\t\t\t\t\t\t\t\t\t\t\t\t\t\t\t                    \t\t\t\t\t\"150g Kondensmilch\",\t\t\t\t\t\t\t\t\t\t\t\t\t\t\t\t\t\t\t                    \t\t\t\t\t\"130g ges\u00fc\u00dfte Kondensmilch\",\t\t\t\t\t\t\t\t\t\t\t\t\t\t\t\t\t\t\t                    \t\t\t\t\t\"40g Schlagsahne\",\t\t\t\t\t\t\t\t\t\t\t\t\t\t\t\t\t\t\t                    \t\t\t\t\t\"<\/br>\",\t\t\t\t\t\t\t\t\t\t\t\t\t\t\t\t\t\t\t                    \t\t\t\t\t\"<b>Deko<\/b>\",\t\t\t\t\t\t\t\t\t\t\t\t\t\t\t\t\t\t\t                    \t\t\t\t\t\"280g Schlagsahne\",\t\t\t\t\t\t\t\t\t\t\t\t\t\t\t\t\t\t\t                    \t\t\t\t\t\"20g wei\u00dfer Zucker\",\t\t\t\t\t\t\t\t\t\t\t\t\t\t\t\t\t\t\t                    \t\t\t\t\t\"1 TL Vanilleextrakt\",\t\t\t\t\t\t\t\t\t\t\t\t\t\t\t\t\t\t\t                    \t\t\t\t\t\"Zimt\",\t\t\t\t\t\t\t\t\t\t\t\t\t\t\t\t\t\t\t                    \t\t\t\t\t\"Frische Beeren zum Garnieren (bei mir Himbeeren)\"\t\t\t\t\t\t\t\t\t\t\t\t\t\t\t\t\t  ],\r\n\t\t\t  \"name\": \"Tres-Leches-Kuchen aus Mexiko\",\r\n\t\t\t  \"nutrition\": {\r\n\t\t\t\t\"@type\": \"NutritionInformation\",\r\n\t\t\t\t\"calories\": \"\",\r\n\t\t\t\t\"carbohydrateContent\": \"\",\r\n\t\t\t\t\"cholesterolContent\": \"\",\r\n\t\t\t\t\"fatContent\": \"\",\r\n\t\t\t\t\"fiberContent\": \"\",\r\n\t\t\t\t\"proteinContent\": \"\",\r\n\t\t\t\t\"saturatedFatContent\": \"\",\r\n\t\t\t\t\"sodiumContent\": \"\",\r\n\t\t\t\t\"sugarContent\": \"\",\r\n\t\t\t\t\"transFatContent\": \"\",\r\n\t\t\t\t\"unsaturatedFatContent\": \"\"\r\n\t\t\t  },\r\n\t\t\t  \"prepTime\": \"PT30M\",\r\n\t\t\t  \"totalTime\": \"PT55M\",\r\n\t\t\t  \"recipeCategory\":\"\",\r\n\t\t\t  \"recipeCuisine\":\"\",\r\n\t\t\t  \"keywords\": \"\",\t\t\t  \r\n\t\t\t  \"recipeInstructions\": [\r\n\t\t\t\t\t\t\t\t\t\t\t\r\n\t\t\t\t\t\t\t\t\t\t\t\t\t\t\t\t\"F\u00fcr viele weitere Tipps zu <a href='https:\/\/jennyisbaking.com\/de\/2019\/04\/09\/twelve-tips-for-perfect-sponge-batter\/' target='_blank' rel='noopener noreferrer'>Biskuitteig<\/a> schau bitte einmal hier. Ansonsten Ofen auf 180 Grad Ober- und Unterhitze vorheizen, eine 20x20cm Backform mit Backpapier belegen. Mehl und Speisest\u00e4rke in eine kleine Sch\u00fcssel wiegen, Eier trennen und in zwei gr\u00f6\u00dfere Sch\u00fcsseln aufteilen. 50g Zucker zum Eiwei\u00df geben, 60g Zucker zum Eigelb als auch Vanilleextrakt. Dann Eiwei\u00df mit dem Mixer (bei mir Handr\u00fchrger\u00e4t) zu steifem Schnee schlagen, ohne den Mixer zu reinigen, Eigelb einige Minuten aufschlagen bis die Masse dicklicher wird und heller. Milch zum Eigelb geben und Mehlmischung dr\u00fcbersieben, alles mit einem Spatel vermischen. Als letzten Schritt das steifgeschlagene Eiwei\u00df in drei Schritten vorsichtig unter die Masse heben, dabei m\u00f6glichst wenig Luft entfernen. Die Masse gleichm\u00e4\u00dfig in der Backform verteilen und ca. 25min backen. \",\t\t\t\t\t\t\r\n\t\t\t\t\t\t\t\t\t\t\t\t\t\t\r\n\t\t\t\t\t\t\t\r\n\t\t\t\t\t\t\t\t\t\t\t\t\t\t\t\t\"Derweil die Tr\u00e4nke vorbereiten, alles abwiegen und gut verr\u00fchren. \",\t\t\t\t\t\t\r\n\t\t\t\t\t\t\t\t\t\t\t\t\t\t\r\n\t\t\t\t\t\t\t\r\n\t\t\t\t\t\t\t\t\t\t\t\t\t\t\t\t\"Sobald der Kuchen aus dem Ofen kommt, mit einer Gabel L\u00f6cher einpieksen, man kann ruhig oft einpieksen. Die Tr\u00e4nke verteilen und einziehen lassen. So vorbereitet kann der Kuchen abgedeckt eine Nacht in den K\u00fchlschrank, man kann aber auch direkt weitermachen. \",\t\t\t\t\t\t\r\n\t\t\t\t\t\t\t\t\t\t\t\t\t\t\r\n\t\t\t\t\t\t\t\r\n\t\t\t\t\t\t\t\t\t\t\t\t\t\t\t\t\"Kurz vor dem Servieren die Sahne mit Zucker und Vanilleextrakt steifschlagen und auf dem Kuchen verteilen und mit Zimt bepudern. Ggf. mit Beeren dekorieren.\"\t\t\t\t\t\t\r\n\t\t\t\t\t\t\t\t\t\t\t\t\t\t\r\n\t\t\t\t\t\t\t  ],\r\n\t\t\t  \t\t\t  \"recipeYield\": \"Eine 20x20cm Backform\"\t\t\t  \t\t\t}\r\n\t\t<\/script>\r\n\t\t\r\n\t<\/div>\r\n\t<\/span><\/p>\n<p><a href=\"https:\/\/jennyisbaking.com\/2025\/09\/19\/tres-leches-kuchen-aus-mexiko\/tres-leches-kuchen-aus-mexiko-3\/\" rel=\"attachment wp-att-18492\"><img data-recalc-dims=\"1\" loading=\"lazy\" decoding=\"async\" data-attachment-id=\"18492\" data-permalink=\"https:\/\/jennyisbaking.com\/de\/2025\/09\/19\/tres-leches-kuchen-aus-mexiko\/tres-leches-kuchen-aus-mexiko-3\/\" data-orig-file=\"https:\/\/i0.wp.com\/jennyisbaking.com\/wp-1c174-content\/uploads\/2025\/09\/Tres-leches-Kuchen-aus-Mexiko-3.jpg?fit=534%2C801&amp;ssl=1\" data-orig-size=\"534,801\" data-comments-opened=\"1\" data-image-meta=\"{&quot;aperture&quot;:&quot;0&quot;,&quot;credit&quot;:&quot;&quot;,&quot;camera&quot;:&quot;&quot;,&quot;caption&quot;:&quot;&quot;,&quot;created_timestamp&quot;:&quot;0&quot;,&quot;copyright&quot;:&quot;&quot;,&quot;focal_length&quot;:&quot;0&quot;,&quot;iso&quot;:&quot;0&quot;,&quot;shutter_speed&quot;:&quot;0&quot;,&quot;title&quot;:&quot;&quot;,&quot;orientation&quot;:&quot;0&quot;}\" data-image-title=\"Tres-leches-Kuchen-aus-Mexiko-3\" data-image-description=\"\" data-image-caption=\"\" data-large-file=\"https:\/\/i0.wp.com\/jennyisbaking.com\/wp-1c174-content\/uploads\/2025\/09\/Tres-leches-Kuchen-aus-Mexiko-3.jpg?fit=534%2C801&amp;ssl=1\" class=\"aligncenter size-full wp-image-18492\" src=\"https:\/\/i0.wp.com\/jennyisbaking.com\/wp-1c174-content\/uploads\/2025\/09\/Tres-leches-Kuchen-aus-Mexiko-3.jpg?resize=534%2C801&#038;ssl=1\" alt=\"\" width=\"534\" height=\"801\" srcset=\"https:\/\/i0.wp.com\/jennyisbaking.com\/wp-1c174-content\/uploads\/2025\/09\/Tres-leches-Kuchen-aus-Mexiko-3.jpg?w=534&amp;ssl=1 534w, https:\/\/i0.wp.com\/jennyisbaking.com\/wp-1c174-content\/uploads\/2025\/09\/Tres-leches-Kuchen-aus-Mexiko-3.jpg?resize=200%2C300&amp;ssl=1 200w\" sizes=\"auto, (max-width: 534px) 100vw, 534px\" \/><\/a><\/p>","protected":false},"excerpt":{"rendered":"<p>Leider ist der Eintrag nur auf English verf\u00fcgbar.<\/p>\n","protected":false},"author":1,"featured_media":18488,"comment_status":"open","ping_status":"closed","sticky":false,"template":"","format":"standard","meta":{"jetpack_post_was_ever_published":false,"_jetpack_newsletter_access":"","_jetpack_dont_email_post_to_subs":false,"_jetpack_newsletter_tier_id":0,"_jetpack_memberships_contains_paywalled_content":false,"_jetpack_memberships_contains_paid_content":false,"footnotes":"","jetpack_publicize_message":"","jetpack_publicize_feature_enabled":true,"jetpack_social_post_already_shared":true,"jetpack_social_options":{"image_generator_settings":{"template":"highway","default_image_id":0,"font":"","enabled":false},"version":2}},"categories":[3,380,920],"tags":[1758,1755,1757,1756,2931,2933,2932,2930,2929,2928,1725,2927],"class_list":["post-18484","post","type-post","status-publish","format-standard","has-post-thumbnail","hentry","category-cakes","category-kuchen","category-latin-american-recipes","tag-mexican","tag-mexico","tag-mexikanisch","tag-mexiko","tag-milch","tag-milchprodukte","tag-milchsorten","tag-milk","tag-pastel","tag-tarta","tag-torta","tag-tres-leches"],"yoast_head":"<!-- This site is optimized with the Yoast SEO plugin v27.4 - https:\/\/yoast.com\/product\/yoast-seo-wordpress\/ -->\n<title>Tres-Leches-Kuchen aus Mexiko - Jenny is baking<\/title>\n<meta name=\"description\" content=\"Tres-Leches-Kuchen ist ein Biskuit aus Mexiko, der mit drei Milchsorten getr\u00e4nkt wird und eine Schicht Schlagsahne enth\u00f6lt.\" \/>\n<meta name=\"robots\" content=\"index, follow, max-snippet:-1, max-image-preview:large, max-video-preview:-1\" \/>\n<link rel=\"canonical\" href=\"https:\/\/jennyisbaking.com\/de\/2025\/09\/19\/tres-leches-kuchen-aus-mexiko\/\" \/>\n<meta property=\"og:locale\" content=\"de_DE\" \/>\n<meta property=\"og:type\" content=\"article\" \/>\n<meta property=\"og:title\" content=\"Tres-Leches-Kuchen aus Mexiko - Jenny is baking\" \/>\n<meta property=\"og:description\" content=\"Tres-Leches-Kuchen ist ein Biskuit aus Mexiko, der mit drei Milchsorten getr\u00e4nkt wird und eine Schicht Schlagsahne enth\u00f6lt.\" \/>\n<meta property=\"og:url\" content=\"https:\/\/jennyisbaking.com\/de\/2025\/09\/19\/tres-leches-kuchen-aus-mexiko\/\" \/>\n<meta property=\"og:site_name\" content=\"Jenny is baking\" \/>\n<meta property=\"article:publisher\" content=\"https:\/\/www.facebook.com\/jennyisbaking\/\" \/>\n<meta property=\"article:author\" content=\"https:\/\/www.facebook.com\/jennyisbaking\/\" \/>\n<meta property=\"article:published_time\" content=\"2025-09-19T05:00:22+00:00\" \/>\n<meta property=\"article:modified_time\" content=\"2025-09-21T09:40:08+00:00\" \/>\n<meta property=\"og:image\" content=\"https:\/\/jennyisbaking.com\/wp-1c174-content\/uploads\/2025\/09\/Tres-leches-Kuchen-aus-Mexiko.jpg\" \/>\n\t<meta property=\"og:image:width\" content=\"534\" \/>\n\t<meta property=\"og:image:height\" content=\"801\" \/>\n\t<meta property=\"og:image:type\" content=\"image\/jpeg\" \/>\n<meta name=\"author\" content=\"Jenny\" \/>\n<meta name=\"twitter:card\" content=\"summary_large_image\" \/>\n<meta name=\"twitter:label1\" content=\"Verfasst von\" \/>\n\t<meta name=\"twitter:data1\" content=\"Jenny\" \/>\n\t<meta name=\"twitter:label2\" content=\"Gesch\u00e4tzte Lesezeit\" \/>\n\t<meta name=\"twitter:data2\" content=\"2\u00a0Minuten\" \/>\n<script type=\"application\/ld+json\" class=\"yoast-schema-graph\">{\"@context\":\"https:\\\/\\\/schema.org\",\"@graph\":[{\"@type\":\"Article\",\"@id\":\"https:\\\/\\\/jennyisbaking.com\\\/2025\\\/09\\\/19\\\/tres-leches-kuchen-aus-mexiko\\\/#article\",\"isPartOf\":{\"@id\":\"https:\\\/\\\/jennyisbaking.com\\\/2025\\\/09\\\/19\\\/tres-leches-kuchen-aus-mexiko\\\/\"},\"author\":{\"name\":\"Jenny\",\"@id\":\"https:\\\/\\\/jennyisbaking.com\\\/#\\\/schema\\\/person\\\/28a46859582cac5ac1ef7e065a17f77b\"},\"headline\":\"Tres-Leches-Kuchen aus Mexiko\",\"datePublished\":\"2025-09-19T05:00:22+00:00\",\"dateModified\":\"2025-09-21T09:40:08+00:00\",\"mainEntityOfPage\":{\"@id\":\"https:\\\/\\\/jennyisbaking.com\\\/2025\\\/09\\\/19\\\/tres-leches-kuchen-aus-mexiko\\\/\"},\"wordCount\":504,\"commentCount\":0,\"image\":{\"@id\":\"https:\\\/\\\/jennyisbaking.com\\\/2025\\\/09\\\/19\\\/tres-leches-kuchen-aus-mexiko\\\/#primaryimage\"},\"thumbnailUrl\":\"https:\\\/\\\/i0.wp.com\\\/jennyisbaking.com\\\/wp-1c174-content\\\/uploads\\\/2025\\\/09\\\/Tres-leches-Kuchen-aus-Mexiko.jpg?fit=534%2C801&ssl=1\",\"keywords\":[\"mexican\",\"mexico\",\"mexikanisch\",\"mexiko\",\"milch\",\"milchprodukte\",\"milchsorten\",\"milk\",\"pastel\",\"tarta\",\"torta\",\"tres leches\"],\"articleSection\":[\"Cakes\",\"Kuchen\",\"Latin American Recipes\"],\"inLanguage\":\"de\",\"potentialAction\":[{\"@type\":\"CommentAction\",\"name\":\"Comment\",\"target\":[\"https:\\\/\\\/jennyisbaking.com\\\/2025\\\/09\\\/19\\\/tres-leches-kuchen-aus-mexiko\\\/#respond\"]}]},{\"@type\":\"WebPage\",\"@id\":\"https:\\\/\\\/jennyisbaking.com\\\/de\\\/2025\\\/09\\\/19\\\/tres-leches-kuchen-aus-mexiko\\\/\",\"url\":\"https:\\\/\\\/jennyisbaking.com\\\/de\\\/2025\\\/09\\\/19\\\/tres-leches-kuchen-aus-mexiko\\\/\",\"name\":\"Tres-Leches-Kuchen aus Mexiko - Jenny is baking\",\"isPartOf\":{\"@id\":\"https:\\\/\\\/jennyisbaking.com\\\/de\\\/#website\"},\"primaryImageOfPage\":{\"@id\":\"https:\\\/\\\/jennyisbaking.com\\\/de\\\/2025\\\/09\\\/19\\\/tres-leches-kuchen-aus-mexiko\\\/#primaryimage\"},\"image\":{\"@id\":\"https:\\\/\\\/jennyisbaking.com\\\/2025\\\/09\\\/19\\\/tres-leches-kuchen-aus-mexiko\\\/#primaryimage\"},\"thumbnailUrl\":\"https:\\\/\\\/i0.wp.com\\\/jennyisbaking.com\\\/wp-1c174-content\\\/uploads\\\/2025\\\/09\\\/Tres-leches-Kuchen-aus-Mexiko.jpg?fit=534%2C801&ssl=1\",\"datePublished\":\"2025-09-19T05:00:22+00:00\",\"dateModified\":\"2025-09-21T09:40:08+00:00\",\"author\":{\"@id\":\"https:\\\/\\\/jennyisbaking.com\\\/#\\\/schema\\\/person\\\/28a46859582cac5ac1ef7e065a17f77b\"},\"description\":\"Tres-Leches-Kuchen ist ein Biskuit aus Mexiko, der mit drei Milchsorten getr\u00e4nkt wird und eine Schicht Schlagsahne enth\u00f6lt.\",\"breadcrumb\":{\"@id\":\"https:\\\/\\\/jennyisbaking.com\\\/de\\\/2025\\\/09\\\/19\\\/tres-leches-kuchen-aus-mexiko\\\/#breadcrumb\"},\"inLanguage\":\"de\",\"potentialAction\":[{\"@type\":\"ReadAction\",\"target\":[[\"https:\\\/\\\/jennyisbaking.com\\\/de\\\/2025\\\/09\\\/19\\\/tres-leches-kuchen-aus-mexiko\\\/\"]]}]},{\"@type\":\"ImageObject\",\"inLanguage\":\"de\",\"@id\":\"https:\\\/\\\/jennyisbaking.com\\\/de\\\/2025\\\/09\\\/19\\\/tres-leches-kuchen-aus-mexiko\\\/#primaryimage\",\"url\":\"https:\\\/\\\/i0.wp.com\\\/jennyisbaking.com\\\/wp-1c174-content\\\/uploads\\\/2025\\\/09\\\/Tres-leches-Kuchen-aus-Mexiko.jpg?fit=534%2C801&ssl=1\",\"contentUrl\":\"https:\\\/\\\/i0.wp.com\\\/jennyisbaking.com\\\/wp-1c174-content\\\/uploads\\\/2025\\\/09\\\/Tres-leches-Kuchen-aus-Mexiko.jpg?fit=534%2C801&ssl=1\",\"width\":534,\"height\":801},{\"@type\":\"BreadcrumbList\",\"@id\":\"https:\\\/\\\/jennyisbaking.com\\\/de\\\/2025\\\/09\\\/19\\\/tres-leches-kuchen-aus-mexiko\\\/#breadcrumb\",\"itemListElement\":[{\"@type\":\"ListItem\",\"position\":1,\"name\":\"Startseite\",\"item\":\"https:\\\/\\\/jennyisbaking.com\\\/de\\\/\"},{\"@type\":\"ListItem\",\"position\":2,\"name\":\"Tres Leches Cake from Mexico\"}]},{\"@type\":\"WebSite\",\"@id\":\"https:\\\/\\\/jennyisbaking.com\\\/de\\\/#website\",\"url\":\"https:\\\/\\\/jennyisbaking.com\\\/de\\\/\",\"name\":\"Jenny is baking\",\"description\":\"Backrezepte aus Nord- und S\u00fcdamerika\",\"potentialAction\":[{\"@type\":\"SearchAction\",\"target\":{\"@type\":\"EntryPoint\",\"urlTemplate\":\"https:\\\/\\\/jennyisbaking.com\\\/de\\\/?s={search_term_string}\"},\"query-input\":{\"@type\":\"PropertyValueSpecification\",\"valueRequired\":true,\"valueName\":\"search_term_string\"}}],\"inLanguage\":\"de\"},{\"@type\":\"Person\",\"@id\":\"https:\\\/\\\/jennyisbaking.com\\\/#\\\/schema\\\/person\\\/28a46859582cac5ac1ef7e065a17f77b\",\"name\":\"Jenny\",\"image\":{\"@type\":\"ImageObject\",\"inLanguage\":\"de\",\"@id\":\"https:\\\/\\\/secure.gravatar.com\\\/avatar\\\/23e81660a6279fbe7db0db01e9985036a8488f0100c3985867731ba2b4348089?s=96&d=mm&r=g\",\"url\":\"https:\\\/\\\/secure.gravatar.com\\\/avatar\\\/23e81660a6279fbe7db0db01e9985036a8488f0100c3985867731ba2b4348089?s=96&d=mm&r=g\",\"contentUrl\":\"https:\\\/\\\/secure.gravatar.com\\\/avatar\\\/23e81660a6279fbe7db0db01e9985036a8488f0100c3985867731ba2b4348089?s=96&d=mm&r=g\",\"caption\":\"Jenny\"},\"description\":\"Hi, ich hei\u00dfe Jenny, geb\u00fcrtig in Uruguay, als Kind in USA gelebt, nach dem Abi in Kanada und mit einem Kolumbianer verheiratet. Ich wohne im Moment in M\u00fcnchen, S\u00fcddeutschland. Auf meinem Blog finden sich meist s\u00fc\u00dfe Rezepte. Ich mag normalerweise einfache Sachen, die schnell gemacht sind, aber gleichzeitig was hermachen. Manchmal packt mich auch der Ehrgeiz und ich wage mich an kompliziertere Torten. Schau dir im Men\u00fc \u201eAlle Rezepte\u201c an f\u00fcr weitere Inspiration.\",\"sameAs\":[\"https:\\\/\\\/www.facebook.com\\\/jennyisbaking\\\/\",\"https:\\\/\\\/www.pinterest.de\\\/jennyisbaking\\\/\"]}]}<\/script>\n<!-- \/ Yoast SEO plugin. -->","yoast_head_json":{"title":"Tres-Leches-Kuchen aus Mexiko - Jenny is baking","description":"Tres-Leches-Kuchen ist ein Biskuit aus Mexiko, der mit drei Milchsorten getr\u00e4nkt wird und eine Schicht Schlagsahne enth\u00f6lt.","robots":{"index":"index","follow":"follow","max-snippet":"max-snippet:-1","max-image-preview":"max-image-preview:large","max-video-preview":"max-video-preview:-1"},"canonical":"https:\/\/jennyisbaking.com\/de\/2025\/09\/19\/tres-leches-kuchen-aus-mexiko\/","og_locale":"de_DE","og_type":"article","og_title":"Tres-Leches-Kuchen aus Mexiko - Jenny is baking","og_description":"Tres-Leches-Kuchen ist ein Biskuit aus Mexiko, der mit drei Milchsorten getr\u00e4nkt wird und eine Schicht Schlagsahne enth\u00f6lt.","og_url":"https:\/\/jennyisbaking.com\/de\/2025\/09\/19\/tres-leches-kuchen-aus-mexiko\/","og_site_name":"Jenny is baking","article_publisher":"https:\/\/www.facebook.com\/jennyisbaking\/","article_author":"https:\/\/www.facebook.com\/jennyisbaking\/","article_published_time":"2025-09-19T05:00:22+00:00","article_modified_time":"2025-09-21T09:40:08+00:00","og_image":[{"width":534,"height":801,"url":"https:\/\/jennyisbaking.com\/wp-1c174-content\/uploads\/2025\/09\/Tres-leches-Kuchen-aus-Mexiko.jpg","type":"image\/jpeg"}],"author":"Jenny","twitter_card":"summary_large_image","twitter_misc":{"Verfasst von":"Jenny","Gesch\u00e4tzte Lesezeit":"2\u00a0Minuten"},"schema":{"@context":"https:\/\/schema.org","@graph":[{"@type":"Article","@id":"https:\/\/jennyisbaking.com\/2025\/09\/19\/tres-leches-kuchen-aus-mexiko\/#article","isPartOf":{"@id":"https:\/\/jennyisbaking.com\/2025\/09\/19\/tres-leches-kuchen-aus-mexiko\/"},"author":{"name":"Jenny","@id":"https:\/\/jennyisbaking.com\/#\/schema\/person\/28a46859582cac5ac1ef7e065a17f77b"},"headline":"Tres-Leches-Kuchen aus Mexiko","datePublished":"2025-09-19T05:00:22+00:00","dateModified":"2025-09-21T09:40:08+00:00","mainEntityOfPage":{"@id":"https:\/\/jennyisbaking.com\/2025\/09\/19\/tres-leches-kuchen-aus-mexiko\/"},"wordCount":504,"commentCount":0,"image":{"@id":"https:\/\/jennyisbaking.com\/2025\/09\/19\/tres-leches-kuchen-aus-mexiko\/#primaryimage"},"thumbnailUrl":"https:\/\/i0.wp.com\/jennyisbaking.com\/wp-1c174-content\/uploads\/2025\/09\/Tres-leches-Kuchen-aus-Mexiko.jpg?fit=534%2C801&ssl=1","keywords":["mexican","mexico","mexikanisch","mexiko","milch","milchprodukte","milchsorten","milk","pastel","tarta","torta","tres leches"],"articleSection":["Cakes","Kuchen","Latin American Recipes"],"inLanguage":"de","potentialAction":[{"@type":"CommentAction","name":"Comment","target":["https:\/\/jennyisbaking.com\/2025\/09\/19\/tres-leches-kuchen-aus-mexiko\/#respond"]}]},{"@type":"WebPage","@id":"https:\/\/jennyisbaking.com\/de\/2025\/09\/19\/tres-leches-kuchen-aus-mexiko\/","url":"https:\/\/jennyisbaking.com\/de\/2025\/09\/19\/tres-leches-kuchen-aus-mexiko\/","name":"Tres-Leches-Kuchen aus Mexiko - Jenny is baking","isPartOf":{"@id":"https:\/\/jennyisbaking.com\/de\/#website"},"primaryImageOfPage":{"@id":"https:\/\/jennyisbaking.com\/de\/2025\/09\/19\/tres-leches-kuchen-aus-mexiko\/#primaryimage"},"image":{"@id":"https:\/\/jennyisbaking.com\/2025\/09\/19\/tres-leches-kuchen-aus-mexiko\/#primaryimage"},"thumbnailUrl":"https:\/\/i0.wp.com\/jennyisbaking.com\/wp-1c174-content\/uploads\/2025\/09\/Tres-leches-Kuchen-aus-Mexiko.jpg?fit=534%2C801&ssl=1","datePublished":"2025-09-19T05:00:22+00:00","dateModified":"2025-09-21T09:40:08+00:00","author":{"@id":"https:\/\/jennyisbaking.com\/#\/schema\/person\/28a46859582cac5ac1ef7e065a17f77b"},"description":"Tres-Leches-Kuchen ist ein Biskuit aus Mexiko, der mit drei Milchsorten getr\u00e4nkt wird und eine Schicht Schlagsahne enth\u00f6lt.","breadcrumb":{"@id":"https:\/\/jennyisbaking.com\/de\/2025\/09\/19\/tres-leches-kuchen-aus-mexiko\/#breadcrumb"},"inLanguage":"de","potentialAction":[{"@type":"ReadAction","target":[["https:\/\/jennyisbaking.com\/de\/2025\/09\/19\/tres-leches-kuchen-aus-mexiko\/"]]}]},{"@type":"ImageObject","inLanguage":"de","@id":"https:\/\/jennyisbaking.com\/de\/2025\/09\/19\/tres-leches-kuchen-aus-mexiko\/#primaryimage","url":"https:\/\/i0.wp.com\/jennyisbaking.com\/wp-1c174-content\/uploads\/2025\/09\/Tres-leches-Kuchen-aus-Mexiko.jpg?fit=534%2C801&ssl=1","contentUrl":"https:\/\/i0.wp.com\/jennyisbaking.com\/wp-1c174-content\/uploads\/2025\/09\/Tres-leches-Kuchen-aus-Mexiko.jpg?fit=534%2C801&ssl=1","width":534,"height":801},{"@type":"BreadcrumbList","@id":"https:\/\/jennyisbaking.com\/de\/2025\/09\/19\/tres-leches-kuchen-aus-mexiko\/#breadcrumb","itemListElement":[{"@type":"ListItem","position":1,"name":"Startseite","item":"https:\/\/jennyisbaking.com\/de\/"},{"@type":"ListItem","position":2,"name":"Tres Leches Cake from Mexico"}]},{"@type":"WebSite","@id":"https:\/\/jennyisbaking.com\/de\/#website","url":"https:\/\/jennyisbaking.com\/de\/","name":"Jenny is baking","description":"Backrezepte aus Nord- und S\u00fcdamerika","potentialAction":[{"@type":"SearchAction","target":{"@type":"EntryPoint","urlTemplate":"https:\/\/jennyisbaking.com\/de\/?s={search_term_string}"},"query-input":{"@type":"PropertyValueSpecification","valueRequired":true,"valueName":"search_term_string"}}],"inLanguage":"de"},{"@type":"Person","@id":"https:\/\/jennyisbaking.com\/#\/schema\/person\/28a46859582cac5ac1ef7e065a17f77b","name":"Jenny","image":{"@type":"ImageObject","inLanguage":"de","@id":"https:\/\/secure.gravatar.com\/avatar\/23e81660a6279fbe7db0db01e9985036a8488f0100c3985867731ba2b4348089?s=96&d=mm&r=g","url":"https:\/\/secure.gravatar.com\/avatar\/23e81660a6279fbe7db0db01e9985036a8488f0100c3985867731ba2b4348089?s=96&d=mm&r=g","contentUrl":"https:\/\/secure.gravatar.com\/avatar\/23e81660a6279fbe7db0db01e9985036a8488f0100c3985867731ba2b4348089?s=96&d=mm&r=g","caption":"Jenny"},"description":"Hi, ich hei\u00dfe Jenny, geb\u00fcrtig in Uruguay, als Kind in USA gelebt, nach dem Abi in Kanada und mit einem Kolumbianer verheiratet. Ich wohne im Moment in M\u00fcnchen, S\u00fcddeutschland. Auf meinem Blog finden sich meist s\u00fc\u00dfe Rezepte. Ich mag normalerweise einfache Sachen, die schnell gemacht sind, aber gleichzeitig was hermachen. Manchmal packt mich auch der Ehrgeiz und ich wage mich an kompliziertere Torten. Schau dir im Men\u00fc \u201eAlle Rezepte\u201c an f\u00fcr weitere Inspiration.","sameAs":["https:\/\/www.facebook.com\/jennyisbaking\/","https:\/\/www.pinterest.de\/jennyisbaking\/"]}]}},"jetpack_publicize_connections":[],"jetpack_featured_media_url":"https:\/\/i0.wp.com\/jennyisbaking.com\/wp-1c174-content\/uploads\/2025\/09\/Tres-leches-Kuchen-aus-Mexiko.jpg?fit=534%2C801&ssl=1","jetpack_sharing_enabled":true,"jetpack_shortlink":"https:\/\/wp.me\/p8MAhl-4O8","jetpack-related-posts":[{"id":13490,"url":"https:\/\/jennyisbaking.com\/de\/2022\/06\/24\/baiser-auf-mexikanisch-oder-mostachon-de-fresas\/","url_meta":{"origin":18484,"position":0},"title":"Baiser auf Mexikanisch oder mostach\u00f3n de fresas","author":"Jenny","date":"Freitag, der 24. Juni 2022","format":false,"excerpt":"Heute habe ich einen leckeren Kuchen aus dem Norden Mexikos mitgebracht; \"mostach\u00f3n de fresas\" besteht aus einer Art Nussbaiser, auf die eine Sahne-Frischk\u00e4sef\u00fcllung kommt und den Abschluss bilden dann Erdbeeren. Man kann aber auch andere Fr\u00fcchte hernehmen, in Mexiko auch gerne genutzt sind Mangos. Das Besondere an diesem Kuchen ist,\u2026","rel":"","context":"In &quot;Cakes&quot;","block_context":{"text":"Cakes","link":"https:\/\/jennyisbaking.com\/de\/category\/cakes\/"},"img":{"alt_text":"Mostach\u00f3n de fresas, mexikanischer Kuchen","src":"https:\/\/i0.wp.com\/jennyisbaking.com\/wp-1c174-content\/uploads\/2022\/06\/DSC06152.jpg?fit=534%2C801&ssl=1&resize=350%2C200","width":350,"height":200,"srcset":"https:\/\/i0.wp.com\/jennyisbaking.com\/wp-1c174-content\/uploads\/2022\/06\/DSC06152.jpg?fit=534%2C801&ssl=1&resize=350%2C200 1x, https:\/\/i0.wp.com\/jennyisbaking.com\/wp-1c174-content\/uploads\/2022\/06\/DSC06152.jpg?fit=534%2C801&ssl=1&resize=525%2C300 1.5x"},"classes":[]},{"id":14513,"url":"https:\/\/jennyisbaking.com\/de\/2023\/08\/16\/12-rezepte-mit-dulce-de-leche\/","url_meta":{"origin":18484,"position":1},"title":"12 Rezepte mit dulce de leche","author":"Jenny","date":"Mittwoch, der 16. August 2023","format":false,"excerpt":"Ich habe schon oft hier gesagt, dass dulce de leche die Nutella S\u00fcdamerikas ist. Die Karamellcereme, die aus Zucker und Milch hergestellt wird, ist von der s\u00fcdamerikanischen Konditorei nicht wegzudenken. Oft dient sie als F\u00fcllung oder aber man verwendet sie als d\u00fcnne Au\u00dfenschicht, zu einem Flan isst man in Uruguay\u2026","rel":"","context":"In &quot;Argentina and Uruguay&quot;","block_context":{"text":"Argentina and Uruguay","link":"https:\/\/jennyisbaking.com\/de\/category\/argentina-and-uruguay\/"},"img":{"alt_text":"","src":"https:\/\/i0.wp.com\/jennyisbaking.com\/wp-1c174-content\/uploads\/2023\/08\/Dulce-de-leche.jpg?fit=534%2C801&ssl=1&resize=350%2C200","width":350,"height":200,"srcset":"https:\/\/i0.wp.com\/jennyisbaking.com\/wp-1c174-content\/uploads\/2023\/08\/Dulce-de-leche.jpg?fit=534%2C801&ssl=1&resize=350%2C200 1x, https:\/\/i0.wp.com\/jennyisbaking.com\/wp-1c174-content\/uploads\/2023\/08\/Dulce-de-leche.jpg?fit=534%2C801&ssl=1&resize=525%2C300 1.5x"},"classes":[]},{"id":13181,"url":"https:\/\/jennyisbaking.com\/de\/2022\/04\/29\/flan-de-pina-oder-ananas-flan\/","url_meta":{"origin":18484,"position":2},"title":"Flan de pi\u00f1a oder Ananas-Flan","author":"Jenny","date":"Freitag, der 29. April 2022","format":false,"excerpt":"Flan de pi\u00f1a oder Ananasflan besteht aus gestockter Eiermasse und kommt hier mit erfrischender Ananas daher. Genuss aus S\u00fcdamerika!","rel":"","context":"In &quot;All Seasons&quot;","block_context":{"text":"All Seasons","link":"https:\/\/jennyisbaking.com\/de\/category\/all-seasons\/"},"img":{"alt_text":"Flan de pi\u00f1a oder Ananasflan","src":"https:\/\/i0.wp.com\/jennyisbaking.com\/wp-1c174-content\/uploads\/2022\/04\/DSC05595.jpg?fit=534%2C801&ssl=1&resize=350%2C200","width":350,"height":200,"srcset":"https:\/\/i0.wp.com\/jennyisbaking.com\/wp-1c174-content\/uploads\/2022\/04\/DSC05595.jpg?fit=534%2C801&ssl=1&resize=350%2C200 1x, https:\/\/i0.wp.com\/jennyisbaking.com\/wp-1c174-content\/uploads\/2022\/04\/DSC05595.jpg?fit=534%2C801&ssl=1&resize=525%2C300 1.5x"},"classes":[]},{"id":6747,"url":"https:\/\/jennyisbaking.com\/de\/2018\/08\/31\/uruguays-version-of-a-peach-layer-cake-postre-chaja\/","url_meta":{"origin":18484,"position":3},"title":"Uruguays Version einer Pfirsichtorte (postre chaj\u00e1)","author":"Jenny","date":"Freitag, der 31. August 2018","format":false,"excerpt":"Es musste eine Pfirsichtorte her, und zwar eine aus meinem Geburtsland Uruguay. Um genauer zu sein, sogar aus meiner Geburtsstadt Paysand\u00fa. Postre chaj\u00e1 ist eine Pfirsichtorte, die nach einem uruguayischen Vogel benannt ist, n\u00e4mlich dem chaj\u00e1 (auf Deutsch hei\u00dft dieser Vogel Halsband-Wehrvogel; die spanische Bezeichnung ist eine Lautmalerei, da er\u2026","rel":"","context":"In &quot;All Seasons&quot;","block_context":{"text":"All Seasons","link":"https:\/\/jennyisbaking.com\/de\/category\/all-seasons\/"},"img":{"alt_text":"","src":"https:\/\/i0.wp.com\/jennyisbaking.com\/wp-1c174-content\/uploads\/2018\/08\/Postre-chaja-1.jpg?fit=534%2C801&ssl=1&resize=350%2C200","width":350,"height":200,"srcset":"https:\/\/i0.wp.com\/jennyisbaking.com\/wp-1c174-content\/uploads\/2018\/08\/Postre-chaja-1.jpg?fit=534%2C801&ssl=1&resize=350%2C200 1x, https:\/\/i0.wp.com\/jennyisbaking.com\/wp-1c174-content\/uploads\/2018\/08\/Postre-chaja-1.jpg?fit=534%2C801&ssl=1&resize=525%2C300 1.5x"},"classes":[]},{"id":12988,"url":"https:\/\/jennyisbaking.com\/de\/2022\/03\/11\/chocoflan-oder-der-unmogliche-kuchen-aus-mexiko\/","url_meta":{"origin":18484,"position":4},"title":"Chocoflan oder der unm\u00f6gliche Kuchen aus Mexiko","author":"Jenny","date":"Freitag, der 11. M\u00e4rz 2022","format":false,"excerpt":"Chocoflan aus Mexiko besteht aus zwei Komponenten, Schokokuchen und Flan. Die beiden Schichten verkehren sich w\u00e4hrend des Backens.","rel":"","context":"In &quot;All Seasons&quot;","block_context":{"text":"All Seasons","link":"https:\/\/jennyisbaking.com\/de\/category\/all-seasons\/"},"img":{"alt_text":"Chocoflan aus Mexiko","src":"https:\/\/i0.wp.com\/jennyisbaking.com\/wp-1c174-content\/uploads\/2022\/02\/DSC05162.jpg?fit=534%2C801&ssl=1&resize=350%2C200","width":350,"height":200,"srcset":"https:\/\/i0.wp.com\/jennyisbaking.com\/wp-1c174-content\/uploads\/2022\/02\/DSC05162.jpg?fit=534%2C801&ssl=1&resize=350%2C200 1x, https:\/\/i0.wp.com\/jennyisbaking.com\/wp-1c174-content\/uploads\/2022\/02\/DSC05162.jpg?fit=534%2C801&ssl=1&resize=525%2C300 1.5x"},"classes":[]},{"id":8639,"url":"https:\/\/jennyisbaking.com\/de\/2019\/05\/21\/how-to-make-homemade-dulce-de-leche\/","url_meta":{"origin":18484,"position":5},"title":"Wie man selbst dulce de leche macht","author":"Jenny","date":"Dienstag, der 21. Mai 2019","format":false,"excerpt":"Heute geht es um selbstgemachte dulce de leche. Noch nie geh\u00f6rt? Das ist spanisch und kann wortw\u00f6rtlich als das \"S\u00fc\u00dfe der Milch\" \u00fcbersetzt werden. Dulce de leche ist eine streichf\u00e4hige Creme aus ges\u00fc\u00dfter Milch, deshalb auch der Name, und kommt geschmacklich traditionellem Karamell sehr nahe. Es ist sowas wie die\u2026","rel":"","context":"In &quot;Argentina and Uruguay&quot;","block_context":{"text":"Argentina and Uruguay","link":"https:\/\/jennyisbaking.com\/de\/category\/argentina-and-uruguay\/"},"img":{"alt_text":"Selbstgemachte dulce de leche","src":"https:\/\/i0.wp.com\/jennyisbaking.com\/wp-1c174-content\/uploads\/2019\/05\/DSC09661.jpg?fit=534%2C801&ssl=1&resize=350%2C200","width":350,"height":200,"srcset":"https:\/\/i0.wp.com\/jennyisbaking.com\/wp-1c174-content\/uploads\/2019\/05\/DSC09661.jpg?fit=534%2C801&ssl=1&resize=350%2C200 1x, https:\/\/i0.wp.com\/jennyisbaking.com\/wp-1c174-content\/uploads\/2019\/05\/DSC09661.jpg?fit=534%2C801&ssl=1&resize=525%2C300 1.5x"},"classes":[]}],"_links":{"self":[{"href":"https:\/\/jennyisbaking.com\/de\/wp-json\/wp\/v2\/posts\/18484","targetHints":{"allow":["GET"]}}],"collection":[{"href":"https:\/\/jennyisbaking.com\/de\/wp-json\/wp\/v2\/posts"}],"about":[{"href":"https:\/\/jennyisbaking.com\/de\/wp-json\/wp\/v2\/types\/post"}],"author":[{"embeddable":true,"href":"https:\/\/jennyisbaking.com\/de\/wp-json\/wp\/v2\/users\/1"}],"replies":[{"embeddable":true,"href":"https:\/\/jennyisbaking.com\/de\/wp-json\/wp\/v2\/comments?post=18484"}],"version-history":[{"count":10,"href":"https:\/\/jennyisbaking.com\/de\/wp-json\/wp\/v2\/posts\/18484\/revisions"}],"predecessor-version":[{"id":18532,"href":"https:\/\/jennyisbaking.com\/de\/wp-json\/wp\/v2\/posts\/18484\/revisions\/18532"}],"wp:featuredmedia":[{"embeddable":true,"href":"https:\/\/jennyisbaking.com\/de\/wp-json\/wp\/v2\/media\/18488"}],"wp:attachment":[{"href":"https:\/\/jennyisbaking.com\/de\/wp-json\/wp\/v2\/media?parent=18484"}],"wp:term":[{"taxonomy":"category","embeddable":true,"href":"https:\/\/jennyisbaking.com\/de\/wp-json\/wp\/v2\/categories?post=18484"},{"taxonomy":"post_tag","embeddable":true,"href":"https:\/\/jennyisbaking.com\/de\/wp-json\/wp\/v2\/tags?post=18484"}],"curies":[{"name":"wp","href":"https:\/\/api.w.org\/{rel}","templated":true}]}}