{"id":19206,"date":"2026-02-06T07:00:13","date_gmt":"2026-02-06T06:00:13","guid":{"rendered":"https:\/\/jennyisbaking.com\/?p=19206"},"modified":"2026-02-27T20:53:42","modified_gmt":"2026-02-27T19:53:42","slug":"warming-chili-con-carne-from-the-us","status":"publish","type":"post","link":"https:\/\/jennyisbaking.com\/de\/2026\/02\/06\/warming-chili-con-carne-from-the-us\/","title":{"rendered":"W\u00e4rmendes Chili con Carne"},"content":{"rendered":"<p>Ich sag jetzt was Ketzerisches: F\u00fcr mich ist Chili con Carne definitiv ein amerikanisches Gericht, Texmex, wenn man so will. Soweit ich wei\u00df, haben weder die Mexikaner, noch die Spanier Anspruch auf dieses Rezept genommen, sondern es ist so amerikanisch, dass sogar unterschiedliche Staaten (Texas und Illinois) es zu ihrem eigenen Staatengericht deklariert haben, auch wenn der Inhalt des Chilis unterschiedlicher nicht sein k\u00f6nnte. Auch Oklahoma und Cincinnati haben ihre ganz speziellen Versionen. Weitere Infos gibt es in <a href=\"https:\/\/www.seriouseats.com\/guide-to-chili-styles-types-of-chili-recipes\" target=\"_blank\" rel=\"noopener\">diesem Artikel<\/a> (<em>auf Englisch<\/em>). Ich halte mich raus aus der Diskussion, ob man Tomaten, Bohnen oder Mais zu einem Chili hinzuf\u00fcgen darf oder nicht. Meine Version enth\u00e4lt sowohl Tomaten als auch Bohnen, aber kommt ohne Mais aus, man kann sicher weitere &#8222;F\u00fcller&#8220; wie S\u00fc\u00dfkartoffel und K\u00fcrbis hinzuf\u00fcgen.<\/p>\n<p><a href=\"https:\/\/jennyisbaking.com\/2026\/02\/06\/warming-chili-con-carne-from-the-us\/chili-con-carne-rezept-1\/\" rel=\"attachment wp-att-19211\"><img data-recalc-dims=\"1\" loading=\"lazy\" decoding=\"async\" data-attachment-id=\"19211\" data-permalink=\"https:\/\/jennyisbaking.com\/de\/2026\/02\/06\/warming-chili-con-carne-from-the-us\/chili-con-carne-rezept-1\/\" data-orig-file=\"https:\/\/i0.wp.com\/jennyisbaking.com\/wp-1c174-content\/uploads\/2026\/02\/Chili-con-Carne-Rezept-1.jpg?fit=534%2C801&amp;ssl=1\" data-orig-size=\"534,801\" data-comments-opened=\"1\" data-image-meta=\"{&quot;aperture&quot;:&quot;0&quot;,&quot;credit&quot;:&quot;&quot;,&quot;camera&quot;:&quot;&quot;,&quot;caption&quot;:&quot;&quot;,&quot;created_timestamp&quot;:&quot;0&quot;,&quot;copyright&quot;:&quot;&quot;,&quot;focal_length&quot;:&quot;0&quot;,&quot;iso&quot;:&quot;0&quot;,&quot;shutter_speed&quot;:&quot;0&quot;,&quot;title&quot;:&quot;&quot;,&quot;orientation&quot;:&quot;0&quot;}\" data-image-title=\"Chili-con-Carne-Rezept-1\" data-image-description=\"\" data-image-caption=\"\" data-large-file=\"https:\/\/i0.wp.com\/jennyisbaking.com\/wp-1c174-content\/uploads\/2026\/02\/Chili-con-Carne-Rezept-1.jpg?fit=534%2C801&amp;ssl=1\" class=\"aligncenter size-full wp-image-19211\" src=\"https:\/\/i0.wp.com\/jennyisbaking.com\/wp-1c174-content\/uploads\/2026\/02\/Chili-con-Carne-Rezept-1.jpg?resize=534%2C801&#038;ssl=1\" alt=\"\" width=\"534\" height=\"801\" srcset=\"https:\/\/i0.wp.com\/jennyisbaking.com\/wp-1c174-content\/uploads\/2026\/02\/Chili-con-Carne-Rezept-1.jpg?w=534&amp;ssl=1 534w, https:\/\/i0.wp.com\/jennyisbaking.com\/wp-1c174-content\/uploads\/2026\/02\/Chili-con-Carne-Rezept-1.jpg?resize=200%2C300&amp;ssl=1 200w\" sizes=\"auto, (max-width: 534px) 100vw, 534px\" \/><\/a><\/p>\n<p><!--more--><\/p>\n<p>Egal f\u00fcr welche Variante man sich final entscheidet, Chili con Carne ist f\u00fcr mich ein wunderbar w\u00e4rmendes Wintergericht. Man kann gro\u00dfe Mengen einfrieren und mehrere Male davon essen, nat\u00fcrlich abh\u00e4ngig wie viele Esser dabei sind. Ich serviere es eigentlich immer mit Reis, auch Avocado schmeckt dazu. Nat\u00fcrlich kann man auch Schmand, frisch gehackten Koriander als auch geriebenen Mozzarella dazu servieren. Meine Variante enth\u00e4lt sowohl Chilipulver als auch Chiliflocken, ich empfehle auf jeden Fall nach Geschmack abzuschmecken, ich glaube, f\u00fcr deutsche Verh\u00e4ltnisse ist meine Variante schon recht scharf.<\/p>\n<p><a href=\"https:\/\/jennyisbaking.com\/2026\/02\/06\/warming-chili-con-carne-from-the-us\/chili-con-carne-aus-usa\/\" rel=\"attachment wp-att-19213\"><img data-recalc-dims=\"1\" loading=\"lazy\" decoding=\"async\" data-attachment-id=\"19213\" data-permalink=\"https:\/\/jennyisbaking.com\/de\/2026\/02\/06\/warming-chili-con-carne-from-the-us\/chili-con-carne-aus-usa\/\" data-orig-file=\"https:\/\/i0.wp.com\/jennyisbaking.com\/wp-1c174-content\/uploads\/2026\/02\/Chili-con-Carne-aus-USA.jpg?fit=534%2C801&amp;ssl=1\" data-orig-size=\"534,801\" data-comments-opened=\"1\" data-image-meta=\"{&quot;aperture&quot;:&quot;0&quot;,&quot;credit&quot;:&quot;&quot;,&quot;camera&quot;:&quot;&quot;,&quot;caption&quot;:&quot;&quot;,&quot;created_timestamp&quot;:&quot;0&quot;,&quot;copyright&quot;:&quot;&quot;,&quot;focal_length&quot;:&quot;0&quot;,&quot;iso&quot;:&quot;0&quot;,&quot;shutter_speed&quot;:&quot;0&quot;,&quot;title&quot;:&quot;&quot;,&quot;orientation&quot;:&quot;0&quot;}\" data-image-title=\"Chili-con-Carne-aus-USA\" data-image-description=\"\" data-image-caption=\"\" data-large-file=\"https:\/\/i0.wp.com\/jennyisbaking.com\/wp-1c174-content\/uploads\/2026\/02\/Chili-con-Carne-aus-USA.jpg?fit=534%2C801&amp;ssl=1\" class=\"aligncenter size-full wp-image-19213\" src=\"https:\/\/i0.wp.com\/jennyisbaking.com\/wp-1c174-content\/uploads\/2026\/02\/Chili-con-Carne-aus-USA.jpg?resize=534%2C801&#038;ssl=1\" alt=\"\" width=\"534\" height=\"801\" srcset=\"https:\/\/i0.wp.com\/jennyisbaking.com\/wp-1c174-content\/uploads\/2026\/02\/Chili-con-Carne-aus-USA.jpg?w=534&amp;ssl=1 534w, https:\/\/i0.wp.com\/jennyisbaking.com\/wp-1c174-content\/uploads\/2026\/02\/Chili-con-Carne-aus-USA.jpg?resize=200%2C300&amp;ssl=1 200w\" sizes=\"auto, (max-width: 534px) 100vw, 534px\" \/><\/a>Ursprung: Basierend auf <a href=\"https:\/\/pinchofyum.com\/sunday-chili\" target=\"_blank\" rel=\"noopener\">Pinch of Yum<\/a> (<em>auf Englisch<\/em>)<\/p>\n<p><span class=\"sp_shortcode\">\t<div id=\"recipe\"><\/div>\r\n\t<div class=\"sp-recipe\" id=\"printthis\">\r\n\t\t\r\n\t\t<div class=\"recipe-overview\">\r\n\t\t\t\r\n\t\t\t<div class=\"recipe-image\">\r\n\t\t\t\t\t\t\t\t\t\t\t\t<img data-recalc-dims=\"1\" decoding=\"async\" src=\"https:\/\/i0.wp.com\/jennyisbaking.com\/wp-1c174-content\/uploads\/2026\/02\/Chili-con-Carne-Rezept.jpg?w=1080&#038;ssl=1\">\t\t\t\t\t\t\t\t\t\t\t\t\t<a href=\"#\" onclick=\"jQuery('#printthis').print()\" class=\"sp-print\"><i class=\"fa fas fa-print\"><\/i> Print Recipe<\/a>\r\n\t\t\t\t\t\t\t<\/div>\r\n\t\t\t\r\n\t\t\t<div class=\"recipe-header\">\r\n\t\t\t\r\n\t\t\t\t<div class=\"recipe-title-header\">\r\n\t\t\t\t\r\n\t\t\t\t\t\t\t\t\t\t\t<h2>W\u00e4rmendes Chili con Carne<\/h2>\r\n\t\t\t\t\t\t\t\t\t\t\t\t\t\t\r\n\t\t\t\t<\/div>\r\n\t\t\t\r\n\t\t\t\t\t\t\t\t<div class=\"recipe-meta\">\r\n\t\t\t\t\t\r\n\t\t\t\t\t<div class=\"meta-row\">\r\n\t\t\t\t\t\t\r\n\t\t\t\t\t\t\t\t\t\t\t\t\r\n\t\t\t\t\t\t\t\t\t\t\t\t\t\t\t\t\t\t\t\t\t\t\t\r\n\t\t\t\t\t<\/div>\r\n\t\t\t\t\t\r\n\t\t\t\t\t<div class=\"meta-row\">\r\n\t\t\t\t\t\t\r\n\t\t\t\t\t\t<i class=\"far fa-user\"><\/i>\t\t\t\t\t\t\r\n\t\t\t\t\t\t\t\t\t\t\t\t\t\t\t\t\t\t<span class=\"recipe-meta-item\">Serves: F\u00fcr ca. 6 Personen<\/span>\t\t\t\t\t\r\n\t\t\t\t\t<\/div>\r\n\t\t\t\t\t\r\n\t\t\t\t\t<div class=\"meta-row\">\r\n\t\t\t\t\t\r\n\t\t\t\t\t\t<i class=\"far fa-clock\"><\/i> \r\n\t\t\t\t\t\t\r\n\t\t\t\t\t\t\t\t\t\t\t\t\t\t\t\t\t\t<span class=\"recipe-meta-item\">Prep Time: 45min<\/span>\r\n\t\t\t\t\t\t\t\t\t\t\t\t\r\n\t\t\t\t\t\t<span class=\"separator\">&#8211;<\/span>\t\t\t\t\t\t\r\n\t\t\t\t\t\t\t\t\t\t\t\t\t\t\t\t\t\t<span class=\"recipe-meta-item\">Cooking Time: 2hr<\/span>\r\n\t\t\t\t\t\t\t\t\t\t\t\t\r\n\t\t\t\t\t\t<span class=\"separator\">&#8211;<\/span>\t\t\t\t\t\t\r\n\t\t\t\t\t\t\t\t\t\t\t\t\t\t\t\t\t\t<span class=\"recipe-meta-item\">Total Time: 2hr 45min<\/span>\r\n\t\t\t\t\t\t\t\t\t\t\t\t\r\n\t\t\t\t\t<\/div>\r\n\t\t\t\r\n\t\t\t\t<\/div>\r\n\t\t\t\t\t\t\t\t\r\n\t\t\t\t\t\t\t\t\t<div class=\"sep-line\"><\/div>\r\n\t\t\t\t\t<div class=\"recipe-description\"><p>Dieses w\u00e4rmende Chili con Carne wird mit Hackfleisch, Bohnen und crushed Tomaten zubereitet. Es schmeckt noch besser an Tag 2 und 3.<\/p><\/div>\r\n\t\t\t\t\t\t\t\r\n\t\t\t<\/div>\r\n\t\t\t\r\n\t\t<\/div>\r\n\t\t\t\r\n\t\t\t\t<div class=\"recipe-ingredients\">\r\n\t\t\t\t\t\t\t\r\n\t\t\t<h3 class=\"recipe-title\">Ingredients<\/h3>\r\n\t\t\t\r\n\t\t\t<ul>\r\n\t\t\t\t\t\t\t\t\t\t\t\t\t\t\t\t\t\t\t<li><span><b>Chili con Carne<\/b><\/span><\/li>\r\n\t\t\t\t\t\t\t\t\t\t\t\t\t\t\t\t\t\t\t\t\t\t\t\t\t\t\t\t<li><span>500g Rinderhackfleisch oder gemischtes Hackfleisch<\/span><\/li>\r\n\t\t\t\t\t\t\t\t\t\t\t\t\t\t\t\t\t\t\t\t\t\t\t\t\t\t\t\t<li><span>2 TL Salz<\/span><\/li>\r\n\t\t\t\t\t\t\t\t\t\t\t\t\t\t\t\t\t\t\t\t\t\t\t\t\t\t\t\t<li><span>1 gro\u00dfe Zwiebel<\/span><\/li>\r\n\t\t\t\t\t\t\t\t\t\t\t\t\t\t\t\t\t\t\t\t\t\t\t\t\t\t\t\t<li><span>2-4 Knoblauchzehen, je nach Gusto<\/span><\/li>\r\n\t\t\t\t\t\t\t\t\t\t\t\t\t\t\t\t\t\t\t\t\t\t\t\t\t\t\t\t<li><span>4 M\u00f6hren<\/span><\/li>\r\n\t\t\t\t\t\t\t\t\t\t\t\t\t\t\t\t\t\t\t\t\t\t\t\t\t\t\t\t<li><span>1 Jalape\u00f1o<\/span><\/li>\r\n\t\t\t\t\t\t\t\t\t\t\t\t\t\t\t\t\t\t\t\t\t\t\t\t\t\t\t\t<li><span>150g Speckw\u00fcrfel<\/span><\/li>\r\n\t\t\t\t\t\t\t\t\t\t\t\t\t\t\t\t\t\t\t\t\t\t\t\t\t\t\t\t<li><span>1-3 TL Chilipulver (unbedingt Sch\u00e4rfe langsam anpassen)<\/span><\/li>\r\n\t\t\t\t\t\t\t\t\t\t\t\t\t\t\t\t\t\t\t\t\t\t\t\t\t\t\t\t<li><span>1 TL Chiliflocken<\/span><\/li>\r\n\t\t\t\t\t\t\t\t\t\t\t\t\t\t\t\t\t\t\t\t\t\t\t\t\t\t\t\t<li><span>1 TL Cumin<\/span><\/li>\r\n\t\t\t\t\t\t\t\t\t\t\t\t\t\t\t\t\t\t\t\t\t\t\t\t\t\t\t\t<li><span>1 TL Oregano<\/span><\/li>\r\n\t\t\t\t\t\t\t\t\t\t\t\t\t\t\t\t\t\t\t\t\t\t\t\t\t\t\t\t<li><span>1 TL Knoblauchpulver<\/span><\/li>\r\n\t\t\t\t\t\t\t\t\t\t\t\t\t\t\t\t\t\t\t\t\t\t\t\t\t\t\t\t<li><span>1 EL Tomatenmark<\/span><\/li>\r\n\t\t\t\t\t\t\t\t\t\t\t\t\t\t\t\t\t\t\t\t\t\t\t\t\t\t\t\t<li><span>2 Dosen a 400g crushed Tomaten<\/span><\/li>\r\n\t\t\t\t\t\t\t\t\t\t\t\t\t\t\t\t\t\t\t\t\t\t\t\t\t\t\t\t<li><span>1 Dose (400g) Kidney-Bohnen<\/span><\/li>\r\n\t\t\t\t\t\t\t\t\t\t\t\t\t\t\t\t\t\t\t\t\t\t\t\t\t\t\t\t<li><span>1 Dose (400g) schwarze Bohnen<\/span><\/li>\r\n\t\t\t\t\t\t\t\t\t\t\t\t\t\t\t\t\t\t\t\t\t\t\t\t\t\t\t\t<li><span>2-3 Lorbeerbl\u00e4tter<\/span><\/li>\r\n\t\t\t\t\t\t\t\t\t\t\t\t\t\t\t\t\t\t\t\t\t\t\t\t\t\t\t\t<li><span><\/br><\/span><\/li>\r\n\t\t\t\t\t\t\t\t\t\t\t\t\t\t\t\t\t\t\t\t\t\t\t\t\t\t\t\t<li><span><b>Serviervorschl\u00e4ge<\/b><\/span><\/li>\r\n\t\t\t\t\t\t\t\t\t\t\t\t\t\t\t\t\t\t\t\t\t\t\t\t\t\t\t\t<li><span>Gekochter Reis oder Brot<\/span><\/li>\r\n\t\t\t\t\t\t\t\t\t\t\t\t\t\t\t\t\t\t\t\t\t\t\t\t\t\t\t\t<li><span>Schmand<\/span><\/li>\r\n\t\t\t\t\t\t\t\t\t\t\t\t\t\t\t\t\t\t\t\t\t\t\t\t\t\t\t\t<li><span>Frischer Koriander<\/span><\/li>\r\n\t\t\t\t\t\t\t\t\t\t\t\t\t\t\t\t\t\t\t\t\t\t\t\t\t\t\t\t<li><span>Avocado<\/span><\/li>\r\n\t\t\t\t\t\t\t\t\t\t\t\t\t\t\t\t\t\t\t\t\t\t\t\t\t\t\t\t<li><span>Geriebener Mozzarella<\/span><\/li>\r\n\t\t\t\t\t\t\t\t\t\t\t\t\t\t\t\t<\/ul>\r\n\t\t\t\r\n\t\t<\/div>\r\n\t\t\t\t\r\n\t\t\t\t<div class=\"recipe-method\">\r\n\t\t\t\t\t\t\t\r\n\t\t\t<h3 class=\"recipe-title\">Instructions<\/h3>\r\n\t\t\t\r\n\t\t\t\t\t\t\t\t\t\r\n\t\t\t\t\t\t\t\t\t\t\t\t\t\t\t<div class=\"step\">\r\n\t\t\t\t\t<span class=\"step-number\">1<\/span>\r\n\t\t\t\t\t<div class=\"step-content\">\r\n\t\t\t\t\t\t<p>Zun\u00e4chst das Hackfleisch gut mit dem Salz mischen und zur Seite stellen. Dann Zwiebel, Knoblauchzehen und M\u00f6hren sch\u00e4len und alles zusammen mit der Jalape\u00f1o kleinschneiden. <\/p>\r\n\t\t\t\t\t<\/div>\r\n\t\t\t\t<\/div>\r\n\t\t\t\t\t\t\t\t\t\t\r\n\t\t\t\t\t\t\r\n\t\t\t\t\t\t\t\t\t\t\t\t\t\t\t<div class=\"step\">\r\n\t\t\t\t\t<span class=\"step-number\">2<\/span>\r\n\t\t\t\t\t<div class=\"step-content\">\r\n\t\t\t\t\t\t<p>Einen gro\u00dfen gu\u00dfeisernen Topf hernehmen und die Speckw\u00fcrfel darin auf mittlerer Hitze ausbraten, dann Speck herausnehmen und erst einmal zur Seite stellen. Im gleichen Fett das kleingeschnittene Gem\u00fcse f\u00fcr ca. 5min d\u00fcnsten, gelegentlich umr\u00fchren. Das vorbereitete Hackfleisch und alle Gew\u00fcrze hinzugeben, durchr\u00fchren und ordentlich von allen Seiten gut br\u00e4unen. Dann Tomatenmark einr\u00fchren und 1-2min mit anbraten. <\/p>\r\n\t\t\t\t\t<\/div>\r\n\t\t\t\t<\/div>\r\n\t\t\t\t\t\t\t\t\t\t\r\n\t\t\t\t\t\t\r\n\t\t\t\t\t\t\t\t\t\t\t\t\t\t\t<div class=\"step\">\r\n\t\t\t\t\t<span class=\"step-number\">3<\/span>\r\n\t\t\t\t\t<div class=\"step-content\">\r\n\t\t\t\t\t\t<p>Jetzt die Tomaten und Bohnen aus der Dose, Speck sowie Lorbeerbl\u00e4tter hinzugeben, ggf. noch Wasser hinzugeben, wenn es zu dickfl\u00fcssig ist. F\u00fcr mindestens 45min auf niedriger Hitze mit Deckel k\u00f6cheln, besser sind bis zu zwei Stunden. Ggf. mit Salz und weiteren Gew\u00fcrzen nochmal nachw\u00fcrzen, falls es sehr dickfl\u00fcssig ist, nochmal Wasser hinzugeben. <\/p>\r\n\t\t\t\t\t<\/div>\r\n\t\t\t\t<\/div>\r\n\t\t\t\t\t\t\t\t\t\t\r\n\t\t\t\t\t\t\r\n\t\t\t\t\t\t\t\t\t\t\t\t\t\t\t<div class=\"step\">\r\n\t\t\t\t\t<span class=\"step-number\">4<\/span>\r\n\t\t\t\t\t<div class=\"step-content\">\r\n\t\t\t\t\t\t<p>Mit gekochtem Reis oder Brot, einem Klecks Schmand, feingeschnittenem Koriander und\/oder Avocado sowie gebriebener Mozzarella servieren. Chili con Carne wird jeden Tag besser im Geschmack und kann, wenn im K\u00fchlschrank gek\u00fchlt, einige Tage erneut aufgew\u00e4rmt werden.<\/p>\r\n\t\t\t\t\t<\/div>\r\n\t\t\t\t<\/div>\r\n\t\t\t\t\t\t\t\t\t\t\r\n\t\t\t\t\t\t\r\n\t\t<\/div>\r\n\t\t\t\t\r\n\t\t\t\t\r\n\t\t\t\t\r\n\t\t<script type=\"application\/ld+json\">\r\n\t\t\t{\r\n\t\t\t  \"@context\": \"http:\/\/schema.org\",\r\n\t\t\t  \"@type\": \"Recipe\",\r\n\t\t\t  \"url\": \"https:\/\/jennyisbaking.com\/de\/2026\/02\/06\/warming-chili-con-carne-from-the-us\/\",\r\n\t\t\t  \"author\": {\r\n\t\t\t\t\"@type\": \"Thing\",\r\n\t\t\t\t\"name\": \"\"\r\n\t\t\t  },\r\n\t\t\t  \"datePublished\": \"Freitag, der  6. Februar 2026\",\r\n\t\t\t  \"cookTime\": \"P\",\r\n\t\t\t  \t\t\t  \"description\": \"Dieses w\u00e4rmende Chili con Carne wird mit Hackfleisch, Bohnen und crushed Tomaten zubereitet. Es schmeckt noch besser an Tag 2 und 3.\",\r\n\t\t\t  \"image\": \"https:\/\/jennyisbaking.com\/wp-1c174-content\/uploads\/2026\/02\/Chili-con-Carne-Rezept.jpg\",\r\n\t\t\t  \"recipeIngredient\": [\r\n\t\t\t\t\t\t\t\t\t\t\t\t\t                    \t\t\t\t\t\"<b>Chili con Carne<\/b>\",\t\t\t\t\t\t\t\t\t\t\t\t\t\t\t\t\t\t\t                    \t\t\t\t\t\"500g Rinderhackfleisch oder gemischtes Hackfleisch\",\t\t\t\t\t\t\t\t\t\t\t\t\t\t\t\t\t\t\t                    \t\t\t\t\t\"2 TL Salz\",\t\t\t\t\t\t\t\t\t\t\t\t\t\t\t\t\t\t\t                    \t\t\t\t\t\"1 gro\u00dfe Zwiebel\",\t\t\t\t\t\t\t\t\t\t\t\t\t\t\t\t\t\t\t                    \t\t\t\t\t\"2-4 Knoblauchzehen, je nach Gusto\",\t\t\t\t\t\t\t\t\t\t\t\t\t\t\t\t\t\t\t                    \t\t\t\t\t\"4 M\u00f6hren\",\t\t\t\t\t\t\t\t\t\t\t\t\t\t\t\t\t\t\t                    \t\t\t\t\t\"1 Jalape\u00f1o\",\t\t\t\t\t\t\t\t\t\t\t\t\t\t\t\t\t\t\t                    \t\t\t\t\t\"150g Speckw\u00fcrfel\",\t\t\t\t\t\t\t\t\t\t\t\t\t\t\t\t\t\t\t                    \t\t\t\t\t\"1-3 TL Chilipulver (unbedingt Sch\u00e4rfe langsam anpassen)\",\t\t\t\t\t\t\t\t\t\t\t\t\t\t\t\t\t\t\t                    \t\t\t\t\t\"1 TL Chiliflocken\",\t\t\t\t\t\t\t\t\t\t\t\t\t\t\t\t\t\t\t                    \t\t\t\t\t\"1 TL Cumin\",\t\t\t\t\t\t\t\t\t\t\t\t\t\t\t\t\t\t\t                    \t\t\t\t\t\"1 TL Oregano\",\t\t\t\t\t\t\t\t\t\t\t\t\t\t\t\t\t\t\t                    \t\t\t\t\t\"1 TL Knoblauchpulver\",\t\t\t\t\t\t\t\t\t\t\t\t\t\t\t\t\t\t\t                    \t\t\t\t\t\"1 EL Tomatenmark\",\t\t\t\t\t\t\t\t\t\t\t\t\t\t\t\t\t\t\t                    \t\t\t\t\t\"2 Dosen a 400g crushed Tomaten\",\t\t\t\t\t\t\t\t\t\t\t\t\t\t\t\t\t\t\t                    \t\t\t\t\t\"1 Dose (400g) Kidney-Bohnen\",\t\t\t\t\t\t\t\t\t\t\t\t\t\t\t\t\t\t\t                    \t\t\t\t\t\"1 Dose (400g) schwarze Bohnen\",\t\t\t\t\t\t\t\t\t\t\t\t\t\t\t\t\t\t\t                    \t\t\t\t\t\"2-3 Lorbeerbl\u00e4tter\",\t\t\t\t\t\t\t\t\t\t\t\t\t\t\t\t\t\t\t                    \t\t\t\t\t\"<\/br>\",\t\t\t\t\t\t\t\t\t\t\t\t\t\t\t\t\t\t\t                    \t\t\t\t\t\"<b>Serviervorschl\u00e4ge<\/b>\",\t\t\t\t\t\t\t\t\t\t\t\t\t\t\t\t\t\t\t                    \t\t\t\t\t\"Gekochter Reis oder Brot\",\t\t\t\t\t\t\t\t\t\t\t\t\t\t\t\t\t\t\t                    \t\t\t\t\t\"Schmand\",\t\t\t\t\t\t\t\t\t\t\t\t\t\t\t\t\t\t\t                    \t\t\t\t\t\"Frischer Koriander\",\t\t\t\t\t\t\t\t\t\t\t\t\t\t\t\t\t\t\t                    \t\t\t\t\t\"Avocado\",\t\t\t\t\t\t\t\t\t\t\t\t\t\t\t\t\t\t\t                    \t\t\t\t\t\"Geriebener Mozzarella\"\t\t\t\t\t\t\t\t\t\t\t\t\t\t\t\t\t  ],\r\n\t\t\t  \"name\": \"W\u00e4rmendes Chili con Carne\",\r\n\t\t\t  \"nutrition\": {\r\n\t\t\t\t\"@type\": \"NutritionInformation\",\r\n\t\t\t\t\"calories\": \"\",\r\n\t\t\t\t\"carbohydrateContent\": \"\",\r\n\t\t\t\t\"cholesterolContent\": \"\",\r\n\t\t\t\t\"fatContent\": \"\",\r\n\t\t\t\t\"fiberContent\": \"\",\r\n\t\t\t\t\"proteinContent\": \"\",\r\n\t\t\t\t\"saturatedFatContent\": \"\",\r\n\t\t\t\t\"sodiumContent\": \"\",\r\n\t\t\t\t\"sugarContent\": \"\",\r\n\t\t\t\t\"transFatContent\": \"\",\r\n\t\t\t\t\"unsaturatedFatContent\": \"\"\r\n\t\t\t  },\r\n\t\t\t  \"prepTime\": \"PT45M\",\r\n\t\t\t  \"totalTime\": \"P\",\r\n\t\t\t  \"recipeCategory\":\"\",\r\n\t\t\t  \"recipeCuisine\":\"\",\r\n\t\t\t  \"keywords\": \"\",\t\t\t  \r\n\t\t\t  \"recipeInstructions\": [\r\n\t\t\t\t\t\t\t\t\t\t\t\r\n\t\t\t\t\t\t\t\t\t\t\t\t\t\t\t\t\"Zun\u00e4chst das Hackfleisch gut mit dem Salz mischen und zur Seite stellen. Dann Zwiebel, Knoblauchzehen und M\u00f6hren sch\u00e4len und alles zusammen mit der Jalape\u00f1o kleinschneiden. \",\t\t\t\t\t\t\r\n\t\t\t\t\t\t\t\t\t\t\t\t\t\t\r\n\t\t\t\t\t\t\t\r\n\t\t\t\t\t\t\t\t\t\t\t\t\t\t\t\t\"Einen gro\u00dfen gu\u00dfeisernen Topf hernehmen und die Speckw\u00fcrfel darin auf mittlerer Hitze ausbraten, dann Speck herausnehmen und erst einmal zur Seite stellen. Im gleichen Fett das kleingeschnittene Gem\u00fcse f\u00fcr ca. 5min d\u00fcnsten, gelegentlich umr\u00fchren. Das vorbereitete Hackfleisch und alle Gew\u00fcrze hinzugeben, durchr\u00fchren und ordentlich von allen Seiten gut br\u00e4unen. Dann Tomatenmark einr\u00fchren und 1-2min mit anbraten. \",\t\t\t\t\t\t\r\n\t\t\t\t\t\t\t\t\t\t\t\t\t\t\r\n\t\t\t\t\t\t\t\r\n\t\t\t\t\t\t\t\t\t\t\t\t\t\t\t\t\"Jetzt die Tomaten und Bohnen aus der Dose, Speck sowie Lorbeerbl\u00e4tter hinzugeben, ggf. noch Wasser hinzugeben, wenn es zu dickfl\u00fcssig ist. F\u00fcr mindestens 45min auf niedriger Hitze mit Deckel k\u00f6cheln, besser sind bis zu zwei Stunden. Ggf. mit Salz und weiteren Gew\u00fcrzen nochmal nachw\u00fcrzen, falls es sehr dickfl\u00fcssig ist, nochmal Wasser hinzugeben. \",\t\t\t\t\t\t\r\n\t\t\t\t\t\t\t\t\t\t\t\t\t\t\r\n\t\t\t\t\t\t\t\r\n\t\t\t\t\t\t\t\t\t\t\t\t\t\t\t\t\"Mit gekochtem Reis oder Brot, einem Klecks Schmand, feingeschnittenem Koriander und\/oder Avocado sowie gebriebener Mozzarella servieren. Chili con Carne wird jeden Tag besser im Geschmack und kann, wenn im K\u00fchlschrank gek\u00fchlt, einige Tage erneut aufgew\u00e4rmt werden.\"\t\t\t\t\t\t\r\n\t\t\t\t\t\t\t\t\t\t\t\t\t\t\r\n\t\t\t\t\t\t\t  ],\r\n\t\t\t  \t\t\t  \"recipeYield\": \"F\u00fcr ca. 6 Personen\"\t\t\t  \t\t\t}\r\n\t\t<\/script>\r\n\t\t\r\n\t<\/div>\r\n\t<\/span><\/p>\n<p><a href=\"https:\/\/jennyisbaking.com\/2026\/02\/06\/warming-chili-con-carne-from-the-us\/chili-con-carne-aus-usa-1\/\" rel=\"attachment wp-att-19212\"><img data-recalc-dims=\"1\" loading=\"lazy\" decoding=\"async\" data-attachment-id=\"19212\" data-permalink=\"https:\/\/jennyisbaking.com\/de\/2026\/02\/06\/warming-chili-con-carne-from-the-us\/chili-con-carne-aus-usa-1\/\" data-orig-file=\"https:\/\/i0.wp.com\/jennyisbaking.com\/wp-1c174-content\/uploads\/2026\/02\/Chili-con-Carne-aus-USA-1.jpg?fit=534%2C801&amp;ssl=1\" data-orig-size=\"534,801\" data-comments-opened=\"1\" data-image-meta=\"{&quot;aperture&quot;:&quot;0&quot;,&quot;credit&quot;:&quot;&quot;,&quot;camera&quot;:&quot;&quot;,&quot;caption&quot;:&quot;&quot;,&quot;created_timestamp&quot;:&quot;0&quot;,&quot;copyright&quot;:&quot;&quot;,&quot;focal_length&quot;:&quot;0&quot;,&quot;iso&quot;:&quot;0&quot;,&quot;shutter_speed&quot;:&quot;0&quot;,&quot;title&quot;:&quot;&quot;,&quot;orientation&quot;:&quot;0&quot;}\" data-image-title=\"Chili-con-Carne-aus-USA-1\" data-image-description=\"\" data-image-caption=\"\" data-large-file=\"https:\/\/i0.wp.com\/jennyisbaking.com\/wp-1c174-content\/uploads\/2026\/02\/Chili-con-Carne-aus-USA-1.jpg?fit=534%2C801&amp;ssl=1\" class=\"aligncenter size-full wp-image-19212\" src=\"https:\/\/i0.wp.com\/jennyisbaking.com\/wp-1c174-content\/uploads\/2026\/02\/Chili-con-Carne-aus-USA-1.jpg?resize=534%2C801&#038;ssl=1\" alt=\"\" width=\"534\" height=\"801\" srcset=\"https:\/\/i0.wp.com\/jennyisbaking.com\/wp-1c174-content\/uploads\/2026\/02\/Chili-con-Carne-aus-USA-1.jpg?w=534&amp;ssl=1 534w, https:\/\/i0.wp.com\/jennyisbaking.com\/wp-1c174-content\/uploads\/2026\/02\/Chili-con-Carne-aus-USA-1.jpg?resize=200%2C300&amp;ssl=1 200w\" sizes=\"auto, (max-width: 534px) 100vw, 534px\" \/><\/a>Mit diesem Beitrag mache ich wieder bei der <a href=\"https:\/\/volkermampft.de\/die-kulinarische-weltreise-die-grosse-foodblogger-aktion\" target=\"_blank\" rel=\"noopener\">kulinarischen Weltreise<\/a> mit. Diesmal waren Eint\u00f6pfe aus aller Welt gesucht, ich werde das Chili con Carne USA zuweisen. Schaut auch unbedingt bei den anderen Bloggern vorbei, die Liste werde ich nach und nach aktualisieren:<\/p>\n<p>Petra aka Cascabel von Chili und Ciabatta mit <a class=\"wpel-icon-right\" title=\"Ash Reshteh - Persischer Kr\u00e4uter-Nudeltopf\" href=\"https:\/\/chili-und-ciabatta.de\/2026\/02\/ash-reshteh-persischer-kraeuter-nudeltopf\/\" target=\"_blank\" rel=\"noopener nofollow external noreferrer\" data-wpel-link=\"external\">Ash Reshteh \u2013 Persischer Kr\u00e4uter-Nudeltopf<\/a> sowie <a href=\"https:\/\/chili-und-ciabatta.de\/2026\/02\/sopa-de-fideo-y-frijoles-con-chorizo-mexikanischer-nudeltopf-mit-schwarzen-bohnen-und-chorizo\/\" target=\"_blank\" rel=\"noreferrer noopener\">Sopa de Fideo y Frijoles con Chorizo \u2013 mexikanischer Nudeltopf mit schwarzen Bohnen und Chorizo<\/a> und <a href=\"https:\/\/chili-und-ciabatta.de\/2026\/02\/manchow-suppe-mit-knusprigen-nudeln\/\">Machow-Suppe<\/a><\/p>\n<p>Britta von Brittas Kochbuch mit <a class=\"wpel-icon-right\" title=\"Sopas mallorquinas\" href=\"https:\/\/brittas-kochbuch.info\/?p=31757\" target=\"_blank\" rel=\"noopener nofollow external noreferrer\" data-wpel-link=\"external\">Sopas mallorquinas<i class=\"wpel-icon fa fa-chain-broken\" aria-hidden=\"true\"><\/i><\/a> und <a title=\"Lobio (\u10da\u10dd\u10d1\u10d8\u10dd) - Rote-Bohnen-Eintopf mit Waln\u00fcssen\" href=\"https:\/\/brittas-kochbuch.info\/?p=31880\" target=\"_blank\" rel=\"noopener\">Lobio (\u10da\u10dd\u10d1\u10d8\u10dd) &#8211; Rote-Bohnen-Eintopf mit Waln\u00fcssen<\/a><\/p>\n<p>Susanne von magentratzerl mit <a title=\"Spetsofai - griechicher Eintopf mit Wurst\" href=\"https:\/\/magentratzerl.de\/2026\/02\/04\/spetsofai-griechischer-wursteintopf\/\" target=\"_blank\" rel=\"noopener\">Spetsofai &#8211; griechicher Eintopf mit Wurst<\/a><\/p>\n<p>Simone von zimtkringel mit <a title=\"Dublin Coddle\" href=\"https:\/\/www.zimtkringel.org\/2026\/02\/06\/dublin-coddle\/\" target=\"_blank\" rel=\"noopener\">Dublin Coddle<\/a><\/p>\n<p>Cornelia von SilverTravellers mit <a title=\"Bauerntopf \u2013 einfacher Eintopf mit Hackfleisch\" href=\"https:\/\/www.silvertravellers.de\/bauerntopf-eintopf-mit-hackfleisch\/\" target=\"_blank\" rel=\"noopener\">Bauerntopf \u2013 einfacher Eintopf mit Hackfleisch<\/a><\/p>\n<p>Friederike von Fliederbaum mit\u00a0<a href=\"https:\/\/fliederbaum.blogspot.com\/2026\/02\/spanischer-wintereintopf.html\" target=\"_blank\" rel=\"noreferrer noopener\">Fencheleintopf aus Granada<\/a><\/p>\n<p>Susanne von magentratzerl mit\u00a0<a href=\"https:\/\/magentratzerl.de\/2026\/02\/13\/nikujaga-mit-tofuknoten\/\" target=\"_blank\" rel=\"noreferrer noopener\">Nikujaga mit Tofuknoten\u00a0<\/a>und <a href=\"https:\/\/magentratzerl.de\/2026\/02\/18\/tu-dou-wei-nui-rou-%e5%9c%9f%e8%b1%86%e7%82%96%e7%89%9b%e8%82%89-langsam-gegartes-rind-mit-kartoffeln-nach-hunan-art\/\" target=\"_blank\" rel=\"noreferrer noopener\">Langsam gegartes Rind mit Kartoffeln nach Hunan-Art<\/a><\/p>\n<p>Wilma von Pane-Bistecca mit <a href=\"https:\/\/pane-bistecca.com\/2026\/02\/21\/fagioli-alluccelleto-italienischer-bohneneintopf\/\">Fagioli all\u2019Uccelleto<\/a> und <a class=\"wpel-icon-right\" title=\"Mechadong Baka\" href=\"https:\/\/pane-bistecca.com\/2026\/02\/22\/mechadong-baka-philippinischer-fleisch-eintopf\/\" target=\"_blank\" rel=\"noopener nofollow external noreferrer\" data-wpel-link=\"external\">Mechadong Baka<\/a><\/p>","protected":false},"excerpt":{"rendered":"<p>Leider ist der Eintrag nur auf English verf\u00fcgbar.<\/p>\n","protected":false},"author":1,"featured_media":19210,"comment_status":"open","ping_status":"closed","sticky":false,"template":"","format":"standard","meta":{"jetpack_post_was_ever_published":false,"_jetpack_newsletter_access":"","_jetpack_dont_email_post_to_subs":false,"_jetpack_newsletter_tier_id":0,"_jetpack_memberships_contains_paywalled_content":false,"_jetpack_memberships_contains_paid_content":false,"footnotes":"","jetpack_publicize_message":"","jetpack_publicize_feature_enabled":true,"jetpack_social_post_already_shared":true,"jetpack_social_options":{"image_generator_settings":{"template":"highway","default_image_id":0,"font":"","enabled":false},"version":2}},"categories":[551,921,10],"tags":[732,733,1417,1418,3074,3072,3075,2344,2467,3073,1879,1562],"class_list":["post-19206","post","type-post","status-publish","format-standard","has-post-thumbnail","hentry","category-all-seasons","category-north-american-recipes","category-savory","tag-american","tag-amerikanisch","tag-beans","tag-bohnen","tag-chili","tag-chili-con-carne","tag-chilli","tag-eintopf","tag-stew","tag-texmex","tag-us","tag-usa"],"yoast_head":"<!-- This site is optimized with the Yoast SEO plugin v27.5 - https:\/\/yoast.com\/product\/yoast-seo-wordpress\/ -->\n<title>W\u00e4rmendes Chili con Carne - Jenny is baking<\/title>\n<meta name=\"robots\" content=\"index, follow, max-snippet:-1, max-image-preview:large, max-video-preview:-1\" \/>\n<link rel=\"canonical\" href=\"https:\/\/jennyisbaking.com\/de\/2026\/02\/06\/warming-chili-con-carne-from-the-us\/\" \/>\n<meta property=\"og:locale\" content=\"de_DE\" \/>\n<meta property=\"og:type\" content=\"article\" \/>\n<meta property=\"og:title\" content=\"W\u00e4rmendes Chili con Carne - Jenny is baking\" \/>\n<meta property=\"og:description\" content=\"Leider ist der Eintrag nur auf English verf\u00fcgbar.\" \/>\n<meta property=\"og:url\" content=\"https:\/\/jennyisbaking.com\/de\/2026\/02\/06\/warming-chili-con-carne-from-the-us\/\" \/>\n<meta property=\"og:site_name\" content=\"Jenny is baking\" \/>\n<meta property=\"article:publisher\" content=\"https:\/\/www.facebook.com\/jennyisbaking\/\" \/>\n<meta property=\"article:author\" content=\"https:\/\/www.facebook.com\/jennyisbaking\/\" \/>\n<meta property=\"article:published_time\" content=\"2026-02-06T06:00:13+00:00\" \/>\n<meta property=\"article:modified_time\" content=\"2026-02-27T19:53:42+00:00\" \/>\n<meta property=\"og:image\" content=\"https:\/\/jennyisbaking.com\/wp-1c174-content\/uploads\/2026\/02\/Chili-con-Carne-Rezept.jpg\" \/>\n\t<meta property=\"og:image:width\" content=\"534\" \/>\n\t<meta property=\"og:image:height\" content=\"801\" \/>\n\t<meta property=\"og:image:type\" content=\"image\/jpeg\" \/>\n<meta name=\"author\" content=\"Jenny\" \/>\n<meta name=\"twitter:card\" content=\"summary_large_image\" \/>\n<meta name=\"twitter:label1\" content=\"Verfasst von\" \/>\n\t<meta name=\"twitter:data1\" content=\"Jenny\" \/>\n\t<meta name=\"twitter:label2\" content=\"Gesch\u00e4tzte Lesezeit\" \/>\n\t<meta name=\"twitter:data2\" content=\"3\u00a0Minuten\" \/>\n<script type=\"application\/ld+json\" class=\"yoast-schema-graph\">{\"@context\":\"https:\\\/\\\/schema.org\",\"@graph\":[{\"@type\":\"Article\",\"@id\":\"https:\\\/\\\/jennyisbaking.com\\\/2026\\\/02\\\/06\\\/warming-chili-con-carne-from-the-us\\\/#article\",\"isPartOf\":{\"@id\":\"https:\\\/\\\/jennyisbaking.com\\\/2026\\\/02\\\/06\\\/warming-chili-con-carne-from-the-us\\\/\"},\"author\":{\"name\":\"Jenny\",\"@id\":\"https:\\\/\\\/jennyisbaking.com\\\/#\\\/schema\\\/person\\\/28a46859582cac5ac1ef7e065a17f77b\"},\"headline\":\"W\u00e4rmendes Chili con Carne\",\"datePublished\":\"2026-02-06T06:00:13+00:00\",\"dateModified\":\"2026-02-27T19:53:42+00:00\",\"mainEntityOfPage\":{\"@id\":\"https:\\\/\\\/jennyisbaking.com\\\/2026\\\/02\\\/06\\\/warming-chili-con-carne-from-the-us\\\/\"},\"wordCount\":646,\"commentCount\":14,\"image\":{\"@id\":\"https:\\\/\\\/jennyisbaking.com\\\/2026\\\/02\\\/06\\\/warming-chili-con-carne-from-the-us\\\/#primaryimage\"},\"thumbnailUrl\":\"https:\\\/\\\/i0.wp.com\\\/jennyisbaking.com\\\/wp-1c174-content\\\/uploads\\\/2026\\\/02\\\/Chili-con-Carne-Rezept.jpg?fit=534%2C801&ssl=1\",\"keywords\":[\"american\",\"amerikanisch\",\"beans\",\"bohnen\",\"chili\",\"chili con carne\",\"chilli\",\"eintopf\",\"stew\",\"texmex\",\"us\",\"usa\"],\"articleSection\":[\"All Seasons\",\"North American Recipes\",\"Savory\"],\"inLanguage\":\"de\",\"potentialAction\":[{\"@type\":\"CommentAction\",\"name\":\"Comment\",\"target\":[\"https:\\\/\\\/jennyisbaking.com\\\/2026\\\/02\\\/06\\\/warming-chili-con-carne-from-the-us\\\/#respond\"]}]},{\"@type\":\"WebPage\",\"@id\":\"https:\\\/\\\/jennyisbaking.com\\\/de\\\/2026\\\/02\\\/06\\\/warming-chili-con-carne-from-the-us\\\/\",\"url\":\"https:\\\/\\\/jennyisbaking.com\\\/de\\\/2026\\\/02\\\/06\\\/warming-chili-con-carne-from-the-us\\\/\",\"name\":\"W\u00e4rmendes Chili con Carne - Jenny is baking\",\"isPartOf\":{\"@id\":\"https:\\\/\\\/jennyisbaking.com\\\/de\\\/#website\"},\"primaryImageOfPage\":{\"@id\":\"https:\\\/\\\/jennyisbaking.com\\\/de\\\/2026\\\/02\\\/06\\\/warming-chili-con-carne-from-the-us\\\/#primaryimage\"},\"image\":{\"@id\":\"https:\\\/\\\/jennyisbaking.com\\\/2026\\\/02\\\/06\\\/warming-chili-con-carne-from-the-us\\\/#primaryimage\"},\"thumbnailUrl\":\"https:\\\/\\\/i0.wp.com\\\/jennyisbaking.com\\\/wp-1c174-content\\\/uploads\\\/2026\\\/02\\\/Chili-con-Carne-Rezept.jpg?fit=534%2C801&ssl=1\",\"datePublished\":\"2026-02-06T06:00:13+00:00\",\"dateModified\":\"2026-02-27T19:53:42+00:00\",\"author\":{\"@id\":\"https:\\\/\\\/jennyisbaking.com\\\/#\\\/schema\\\/person\\\/28a46859582cac5ac1ef7e065a17f77b\"},\"breadcrumb\":{\"@id\":\"https:\\\/\\\/jennyisbaking.com\\\/de\\\/2026\\\/02\\\/06\\\/warming-chili-con-carne-from-the-us\\\/#breadcrumb\"},\"inLanguage\":\"de\",\"potentialAction\":[{\"@type\":\"ReadAction\",\"target\":[[\"https:\\\/\\\/jennyisbaking.com\\\/de\\\/2026\\\/02\\\/06\\\/warming-chili-con-carne-from-the-us\\\/\"]]}]},{\"@type\":\"ImageObject\",\"inLanguage\":\"de\",\"@id\":\"https:\\\/\\\/jennyisbaking.com\\\/de\\\/2026\\\/02\\\/06\\\/warming-chili-con-carne-from-the-us\\\/#primaryimage\",\"url\":\"https:\\\/\\\/i0.wp.com\\\/jennyisbaking.com\\\/wp-1c174-content\\\/uploads\\\/2026\\\/02\\\/Chili-con-Carne-Rezept.jpg?fit=534%2C801&ssl=1\",\"contentUrl\":\"https:\\\/\\\/i0.wp.com\\\/jennyisbaking.com\\\/wp-1c174-content\\\/uploads\\\/2026\\\/02\\\/Chili-con-Carne-Rezept.jpg?fit=534%2C801&ssl=1\",\"width\":534,\"height\":801},{\"@type\":\"BreadcrumbList\",\"@id\":\"https:\\\/\\\/jennyisbaking.com\\\/de\\\/2026\\\/02\\\/06\\\/warming-chili-con-carne-from-the-us\\\/#breadcrumb\",\"itemListElement\":[{\"@type\":\"ListItem\",\"position\":1,\"name\":\"Startseite\",\"item\":\"https:\\\/\\\/jennyisbaking.com\\\/de\\\/\"},{\"@type\":\"ListItem\",\"position\":2,\"name\":\"Warming Chili con Carne from th US\"}]},{\"@type\":\"WebSite\",\"@id\":\"https:\\\/\\\/jennyisbaking.com\\\/de\\\/#website\",\"url\":\"https:\\\/\\\/jennyisbaking.com\\\/de\\\/\",\"name\":\"Jenny is baking\",\"description\":\"Backrezepte aus Nord- und S\u00fcdamerika\",\"potentialAction\":[{\"@type\":\"SearchAction\",\"target\":{\"@type\":\"EntryPoint\",\"urlTemplate\":\"https:\\\/\\\/jennyisbaking.com\\\/de\\\/?s={search_term_string}\"},\"query-input\":{\"@type\":\"PropertyValueSpecification\",\"valueRequired\":true,\"valueName\":\"search_term_string\"}}],\"inLanguage\":\"de\"},{\"@type\":\"Person\",\"@id\":\"https:\\\/\\\/jennyisbaking.com\\\/#\\\/schema\\\/person\\\/28a46859582cac5ac1ef7e065a17f77b\",\"name\":\"Jenny\",\"image\":{\"@type\":\"ImageObject\",\"inLanguage\":\"de\",\"@id\":\"https:\\\/\\\/secure.gravatar.com\\\/avatar\\\/23e81660a6279fbe7db0db01e9985036a8488f0100c3985867731ba2b4348089?s=96&d=mm&r=g\",\"url\":\"https:\\\/\\\/secure.gravatar.com\\\/avatar\\\/23e81660a6279fbe7db0db01e9985036a8488f0100c3985867731ba2b4348089?s=96&d=mm&r=g\",\"contentUrl\":\"https:\\\/\\\/secure.gravatar.com\\\/avatar\\\/23e81660a6279fbe7db0db01e9985036a8488f0100c3985867731ba2b4348089?s=96&d=mm&r=g\",\"caption\":\"Jenny\"},\"description\":\"Hi, ich hei\u00dfe Jenny, geb\u00fcrtig in Uruguay, als Kind in USA gelebt, nach dem Abi in Kanada und mit einem Kolumbianer verheiratet. Ich wohne im Moment in M\u00fcnchen, S\u00fcddeutschland. Auf meinem Blog finden sich meist s\u00fc\u00dfe Rezepte. Ich mag normalerweise einfache Sachen, die schnell gemacht sind, aber gleichzeitig was hermachen. Manchmal packt mich auch der Ehrgeiz und ich wage mich an kompliziertere Torten. Schau dir im Men\u00fc \u201eAlle Rezepte\u201c an f\u00fcr weitere Inspiration.\",\"sameAs\":[\"https:\\\/\\\/www.facebook.com\\\/jennyisbaking\\\/\",\"https:\\\/\\\/www.pinterest.de\\\/jennyisbaking\\\/\"]}]}<\/script>\n<!-- \/ Yoast SEO plugin. -->","yoast_head_json":{"title":"W\u00e4rmendes Chili con Carne - Jenny is baking","robots":{"index":"index","follow":"follow","max-snippet":"max-snippet:-1","max-image-preview":"max-image-preview:large","max-video-preview":"max-video-preview:-1"},"canonical":"https:\/\/jennyisbaking.com\/de\/2026\/02\/06\/warming-chili-con-carne-from-the-us\/","og_locale":"de_DE","og_type":"article","og_title":"W\u00e4rmendes Chili con Carne - Jenny is baking","og_description":"Leider ist der Eintrag nur auf English verf\u00fcgbar.","og_url":"https:\/\/jennyisbaking.com\/de\/2026\/02\/06\/warming-chili-con-carne-from-the-us\/","og_site_name":"Jenny is baking","article_publisher":"https:\/\/www.facebook.com\/jennyisbaking\/","article_author":"https:\/\/www.facebook.com\/jennyisbaking\/","article_published_time":"2026-02-06T06:00:13+00:00","article_modified_time":"2026-02-27T19:53:42+00:00","og_image":[{"width":534,"height":801,"url":"https:\/\/jennyisbaking.com\/wp-1c174-content\/uploads\/2026\/02\/Chili-con-Carne-Rezept.jpg","type":"image\/jpeg"}],"author":"Jenny","twitter_card":"summary_large_image","twitter_misc":{"Verfasst von":"Jenny","Gesch\u00e4tzte Lesezeit":"3\u00a0Minuten"},"schema":{"@context":"https:\/\/schema.org","@graph":[{"@type":"Article","@id":"https:\/\/jennyisbaking.com\/2026\/02\/06\/warming-chili-con-carne-from-the-us\/#article","isPartOf":{"@id":"https:\/\/jennyisbaking.com\/2026\/02\/06\/warming-chili-con-carne-from-the-us\/"},"author":{"name":"Jenny","@id":"https:\/\/jennyisbaking.com\/#\/schema\/person\/28a46859582cac5ac1ef7e065a17f77b"},"headline":"W\u00e4rmendes Chili con Carne","datePublished":"2026-02-06T06:00:13+00:00","dateModified":"2026-02-27T19:53:42+00:00","mainEntityOfPage":{"@id":"https:\/\/jennyisbaking.com\/2026\/02\/06\/warming-chili-con-carne-from-the-us\/"},"wordCount":646,"commentCount":14,"image":{"@id":"https:\/\/jennyisbaking.com\/2026\/02\/06\/warming-chili-con-carne-from-the-us\/#primaryimage"},"thumbnailUrl":"https:\/\/i0.wp.com\/jennyisbaking.com\/wp-1c174-content\/uploads\/2026\/02\/Chili-con-Carne-Rezept.jpg?fit=534%2C801&ssl=1","keywords":["american","amerikanisch","beans","bohnen","chili","chili con carne","chilli","eintopf","stew","texmex","us","usa"],"articleSection":["All Seasons","North American Recipes","Savory"],"inLanguage":"de","potentialAction":[{"@type":"CommentAction","name":"Comment","target":["https:\/\/jennyisbaking.com\/2026\/02\/06\/warming-chili-con-carne-from-the-us\/#respond"]}]},{"@type":"WebPage","@id":"https:\/\/jennyisbaking.com\/de\/2026\/02\/06\/warming-chili-con-carne-from-the-us\/","url":"https:\/\/jennyisbaking.com\/de\/2026\/02\/06\/warming-chili-con-carne-from-the-us\/","name":"W\u00e4rmendes Chili con Carne - Jenny is baking","isPartOf":{"@id":"https:\/\/jennyisbaking.com\/de\/#website"},"primaryImageOfPage":{"@id":"https:\/\/jennyisbaking.com\/de\/2026\/02\/06\/warming-chili-con-carne-from-the-us\/#primaryimage"},"image":{"@id":"https:\/\/jennyisbaking.com\/2026\/02\/06\/warming-chili-con-carne-from-the-us\/#primaryimage"},"thumbnailUrl":"https:\/\/i0.wp.com\/jennyisbaking.com\/wp-1c174-content\/uploads\/2026\/02\/Chili-con-Carne-Rezept.jpg?fit=534%2C801&ssl=1","datePublished":"2026-02-06T06:00:13+00:00","dateModified":"2026-02-27T19:53:42+00:00","author":{"@id":"https:\/\/jennyisbaking.com\/#\/schema\/person\/28a46859582cac5ac1ef7e065a17f77b"},"breadcrumb":{"@id":"https:\/\/jennyisbaking.com\/de\/2026\/02\/06\/warming-chili-con-carne-from-the-us\/#breadcrumb"},"inLanguage":"de","potentialAction":[{"@type":"ReadAction","target":[["https:\/\/jennyisbaking.com\/de\/2026\/02\/06\/warming-chili-con-carne-from-the-us\/"]]}]},{"@type":"ImageObject","inLanguage":"de","@id":"https:\/\/jennyisbaking.com\/de\/2026\/02\/06\/warming-chili-con-carne-from-the-us\/#primaryimage","url":"https:\/\/i0.wp.com\/jennyisbaking.com\/wp-1c174-content\/uploads\/2026\/02\/Chili-con-Carne-Rezept.jpg?fit=534%2C801&ssl=1","contentUrl":"https:\/\/i0.wp.com\/jennyisbaking.com\/wp-1c174-content\/uploads\/2026\/02\/Chili-con-Carne-Rezept.jpg?fit=534%2C801&ssl=1","width":534,"height":801},{"@type":"BreadcrumbList","@id":"https:\/\/jennyisbaking.com\/de\/2026\/02\/06\/warming-chili-con-carne-from-the-us\/#breadcrumb","itemListElement":[{"@type":"ListItem","position":1,"name":"Startseite","item":"https:\/\/jennyisbaking.com\/de\/"},{"@type":"ListItem","position":2,"name":"Warming Chili con Carne from th US"}]},{"@type":"WebSite","@id":"https:\/\/jennyisbaking.com\/de\/#website","url":"https:\/\/jennyisbaking.com\/de\/","name":"Jenny is baking","description":"Backrezepte aus Nord- und S\u00fcdamerika","potentialAction":[{"@type":"SearchAction","target":{"@type":"EntryPoint","urlTemplate":"https:\/\/jennyisbaking.com\/de\/?s={search_term_string}"},"query-input":{"@type":"PropertyValueSpecification","valueRequired":true,"valueName":"search_term_string"}}],"inLanguage":"de"},{"@type":"Person","@id":"https:\/\/jennyisbaking.com\/#\/schema\/person\/28a46859582cac5ac1ef7e065a17f77b","name":"Jenny","image":{"@type":"ImageObject","inLanguage":"de","@id":"https:\/\/secure.gravatar.com\/avatar\/23e81660a6279fbe7db0db01e9985036a8488f0100c3985867731ba2b4348089?s=96&d=mm&r=g","url":"https:\/\/secure.gravatar.com\/avatar\/23e81660a6279fbe7db0db01e9985036a8488f0100c3985867731ba2b4348089?s=96&d=mm&r=g","contentUrl":"https:\/\/secure.gravatar.com\/avatar\/23e81660a6279fbe7db0db01e9985036a8488f0100c3985867731ba2b4348089?s=96&d=mm&r=g","caption":"Jenny"},"description":"Hi, ich hei\u00dfe Jenny, geb\u00fcrtig in Uruguay, als Kind in USA gelebt, nach dem Abi in Kanada und mit einem Kolumbianer verheiratet. Ich wohne im Moment in M\u00fcnchen, S\u00fcddeutschland. Auf meinem Blog finden sich meist s\u00fc\u00dfe Rezepte. Ich mag normalerweise einfache Sachen, die schnell gemacht sind, aber gleichzeitig was hermachen. Manchmal packt mich auch der Ehrgeiz und ich wage mich an kompliziertere Torten. Schau dir im Men\u00fc \u201eAlle Rezepte\u201c an f\u00fcr weitere Inspiration.","sameAs":["https:\/\/www.facebook.com\/jennyisbaking\/","https:\/\/www.pinterest.de\/jennyisbaking\/"]}]}},"jetpack_publicize_connections":[],"jetpack_featured_media_url":"https:\/\/i0.wp.com\/jennyisbaking.com\/wp-1c174-content\/uploads\/2026\/02\/Chili-con-Carne-Rezept.jpg?fit=534%2C801&ssl=1","jetpack_sharing_enabled":true,"jetpack_shortlink":"https:\/\/wp.me\/p8MAhl-4ZM","jetpack-related-posts":[{"id":13143,"url":"https:\/\/jennyisbaking.com\/de\/2022\/05\/27\/arepas-con-queso-oder-maisfladen-mit-kasefullung-aus-kolumbien\/","url_meta":{"origin":19206,"position":0},"title":"Arepas con queso oder Maisfladen mit K\u00e4sef\u00fcllung aus Kolumbien","author":"Jenny","date":"Freitag, der 27. Mai 2022","format":false,"excerpt":"Ich freue mich, dass endlich ein absoluter Klassiker der kolumbianischen K\u00fcche durch den Film \"Encanto\" popul\u00e4r wird. Kolumbianische \"arepas con queso\" oder flache kleine Maisfladen, die mit K\u00e4se gef\u00fcllt sind, werden in ganz Kolumbien gerne gegessen. Heute gibt es meine Version dieses kolumbianischen Klassikers f\u00fcr euch. Arepas sind vergleichbar mit\u2026","rel":"","context":"In &quot;Bread and Breakfast&quot;","block_context":{"text":"Bread and Breakfast","link":"https:\/\/jennyisbaking.com\/de\/category\/bread-and-breakfast\/"},"img":{"alt_text":"Arepas con queso","src":"https:\/\/i0.wp.com\/jennyisbaking.com\/wp-1c174-content\/uploads\/2022\/03\/DSC05637.jpg?fit=534%2C801&ssl=1&resize=350%2C200","width":350,"height":200,"srcset":"https:\/\/i0.wp.com\/jennyisbaking.com\/wp-1c174-content\/uploads\/2022\/03\/DSC05637.jpg?fit=534%2C801&ssl=1&resize=350%2C200 1x, https:\/\/i0.wp.com\/jennyisbaking.com\/wp-1c174-content\/uploads\/2022\/03\/DSC05637.jpg?fit=534%2C801&ssl=1&resize=525%2C300 1.5x"},"classes":[]},{"id":9945,"url":"https:\/\/jennyisbaking.com\/de\/2020\/02\/22\/colombian-frijoles-or-red-beans\/","url_meta":{"origin":19206,"position":1},"title":"Kolumbianische rote Bohnen","author":"Jenny","date":"Samstag, der 22. Februar 2020","format":false,"excerpt":"Heute gibt es kolumbianische rote Bohnen! Yes, ich esse sie wirklich gern und das Rezept unten stammt tats\u00e4chlich aus der Feder meines Mannes. Rote Bohnen werden in S\u00fcdamerika sehr gerne gegessen. Das Essen armer Leute besteht oft aus Bohnen und Linsen, egal wo man sich in S\u00fcdamerika befindet. Kolumbianische Bohnen\u2026","rel":"","context":"In &quot;Latin American Recipes&quot;","block_context":{"text":"Latin American Recipes","link":"https:\/\/jennyisbaking.com\/de\/category\/latin-american-recipes\/"},"img":{"alt_text":"Kolumbianische rote Bohnen","src":"https:\/\/i0.wp.com\/jennyisbaking.com\/wp-1c174-content\/uploads\/2020\/02\/DSC00662.jpg?fit=534%2C801&ssl=1&resize=350%2C200","width":350,"height":200,"srcset":"https:\/\/i0.wp.com\/jennyisbaking.com\/wp-1c174-content\/uploads\/2020\/02\/DSC00662.jpg?fit=534%2C801&ssl=1&resize=350%2C200 1x, https:\/\/i0.wp.com\/jennyisbaking.com\/wp-1c174-content\/uploads\/2020\/02\/DSC00662.jpg?fit=534%2C801&ssl=1&resize=525%2C300 1.5x"},"classes":[]},{"id":14879,"url":"https:\/\/jennyisbaking.com\/de\/2023\/07\/14\/amerikanischer-banana-pudding-aus-den-sudstaaten\/","url_meta":{"origin":19206,"position":2},"title":"Amerikanischer Banana Pudding aus den S\u00fcdstaaten","author":"Jenny","date":"Freitag, der 14. Juli 2023","format":false,"excerpt":"\"Banana Pudding\" aus USA ist ein Schichtdessert mit Vanillekeksen, Pudding, Bananen und als letzter Schicht Eischnee. Das Dessert wird normalerweise in einer Auflaufform serviert, ich entschied mich jedoch es in Dessertgl\u00e4ser zu schichten. Da wir nur zu zweit sind, wollte ich erst einmal eine kleine Menge machen. Wenn man Bananen\u2026","rel":"","context":"In &quot;All Seasons&quot;","block_context":{"text":"All Seasons","link":"https:\/\/jennyisbaking.com\/de\/category\/all-seasons\/"},"img":{"alt_text":"","src":"https:\/\/i0.wp.com\/jennyisbaking.com\/wp-1c174-content\/uploads\/2023\/07\/Banana_Pudding.jpg?fit=534%2C801&ssl=1&resize=350%2C200","width":350,"height":200,"srcset":"https:\/\/i0.wp.com\/jennyisbaking.com\/wp-1c174-content\/uploads\/2023\/07\/Banana_Pudding.jpg?fit=534%2C801&ssl=1&resize=350%2C200 1x, https:\/\/i0.wp.com\/jennyisbaking.com\/wp-1c174-content\/uploads\/2023\/07\/Banana_Pudding.jpg?fit=534%2C801&ssl=1&resize=525%2C300 1.5x"},"classes":[]},{"id":17885,"url":"https:\/\/jennyisbaking.com\/de\/2025\/08\/29\/arroz-paisa-rezept-aus-kolumbien\/","url_meta":{"origin":19206,"position":3},"title":"Arroz Paisa (kolumbianische Reispfanne)","author":"Jenny","date":"Freitag, der 29. August 2025","format":false,"excerpt":"\"Arroz paisa\" oder \"arroz antioque\u00f1o\" stammt aus der Region Antioquia in Kolumbien und ist eine Abwandlung einer ber\u00fchmten Speise Kolumbiens, n\u00e4mlich bandeja paisa. Hauptunterschied, hier werden die Zutaten am Ende zu einer Reispfanne zusammengemischt, statt einzeln separat zubereitet. Au\u00dferdem fehlen ein paar Elemente. Was aber nicht hei\u00dft, dass diese Pfanne\u2026","rel":"","context":"In &quot;Latin American Recipes&quot;","block_context":{"text":"Latin American Recipes","link":"https:\/\/jennyisbaking.com\/de\/category\/latin-american-recipes\/"},"img":{"alt_text":"","src":"https:\/\/i0.wp.com\/jennyisbaking.com\/wp-1c174-content\/uploads\/2025\/03\/Arroz-paisa-1.jpg?fit=534%2C801&ssl=1&resize=350%2C200","width":350,"height":200,"srcset":"https:\/\/i0.wp.com\/jennyisbaking.com\/wp-1c174-content\/uploads\/2025\/03\/Arroz-paisa-1.jpg?fit=534%2C801&ssl=1&resize=350%2C200 1x, https:\/\/i0.wp.com\/jennyisbaking.com\/wp-1c174-content\/uploads\/2025\/03\/Arroz-paisa-1.jpg?fit=534%2C801&ssl=1&resize=525%2C300 1.5x"},"classes":[]},{"id":16726,"url":"https:\/\/jennyisbaking.com\/de\/2024\/07\/23\/guiso-de-lentejas-linseneintopf-aus-uruguay\/","url_meta":{"origin":19206,"position":4},"title":"Guiso de lentejas aus Uruguay","author":"Jenny","date":"Dienstag, der 23. Juli 2024","format":false,"excerpt":"Guiso de lentejas hei\u00dft \u00fcbersetzt Linseneintopf und wird in meinem Heimatland Uruguay sehr gerne gegessen. Leider habe ich ihn nie in Uruguay essen d\u00fcrfen, meine Familie war irgendwie kein H\u00fclsenfr\u00fcchte-Fan. Aber jetzt habe ich einen tollen Anlass, dass ich diesen \"Guiso\" hier vorstellen darf, ich mache hiermit wieder bei einem\u2026","rel":"","context":"In &quot;Herzhaft&quot;","block_context":{"text":"Herzhaft","link":"https:\/\/jennyisbaking.com\/de\/category\/herzhaft\/"},"img":{"alt_text":"","src":"https:\/\/i0.wp.com\/jennyisbaking.com\/wp-1c174-content\/uploads\/2024\/07\/Guiso-de-lentejas.jpg?fit=534%2C801&ssl=1&resize=350%2C200","width":350,"height":200,"srcset":"https:\/\/i0.wp.com\/jennyisbaking.com\/wp-1c174-content\/uploads\/2024\/07\/Guiso-de-lentejas.jpg?fit=534%2C801&ssl=1&resize=350%2C200 1x, https:\/\/i0.wp.com\/jennyisbaking.com\/wp-1c174-content\/uploads\/2024\/07\/Guiso-de-lentejas.jpg?fit=534%2C801&ssl=1&resize=525%2C300 1.5x"},"classes":[]},{"id":17542,"url":"https:\/\/jennyisbaking.com\/de\/2025\/05\/23\/empanadas-mit-hahnchen-fullung\/","url_meta":{"origin":19206,"position":5},"title":"Empanadas mit H\u00e4hnchen-F\u00fcllung","author":"Jenny","date":"Freitag, der 23. Mai 2025","format":false,"excerpt":"Leute, es ist mal wieder Zeit f\u00fcr Empanadas! Das sind gef\u00fcllte Teigtaschen aus S\u00fcdamerika. Ich stelle heute welche mit einer H\u00e4hnchenf\u00fcllung vor. Ich liebe Empanadas! Das l\u00e4sst sich unschwer an der F\u00fclle an Rezepten auf meinem Blog erkennen, hier hast du die gesamte Sammlung von insgesamt acht Empanadas-Rezepten. Sie sind\u2026","rel":"","context":"In &quot;All Seasons&quot;","block_context":{"text":"All Seasons","link":"https:\/\/jennyisbaking.com\/de\/category\/all-seasons\/"},"img":{"alt_text":"","src":"https:\/\/i0.wp.com\/jennyisbaking.com\/wp-1c174-content\/uploads\/2023\/04\/Emapnadas-aus-Lateinamerika.jpg?fit=534%2C801&ssl=1&resize=350%2C200","width":350,"height":200,"srcset":"https:\/\/i0.wp.com\/jennyisbaking.com\/wp-1c174-content\/uploads\/2023\/04\/Emapnadas-aus-Lateinamerika.jpg?fit=534%2C801&ssl=1&resize=350%2C200 1x, https:\/\/i0.wp.com\/jennyisbaking.com\/wp-1c174-content\/uploads\/2023\/04\/Emapnadas-aus-Lateinamerika.jpg?fit=534%2C801&ssl=1&resize=525%2C300 1.5x"},"classes":[]}],"_links":{"self":[{"href":"https:\/\/jennyisbaking.com\/de\/wp-json\/wp\/v2\/posts\/19206","targetHints":{"allow":["GET"]}}],"collection":[{"href":"https:\/\/jennyisbaking.com\/de\/wp-json\/wp\/v2\/posts"}],"about":[{"href":"https:\/\/jennyisbaking.com\/de\/wp-json\/wp\/v2\/types\/post"}],"author":[{"embeddable":true,"href":"https:\/\/jennyisbaking.com\/de\/wp-json\/wp\/v2\/users\/1"}],"replies":[{"embeddable":true,"href":"https:\/\/jennyisbaking.com\/de\/wp-json\/wp\/v2\/comments?post=19206"}],"version-history":[{"count":13,"href":"https:\/\/jennyisbaking.com\/de\/wp-json\/wp\/v2\/posts\/19206\/revisions"}],"predecessor-version":[{"id":19347,"href":"https:\/\/jennyisbaking.com\/de\/wp-json\/wp\/v2\/posts\/19206\/revisions\/19347"}],"wp:featuredmedia":[{"embeddable":true,"href":"https:\/\/jennyisbaking.com\/de\/wp-json\/wp\/v2\/media\/19210"}],"wp:attachment":[{"href":"https:\/\/jennyisbaking.com\/de\/wp-json\/wp\/v2\/media?parent=19206"}],"wp:term":[{"taxonomy":"category","embeddable":true,"href":"https:\/\/jennyisbaking.com\/de\/wp-json\/wp\/v2\/categories?post=19206"},{"taxonomy":"post_tag","embeddable":true,"href":"https:\/\/jennyisbaking.com\/de\/wp-json\/wp\/v2\/tags?post=19206"}],"curies":[{"name":"wp","href":"https:\/\/api.w.org\/{rel}","templated":true}]}}