{"id":19776,"date":"2026-07-03T07:00:03","date_gmt":"2026-07-03T05:00:03","guid":{"rendered":"https:\/\/jennyisbaking.com\/?p=19776"},"modified":"2026-07-03T07:48:06","modified_gmt":"2026-07-03T05:48:06","slug":"schichtdessert-polvito-uruguayo","status":"publish","type":"post","link":"https:\/\/jennyisbaking.com\/de\/2026\/07\/03\/schichtdessert-polvito-uruguayo\/","title":{"rendered":"Schichtdessert polvito uruguayo"},"content":{"rendered":"<p>Heute gibt es ein Schichtdessert namens polvito uruguayo, das eigentlich aus Uruguay stammt, aber lustigerweise auf Gran Canaria ber\u00fchmt geworden ist. Normalerweise ist es ja genau umgedreht, viele Gerichte und Desserts aus Spanien sind mittlerweile in ganz Lateinamerika beliebt, wie zum Beispiel\u00a0 die Eierspeise <a href=\"https:\/\/jennyisbaking.com\/de\/2019\/12\/20\/uruguayan-flan-and-merry-christmas\/\" target=\"_blank\" rel=\"noopener\">flan<\/a>, die Doppelkekse mit Karamellf\u00fcllung namens <a href=\"https:\/\/jennyisbaking.com\/de\/2019\/05\/17\/classic-alfajores-from-uruguay\/\" target=\"_blank\" rel=\"noopener\">alfajores<\/a> oder die gef\u00fcllten Teigtaschen mit Namen <a href=\"https:\/\/jennyisbaking.com\/de\/2023\/04\/28\/die-grose-empanadas-schule\/\" target=\"_blank\" rel=\"noopener\">empanadas<\/a>. Oft wurden die Zutaten angepasst, statt Quitten f\u00fcr die Quittenpaste <a href=\"https:\/\/jennyisbaking.com\/de\/2020\/10\/10\/quince-paste-or-dulce-de-membrillo\/\" target=\"_blank\" rel=\"noopener\">dulce de membrillo<\/a> nimmt man in Kolumbien einfach Guave her. Umso spannender finde ich, dass hier mal eine uruguayische Einwanderin auf Las Palmas einem uruguayischen Dessert zu Ruhm verhalf und es mittlerweile als Standarddessert auf der Insel gilt. Die Bestandteile sind schnell erkl\u00e4rt, eine Schicht kleingekr\u00fcmelte Kekse (wer mag, kann diese noch mit etwas geschmolzener Butter vermischen), geschlagene Sahne,\u00a0 Baiser und die Karamellcreme <a href=\"https:\/\/jennyisbaking.com\/de\/2019\/05\/21\/how-to-make-homemade-dulce-de-leche\/\" target=\"_blank\" rel=\"noopener\">dulce de leche<\/a> werden hier aufeinandergeschichtet. Simpel, einfach und lecker. Aber Achtung, eine Kalorienbombe ist es definitiv.<\/p>\n<p><a href=\"https:\/\/jennyisbaking.com\/2026\/07\/03\/schichtdessert-polvito-uruguayo\/rezept-polvito-uruguayo-3\/\" rel=\"attachment wp-att-19794\"><img data-recalc-dims=\"1\" loading=\"lazy\" decoding=\"async\" data-attachment-id=\"19794\" data-permalink=\"https:\/\/jennyisbaking.com\/de\/2026\/07\/03\/schichtdessert-polvito-uruguayo\/rezept-polvito-uruguayo-3\/\" data-orig-file=\"https:\/\/i0.wp.com\/jennyisbaking.com\/wp-1c174-content\/uploads\/2026\/06\/Rezept-polvito-uruguayo-3.jpg?fit=534%2C801&amp;ssl=1\" data-orig-size=\"534,801\" data-comments-opened=\"1\" data-image-meta=\"{&quot;aperture&quot;:&quot;0&quot;,&quot;credit&quot;:&quot;&quot;,&quot;camera&quot;:&quot;&quot;,&quot;caption&quot;:&quot;&quot;,&quot;created_timestamp&quot;:&quot;0&quot;,&quot;copyright&quot;:&quot;&quot;,&quot;focal_length&quot;:&quot;0&quot;,&quot;iso&quot;:&quot;0&quot;,&quot;shutter_speed&quot;:&quot;0&quot;,&quot;title&quot;:&quot;&quot;,&quot;orientation&quot;:&quot;0&quot;,&quot;alt&quot;:&quot;&quot;}\" data-image-title=\"Rezept-polvito-uruguayo-3\" data-image-description=\"\" data-image-caption=\"\" data-large-file=\"https:\/\/i0.wp.com\/jennyisbaking.com\/wp-1c174-content\/uploads\/2026\/06\/Rezept-polvito-uruguayo-3.jpg?fit=534%2C801&amp;ssl=1\" class=\"aligncenter size-full wp-image-19794\" src=\"https:\/\/i0.wp.com\/jennyisbaking.com\/wp-1c174-content\/uploads\/2026\/06\/Rezept-polvito-uruguayo-3.jpg?resize=534%2C801&#038;ssl=1\" alt=\"\" width=\"534\" height=\"801\" srcset=\"https:\/\/i0.wp.com\/jennyisbaking.com\/wp-1c174-content\/uploads\/2026\/06\/Rezept-polvito-uruguayo-3.jpg?w=534&amp;ssl=1 534w, https:\/\/i0.wp.com\/jennyisbaking.com\/wp-1c174-content\/uploads\/2026\/06\/Rezept-polvito-uruguayo-3.jpg?resize=200%2C300&amp;ssl=1 200w\" sizes=\"auto, (max-width: 534px) 100vw, 534px\" \/><\/a><!--more-->Die Kombination Baiser, Karamellcreme und Sahne scheint in Argentinien und Uruguay sehr beliebt zu sein, die gleiche Kombi gibt es z.B. bei dieser eleganten <a href=\"https:\/\/jennyisbaking.com\/de\/2024\/02\/15\/torta-oder-postre-balcarce-aus-argentinien-rezept\/\" target=\"_blank\" rel=\"noopener\">Torte Balcarce<\/a> und der <a href=\"https:\/\/jennyisbaking.com\/de\/2018\/08\/31\/uruguays-version-of-a-peach-layer-cake-postre-chaja\/\" target=\"_blank\" rel=\"noopener\">Torte Chaj\u00e1<\/a>. Aber bei den zwei Torten muss man den Ofen anmachen und au\u00dferdem gibt es dann noch weitere Komponenten zuzubereiten, das ist auf jeden Fall deutlich aufw\u00e4ndiger. Hier ist es aber das Hauptprogramm. Statt Biskuitteig gibt es Kekskr\u00fcmel, also alles ganz easy und einfach. S\u00fc\u00df ist es aber durch das dulce de leche und den Baiser auf jeden Fall, deshalb empfehle ich nicht die Sahne noch zu s\u00fc\u00dfen.<\/p>\n<p><a href=\"https:\/\/jennyisbaking.com\/2026\/07\/03\/schichtdessert-polvito-uruguayo\/rezept-polvito-uruguayo-4\/\" rel=\"attachment wp-att-19795\"><img data-recalc-dims=\"1\" loading=\"lazy\" decoding=\"async\" data-attachment-id=\"19795\" data-permalink=\"https:\/\/jennyisbaking.com\/de\/2026\/07\/03\/schichtdessert-polvito-uruguayo\/rezept-polvito-uruguayo-4\/\" data-orig-file=\"https:\/\/i0.wp.com\/jennyisbaking.com\/wp-1c174-content\/uploads\/2026\/06\/Rezept-polvito-uruguayo-4.jpg?fit=534%2C801&amp;ssl=1\" data-orig-size=\"534,801\" data-comments-opened=\"1\" data-image-meta=\"{&quot;aperture&quot;:&quot;0&quot;,&quot;credit&quot;:&quot;&quot;,&quot;camera&quot;:&quot;&quot;,&quot;caption&quot;:&quot;&quot;,&quot;created_timestamp&quot;:&quot;0&quot;,&quot;copyright&quot;:&quot;&quot;,&quot;focal_length&quot;:&quot;0&quot;,&quot;iso&quot;:&quot;0&quot;,&quot;shutter_speed&quot;:&quot;0&quot;,&quot;title&quot;:&quot;&quot;,&quot;orientation&quot;:&quot;0&quot;,&quot;alt&quot;:&quot;&quot;}\" data-image-title=\"Rezept-polvito-uruguayo-4\" data-image-description=\"\" data-image-caption=\"\" data-large-file=\"https:\/\/i0.wp.com\/jennyisbaking.com\/wp-1c174-content\/uploads\/2026\/06\/Rezept-polvito-uruguayo-4.jpg?fit=534%2C801&amp;ssl=1\" class=\"aligncenter size-full wp-image-19795\" src=\"https:\/\/i0.wp.com\/jennyisbaking.com\/wp-1c174-content\/uploads\/2026\/06\/Rezept-polvito-uruguayo-4.jpg?resize=534%2C801&#038;ssl=1\" alt=\"\" width=\"534\" height=\"801\" srcset=\"https:\/\/i0.wp.com\/jennyisbaking.com\/wp-1c174-content\/uploads\/2026\/06\/Rezept-polvito-uruguayo-4.jpg?w=534&amp;ssl=1 534w, https:\/\/i0.wp.com\/jennyisbaking.com\/wp-1c174-content\/uploads\/2026\/06\/Rezept-polvito-uruguayo-4.jpg?resize=200%2C300&amp;ssl=1 200w\" sizes=\"auto, (max-width: 534px) 100vw, 534px\" \/><\/a><\/p>\n<p><span class=\"sp_shortcode\">\t<div id=\"recipe\"><\/div>\r\n\t<div class=\"sp-recipe\" id=\"printthis\">\r\n\t\t\r\n\t\t<div class=\"recipe-overview\">\r\n\t\t\t\r\n\t\t\t<div class=\"recipe-image\">\r\n\t\t\t\t\t\t\t\t\t\t\t\t<img data-recalc-dims=\"1\" decoding=\"async\" src=\"https:\/\/i0.wp.com\/jennyisbaking.com\/wp-1c174-content\/uploads\/2026\/06\/Rezept-polvito-uruguayo.jpg?w=1080&#038;ssl=1\">\t\t\t\t\t\t\t\t\t\t\t\t\t<a href=\"#\" onclick=\"jQuery('#printthis').print()\" class=\"sp-print\"><i class=\"fa fas fa-print\"><\/i> Print Recipe<\/a>\r\n\t\t\t\t\t\t\t<\/div>\r\n\t\t\t\r\n\t\t\t<div class=\"recipe-header\">\r\n\t\t\t\r\n\t\t\t\t<div class=\"recipe-title-header\">\r\n\t\t\t\t\r\n\t\t\t\t\t\t\t\t\t\t\t<h2>Polvito uruguayo - Karamell-Schichtdessert aus Uruguay<\/h2>\r\n\t\t\t\t\t\t\t\t\t\t\t\t\t\t\r\n\t\t\t\t<\/div>\r\n\t\t\t\r\n\t\t\t\t\t\t\t\t<div class=\"recipe-meta\">\r\n\t\t\t\t\t\r\n\t\t\t\t\t<div class=\"meta-row\">\r\n\t\t\t\t\t\t\r\n\t\t\t\t\t\t\t\t\t\t\t\t\r\n\t\t\t\t\t\t\t\t\t\t\t\t\t\t\t\t\t\t\t\t\t\t\t\r\n\t\t\t\t\t<\/div>\r\n\t\t\t\t\t\r\n\t\t\t\t\t<div class=\"meta-row\">\r\n\t\t\t\t\t\t\r\n\t\t\t\t\t\t<i class=\"far fa-user\"><\/i>\t\t\t\t\t\t\r\n\t\t\t\t\t\t\t\t\t\t\t\t\t\t\t\t\t\t<span class=\"recipe-meta-item\">Serves: 4 Dessertgl\u00e4ser<\/span>\t\t\t\t\t\r\n\t\t\t\t\t<\/div>\r\n\t\t\t\t\t\r\n\t\t\t\t\t<div class=\"meta-row\">\r\n\t\t\t\t\t\r\n\t\t\t\t\t\t<i class=\"far fa-clock\"><\/i> \r\n\t\t\t\t\t\t\r\n\t\t\t\t\t\t\t\t\t\t\t\t\t\t\t\t\t\t<span class=\"recipe-meta-item\">Prep Time: 20min<\/span>\r\n\t\t\t\t\t\t\t\t\t\t\t\t\r\n\t\t\t\t\t\t\t\t\t\t\t\t\r\n\t\t\t\t\t\t\t\t\t\t\t\t\r\n\t\t\t\t\t\t\t\t\t\t\t\t\r\n\t\t\t\t\t\t\t\t\t\t\t\t\t\t\t\t\t\t<span class=\"recipe-meta-item\">Total Time: 20min<\/span>\r\n\t\t\t\t\t\t\t\t\t\t\t\t\r\n\t\t\t\t\t<\/div>\r\n\t\t\t\r\n\t\t\t\t<\/div>\r\n\t\t\t\t\t\t\t\t\r\n\t\t\t\t\t\t\t\t\t<div class=\"sep-line\"><\/div>\r\n\t\t\t\t\t<div class=\"recipe-description\"><p>Polvito uruguayo ist ein Karamell-Schichtdessert, das eigentlich aus Uruguay stammt, aber mittlerweile auch in Gran Canaria ber\u00fchmt ist. Es besteht aus einer Kekskr\u00fcmelschicht, der Karamellcreme dulce de leche, Baiser und geschlagener Sahne.<\/p><\/div>\r\n\t\t\t\t\t\t\t\r\n\t\t\t<\/div>\r\n\t\t\t\r\n\t\t<\/div>\r\n\t\t\t\r\n\t\t\t\t<div class=\"recipe-ingredients\">\r\n\t\t\t\t\t\t\t\r\n\t\t\t<h3 class=\"recipe-title\">Ingredients<\/h3>\r\n\t\t\t\r\n\t\t\t<ul>\r\n\t\t\t\t\t\t\t\t\t\t\t\t\t\t\t\t\t\t\t<li><span>30g Butter<\/span><\/li>\r\n\t\t\t\t\t\t\t\t\t\t\t\t\t\t\t\t\t\t\t\t\t\t\t\t\t\t\t\t<li><span>70g Hafer- oder Vollkornkekse<\/span><\/li>\r\n\t\t\t\t\t\t\t\t\t\t\t\t\t\t\t\t\t\t\t\t\t\t\t\t\t\t\t\t<li><span>150g Schlagsahne<\/span><\/li>\r\n\t\t\t\t\t\t\t\t\t\t\t\t\t\t\t\t\t\t\t\t\t\t\t\t\t\t\t\t<li><span>1 TL Vanilleextrakt<\/span><\/li>\r\n\t\t\t\t\t\t\t\t\t\t\t\t\t\t\t\t\t\t\t\t\t\t\t\t\t\t\t\t<li><span>300g Karamellcreme dulce de leche, <a href=\"https:\/\/jennyisbaking.com\/de\/2019\/05\/21\/how-to-make-homemade-dulce-de-leche\/\" target=\"_blank\" rel=\"noopener noreferrer\">selbstgemacht<\/a> oder <a href=\"https:\/\/shop.rewe.de\/p\/dovgan-gezuckerte-kondensmilch-karamel-397g\/3475808\" target=\"_blank\" rel=\"noopener noreferrer\">gekauft<\/a><\/span><\/li>\r\n\t\t\t\t\t\t\t\t\t\t\t\t\t\t\t\t\t\t\t\t\t\t\t\t\t\t\t\t<li><span>50g Baiser, <a href=\"https:\/\/jennyisbaking.com\/de\/2018\/08\/31\/uruguays-version-of-a-peach-layer-cake-postre-chaja\/\" target=\"_blank\" rel=\"noopener noreferrer\">selbstgemacht<\/a> oder <a href=\"https:\/\/shop.rewe.de\/p\/l-s-baiser-tropfen-100g\/2377101\" target=\"_blank\" rel=\"noopener noreferrer\">gekauft<\/a><\/span><\/li>\r\n\t\t\t\t\t\t\t\t\t\t\t\t\t\t\t\t<\/ul>\r\n\t\t\t\r\n\t\t<\/div>\r\n\t\t\t\t\r\n\t\t\t\t<div class=\"recipe-method\">\r\n\t\t\t\t\t\t\t\r\n\t\t\t<h3 class=\"recipe-title\">Instructions<\/h3>\r\n\t\t\t\r\n\t\t\t\t\t\t\t\t\t\r\n\t\t\t\t\t\t\t\t\t\t\t\t\t\t\t<div class=\"step\">\r\n\t\t\t\t\t<span class=\"step-number\">1<\/span>\r\n\t\t\t\t\t<div class=\"step-content\">\r\n\t\t\t\t\t\t<p>Die Butter in der Mikrowelle oder auf dem Herd schmelzen. Die Kekse entweder in einer verschlossenen Plastikt\u00fcte mit einem Nudelholz oder im Food-Prozessor feinh\u00e4ckseln und mit der geschmolzenen Butter vermischen. Die Sahne mit dem Vanilleextrakt aufschlagen. Ggf. Sahne in eine Spritzt\u00fcte ohne T\u00fclle f\u00fcllen und ebenso die Karamellcreme. <\/p>\r\n\t\t\t\t\t<\/div>\r\n\t\t\t\t<\/div>\r\n\t\t\t\t\t\t\t\t\t\t\r\n\t\t\t\t\t\t\r\n\t\t\t\t\t\t\t\t\t\t\t\t\t\t\t<div class=\"step\">\r\n\t\t\t\t\t<span class=\"step-number\">2<\/span>\r\n\t\t\t\t\t<div class=\"step-content\">\r\n\t\t\t\t\t\t<p>Nun geht es ans Schichten. Von allen Zutaten wollen wir jeweils zwei Schichten haben, also immer die H\u00e4lfte verteilen. Die Schichten sehen so aus: Keksschicht, Karamellcreme, geschlagene Sahne, dann Baiser kleinkr\u00fcmeln. Man kann es nat\u00fcrlich auch einfach mit einem L\u00f6ffel verstreichen, mit einer Spritzt\u00fclle sieht es gleichm\u00e4\u00dfiger aus. <\/p>\r\n\t\t\t\t\t<\/div>\r\n\t\t\t\t<\/div>\r\n\t\t\t\t\t\t\t\t\t\t\r\n\t\t\t\t\t\t\r\n\t\t\t\t\t\t\t\t\t\t\t\t\t\t\t<div class=\"step\">\r\n\t\t\t\t\t<span class=\"step-number\">3<\/span>\r\n\t\t\t\t\t<div class=\"step-content\">\r\n\t\t\t\t\t\t<p>Mindestens eine Stunde oder \u00fcber Nacht im K\u00fchlschrank k\u00fchlen. Gek\u00fchlt h\u00e4lt sich das Dessert ein paar Tage.<\/p>\r\n\t\t\t\t\t<\/div>\r\n\t\t\t\t<\/div>\r\n\t\t\t\t\t\t\t\t\t\t\r\n\t\t\t\t\t\t\r\n\t\t<\/div>\r\n\t\t\t\t\r\n\t\t\t\t\r\n\t\t\t\t\r\n\t\t<script type=\"application\/ld+json\">\r\n\t\t\t{\r\n\t\t\t  \"@context\": \"http:\/\/schema.org\",\r\n\t\t\t  \"@type\": \"Recipe\",\r\n\t\t\t  \"url\": \"https:\/\/jennyisbaking.com\/de\/2026\/07\/03\/schichtdessert-polvito-uruguayo\/\",\r\n\t\t\t  \"author\": {\r\n\t\t\t\t\"@type\": \"Thing\",\r\n\t\t\t\t\"name\": \"\"\r\n\t\t\t  },\r\n\t\t\t  \"datePublished\": \"Freitag, der  3. Juli 2026\",\r\n\t\t\t  \"cookTime\": \"P\",\r\n\t\t\t  \t\t\t  \"description\": \"Polvito uruguayo ist ein Karamell-Schichtdessert, das eigentlich aus Uruguay stammt, aber mittlerweile auch in Gran Canaria ber\u00fchmt ist. Es besteht aus einer Kekskr\u00fcmelschicht, der Karamellcreme dulce de leche, Baiser und geschlagener Sahne.\",\r\n\t\t\t  \"image\": \"https:\/\/jennyisbaking.com\/wp-1c174-content\/uploads\/2026\/06\/Rezept-polvito-uruguayo.jpg\",\r\n\t\t\t  \"recipeIngredient\": [\r\n\t\t\t\t\t\t\t\t\t\t\t\t\t                    \t\t\t\t\t\"30g Butter\",\t\t\t\t\t\t\t\t\t\t\t\t\t\t\t\t\t\t\t                    \t\t\t\t\t\"70g Hafer- oder Vollkornkekse\",\t\t\t\t\t\t\t\t\t\t\t\t\t\t\t\t\t\t\t                    \t\t\t\t\t\"150g Schlagsahne\",\t\t\t\t\t\t\t\t\t\t\t\t\t\t\t\t\t\t\t                    \t\t\t\t\t\"1 TL Vanilleextrakt\",\t\t\t\t\t\t\t\t\t\t\t\t\t\t\t\t\t\t\t                    \t\t\t\t\t\"300g Karamellcreme dulce de leche, <a href=\"https:\/\/jennyisbaking.com\/de\/2019\/05\/21\/how-to-make-homemade-dulce-de-leche\/\" target=\"_blank\" rel=\"noopener noreferrer\">selbstgemacht<\/a> oder <a href=\"https:\/\/shop.rewe.de\/p\/dovgan-gezuckerte-kondensmilch-karamel-397g\/3475808\" target=\"_blank\" rel=\"noopener noreferrer\">gekauft<\/a>\",\t\t\t\t\t\t\t\t\t\t\t\t\t\t\t\t\t\t\t                    \t\t\t\t\t\"50g Baiser, <a href=\"https:\/\/jennyisbaking.com\/de\/2018\/08\/31\/uruguays-version-of-a-peach-layer-cake-postre-chaja\/\" target=\"_blank\" rel=\"noopener noreferrer\">selbstgemacht<\/a> oder <a href=\"https:\/\/shop.rewe.de\/p\/l-s-baiser-tropfen-100g\/2377101\" target=\"_blank\" rel=\"noopener noreferrer\">gekauft<\/a>\"\t\t\t\t\t\t\t\t\t\t\t\t\t\t\t\t\t  ],\r\n\t\t\t  \"name\": \"Polvito uruguayo - Karamell-Schichtdessert aus Uruguay\",\r\n\t\t\t  \"nutrition\": {\r\n\t\t\t\t\"@type\": \"NutritionInformation\",\r\n\t\t\t\t\"calories\": \"\",\r\n\t\t\t\t\"carbohydrateContent\": \"\",\r\n\t\t\t\t\"cholesterolContent\": \"\",\r\n\t\t\t\t\"fatContent\": \"\",\r\n\t\t\t\t\"fiberContent\": \"\",\r\n\t\t\t\t\"proteinContent\": \"\",\r\n\t\t\t\t\"saturatedFatContent\": \"\",\r\n\t\t\t\t\"sodiumContent\": \"\",\r\n\t\t\t\t\"sugarContent\": \"\",\r\n\t\t\t\t\"transFatContent\": \"\",\r\n\t\t\t\t\"unsaturatedFatContent\": \"\"\r\n\t\t\t  },\r\n\t\t\t  \"prepTime\": \"PT20M\",\r\n\t\t\t  \"totalTime\": \"PT20M\",\r\n\t\t\t  \"recipeCategory\":\"\",\r\n\t\t\t  \"recipeCuisine\":\"\",\r\n\t\t\t  \"keywords\": \"\",\t\t\t  \r\n\t\t\t  \"recipeInstructions\": [\r\n\t\t\t\t\t\t\t\t\t\t\t\r\n\t\t\t\t\t\t\t\t\t\t\t\t\t\t\t\t\"Die Butter in der Mikrowelle oder auf dem Herd schmelzen. Die Kekse entweder in einer verschlossenen Plastikt\u00fcte mit einem Nudelholz oder im Food-Prozessor feinh\u00e4ckseln und mit der geschmolzenen Butter vermischen. Die Sahne mit dem Vanilleextrakt aufschlagen. Ggf. Sahne in eine Spritzt\u00fcte ohne T\u00fclle f\u00fcllen und ebenso die Karamellcreme. \",\t\t\t\t\t\t\r\n\t\t\t\t\t\t\t\t\t\t\t\t\t\t\r\n\t\t\t\t\t\t\t\r\n\t\t\t\t\t\t\t\t\t\t\t\t\t\t\t\t\"Nun geht es ans Schichten. Von allen Zutaten wollen wir jeweils zwei Schichten haben, also immer die H\u00e4lfte verteilen. Die Schichten sehen so aus: Keksschicht, Karamellcreme, geschlagene Sahne, dann Baiser kleinkr\u00fcmeln. Man kann es nat\u00fcrlich auch einfach mit einem L\u00f6ffel verstreichen, mit einer Spritzt\u00fclle sieht es gleichm\u00e4\u00dfiger aus. \",\t\t\t\t\t\t\r\n\t\t\t\t\t\t\t\t\t\t\t\t\t\t\r\n\t\t\t\t\t\t\t\r\n\t\t\t\t\t\t\t\t\t\t\t\t\t\t\t\t\"Mindestens eine Stunde oder \u00fcber Nacht im K\u00fchlschrank k\u00fchlen. Gek\u00fchlt h\u00e4lt sich das Dessert ein paar Tage.\"\t\t\t\t\t\t\r\n\t\t\t\t\t\t\t\t\t\t\t\t\t\t\r\n\t\t\t\t\t\t\t  ],\r\n\t\t\t  \t\t\t  \"recipeYield\": \"4 Dessertgl\u00e4ser\"\t\t\t  \t\t\t}\r\n\t\t<\/script>\r\n\t\t\r\n\t<\/div>\r\n\t<\/span><\/p>\n<p><a href=\"https:\/\/jennyisbaking.com\/2026\/07\/03\/schichtdessert-polvito-uruguayo\/rezept-polvito-uruguayo-2\/\" rel=\"attachment wp-att-19793\"><img data-recalc-dims=\"1\" loading=\"lazy\" decoding=\"async\" data-attachment-id=\"19793\" data-permalink=\"https:\/\/jennyisbaking.com\/de\/2026\/07\/03\/schichtdessert-polvito-uruguayo\/rezept-polvito-uruguayo-2\/\" data-orig-file=\"https:\/\/i0.wp.com\/jennyisbaking.com\/wp-1c174-content\/uploads\/2026\/06\/Rezept-polvito-uruguayo-2.jpg?fit=534%2C801&amp;ssl=1\" data-orig-size=\"534,801\" data-comments-opened=\"1\" data-image-meta=\"{&quot;aperture&quot;:&quot;0&quot;,&quot;credit&quot;:&quot;&quot;,&quot;camera&quot;:&quot;&quot;,&quot;caption&quot;:&quot;&quot;,&quot;created_timestamp&quot;:&quot;0&quot;,&quot;copyright&quot;:&quot;&quot;,&quot;focal_length&quot;:&quot;0&quot;,&quot;iso&quot;:&quot;0&quot;,&quot;shutter_speed&quot;:&quot;0&quot;,&quot;title&quot;:&quot;&quot;,&quot;orientation&quot;:&quot;0&quot;,&quot;alt&quot;:&quot;&quot;}\" data-image-title=\"Rezept-polvito-uruguayo-2\" data-image-description=\"\" data-image-caption=\"\" data-large-file=\"https:\/\/i0.wp.com\/jennyisbaking.com\/wp-1c174-content\/uploads\/2026\/06\/Rezept-polvito-uruguayo-2.jpg?fit=534%2C801&amp;ssl=1\" class=\"aligncenter size-full wp-image-19793\" src=\"https:\/\/i0.wp.com\/jennyisbaking.com\/wp-1c174-content\/uploads\/2026\/06\/Rezept-polvito-uruguayo-2.jpg?resize=534%2C801&#038;ssl=1\" alt=\"\" width=\"534\" height=\"801\" srcset=\"https:\/\/i0.wp.com\/jennyisbaking.com\/wp-1c174-content\/uploads\/2026\/06\/Rezept-polvito-uruguayo-2.jpg?w=534&amp;ssl=1 534w, https:\/\/i0.wp.com\/jennyisbaking.com\/wp-1c174-content\/uploads\/2026\/06\/Rezept-polvito-uruguayo-2.jpg?resize=200%2C300&amp;ssl=1 200w\" sizes=\"auto, (max-width: 534px) 100vw, 534px\" \/><\/a>P.S. Mit diesem Beitrag mache ich auch beim Blogevent &#8222;<a href=\"https:\/\/www.kochtopf.me\/blog-event-kueche-bleibt-kalt\" target=\"_blank\" rel=\"noopener\">Die K\u00fcche bleibt kalt<\/a>!&#8220; mit. Das Event wird von Danii von <a href=\"https:\/\/lecker-bentos-und-mehr.blogspot.com\/\" target=\"_blank\" rel=\"noopener\">Lecker Bentos und mehr<\/a> und von und Zorra vom <a href=\"https:\/\/www.kochtopf.me\/\" target=\"_blank\" rel=\"noopener\">Kochtopf<\/a> organisiert. Bei der aktuellen Hitzewelle \u00fcber Europa kommt das gerade gelegen. Auch wenn ich wirklich gerne und viel backe, mein Ofen war in letzter Zeit nicht an, dann lieber den K\u00fchlschrank arbeiten lassen wie in diesem Fall.<\/p>","protected":false},"excerpt":{"rendered":"<p>Leider ist der Eintrag nur auf English verf\u00fcgbar.<\/p>\n","protected":false},"author":1,"featured_media":19796,"comment_status":"open","ping_status":"closed","sticky":false,"template":"","format":"standard","meta":{"_jetpack_newsletter_access":"","_jetpack_dont_email_post_to_subs":false,"_jetpack_newsletter_tier_id":0,"_jetpack_memberships_contains_paywalled_content":false,"_jetpack_feature_clip_id":0,"_jetpack_memberships_contains_paid_content":false,"footnotes":"","jetpack_publicize_message":"","jetpack_publicize_feature_enabled":true,"jetpack_social_post_already_shared":true,"jetpack_social_options":{"image_generator_settings":{"template":"highway","default_image_id":0,"font":"","enabled":false},"version":2},"jetpack_post_was_ever_published":false},"categories":[3062,5,920],"tags":[45,854,3181,3145,3180,2283,356],"class_list":["post-19776","post","type-post","status-publish","format-standard","has-post-thumbnail","hentry","category-argentina-and-uruguay","category-dessert","category-latin-american-recipes","tag-dessert","tag-dulce-de-leche","tag-gran-canaria","tag-layer-dessert","tag-polvito-urugayo","tag-schichtdessert","tag-uruguay-de"],"yoast_head":"<!-- This site is optimized with the Yoast SEO plugin v28.4 - https:\/\/yoast.com\/product\/yoast-seo-wordpress\/ -->\n<title>Schichtdessert polvito uruguayo - Jenny is baking<\/title>\n<meta name=\"description\" content=\"Polvito uruguayo ist ein Karamell-Schichtdessert, das eigentlich aus Uruguay stammt, aber mittlerweile auch in Gran Canaria ber\u00fchmt ist. Es besteht aus einer Kekskr\u00fcmelschicht, der Karamellcreme dulce de leche, Baiser und geschlagener Sahne.\" \/>\n<meta name=\"robots\" content=\"index, follow, max-snippet:-1, max-image-preview:large, max-video-preview:-1\" \/>\n<link rel=\"canonical\" href=\"https:\/\/jennyisbaking.com\/de\/2026\/07\/03\/schichtdessert-polvito-uruguayo\/\" \/>\n<meta property=\"og:locale\" content=\"de_DE\" \/>\n<meta property=\"og:type\" content=\"article\" \/>\n<meta property=\"og:title\" content=\"Schichtdessert polvito uruguayo - Jenny is baking\" \/>\n<meta property=\"og:description\" content=\"Polvito uruguayo ist ein Karamell-Schichtdessert, das eigentlich aus Uruguay stammt, aber mittlerweile auch in Gran Canaria ber\u00fchmt ist. Es besteht aus einer Kekskr\u00fcmelschicht, der Karamellcreme dulce de leche, Baiser und geschlagener Sahne.\" \/>\n<meta property=\"og:url\" content=\"https:\/\/jennyisbaking.com\/de\/2026\/07\/03\/schichtdessert-polvito-uruguayo\/\" \/>\n<meta property=\"og:site_name\" content=\"Jenny is baking\" \/>\n<meta property=\"article:publisher\" content=\"https:\/\/www.facebook.com\/jennyisbaking\/\" \/>\n<meta property=\"article:author\" content=\"https:\/\/www.facebook.com\/jennyisbaking\/\" \/>\n<meta property=\"article:published_time\" content=\"2026-07-03T05:00:03+00:00\" \/>\n<meta property=\"article:modified_time\" content=\"2026-07-03T05:48:06+00:00\" \/>\n<meta property=\"og:image\" content=\"https:\/\/jennyisbaking.com\/wp-1c174-content\/uploads\/2026\/06\/Rezept-polvito-uruguayo.jpg\" \/>\n\t<meta property=\"og:image:width\" content=\"534\" \/>\n\t<meta property=\"og:image:height\" content=\"801\" \/>\n\t<meta property=\"og:image:type\" content=\"image\/jpeg\" \/>\n<meta name=\"author\" content=\"Jenny\" \/>\n<meta name=\"twitter:card\" content=\"summary_large_image\" \/>\n<meta name=\"twitter:label1\" content=\"Verfasst von\" \/>\n\t<meta name=\"twitter:data1\" content=\"Jenny\" \/>\n\t<meta name=\"twitter:label2\" content=\"Gesch\u00e4tzte Lesezeit\" \/>\n\t<meta name=\"twitter:data2\" content=\"3\u00a0Minuten\" \/>\n<script type=\"application\/ld+json\" class=\"yoast-schema-graph\">{\"@context\":\"https:\\\/\\\/schema.org\",\"@graph\":[{\"@type\":\"Article\",\"@id\":\"https:\\\/\\\/jennyisbaking.com\\\/2026\\\/07\\\/03\\\/schichtdessert-polvito-uruguayo\\\/#article\",\"isPartOf\":{\"@id\":\"https:\\\/\\\/jennyisbaking.com\\\/2026\\\/07\\\/03\\\/schichtdessert-polvito-uruguayo\\\/\"},\"author\":{\"name\":\"Jenny\",\"@id\":\"https:\\\/\\\/jennyisbaking.com\\\/#\\\/schema\\\/person\\\/28a46859582cac5ac1ef7e065a17f77b\"},\"headline\":\"Schichtdessert polvito uruguayo\",\"datePublished\":\"2026-07-03T05:00:03+00:00\",\"dateModified\":\"2026-07-03T05:48:06+00:00\",\"mainEntityOfPage\":{\"@id\":\"https:\\\/\\\/jennyisbaking.com\\\/2026\\\/07\\\/03\\\/schichtdessert-polvito-uruguayo\\\/\"},\"wordCount\":569,\"commentCount\":6,\"image\":{\"@id\":\"https:\\\/\\\/jennyisbaking.com\\\/2026\\\/07\\\/03\\\/schichtdessert-polvito-uruguayo\\\/#primaryimage\"},\"thumbnailUrl\":\"https:\\\/\\\/i0.wp.com\\\/jennyisbaking.com\\\/wp-1c174-content\\\/uploads\\\/2026\\\/06\\\/Rezept-polvito-uruguayo.jpg?fit=534%2C801&ssl=1\",\"keywords\":[\"Dessert\",\"dulce de leche\",\"gran canaria\",\"layer dessert\",\"polvito urugayo\",\"schichtdessert\",\"Uruguay\"],\"articleSection\":[\"Argentina and Uruguay\",\"Dessert\",\"Latin American Recipes\"],\"inLanguage\":\"de\",\"potentialAction\":[{\"@type\":\"CommentAction\",\"name\":\"Comment\",\"target\":[\"https:\\\/\\\/jennyisbaking.com\\\/2026\\\/07\\\/03\\\/schichtdessert-polvito-uruguayo\\\/#respond\"]}]},{\"@type\":\"WebPage\",\"@id\":\"https:\\\/\\\/jennyisbaking.com\\\/de\\\/2026\\\/07\\\/03\\\/schichtdessert-polvito-uruguayo\\\/\",\"url\":\"https:\\\/\\\/jennyisbaking.com\\\/de\\\/2026\\\/07\\\/03\\\/schichtdessert-polvito-uruguayo\\\/\",\"name\":\"Schichtdessert polvito uruguayo - Jenny is baking\",\"isPartOf\":{\"@id\":\"https:\\\/\\\/jennyisbaking.com\\\/de\\\/#website\"},\"primaryImageOfPage\":{\"@id\":\"https:\\\/\\\/jennyisbaking.com\\\/de\\\/2026\\\/07\\\/03\\\/schichtdessert-polvito-uruguayo\\\/#primaryimage\"},\"image\":{\"@id\":\"https:\\\/\\\/jennyisbaking.com\\\/2026\\\/07\\\/03\\\/schichtdessert-polvito-uruguayo\\\/#primaryimage\"},\"thumbnailUrl\":\"https:\\\/\\\/i0.wp.com\\\/jennyisbaking.com\\\/wp-1c174-content\\\/uploads\\\/2026\\\/06\\\/Rezept-polvito-uruguayo.jpg?fit=534%2C801&ssl=1\",\"datePublished\":\"2026-07-03T05:00:03+00:00\",\"dateModified\":\"2026-07-03T05:48:06+00:00\",\"author\":{\"@id\":\"https:\\\/\\\/jennyisbaking.com\\\/#\\\/schema\\\/person\\\/28a46859582cac5ac1ef7e065a17f77b\"},\"description\":\"Polvito uruguayo ist ein Karamell-Schichtdessert, das eigentlich aus Uruguay stammt, aber mittlerweile auch in Gran Canaria ber\u00fchmt ist. Es besteht aus einer Kekskr\u00fcmelschicht, der Karamellcreme dulce de leche, Baiser und geschlagener Sahne.\",\"breadcrumb\":{\"@id\":\"https:\\\/\\\/jennyisbaking.com\\\/de\\\/2026\\\/07\\\/03\\\/schichtdessert-polvito-uruguayo\\\/#breadcrumb\"},\"inLanguage\":\"de\",\"potentialAction\":[{\"@type\":\"ReadAction\",\"target\":[[\"https:\\\/\\\/jennyisbaking.com\\\/de\\\/2026\\\/07\\\/03\\\/schichtdessert-polvito-uruguayo\\\/\"]]}]},{\"@type\":\"ImageObject\",\"inLanguage\":\"de\",\"@id\":\"https:\\\/\\\/jennyisbaking.com\\\/de\\\/2026\\\/07\\\/03\\\/schichtdessert-polvito-uruguayo\\\/#primaryimage\",\"url\":\"https:\\\/\\\/i0.wp.com\\\/jennyisbaking.com\\\/wp-1c174-content\\\/uploads\\\/2026\\\/06\\\/Rezept-polvito-uruguayo.jpg?fit=534%2C801&ssl=1\",\"contentUrl\":\"https:\\\/\\\/i0.wp.com\\\/jennyisbaking.com\\\/wp-1c174-content\\\/uploads\\\/2026\\\/06\\\/Rezept-polvito-uruguayo.jpg?fit=534%2C801&ssl=1\",\"width\":534,\"height\":801},{\"@type\":\"BreadcrumbList\",\"@id\":\"https:\\\/\\\/jennyisbaking.com\\\/de\\\/2026\\\/07\\\/03\\\/schichtdessert-polvito-uruguayo\\\/#breadcrumb\",\"itemListElement\":[{\"@type\":\"ListItem\",\"position\":1,\"name\":\"Startseite\",\"item\":\"https:\\\/\\\/jennyisbaking.com\\\/de\\\/\"},{\"@type\":\"ListItem\",\"position\":2,\"name\":\"Layer Dessert Polvito Uruguayo\"}]},{\"@type\":\"WebSite\",\"@id\":\"https:\\\/\\\/jennyisbaking.com\\\/de\\\/#website\",\"url\":\"https:\\\/\\\/jennyisbaking.com\\\/de\\\/\",\"name\":\"Jenny is baking\",\"description\":\"Backrezepte aus Nord- und S\u00fcdamerika\",\"potentialAction\":[{\"@type\":\"SearchAction\",\"target\":{\"@type\":\"EntryPoint\",\"urlTemplate\":\"https:\\\/\\\/jennyisbaking.com\\\/de\\\/?s={search_term_string}\"},\"query-input\":{\"@type\":\"PropertyValueSpecification\",\"valueRequired\":true,\"valueName\":\"search_term_string\"}}],\"inLanguage\":\"de\"},{\"@type\":\"Person\",\"@id\":\"https:\\\/\\\/jennyisbaking.com\\\/#\\\/schema\\\/person\\\/28a46859582cac5ac1ef7e065a17f77b\",\"name\":\"Jenny\",\"image\":{\"@type\":\"ImageObject\",\"inLanguage\":\"de\",\"@id\":\"https:\\\/\\\/secure.gravatar.com\\\/avatar\\\/23e81660a6279fbe7db0db01e9985036a8488f0100c3985867731ba2b4348089?s=96&d=mm&r=g\",\"url\":\"https:\\\/\\\/secure.gravatar.com\\\/avatar\\\/23e81660a6279fbe7db0db01e9985036a8488f0100c3985867731ba2b4348089?s=96&d=mm&r=g\",\"contentUrl\":\"https:\\\/\\\/secure.gravatar.com\\\/avatar\\\/23e81660a6279fbe7db0db01e9985036a8488f0100c3985867731ba2b4348089?s=96&d=mm&r=g\",\"caption\":\"Jenny\"},\"description\":\"Hi, ich hei\u00dfe Jenny, geb\u00fcrtig in Uruguay, als Kind in USA gelebt, nach dem Abi in Kanada und mit einem Kolumbianer verheiratet. Ich wohne im Moment in M\u00fcnchen, S\u00fcddeutschland. Auf meinem Blog finden sich meist s\u00fc\u00dfe Rezepte. Ich mag normalerweise einfache Sachen, die schnell gemacht sind, aber gleichzeitig was hermachen. Manchmal packt mich auch der Ehrgeiz und ich wage mich an kompliziertere Torten. Schau dir im Men\u00fc \u201eAlle Rezepte\u201c an f\u00fcr weitere Inspiration.\",\"sameAs\":[\"https:\\\/\\\/www.facebook.com\\\/jennyisbaking\\\/\",\"https:\\\/\\\/www.pinterest.de\\\/jennyisbaking\\\/\"]}]}<\/script>\n<!-- \/ Yoast SEO plugin. -->","yoast_head_json":{"title":"Schichtdessert polvito uruguayo - Jenny is baking","description":"Polvito uruguayo ist ein Karamell-Schichtdessert, das eigentlich aus Uruguay stammt, aber mittlerweile auch in Gran Canaria ber\u00fchmt ist. Es besteht aus einer Kekskr\u00fcmelschicht, der Karamellcreme dulce de leche, Baiser und geschlagener Sahne.","robots":{"index":"index","follow":"follow","max-snippet":"max-snippet:-1","max-image-preview":"max-image-preview:large","max-video-preview":"max-video-preview:-1"},"canonical":"https:\/\/jennyisbaking.com\/de\/2026\/07\/03\/schichtdessert-polvito-uruguayo\/","og_locale":"de_DE","og_type":"article","og_title":"Schichtdessert polvito uruguayo - Jenny is baking","og_description":"Polvito uruguayo ist ein Karamell-Schichtdessert, das eigentlich aus Uruguay stammt, aber mittlerweile auch in Gran Canaria ber\u00fchmt ist. Es besteht aus einer Kekskr\u00fcmelschicht, der Karamellcreme dulce de leche, Baiser und geschlagener Sahne.","og_url":"https:\/\/jennyisbaking.com\/de\/2026\/07\/03\/schichtdessert-polvito-uruguayo\/","og_site_name":"Jenny is baking","article_publisher":"https:\/\/www.facebook.com\/jennyisbaking\/","article_author":"https:\/\/www.facebook.com\/jennyisbaking\/","article_published_time":"2026-07-03T05:00:03+00:00","article_modified_time":"2026-07-03T05:48:06+00:00","og_image":[{"width":534,"height":801,"url":"https:\/\/jennyisbaking.com\/wp-1c174-content\/uploads\/2026\/06\/Rezept-polvito-uruguayo.jpg","type":"image\/jpeg"}],"author":"Jenny","twitter_card":"summary_large_image","twitter_misc":{"Verfasst von":"Jenny","Gesch\u00e4tzte Lesezeit":"3\u00a0Minuten"},"schema":{"@context":"https:\/\/schema.org","@graph":[{"@type":"Article","@id":"https:\/\/jennyisbaking.com\/2026\/07\/03\/schichtdessert-polvito-uruguayo\/#article","isPartOf":{"@id":"https:\/\/jennyisbaking.com\/2026\/07\/03\/schichtdessert-polvito-uruguayo\/"},"author":{"name":"Jenny","@id":"https:\/\/jennyisbaking.com\/#\/schema\/person\/28a46859582cac5ac1ef7e065a17f77b"},"headline":"Schichtdessert polvito uruguayo","datePublished":"2026-07-03T05:00:03+00:00","dateModified":"2026-07-03T05:48:06+00:00","mainEntityOfPage":{"@id":"https:\/\/jennyisbaking.com\/2026\/07\/03\/schichtdessert-polvito-uruguayo\/"},"wordCount":569,"commentCount":6,"image":{"@id":"https:\/\/jennyisbaking.com\/2026\/07\/03\/schichtdessert-polvito-uruguayo\/#primaryimage"},"thumbnailUrl":"https:\/\/i0.wp.com\/jennyisbaking.com\/wp-1c174-content\/uploads\/2026\/06\/Rezept-polvito-uruguayo.jpg?fit=534%2C801&ssl=1","keywords":["Dessert","dulce de leche","gran canaria","layer dessert","polvito urugayo","schichtdessert","Uruguay"],"articleSection":["Argentina and Uruguay","Dessert","Latin American Recipes"],"inLanguage":"de","potentialAction":[{"@type":"CommentAction","name":"Comment","target":["https:\/\/jennyisbaking.com\/2026\/07\/03\/schichtdessert-polvito-uruguayo\/#respond"]}]},{"@type":"WebPage","@id":"https:\/\/jennyisbaking.com\/de\/2026\/07\/03\/schichtdessert-polvito-uruguayo\/","url":"https:\/\/jennyisbaking.com\/de\/2026\/07\/03\/schichtdessert-polvito-uruguayo\/","name":"Schichtdessert polvito uruguayo - Jenny is baking","isPartOf":{"@id":"https:\/\/jennyisbaking.com\/de\/#website"},"primaryImageOfPage":{"@id":"https:\/\/jennyisbaking.com\/de\/2026\/07\/03\/schichtdessert-polvito-uruguayo\/#primaryimage"},"image":{"@id":"https:\/\/jennyisbaking.com\/2026\/07\/03\/schichtdessert-polvito-uruguayo\/#primaryimage"},"thumbnailUrl":"https:\/\/i0.wp.com\/jennyisbaking.com\/wp-1c174-content\/uploads\/2026\/06\/Rezept-polvito-uruguayo.jpg?fit=534%2C801&ssl=1","datePublished":"2026-07-03T05:00:03+00:00","dateModified":"2026-07-03T05:48:06+00:00","author":{"@id":"https:\/\/jennyisbaking.com\/#\/schema\/person\/28a46859582cac5ac1ef7e065a17f77b"},"description":"Polvito uruguayo ist ein Karamell-Schichtdessert, das eigentlich aus Uruguay stammt, aber mittlerweile auch in Gran Canaria ber\u00fchmt ist. Es besteht aus einer Kekskr\u00fcmelschicht, der Karamellcreme dulce de leche, Baiser und geschlagener Sahne.","breadcrumb":{"@id":"https:\/\/jennyisbaking.com\/de\/2026\/07\/03\/schichtdessert-polvito-uruguayo\/#breadcrumb"},"inLanguage":"de","potentialAction":[{"@type":"ReadAction","target":[["https:\/\/jennyisbaking.com\/de\/2026\/07\/03\/schichtdessert-polvito-uruguayo\/"]]}]},{"@type":"ImageObject","inLanguage":"de","@id":"https:\/\/jennyisbaking.com\/de\/2026\/07\/03\/schichtdessert-polvito-uruguayo\/#primaryimage","url":"https:\/\/i0.wp.com\/jennyisbaking.com\/wp-1c174-content\/uploads\/2026\/06\/Rezept-polvito-uruguayo.jpg?fit=534%2C801&ssl=1","contentUrl":"https:\/\/i0.wp.com\/jennyisbaking.com\/wp-1c174-content\/uploads\/2026\/06\/Rezept-polvito-uruguayo.jpg?fit=534%2C801&ssl=1","width":534,"height":801},{"@type":"BreadcrumbList","@id":"https:\/\/jennyisbaking.com\/de\/2026\/07\/03\/schichtdessert-polvito-uruguayo\/#breadcrumb","itemListElement":[{"@type":"ListItem","position":1,"name":"Startseite","item":"https:\/\/jennyisbaking.com\/de\/"},{"@type":"ListItem","position":2,"name":"Layer Dessert Polvito Uruguayo"}]},{"@type":"WebSite","@id":"https:\/\/jennyisbaking.com\/de\/#website","url":"https:\/\/jennyisbaking.com\/de\/","name":"Jenny is baking","description":"Backrezepte aus Nord- und S\u00fcdamerika","potentialAction":[{"@type":"SearchAction","target":{"@type":"EntryPoint","urlTemplate":"https:\/\/jennyisbaking.com\/de\/?s={search_term_string}"},"query-input":{"@type":"PropertyValueSpecification","valueRequired":true,"valueName":"search_term_string"}}],"inLanguage":"de"},{"@type":"Person","@id":"https:\/\/jennyisbaking.com\/#\/schema\/person\/28a46859582cac5ac1ef7e065a17f77b","name":"Jenny","image":{"@type":"ImageObject","inLanguage":"de","@id":"https:\/\/secure.gravatar.com\/avatar\/23e81660a6279fbe7db0db01e9985036a8488f0100c3985867731ba2b4348089?s=96&d=mm&r=g","url":"https:\/\/secure.gravatar.com\/avatar\/23e81660a6279fbe7db0db01e9985036a8488f0100c3985867731ba2b4348089?s=96&d=mm&r=g","contentUrl":"https:\/\/secure.gravatar.com\/avatar\/23e81660a6279fbe7db0db01e9985036a8488f0100c3985867731ba2b4348089?s=96&d=mm&r=g","caption":"Jenny"},"description":"Hi, ich hei\u00dfe Jenny, geb\u00fcrtig in Uruguay, als Kind in USA gelebt, nach dem Abi in Kanada und mit einem Kolumbianer verheiratet. Ich wohne im Moment in M\u00fcnchen, S\u00fcddeutschland. Auf meinem Blog finden sich meist s\u00fc\u00dfe Rezepte. Ich mag normalerweise einfache Sachen, die schnell gemacht sind, aber gleichzeitig was hermachen. Manchmal packt mich auch der Ehrgeiz und ich wage mich an kompliziertere Torten. Schau dir im Men\u00fc \u201eAlle Rezepte\u201c an f\u00fcr weitere Inspiration.","sameAs":["https:\/\/www.facebook.com\/jennyisbaking\/","https:\/\/www.pinterest.de\/jennyisbaking\/"]}]}},"jetpack_publicize_connections":[],"jetpack_sharing_enabled":true,"jetpack_shortlink":"https:\/\/wp.me\/p8MAhl-58Y","jetpack-related-posts":[{"id":19574,"url":"https:\/\/jennyisbaking.com\/de\/2026\/06\/03\/postre-borracho-betrunkenes-dessert-aus-argentinien\/","url_meta":{"origin":19776,"position":0},"title":"Postre borracho, betrunkenes Dessert aus Argentinien","author":"Jenny","date":"Mittwoch, der  3. Juni 2026","format":false,"excerpt":"Dieses Dessert aus Argentinien ist ein gehaltvolles Schichtdessert, es \u00e4hnelt ein bisschen Tiramisu, aber wird ohne Mascarpone oder rohem Ei zubereitet. Stattdessen gibt es hier L\u00f6ffelbiskuit, eine Schicht Karamellcreme namens dulce de leche, Puddingcreme und Sahne. Nat\u00fcrlich werden die L\u00f6ffelbiskuit in einem Sirup mit Alkohol getr\u00e4nkt, wodurch der Name herkommt.\u2026","rel":"","context":"In &quot;All Seasons&quot;","block_context":{"text":"All Seasons","link":"https:\/\/jennyisbaking.com\/de\/category\/all-seasons\/"},"img":{"alt_text":"","src":"https:\/\/i0.wp.com\/jennyisbaking.com\/wp-1c174-content\/uploads\/2026\/04\/Postre-borracho-aus-Argentinien.jpg?fit=534%2C801&ssl=1&resize=350%2C200","width":350,"height":200,"srcset":"https:\/\/i0.wp.com\/jennyisbaking.com\/wp-1c174-content\/uploads\/2026\/04\/Postre-borracho-aus-Argentinien.jpg?fit=534%2C801&ssl=1&resize=350%2C200 1x, https:\/\/i0.wp.com\/jennyisbaking.com\/wp-1c174-content\/uploads\/2026\/04\/Postre-borracho-aus-Argentinien.jpg?fit=534%2C801&ssl=1&resize=525%2C300 1.5x"},"classes":[]},{"id":17924,"url":"https:\/\/jennyisbaking.com\/de\/2025\/08\/01\/pasteles-gloria-aus-kolumbien\/","url_meta":{"origin":19776,"position":1},"title":"Pasteles Gloria aus Kolumbien","author":"Jenny","date":"Freitag, der  1. August 2025","format":false,"excerpt":"Heute gibt es pasteles Gloria aus Kolumbien. Achtung, Achtung, wenn du die spanische Variante mit Marzipan suchst, dann bist du hier falsch, die werden auch pasteles DE Gloria genannt. Hier gibt es Bl\u00e4tterteig-Teilchen, die mit Quittenpaste und Mozzarella gef\u00fcllt werden. Wer mag, kann auch noch einen Klecks der Karamellcreme namens\u2026","rel":"","context":"In &quot;Dessert&quot;","block_context":{"text":"Dessert","link":"https:\/\/jennyisbaking.com\/de\/category\/dessert\/"},"img":{"alt_text":"","src":"https:\/\/i0.wp.com\/jennyisbaking.com\/wp-1c174-content\/uploads\/2025\/03\/pasteles_Gloria_aus_Kolumbien.jpg?fit=534%2C801&ssl=1&resize=350%2C200","width":350,"height":200,"srcset":"https:\/\/i0.wp.com\/jennyisbaking.com\/wp-1c174-content\/uploads\/2025\/03\/pasteles_Gloria_aus_Kolumbien.jpg?fit=534%2C801&ssl=1&resize=350%2C200 1x, https:\/\/i0.wp.com\/jennyisbaking.com\/wp-1c174-content\/uploads\/2025\/03\/pasteles_Gloria_aus_Kolumbien.jpg?fit=534%2C801&ssl=1&resize=525%2C300 1.5x"},"classes":[]},{"id":17605,"url":"https:\/\/jennyisbaking.com\/de\/2025\/11\/07\/alfajores-cordobeses-aus-argentinien\/","url_meta":{"origin":19776,"position":2},"title":"Alfajores cordobeses aus Argentinien","author":"Jenny","date":"Freitag, der  7. November 2025","format":false,"excerpt":"Aus Argentinien habe ich wieder Doppelkekse mitgebracht, diesmal aus Cordoba. Sie hei\u00dfen auf Spanisch alfajores cordobeses. Charakteristisch ist hierf\u00fcr ein sehr m\u00fcrber Keks, der mit einem Anteil Speisest\u00e4rke zubereitet wird, um dann mit Quittenpaste oder dulce de membrillo gef\u00fcllt zu werden. Der Doppelkeks wird dann noch in Puderzuckerglasur getunkt. So\u2026","rel":"","context":"In &quot;Argentina and Uruguay&quot;","block_context":{"text":"Argentina and Uruguay","link":"https:\/\/jennyisbaking.com\/de\/category\/argentina-and-uruguay\/"},"img":{"alt_text":"","src":"https:\/\/i0.wp.com\/jennyisbaking.com\/wp-1c174-content\/uploads\/2025\/01\/Alfajores-cordobeses.jpg?fit=534%2C801&ssl=1&resize=350%2C200","width":350,"height":200,"srcset":"https:\/\/i0.wp.com\/jennyisbaking.com\/wp-1c174-content\/uploads\/2025\/01\/Alfajores-cordobeses.jpg?fit=534%2C801&ssl=1&resize=350%2C200 1x, https:\/\/i0.wp.com\/jennyisbaking.com\/wp-1c174-content\/uploads\/2025\/01\/Alfajores-cordobeses.jpg?fit=534%2C801&ssl=1&resize=525%2C300 1.5x"},"classes":[]},{"id":9644,"url":"https:\/\/jennyisbaking.com\/de\/2019\/12\/04\/coffee-alfajores-from-uruguay-and-cookie-day\/","url_meta":{"origin":19776,"position":3},"title":"Kaffee-Alfajores aus Uruguay","author":"Jenny","date":"Mittwoch, der  4. Dezember 2019","format":false,"excerpt":"Es ist Zeit f\u00fcr Alfajores. Alfa- was? Alfajores sind Doppelkekse aus Spanien und S\u00fcdamerika, die gerne mit der Karamellcreme namens dulce de leche gef\u00fclt werden. Heute habe ich welche mit Kaffeegeschmack mitgebracht. Sie bilden den Abschluss meiner Cookie-Woche.Im Grunde genommen bestehen diese Kekse aus M\u00fcrbeteig, der mit Espresso gemischt wird.\u2026","rel":"","context":"In &quot;All Seasons&quot;","block_context":{"text":"All Seasons","link":"https:\/\/jennyisbaking.com\/de\/category\/all-seasons\/"},"img":{"alt_text":"Kaffee-Alfajores aus Uruguay","src":"https:\/\/i0.wp.com\/jennyisbaking.com\/wp-1c174-content\/uploads\/2019\/11\/DSC05916.jpg?fit=534%2C801&ssl=1&resize=350%2C200","width":350,"height":200,"srcset":"https:\/\/i0.wp.com\/jennyisbaking.com\/wp-1c174-content\/uploads\/2019\/11\/DSC05916.jpg?fit=534%2C801&ssl=1&resize=350%2C200 1x, https:\/\/i0.wp.com\/jennyisbaking.com\/wp-1c174-content\/uploads\/2019\/11\/DSC05916.jpg?fit=534%2C801&ssl=1&resize=525%2C300 1.5x"},"classes":[]},{"id":14879,"url":"https:\/\/jennyisbaking.com\/de\/2023\/07\/14\/amerikanischer-banana-pudding-aus-den-sudstaaten\/","url_meta":{"origin":19776,"position":4},"title":"Amerikanischer Banana Pudding aus den S\u00fcdstaaten","author":"Jenny","date":"Freitag, der 14. Juli 2023","format":false,"excerpt":"\"Banana Pudding\" aus USA ist ein Schichtdessert mit Vanillekeksen, Pudding, Bananen und als letzter Schicht Eischnee. Das Dessert wird normalerweise in einer Auflaufform serviert, ich entschied mich jedoch es in Dessertgl\u00e4ser zu schichten. Da wir nur zu zweit sind, wollte ich erst einmal eine kleine Menge machen. Wenn man Bananen\u2026","rel":"","context":"In &quot;All Seasons&quot;","block_context":{"text":"All Seasons","link":"https:\/\/jennyisbaking.com\/de\/category\/all-seasons\/"},"img":{"alt_text":"","src":"https:\/\/i0.wp.com\/jennyisbaking.com\/wp-1c174-content\/uploads\/2023\/07\/Banana_Pudding.jpg?fit=534%2C801&ssl=1&resize=350%2C200","width":350,"height":200,"srcset":"https:\/\/i0.wp.com\/jennyisbaking.com\/wp-1c174-content\/uploads\/2023\/07\/Banana_Pudding.jpg?fit=534%2C801&ssl=1&resize=350%2C200 1x, https:\/\/i0.wp.com\/jennyisbaking.com\/wp-1c174-content\/uploads\/2023\/07\/Banana_Pudding.jpg?fit=534%2C801&ssl=1&resize=525%2C300 1.5x"},"classes":[]},{"id":10784,"url":"https:\/\/jennyisbaking.com\/de\/2020\/09\/04\/leche-asada-milchpudding-aus-suedamerika\/","url_meta":{"origin":19776,"position":5},"title":"Leche asada, Milchpudding aus S\u00fcdamerika","author":"Jenny","date":"Freitag, der  4. September 2020","format":false,"excerpt":"Leche asada ist eine Art Pudding aus S\u00fcdamerika und enth\u00e4lt eine Karamellschicht und ein Gemisch aus Milch, Eiern und Zucker als Pudding.","rel":"","context":"In &quot;All Seasons&quot;","block_context":{"text":"All Seasons","link":"https:\/\/jennyisbaking.com\/de\/category\/all-seasons\/"},"img":{"alt_text":"Leche asada, Dessert aus S\u00fcdamerika","src":"https:\/\/i0.wp.com\/jennyisbaking.com\/wp-1c174-content\/uploads\/2020\/08\/DSC00455.jpg?fit=534%2C800&ssl=1&resize=350%2C200","width":350,"height":200,"srcset":"https:\/\/i0.wp.com\/jennyisbaking.com\/wp-1c174-content\/uploads\/2020\/08\/DSC00455.jpg?fit=534%2C800&ssl=1&resize=350%2C200 1x, https:\/\/i0.wp.com\/jennyisbaking.com\/wp-1c174-content\/uploads\/2020\/08\/DSC00455.jpg?fit=534%2C800&ssl=1&resize=525%2C300 1.5x"},"classes":[]}],"jetpack_featured_media_url":"https:\/\/i0.wp.com\/jennyisbaking.com\/wp-1c174-content\/uploads\/2026\/06\/Rezept-polvito-uruguayo.jpg?fit=534%2C801&ssl=1","_links":{"self":[{"href":"https:\/\/jennyisbaking.com\/de\/wp-json\/wp\/v2\/posts\/19776","targetHints":{"allow":["GET"]}}],"collection":[{"href":"https:\/\/jennyisbaking.com\/de\/wp-json\/wp\/v2\/posts"}],"about":[{"href":"https:\/\/jennyisbaking.com\/de\/wp-json\/wp\/v2\/types\/post"}],"author":[{"embeddable":true,"href":"https:\/\/jennyisbaking.com\/de\/wp-json\/wp\/v2\/users\/1"}],"replies":[{"embeddable":true,"href":"https:\/\/jennyisbaking.com\/de\/wp-json\/wp\/v2\/comments?post=19776"}],"version-history":[{"count":9,"href":"https:\/\/jennyisbaking.com\/de\/wp-json\/wp\/v2\/posts\/19776\/revisions"}],"predecessor-version":[{"id":19807,"href":"https:\/\/jennyisbaking.com\/de\/wp-json\/wp\/v2\/posts\/19776\/revisions\/19807"}],"wp:featuredmedia":[{"embeddable":true,"href":"https:\/\/jennyisbaking.com\/de\/wp-json\/wp\/v2\/media\/19796"}],"wp:attachment":[{"href":"https:\/\/jennyisbaking.com\/de\/wp-json\/wp\/v2\/media?parent=19776"}],"wp:term":[{"taxonomy":"category","embeddable":true,"href":"https:\/\/jennyisbaking.com\/de\/wp-json\/wp\/v2\/categories?post=19776"},{"taxonomy":"post_tag","embeddable":true,"href":"https:\/\/jennyisbaking.com\/de\/wp-json\/wp\/v2\/tags?post=19776"}],"curies":[{"name":"wp","href":"https:\/\/api.w.org\/{rel}","templated":true}]}}