{"id":5041,"date":"2022-07-29T07:00:00","date_gmt":"2022-07-29T05:00:00","guid":{"rendered":"http:\/\/jennyisbaking.com\/?p=5041"},"modified":"2022-07-31T12:15:40","modified_gmt":"2022-07-31T10:15:40","slug":"merengon-aus-kolumbien","status":"publish","type":"post","link":"https:\/\/jennyisbaking.com\/de\/2022\/07\/29\/merengon-aus-kolumbien\/","title":{"rendered":"Aus Kolumbien: Mereng\u00f3n mit Fr\u00fcchten"},"content":{"rendered":"<p><em>2022 habe ich das Rezept aktualisiert und weitere Optionen hinzugef\u00fcgt<\/em><\/p>\n<p>Ich liebe Baiser. Diese Liebe habe ich erst ziemlich sp\u00e4t entdeckt. Vielleicht liegt es daran, dass Baiser meiner Meinung nach viel zu wenig Aufmerksamtkeit in der Backwelt erh\u00e4lt. Aber sp\u00e4te Liebe hin oder her, mereongon aus Kolumbien besteht aus drei Schichten: getrocknetem Baiser, Sahne und einer fruchtigen Sauce. Ganz ehrlich, so einfach vorzubereiten, visuell wunderbar anzuschauen und wenn man den ersten Bissen im Mund hat, ist man sowieso im Himmel, so leicht, so dahinschmelzend und die leicht s\u00e4uerliche Note durch die Fr\u00fcchte, wirklich ein Tr\u00e4umchen.<\/p>\n<p><a href=\"https:\/\/i0.wp.com\/jennyisbaking.com\/wp-1c174-content\/uploads\/2018\/01\/DSC02445.jpg?ssl=1\"><img data-recalc-dims=\"1\" loading=\"lazy\" decoding=\"async\" data-attachment-id=\"13600\" data-permalink=\"https:\/\/jennyisbaking.com\/de\/2022\/07\/29\/merengon-aus-kolumbien\/dsc02445-2\/\" data-orig-file=\"https:\/\/i0.wp.com\/jennyisbaking.com\/wp-1c174-content\/uploads\/2018\/01\/DSC02445.jpg?fit=534%2C801&amp;ssl=1\" data-orig-size=\"534,801\" data-comments-opened=\"1\" data-image-meta=\"{&quot;aperture&quot;:&quot;4.5&quot;,&quot;credit&quot;:&quot;&quot;,&quot;camera&quot;:&quot;NEX-7&quot;,&quot;caption&quot;:&quot;&quot;,&quot;created_timestamp&quot;:&quot;1536862320&quot;,&quot;copyright&quot;:&quot;&quot;,&quot;focal_length&quot;:&quot;50&quot;,&quot;iso&quot;:&quot;200&quot;,&quot;shutter_speed&quot;:&quot;0.05&quot;,&quot;title&quot;:&quot;&quot;,&quot;orientation&quot;:&quot;0&quot;}\" data-image-title=\"Merengon aus Kolumbien\" data-image-description=\"\" data-image-caption=\"\" data-large-file=\"https:\/\/i0.wp.com\/jennyisbaking.com\/wp-1c174-content\/uploads\/2018\/01\/DSC02445.jpg?fit=534%2C801&amp;ssl=1\" src=\"https:\/\/i0.wp.com\/jennyisbaking.com\/wp-1c174-content\/uploads\/2018\/01\/DSC02445.jpg?resize=534%2C801&#038;ssl=1\" class=\"aligncenter size-full wp-image-13600\" alt=\"Merengon aus Kolumbien\" width=\"534\" height=\"801\" srcset=\"https:\/\/i0.wp.com\/jennyisbaking.com\/wp-1c174-content\/uploads\/2018\/01\/DSC02445.jpg?w=534&amp;ssl=1 534w, https:\/\/i0.wp.com\/jennyisbaking.com\/wp-1c174-content\/uploads\/2018\/01\/DSC02445.jpg?resize=200%2C300&amp;ssl=1 200w\" sizes=\"auto, (max-width: 534px) 100vw, 534px\" \/><\/a><\/p>\n<p><!--more-->In Kolumbien gibt es Baiser im Angebot als Nachspeise. Das ist insbesondere deshalb wichtig, weil mein Mann aus Kolumbien stammt und ich es immer wieder spannend finde Desserts aus seinem Land zu probieren. Tja, und man glaubt es kaum, aber die Idee zu diesem Baisertraum hatte ich tats\u00e4chlich in Kolumbien. Dort wird Baiser &#8222;merengue&#8220; genannt. Mit geschlagener Sahne und Fr\u00fcchten nennt man das Dessert mereng\u00f3n. Gespeist habe ich die Variante mit Beeren in dem Ort namens Villa de Leyva. Das Caf\u00e9 <a href=\"https:\/\/www.instagram.com\/mercadomunicipalvdl\/?hl=de\" target=\"_blank\" rel=\"noopener\">Mercado Municipal<\/a> kann ich jedem ans Herz legen, der Lust auf liebevoll zubereitete Speisen hat. Ich habe mir sagen lassen, dass auch die Hauptgerichte super lecker sind, aber mir haben es die Kuchen, Torten und Desserts angetan. Hier wird mit Herzblut gearbeitet, das merkt man sowohl an der Zubereitung, aber auch Pr\u00e4sentation des Essens. Nachdem ich mich mit der Konditorin kurz unterhalten konnte (in der Backk\u00fcche, wohlgemerkt!), wusste ich, diesen Baisertraum willst du zu Hause nachbacken!<\/p>\n<figure id=\"attachment_5048\"><a href=\"https:\/\/i0.wp.com\/jennyisbaking.com\/wp-1c174-content\/uploads\/2018\/01\/DSC01052.jpg\"><img data-recalc-dims=\"1\" loading=\"lazy\" decoding=\"async\" data-attachment-id=\"5048\" data-permalink=\"https:\/\/jennyisbaking.com\/de\/2022\/07\/29\/merengon-aus-kolumbien\/sony-dsc-13\/\" data-orig-file=\"https:\/\/i0.wp.com\/jennyisbaking.com\/wp-1c174-content\/uploads\/2018\/01\/DSC01052.jpg?fit=533%2C800&amp;ssl=1\" data-orig-size=\"533,800\" data-comments-opened=\"1\" data-image-meta=\"{&quot;aperture&quot;:&quot;6.3&quot;,&quot;credit&quot;:&quot;&quot;,&quot;camera&quot;:&quot;NEX-5&quot;,&quot;caption&quot;:&quot;SONY DSC&quot;,&quot;created_timestamp&quot;:&quot;1506336016&quot;,&quot;copyright&quot;:&quot;&quot;,&quot;focal_length&quot;:&quot;36&quot;,&quot;iso&quot;:&quot;200&quot;,&quot;shutter_speed&quot;:&quot;0.005&quot;,&quot;title&quot;:&quot;SONY DSC&quot;,&quot;orientation&quot;:&quot;1&quot;}\" data-image-title=\"Baisertraum auf Beeren merengon\" data-image-description=\"\" data-image-caption=\"\" data-large-file=\"https:\/\/i0.wp.com\/jennyisbaking.com\/wp-1c174-content\/uploads\/2018\/01\/DSC01052.jpg?fit=533%2C800&amp;ssl=1\" src=\"https:\/\/i0.wp.com\/jennyisbaking.com\/wp-1c174-content\/uploads\/2018\/01\/DSC01052.jpg?resize=533%2C800\" class=\"aligncenter size-full wp-image-5048\" alt=\"Baisertraum auf Beeren merengon\" width=\"533\" height=\"800\" srcset=\"https:\/\/i0.wp.com\/jennyisbaking.com\/wp-1c174-content\/uploads\/2018\/01\/DSC01052.jpg?w=533&amp;ssl=1 533w, https:\/\/i0.wp.com\/jennyisbaking.com\/wp-1c174-content\/uploads\/2018\/01\/DSC01052.jpg?resize=200%2C300&amp;ssl=1 200w\" sizes=\"auto, (max-width: 533px) 100vw, 533px\" \/><\/a><\/figure>\n<figure>Mereng\u00f3n wie in <a href=\"https:\/\/www.instagram.com\/mercadomunicipalvdl\/?hl=de\" target=\"_blank\" rel=\"noopener\">Mercado Municipal<\/a>, Villa de Leyva, Kolumbien vorgefunden<\/figure>\n<p>Gesagt, getan, nachdem ich also ein wenig rumgespielt habe wie ich das Baiser am besten backe, versuchte mich zun\u00e4chst an der einfachen Variante, in dem ich das Baiser einfach per L\u00f6ffel als Rechtecke auf den Backblechen verteilte, dann erh\u00e4lt man ein gro\u00dfes Baiser, siehe Bild unten. Dann \u00fcbte ich mit Spritzt\u00fclle. Erst versuchte ich es, indem ich das Baiser in Muffinf\u00f6rmchen spritzte, dann blieben sie aber kleben, das war wohl nichts. Einfacher war es dann mit Kreisen, die ich \u00fcbereinander stapelte.<\/p>\n<p>Aber egal welche Form man w\u00e4hlt, dieser Baisertraum besteht aus drei Schichten, das Baiser, den Fr\u00fcchten, die mit Speisest\u00e4rke, Zucker und Zitrone zubereitet werden, und der leicht ges\u00fc\u00dften Sahne. Ich bin immer ein gro\u00dfer Fan von einfachen Sachen und im Endeffekt ist dieses Dessert einfach, gleichzeitig elegant und umwerfend lecker.<\/p>\n<p>Lass uns also ans Werk gehen und diesen Baisertraum bzw. mereng\u00f3n zubereiten!<\/p>\n<p><span class=\"sp_shortcode\">\t<div id=\"recipe\"><\/div>\r\n\t<div class=\"sp-recipe\" id=\"printthis\">\r\n\t\t\r\n\t\t<div class=\"recipe-overview\">\r\n\t\t\t\r\n\t\t\t<div class=\"recipe-image\">\r\n\t\t\t\t\t\t\t\t\t\t\t\t<img data-recalc-dims=\"1\" decoding=\"async\" src=\"https:\/\/i0.wp.com\/jennyisbaking.com\/wp-1c174-content\/uploads\/2018\/01\/DSC06532.jpg?w=1080&#038;ssl=1\">\t\t\t\t\t\t\t\t\t\t\t\t\t<a href=\"#\" onclick=\"jQuery('#printthis').print()\" class=\"sp-print\"><i class=\"fa fas fa-print\"><\/i> Print Recipe<\/a>\r\n\t\t\t\t\t\t\t<\/div>\r\n\t\t\t\r\n\t\t\t<div class=\"recipe-header\">\r\n\t\t\t\r\n\t\t\t\t<div class=\"recipe-title-header\">\r\n\t\t\t\t\r\n\t\t\t\t\t\t\t\t\t\t\t<h2>Kolumbianischer Mereng\u00f3n<\/h2>\r\n\t\t\t\t\t\t\t\t\t\t\t\t\t\t\r\n\t\t\t\t<\/div>\r\n\t\t\t\r\n\t\t\t\t\t\t\t\t<div class=\"recipe-meta\">\r\n\t\t\t\t\t\r\n\t\t\t\t\t<div class=\"meta-row\">\r\n\t\t\t\t\t\t\r\n\t\t\t\t\t\t\t\t\t\t\t\t\r\n\t\t\t\t\t\t\t\t\t\t\t\t\t\t\t\t\t\t\t\t\t\t\t\r\n\t\t\t\t\t<\/div>\r\n\t\t\t\t\t\r\n\t\t\t\t\t<div class=\"meta-row\">\r\n\t\t\t\t\t\t\r\n\t\t\t\t\t\t<i class=\"far fa-user\"><\/i>\t\t\t\t\t\t\r\n\t\t\t\t\t\t\t\t\t\t\t\t\t\t\t\t\t\t<span class=\"recipe-meta-item\">Serves: Je nach Gr\u00f6\u00dfe zwischen 2-3 Baiserschichten<\/span>\t\t\t\t\t\r\n\t\t\t\t\t<\/div>\r\n\t\t\t\t\t\r\n\t\t\t\t\t<div class=\"meta-row\">\r\n\t\t\t\t\t\r\n\t\t\t\t\t\t<i class=\"far fa-clock\"><\/i> \r\n\t\t\t\t\t\t\r\n\t\t\t\t\t\t\t\t\t\t\t\t\r\n\t\t\t\t\t\t\t\t\t\t\t\t\r\n\t\t\t\t\t\t\t\t\t\t\t\t\t\t\t\t\t\t<span class=\"recipe-meta-item\">Cooking Time: 30min Vorbereitung + 90min backen + zusammensetzen<\/span>\r\n\t\t\t\t\t\t\t\t\t\t\t\t\r\n\t\t\t\t\t\t\t\t\t\t\t\t\r\n\t\t\t\t\t\t\t\t\t\t\t\t\r\n\t\t\t\t\t<\/div>\r\n\t\t\t\r\n\t\t\t\t<\/div>\r\n\t\t\t\t\t\t\t\t\r\n\t\t\t\t\t\t\t\t\t<div class=\"sep-line\"><\/div>\r\n\t\t\t\t\t<div class=\"recipe-description\"><p>Kolumbianischer mereng\u00f3n besteht aus getrocknetem Baiser, geschlagener Sahne und Fr\u00fcchten und ist somit sehr \u00e4hnlich zu Pavlova.<\/p><\/div>\r\n\t\t\t\t\t\t\t\r\n\t\t\t<\/div>\r\n\t\t\t\r\n\t\t<\/div>\r\n\t\t\t\r\n\t\t\t\t<div class=\"recipe-ingredients\">\r\n\t\t\t\t\t\t\t\r\n\t\t\t<h3 class=\"recipe-title\">Ingredients<\/h3>\r\n\t\t\t\r\n\t\t\t<ul>\r\n\t\t\t\t\t\t\t\t\t\t\t\t\t\t\t\t\t\t\t<li><span><b>Baiser<\/b><\/span><\/li>\r\n\t\t\t\t\t\t\t\t\t\t\t\t\t\t\t\t\t\t\t\t\t\t\t\t\t\t\t\t<li><span>4 Eiwei\u00df<\/span><\/li>\r\n\t\t\t\t\t\t\t\t\t\t\t\t\t\t\t\t\t\t\t\t\t\t\t\t\t\t\t\t<li><span>1 Prise Salz<\/span><\/li>\r\n\t\t\t\t\t\t\t\t\t\t\t\t\t\t\t\t\t\t\t\t\t\t\t\t\t\t\t\t<li><span>200g normaler Zucker<\/span><\/li>\r\n\t\t\t\t\t\t\t\t\t\t\t\t\t\t\t\t\t\t\t\t\t\t\t\t\t\t\t\t<li><span><\/br><\/span><\/li>\r\n\t\t\t\t\t\t\t\t\t\t\t\t\t\t\t\t\t\t\t\t\t\t\t\t\t\t\t\t<li><span><b>Fr\u00fcchte<\/b><\/span><\/li>\r\n\t\t\t\t\t\t\t\t\t\t\t\t\t\t\t\t\t\t\t\t\t\t\t\t\t\t\t\t<li><span>300g gefrorene oder frische Fr\u00fcchte<\/span><\/li>\r\n\t\t\t\t\t\t\t\t\t\t\t\t\t\t\t\t\t\t\t\t\t\t\t\t\t\t\t\t<li><span>50g Zucker<\/span><\/li>\r\n\t\t\t\t\t\t\t\t\t\t\t\t\t\t\t\t\t\t\t\t\t\t\t\t\t\t\t\t<li><span>Saft einer kleinen Zitrone<\/span><\/li>\r\n\t\t\t\t\t\t\t\t\t\t\t\t\t\t\t\t\t\t\t\t\t\t\t\t\t\t\t\t<li><span>1 EL Speisest\u00e4rke<\/span><\/li>\r\n\t\t\t\t\t\t\t\t\t\t\t\t\t\t\t\t\t\t\t\t\t\t\t\t\t\t\t\t<li><span><\/br><\/span><\/li>\r\n\t\t\t\t\t\t\t\t\t\t\t\t\t\t\t\t\t\t\t\t\t\t\t\t\t\t\t\t<li><span><b>Sahne<\/b><\/span><\/li>\r\n\t\t\t\t\t\t\t\t\t\t\t\t\t\t\t\t\t\t\t\t\t\t\t\t\t\t\t\t<li><span>250g Sahne<\/span><\/li>\r\n\t\t\t\t\t\t\t\t\t\t\t\t\t\t\t\t\t\t\t\t\t\t\t\t\t\t\t\t<li><span>50g wei\u00dfer Zucker<\/span><\/li>\r\n\t\t\t\t\t\t\t\t\t\t\t\t\t\t\t\t\t\t\t\t\t\t\t\t\t\t\t\t<li><span>1 TL Vanilleextrakt, siehe <a href=\"http:\/\/jennyisbaking.com\/de\/2017\/02\/25\/how-to-make-vanilla-extract\/\/\" target=\"_blank\" rel=\"noopener noreferrer\">hier<\/a> wie man es selbst herstellen kann<\/span><\/li>\r\n\t\t\t\t\t\t\t\t\t\t\t\t\t\t\t\t\t\t\t\t\t\t\t\t\t\t\t\t<li><span>Frische Fr\u00fcchte zur Dekoration<\/span><\/li>\r\n\t\t\t\t\t\t\t\t\t\t\t\t\t\t\t\t<\/ul>\r\n\t\t\t\r\n\t\t<\/div>\r\n\t\t\t\t\r\n\t\t\t\t<div class=\"recipe-method\">\r\n\t\t\t\t\t\t\t\r\n\t\t\t<h3 class=\"recipe-title\">Instructions<\/h3>\r\n\t\t\t\r\n\t\t\t\t\t\t\t\t\t\r\n\t\t\t\t\t\t\t\t\t\t\t\t\t\t\t<div class=\"step\">\r\n\t\t\t\t\t<span class=\"step-number\">1<\/span>\r\n\t\t\t\t\t<div class=\"step-content\">\r\n\t\t\t\t\t\t<p>F\u00fcr das <b>Baiser<\/b> die Sch\u00fcssel und den Mixer gut s\u00e4ubern. Beides muss komplett fettfrei sein. Man kann auch noch alles mit einem St\u00fcckchen Zitrone oder Essig abreiben, um ganz sicher zu sein. Dann die Eier trennen und dabei darauf achten, dass kein Eigelb zu den Eiwei\u00dfen gelangt. Die Eiwei\u00dfe auf mittlerer Stufe 2-3min schlagen, w\u00e4hrenddessen eine Prise Salz einstreuen. Nun langsam den Zucker hinzuf\u00fcgen. Das Baiser weiter auf der h\u00f6chsten Stufe schlagen. Es sollte langsam anfangen zu gl\u00e4nzen und steifer werden. So lange schlagen, bis es richtig steif ist. Das dauert insgesamt ca. 7min. Man kann auf unterschiedliche Art testen, ob das Baiser steif genug ist. Ein Test ist die Sch\u00fcssel umzudrehen, wenn kein Baiser herauskommt, ist es steif genug. Ein weiterer Test besteht darin etwas Baiser zwischen den Fingern zu reiben. Wenn man keine Zuckerk\u00f6rnchen mehr f\u00fchlt, hat sich der Zucker gut aufgel\u00f6st. Ein Backblech mit Backpapier belegen. Entweder Kreise oder Rechtecke mit einem L\u00f6ffel auf das Backblech schmieren. Ich hatte zwei Kreise von ca. 20cm, aber es gehen auch Rechtecke. Ich empfehle mindestens zwei gro\u00dfe oder drei kleinere zu machen. Baiser bei 100 Grad f\u00fcr 90min trocknen lassen. Sie sollten sich leicht vom Backpapier l\u00f6sen. Falls sie noch kleben, einfach noch eine halbe Stunde weiter trocknen und gerne auch \u00fcber Nacht im Ofen lassen. Baiser h\u00e4lt sich ca. eine Woche in einem luftdichten Beh\u00e4lter.<\/p>\r\n\t\t\t\t\t<\/div>\r\n\t\t\t\t<\/div>\r\n\t\t\t\t\t\t\t\t\t\t\r\n\t\t\t\t\t\t\r\n\t\t\t\t\t\t\t\t\t\t\t\t\t\t\t<div class=\"step\">\r\n\t\t\t\t\t<span class=\"step-number\">2<\/span>\r\n\t\t\t\t\t<div class=\"step-content\">\r\n\t\t\t\t\t\t<p>F\u00fcr die <b>Fr\u00fcchte<\/b> das Obst waschen, klein schneiden und evtl entsteinen und mit dem Zucker und Zitronensaft in einen Topf geben und k\u00f6cheln lassen. In einer Tasse die Speisest\u00e4rke mit ca. 3 EL kaltem Wasser anr\u00fchren bis keine Klumpen mehr zu sehen sind, dann die Fr\u00fcchte einmal kurz aufk\u00f6cheln lassen und die Speisest\u00e4rke hinzugeben, ca. eine Minute k\u00f6cheln lassen. Dann abk\u00fchlen lassen. <\/p>\r\n\t\t\t\t\t<\/div>\r\n\t\t\t\t<\/div>\r\n\t\t\t\t\t\t\t\t\t\t\r\n\t\t\t\t\t\t\r\n\t\t\t\t\t\t\t\t\t\t\t\t\t\t\t<div class=\"step\">\r\n\t\t\t\t\t<span class=\"step-number\">3<\/span>\r\n\t\t\t\t\t<div class=\"step-content\">\r\n\t\t\t\t\t\t<p>F\u00fcr die <b>Schlagsahne<\/b> alle Zutaten in eine Sch\u00fcssel geben und so lange mit einem Mixer schlagen bis die richtige Konstistenz erreicht ist, dies dauert ein paar Minuten. <\/p>\r\n\t\t\t\t\t<\/div>\r\n\t\t\t\t<\/div>\r\n\t\t\t\t\t\t\t\t\t\t\r\n\t\t\t\t\t\t\r\n\t\t\t\t\t\t\t\t\t\t\t\t\t\t\t<div class=\"step\">\r\n\t\t\t\t\t<span class=\"step-number\">4<\/span>\r\n\t\t\t\t\t<div class=\"step-content\">\r\n\t\t\t\t\t\t<p>Zun\u00e4chst einen Kreis Baiser, dann eine Schicht Sahne und am Ende die Fr\u00fcchte verteilen, alles nochmal wiederholen und frische Fr\u00fcchte obenauf geben. Frisch genie\u00dfen, Baiser weicht schnell auf, sobald es mit Fl\u00fcssigkeit in Kontakt kommt.<\/p>\r\n\t\t\t\t\t<\/div>\r\n\t\t\t\t<\/div>\r\n\t\t\t\t\t\t\t\t\t\t\r\n\t\t\t\t\t\t\r\n\t\t<\/div>\r\n\t\t\t\t\r\n\t\t\t\t\r\n\t\t\t\t<div class=\"recipe-notes\">\r\n\t\t\t\r\n\t\t\t<h3 class=\"recipe-title\">Notes<\/h3>\r\n\t\t\t\r\n\t\t\t<p>Keine Ahnung, was du mit \u00fcbrig gebliebenem Eigelb machen sollst? In <a href=\"https:\/\/jennyisbaking.com\/de\/2018\/09\/24\/what-to-do-with-leftover-egg-whites-and-egg-yolks\/\" target=\"_blank\" rel=\"noopener noreferrer\">diesem Blogpost<\/a> gibt es ganz viele Tipps inkl. wie einzufrieren.<\/p>\r\n\t\t\t\r\n\t\t<\/div>\r\n\t\t\t\t\r\n\t\t<script type=\"application\/ld+json\">\r\n\t\t\t{\r\n\t\t\t  \"@context\": \"http:\/\/schema.org\",\r\n\t\t\t  \"@type\": \"Recipe\",\r\n\t\t\t  \"url\": \"https:\/\/jennyisbaking.com\/de\/2022\/07\/29\/merengon-aus-kolumbien\/\",\r\n\t\t\t  \"author\": {\r\n\t\t\t\t\"@type\": \"Thing\",\r\n\t\t\t\t\"name\": \"\"\r\n\t\t\t  },\r\n\t\t\t  \"datePublished\": \"Freitag, der 29. Juli 2022\",\r\n\t\t\t  \"cookTime\": \"P\",\r\n\t\t\t  \t\t\t  \"description\": \"Kolumbianischer mereng\u00f3n besteht aus getrocknetem Baiser, geschlagener Sahne und Fr\u00fcchten und ist somit sehr \u00e4hnlich zu Pavlova.\",\r\n\t\t\t  \"image\": \"https:\/\/jennyisbaking.com\/wp-1c174-content\/uploads\/2018\/01\/DSC06532.jpg\",\r\n\t\t\t  \"recipeIngredient\": [\r\n\t\t\t\t\t\t\t\t\t\t\t\t\t                    \t\t\t\t\t\"<b>Baiser<\/b>\",\t\t\t\t\t\t\t\t\t\t\t\t\t\t\t\t\t\t\t                    \t\t\t\t\t\"4 Eiwei\u00df\",\t\t\t\t\t\t\t\t\t\t\t\t\t\t\t\t\t\t\t                    \t\t\t\t\t\"1 Prise Salz\",\t\t\t\t\t\t\t\t\t\t\t\t\t\t\t\t\t\t\t                    \t\t\t\t\t\"200g normaler Zucker\",\t\t\t\t\t\t\t\t\t\t\t\t\t\t\t\t\t\t\t                    \t\t\t\t\t\"<\/br>\",\t\t\t\t\t\t\t\t\t\t\t\t\t\t\t\t\t\t\t                    \t\t\t\t\t\"<b>Fr\u00fcchte<\/b>\",\t\t\t\t\t\t\t\t\t\t\t\t\t\t\t\t\t\t\t                    \t\t\t\t\t\"300g gefrorene oder frische Fr\u00fcchte\",\t\t\t\t\t\t\t\t\t\t\t\t\t\t\t\t\t\t\t                    \t\t\t\t\t\"50g Zucker\",\t\t\t\t\t\t\t\t\t\t\t\t\t\t\t\t\t\t\t                    \t\t\t\t\t\"Saft einer kleinen Zitrone\",\t\t\t\t\t\t\t\t\t\t\t\t\t\t\t\t\t\t\t                    \t\t\t\t\t\"1 EL Speisest\u00e4rke\",\t\t\t\t\t\t\t\t\t\t\t\t\t\t\t\t\t\t\t                    \t\t\t\t\t\"<\/br>\",\t\t\t\t\t\t\t\t\t\t\t\t\t\t\t\t\t\t\t                    \t\t\t\t\t\"<b>Sahne<\/b>\",\t\t\t\t\t\t\t\t\t\t\t\t\t\t\t\t\t\t\t                    \t\t\t\t\t\"250g Sahne\",\t\t\t\t\t\t\t\t\t\t\t\t\t\t\t\t\t\t\t                    \t\t\t\t\t\"50g wei\u00dfer Zucker\",\t\t\t\t\t\t\t\t\t\t\t\t\t\t\t\t\t\t\t                    \t\t\t\t\t\"1 TL Vanilleextrakt, siehe <a href='http:\/\/jennyisbaking.com\/de\/2017\/02\/25\/how-to-make-vanilla-extract\/\/' target='_blank' rel='noopener noreferrer'>hier<\/a> wie man es selbst herstellen kann\",\t\t\t\t\t\t\t\t\t\t\t\t\t\t\t\t\t\t\t                    \t\t\t\t\t\"Frische Fr\u00fcchte zur Dekoration\"\t\t\t\t\t\t\t\t\t\t\t\t\t\t\t\t\t  ],\r\n\t\t\t  \"name\": \"Kolumbianischer Mereng\u00f3n\",\r\n\t\t\t  \"nutrition\": {\r\n\t\t\t\t\"@type\": \"NutritionInformation\",\r\n\t\t\t\t\"calories\": \"\",\r\n\t\t\t\t\"carbohydrateContent\": \"\",\r\n\t\t\t\t\"cholesterolContent\": \"\",\r\n\t\t\t\t\"fatContent\": \"\",\r\n\t\t\t\t\"fiberContent\": \"\",\r\n\t\t\t\t\"proteinContent\": \"\",\r\n\t\t\t\t\"saturatedFatContent\": \"\",\r\n\t\t\t\t\"sodiumContent\": \"\",\r\n\t\t\t\t\"sugarContent\": \"\",\r\n\t\t\t\t\"transFatContent\": \"\",\r\n\t\t\t\t\"unsaturatedFatContent\": \"\"\r\n\t\t\t  },\r\n\t\t\t  \"prepTime\": \"P\",\r\n\t\t\t  \"totalTime\": \"P\",\r\n\t\t\t  \"recipeCategory\":\"\",\r\n\t\t\t  \"recipeCuisine\":\"\",\r\n\t\t\t  \"keywords\": \"\",\t\t\t  \r\n\t\t\t  \"recipeInstructions\": [\r\n\t\t\t\t\t\t\t\t\t\t\t\r\n\t\t\t\t\t\t\t\t\t\t\t\t\t\t\t\t\"F\u00fcr das <b>Baiser<\/b> die Sch\u00fcssel und den Mixer gut s\u00e4ubern. Beides muss komplett fettfrei sein. Man kann auch noch alles mit einem St\u00fcckchen Zitrone oder Essig abreiben, um ganz sicher zu sein. Dann die Eier trennen und dabei darauf achten, dass kein Eigelb zu den Eiwei\u00dfen gelangt. Die Eiwei\u00dfe auf mittlerer Stufe 2-3min schlagen, w\u00e4hrenddessen eine Prise Salz einstreuen. Nun langsam den Zucker hinzuf\u00fcgen. Das Baiser weiter auf der h\u00f6chsten Stufe schlagen. Es sollte langsam anfangen zu gl\u00e4nzen und steifer werden. So lange schlagen, bis es richtig steif ist. Das dauert insgesamt ca. 7min. Man kann auf unterschiedliche Art testen, ob das Baiser steif genug ist. Ein Test ist die Sch\u00fcssel umzudrehen, wenn kein Baiser herauskommt, ist es steif genug. Ein weiterer Test besteht darin etwas Baiser zwischen den Fingern zu reiben. Wenn man keine Zuckerk\u00f6rnchen mehr f\u00fchlt, hat sich der Zucker gut aufgel\u00f6st. Ein Backblech mit Backpapier belegen. Entweder Kreise oder Rechtecke mit einem L\u00f6ffel auf das Backblech schmieren. Ich hatte zwei Kreise von ca. 20cm, aber es gehen auch Rechtecke. Ich empfehle mindestens zwei gro\u00dfe oder drei kleinere zu machen. Baiser bei 100 Grad f\u00fcr 90min trocknen lassen. Sie sollten sich leicht vom Backpapier l\u00f6sen. Falls sie noch kleben, einfach noch eine halbe Stunde weiter trocknen und gerne auch \u00fcber Nacht im Ofen lassen. Baiser h\u00e4lt sich ca. eine Woche in einem luftdichten Beh\u00e4lter.\",\t\t\t\t\t\t\r\n\t\t\t\t\t\t\t\t\t\t\t\t\t\t\r\n\t\t\t\t\t\t\t\r\n\t\t\t\t\t\t\t\t\t\t\t\t\t\t\t\t\"F\u00fcr die <b>Fr\u00fcchte<\/b> das Obst waschen, klein schneiden und evtl entsteinen und mit dem Zucker und Zitronensaft in einen Topf geben und k\u00f6cheln lassen. In einer Tasse die Speisest\u00e4rke mit ca. 3 EL kaltem Wasser anr\u00fchren bis keine Klumpen mehr zu sehen sind, dann die Fr\u00fcchte einmal kurz aufk\u00f6cheln lassen und die Speisest\u00e4rke hinzugeben, ca. eine Minute k\u00f6cheln lassen. Dann abk\u00fchlen lassen. \",\t\t\t\t\t\t\r\n\t\t\t\t\t\t\t\t\t\t\t\t\t\t\r\n\t\t\t\t\t\t\t\r\n\t\t\t\t\t\t\t\t\t\t\t\t\t\t\t\t\"F\u00fcr die <b>Schlagsahne<\/b> alle Zutaten in eine Sch\u00fcssel geben und so lange mit einem Mixer schlagen bis die richtige Konstistenz erreicht ist, dies dauert ein paar Minuten. \",\t\t\t\t\t\t\r\n\t\t\t\t\t\t\t\t\t\t\t\t\t\t\r\n\t\t\t\t\t\t\t\r\n\t\t\t\t\t\t\t\t\t\t\t\t\t\t\t\t\"Zun\u00e4chst einen Kreis Baiser, dann eine Schicht Sahne und am Ende die Fr\u00fcchte verteilen, alles nochmal wiederholen und frische Fr\u00fcchte obenauf geben. Frisch genie\u00dfen, Baiser weicht schnell auf, sobald es mit Fl\u00fcssigkeit in Kontakt kommt.\"\t\t\t\t\t\t\r\n\t\t\t\t\t\t\t\t\t\t\t\t\t\t\r\n\t\t\t\t\t\t\t  ],\r\n\t\t\t  \t\t\t  \"recipeYield\": \"Je nach Gr\u00f6\u00dfe zwischen 2-3 Baiserschichten\"\t\t\t  \t\t\t}\r\n\t\t<\/script>\r\n\t\t\r\n\t<\/div>\r\n\t<\/span><\/p>\n<p><a href=\"https:\/\/i0.wp.com\/jennyisbaking.com\/wp-1c174-content\/uploads\/2018\/01\/DSC06533.jpg?ssl=1\"><img data-recalc-dims=\"1\" loading=\"lazy\" decoding=\"async\" data-attachment-id=\"13599\" data-permalink=\"https:\/\/jennyisbaking.com\/de\/2022\/07\/29\/merengon-aus-kolumbien\/dsc06533\/\" data-orig-file=\"https:\/\/i0.wp.com\/jennyisbaking.com\/wp-1c174-content\/uploads\/2018\/01\/DSC06533.jpg?fit=534%2C801&amp;ssl=1\" data-orig-size=\"534,801\" data-comments-opened=\"1\" data-image-meta=\"{&quot;aperture&quot;:&quot;4.5&quot;,&quot;credit&quot;:&quot;&quot;,&quot;camera&quot;:&quot;ILCE-7&quot;,&quot;caption&quot;:&quot;&quot;,&quot;created_timestamp&quot;:&quot;1658426110&quot;,&quot;copyright&quot;:&quot;&quot;,&quot;focal_length&quot;:&quot;50&quot;,&quot;iso&quot;:&quot;250&quot;,&quot;shutter_speed&quot;:&quot;0.01&quot;,&quot;title&quot;:&quot;&quot;,&quot;orientation&quot;:&quot;0&quot;}\" data-image-title=\"Merengon aus Kolumbien\" data-image-description=\"\" data-image-caption=\"\" data-large-file=\"https:\/\/i0.wp.com\/jennyisbaking.com\/wp-1c174-content\/uploads\/2018\/01\/DSC06533.jpg?fit=534%2C801&amp;ssl=1\" src=\"https:\/\/i0.wp.com\/jennyisbaking.com\/wp-1c174-content\/uploads\/2018\/01\/DSC06533.jpg?resize=534%2C801&#038;ssl=1\" class=\"aligncenter size-full wp-image-13599\" alt=\"Merengon aus Kolumbien\" width=\"534\" height=\"801\" srcset=\"https:\/\/i0.wp.com\/jennyisbaking.com\/wp-1c174-content\/uploads\/2018\/01\/DSC06533.jpg?w=534&amp;ssl=1 534w, https:\/\/i0.wp.com\/jennyisbaking.com\/wp-1c174-content\/uploads\/2018\/01\/DSC06533.jpg?resize=200%2C300&amp;ssl=1 200w\" sizes=\"auto, (max-width: 534px) 100vw, 534px\" \/><\/a><\/p>\n<p><\/p>","protected":false},"excerpt":{"rendered":"<p>Leider ist der Eintrag nur auf English verf\u00fcgbar.<\/p>\n","protected":false},"author":1,"featured_media":13598,"comment_status":"open","ping_status":"closed","sticky":false,"template":"","format":"standard","meta":{"jetpack_post_was_ever_published":false,"_jetpack_newsletter_access":"","_jetpack_dont_email_post_to_subs":false,"_jetpack_newsletter_tier_id":0,"_jetpack_memberships_contains_paywalled_content":false,"_jetpack_memberships_contains_paid_content":false,"footnotes":"","jetpack_publicize_message":"","jetpack_publicize_feature_enabled":true,"jetpack_social_post_already_shared":true,"jetpack_social_options":{"image_generator_settings":{"template":"highway","default_image_id":0,"font":"","enabled":false},"version":2}},"categories":[5,384,554,920,553],"tags":[16,614,615,655,616,618,70,71,617,2079,82,619],"class_list":["post-5041","post","type-post","status-publish","format-standard","has-post-thumbnail","hentry","category-dessert","category-dessertnachspeise","category-gfveganzuckerfrei","category-latin-american-recipes","category-special-diet","tag-baiser","tag-beeren","tag-berries","tag-fruchte","tag-fruchtig","tag-glutenfrei","tag-kolumbianisch","tag-kolumbien","tag-leichtes-dessert","tag-merengon-colombia","tag-meringue","tag-simple-dessert"],"yoast_head":"<!-- This site is optimized with the Yoast SEO plugin v27.4 - https:\/\/yoast.com\/product\/yoast-seo-wordpress\/ -->\n<title>Aus Kolumbien: Mereng\u00f3n mit Fr\u00fcchten - Jenny is baking<\/title>\n<meta name=\"robots\" content=\"index, follow, max-snippet:-1, max-image-preview:large, max-video-preview:-1\" \/>\n<link rel=\"canonical\" href=\"https:\/\/jennyisbaking.com\/de\/2022\/07\/29\/merengon-aus-kolumbien\/\" \/>\n<meta property=\"og:locale\" content=\"de_DE\" \/>\n<meta property=\"og:type\" content=\"article\" \/>\n<meta property=\"og:title\" content=\"Aus Kolumbien: Mereng\u00f3n mit Fr\u00fcchten - Jenny is baking\" \/>\n<meta property=\"og:description\" content=\"Leider ist der Eintrag nur auf English verf\u00fcgbar.\" \/>\n<meta property=\"og:url\" content=\"https:\/\/jennyisbaking.com\/de\/2022\/07\/29\/merengon-aus-kolumbien\/\" \/>\n<meta property=\"og:site_name\" content=\"Jenny is baking\" \/>\n<meta property=\"article:publisher\" content=\"https:\/\/www.facebook.com\/jennyisbaking\/\" \/>\n<meta property=\"article:author\" content=\"https:\/\/www.facebook.com\/jennyisbaking\/\" \/>\n<meta property=\"article:published_time\" content=\"2022-07-29T05:00:00+00:00\" \/>\n<meta property=\"article:modified_time\" content=\"2022-07-31T10:15:40+00:00\" \/>\n<meta property=\"og:image\" content=\"https:\/\/i0.wp.com\/jennyisbaking.com\/wp-1c174-content\/uploads\/2018\/01\/DSC06532.jpg?fit=534%2C801&ssl=1\" \/>\n\t<meta property=\"og:image:width\" content=\"534\" \/>\n\t<meta property=\"og:image:height\" content=\"801\" \/>\n\t<meta property=\"og:image:type\" content=\"image\/jpeg\" \/>\n<meta name=\"author\" content=\"Jenny\" \/>\n<meta name=\"twitter:card\" content=\"summary_large_image\" \/>\n<meta name=\"twitter:label1\" content=\"Verfasst von\" \/>\n\t<meta name=\"twitter:data1\" content=\"Jenny\" \/>\n\t<meta name=\"twitter:label2\" content=\"Gesch\u00e4tzte Lesezeit\" \/>\n\t<meta name=\"twitter:data2\" content=\"7\u00a0Minuten\" \/>\n<script type=\"application\/ld+json\" class=\"yoast-schema-graph\">{\"@context\":\"https:\\\/\\\/schema.org\",\"@graph\":[{\"@type\":\"Article\",\"@id\":\"https:\\\/\\\/jennyisbaking.com\\\/2022\\\/07\\\/29\\\/merengon-aus-kolumbien\\\/#article\",\"isPartOf\":{\"@id\":\"https:\\\/\\\/jennyisbaking.com\\\/2022\\\/07\\\/29\\\/merengon-aus-kolumbien\\\/\"},\"author\":{\"name\":\"Jenny\",\"@id\":\"https:\\\/\\\/jennyisbaking.com\\\/#\\\/schema\\\/person\\\/28a46859582cac5ac1ef7e065a17f77b\"},\"headline\":\"Aus Kolumbien: Mereng\u00f3n mit Fr\u00fcchten\",\"datePublished\":\"2022-07-29T05:00:00+00:00\",\"dateModified\":\"2022-07-31T10:15:40+00:00\",\"mainEntityOfPage\":{\"@id\":\"https:\\\/\\\/jennyisbaking.com\\\/2022\\\/07\\\/29\\\/merengon-aus-kolumbien\\\/\"},\"wordCount\":922,\"commentCount\":2,\"image\":{\"@id\":\"https:\\\/\\\/jennyisbaking.com\\\/2022\\\/07\\\/29\\\/merengon-aus-kolumbien\\\/#primaryimage\"},\"thumbnailUrl\":\"https:\\\/\\\/i0.wp.com\\\/jennyisbaking.com\\\/wp-1c174-content\\\/uploads\\\/2018\\\/01\\\/DSC06532.jpg?fit=534%2C801&ssl=1\",\"keywords\":[\"Baiser\",\"Beeren\",\"berries\",\"Fr\u00fcchte\",\"fruchtig\",\"glutenfrei\",\"kolumbianisch\",\"Kolumbien\",\"leichtes Dessert\",\"merengon. colombia\",\"meringue\",\"simple dessert\"],\"articleSection\":[\"Dessert\",\"Dessert\\\/Nachspeise\",\"GF\\\/vegan\\\/zuckerfrei\",\"Latin American Recipes\",\"Special Diet\"],\"inLanguage\":\"de\",\"potentialAction\":[{\"@type\":\"CommentAction\",\"name\":\"Comment\",\"target\":[\"https:\\\/\\\/jennyisbaking.com\\\/2022\\\/07\\\/29\\\/merengon-aus-kolumbien\\\/#respond\"]}]},{\"@type\":\"WebPage\",\"@id\":\"https:\\\/\\\/jennyisbaking.com\\\/de\\\/2022\\\/07\\\/29\\\/merengon-aus-kolumbien\\\/\",\"url\":\"https:\\\/\\\/jennyisbaking.com\\\/de\\\/2022\\\/07\\\/29\\\/merengon-aus-kolumbien\\\/\",\"name\":\"Aus Kolumbien: Mereng\u00f3n mit Fr\u00fcchten - Jenny is baking\",\"isPartOf\":{\"@id\":\"https:\\\/\\\/jennyisbaking.com\\\/de\\\/#website\"},\"primaryImageOfPage\":{\"@id\":\"https:\\\/\\\/jennyisbaking.com\\\/de\\\/2022\\\/07\\\/29\\\/merengon-aus-kolumbien\\\/#primaryimage\"},\"image\":{\"@id\":\"https:\\\/\\\/jennyisbaking.com\\\/2022\\\/07\\\/29\\\/merengon-aus-kolumbien\\\/#primaryimage\"},\"thumbnailUrl\":\"https:\\\/\\\/i0.wp.com\\\/jennyisbaking.com\\\/wp-1c174-content\\\/uploads\\\/2018\\\/01\\\/DSC06532.jpg?fit=534%2C801&ssl=1\",\"datePublished\":\"2022-07-29T05:00:00+00:00\",\"dateModified\":\"2022-07-31T10:15:40+00:00\",\"author\":{\"@id\":\"https:\\\/\\\/jennyisbaking.com\\\/#\\\/schema\\\/person\\\/28a46859582cac5ac1ef7e065a17f77b\"},\"breadcrumb\":{\"@id\":\"https:\\\/\\\/jennyisbaking.com\\\/de\\\/2022\\\/07\\\/29\\\/merengon-aus-kolumbien\\\/#breadcrumb\"},\"inLanguage\":\"de\",\"potentialAction\":[{\"@type\":\"ReadAction\",\"target\":[[\"https:\\\/\\\/jennyisbaking.com\\\/de\\\/2022\\\/07\\\/29\\\/merengon-aus-kolumbien\\\/\"]]}]},{\"@type\":\"ImageObject\",\"inLanguage\":\"de\",\"@id\":\"https:\\\/\\\/jennyisbaking.com\\\/de\\\/2022\\\/07\\\/29\\\/merengon-aus-kolumbien\\\/#primaryimage\",\"url\":\"https:\\\/\\\/i0.wp.com\\\/jennyisbaking.com\\\/wp-1c174-content\\\/uploads\\\/2018\\\/01\\\/DSC06532.jpg?fit=534%2C801&ssl=1\",\"contentUrl\":\"https:\\\/\\\/i0.wp.com\\\/jennyisbaking.com\\\/wp-1c174-content\\\/uploads\\\/2018\\\/01\\\/DSC06532.jpg?fit=534%2C801&ssl=1\",\"width\":534,\"height\":801,\"caption\":\"Merengon aus Kolumbien\"},{\"@type\":\"BreadcrumbList\",\"@id\":\"https:\\\/\\\/jennyisbaking.com\\\/de\\\/2022\\\/07\\\/29\\\/merengon-aus-kolumbien\\\/#breadcrumb\",\"itemListElement\":[{\"@type\":\"ListItem\",\"position\":1,\"name\":\"Startseite\",\"item\":\"https:\\\/\\\/jennyisbaking.com\\\/de\\\/\"},{\"@type\":\"ListItem\",\"position\":2,\"name\":\"From Colombia: Mereng\u00f3n with Fruits\"}]},{\"@type\":\"WebSite\",\"@id\":\"https:\\\/\\\/jennyisbaking.com\\\/de\\\/#website\",\"url\":\"https:\\\/\\\/jennyisbaking.com\\\/de\\\/\",\"name\":\"Jenny is baking\",\"description\":\"Backrezepte aus Nord- und S\u00fcdamerika\",\"potentialAction\":[{\"@type\":\"SearchAction\",\"target\":{\"@type\":\"EntryPoint\",\"urlTemplate\":\"https:\\\/\\\/jennyisbaking.com\\\/de\\\/?s={search_term_string}\"},\"query-input\":{\"@type\":\"PropertyValueSpecification\",\"valueRequired\":true,\"valueName\":\"search_term_string\"}}],\"inLanguage\":\"de\"},{\"@type\":\"Person\",\"@id\":\"https:\\\/\\\/jennyisbaking.com\\\/#\\\/schema\\\/person\\\/28a46859582cac5ac1ef7e065a17f77b\",\"name\":\"Jenny\",\"image\":{\"@type\":\"ImageObject\",\"inLanguage\":\"de\",\"@id\":\"https:\\\/\\\/secure.gravatar.com\\\/avatar\\\/23e81660a6279fbe7db0db01e9985036a8488f0100c3985867731ba2b4348089?s=96&d=mm&r=g\",\"url\":\"https:\\\/\\\/secure.gravatar.com\\\/avatar\\\/23e81660a6279fbe7db0db01e9985036a8488f0100c3985867731ba2b4348089?s=96&d=mm&r=g\",\"contentUrl\":\"https:\\\/\\\/secure.gravatar.com\\\/avatar\\\/23e81660a6279fbe7db0db01e9985036a8488f0100c3985867731ba2b4348089?s=96&d=mm&r=g\",\"caption\":\"Jenny\"},\"description\":\"Hi, ich hei\u00dfe Jenny, geb\u00fcrtig in Uruguay, als Kind in USA gelebt, nach dem Abi in Kanada und mit einem Kolumbianer verheiratet. Ich wohne im Moment in M\u00fcnchen, S\u00fcddeutschland. Auf meinem Blog finden sich meist s\u00fc\u00dfe Rezepte. Ich mag normalerweise einfache Sachen, die schnell gemacht sind, aber gleichzeitig was hermachen. Manchmal packt mich auch der Ehrgeiz und ich wage mich an kompliziertere Torten. Schau dir im Men\u00fc \u201eAlle Rezepte\u201c an f\u00fcr weitere Inspiration.\",\"sameAs\":[\"https:\\\/\\\/www.facebook.com\\\/jennyisbaking\\\/\",\"https:\\\/\\\/www.pinterest.de\\\/jennyisbaking\\\/\"]}]}<\/script>\n<!-- \/ Yoast SEO plugin. -->","yoast_head_json":{"title":"Aus Kolumbien: Mereng\u00f3n mit Fr\u00fcchten - Jenny is baking","robots":{"index":"index","follow":"follow","max-snippet":"max-snippet:-1","max-image-preview":"max-image-preview:large","max-video-preview":"max-video-preview:-1"},"canonical":"https:\/\/jennyisbaking.com\/de\/2022\/07\/29\/merengon-aus-kolumbien\/","og_locale":"de_DE","og_type":"article","og_title":"Aus Kolumbien: Mereng\u00f3n mit Fr\u00fcchten - Jenny is baking","og_description":"Leider ist der Eintrag nur auf English verf\u00fcgbar.","og_url":"https:\/\/jennyisbaking.com\/de\/2022\/07\/29\/merengon-aus-kolumbien\/","og_site_name":"Jenny is baking","article_publisher":"https:\/\/www.facebook.com\/jennyisbaking\/","article_author":"https:\/\/www.facebook.com\/jennyisbaking\/","article_published_time":"2022-07-29T05:00:00+00:00","article_modified_time":"2022-07-31T10:15:40+00:00","og_image":[{"width":534,"height":801,"url":"https:\/\/i0.wp.com\/jennyisbaking.com\/wp-1c174-content\/uploads\/2018\/01\/DSC06532.jpg?fit=534%2C801&ssl=1","type":"image\/jpeg"}],"author":"Jenny","twitter_card":"summary_large_image","twitter_misc":{"Verfasst von":"Jenny","Gesch\u00e4tzte Lesezeit":"7\u00a0Minuten"},"schema":{"@context":"https:\/\/schema.org","@graph":[{"@type":"Article","@id":"https:\/\/jennyisbaking.com\/2022\/07\/29\/merengon-aus-kolumbien\/#article","isPartOf":{"@id":"https:\/\/jennyisbaking.com\/2022\/07\/29\/merengon-aus-kolumbien\/"},"author":{"name":"Jenny","@id":"https:\/\/jennyisbaking.com\/#\/schema\/person\/28a46859582cac5ac1ef7e065a17f77b"},"headline":"Aus Kolumbien: Mereng\u00f3n mit Fr\u00fcchten","datePublished":"2022-07-29T05:00:00+00:00","dateModified":"2022-07-31T10:15:40+00:00","mainEntityOfPage":{"@id":"https:\/\/jennyisbaking.com\/2022\/07\/29\/merengon-aus-kolumbien\/"},"wordCount":922,"commentCount":2,"image":{"@id":"https:\/\/jennyisbaking.com\/2022\/07\/29\/merengon-aus-kolumbien\/#primaryimage"},"thumbnailUrl":"https:\/\/i0.wp.com\/jennyisbaking.com\/wp-1c174-content\/uploads\/2018\/01\/DSC06532.jpg?fit=534%2C801&ssl=1","keywords":["Baiser","Beeren","berries","Fr\u00fcchte","fruchtig","glutenfrei","kolumbianisch","Kolumbien","leichtes Dessert","merengon. colombia","meringue","simple dessert"],"articleSection":["Dessert","Dessert\/Nachspeise","GF\/vegan\/zuckerfrei","Latin American Recipes","Special Diet"],"inLanguage":"de","potentialAction":[{"@type":"CommentAction","name":"Comment","target":["https:\/\/jennyisbaking.com\/2022\/07\/29\/merengon-aus-kolumbien\/#respond"]}]},{"@type":"WebPage","@id":"https:\/\/jennyisbaking.com\/de\/2022\/07\/29\/merengon-aus-kolumbien\/","url":"https:\/\/jennyisbaking.com\/de\/2022\/07\/29\/merengon-aus-kolumbien\/","name":"Aus Kolumbien: Mereng\u00f3n mit Fr\u00fcchten - Jenny is baking","isPartOf":{"@id":"https:\/\/jennyisbaking.com\/de\/#website"},"primaryImageOfPage":{"@id":"https:\/\/jennyisbaking.com\/de\/2022\/07\/29\/merengon-aus-kolumbien\/#primaryimage"},"image":{"@id":"https:\/\/jennyisbaking.com\/2022\/07\/29\/merengon-aus-kolumbien\/#primaryimage"},"thumbnailUrl":"https:\/\/i0.wp.com\/jennyisbaking.com\/wp-1c174-content\/uploads\/2018\/01\/DSC06532.jpg?fit=534%2C801&ssl=1","datePublished":"2022-07-29T05:00:00+00:00","dateModified":"2022-07-31T10:15:40+00:00","author":{"@id":"https:\/\/jennyisbaking.com\/#\/schema\/person\/28a46859582cac5ac1ef7e065a17f77b"},"breadcrumb":{"@id":"https:\/\/jennyisbaking.com\/de\/2022\/07\/29\/merengon-aus-kolumbien\/#breadcrumb"},"inLanguage":"de","potentialAction":[{"@type":"ReadAction","target":[["https:\/\/jennyisbaking.com\/de\/2022\/07\/29\/merengon-aus-kolumbien\/"]]}]},{"@type":"ImageObject","inLanguage":"de","@id":"https:\/\/jennyisbaking.com\/de\/2022\/07\/29\/merengon-aus-kolumbien\/#primaryimage","url":"https:\/\/i0.wp.com\/jennyisbaking.com\/wp-1c174-content\/uploads\/2018\/01\/DSC06532.jpg?fit=534%2C801&ssl=1","contentUrl":"https:\/\/i0.wp.com\/jennyisbaking.com\/wp-1c174-content\/uploads\/2018\/01\/DSC06532.jpg?fit=534%2C801&ssl=1","width":534,"height":801,"caption":"Merengon aus Kolumbien"},{"@type":"BreadcrumbList","@id":"https:\/\/jennyisbaking.com\/de\/2022\/07\/29\/merengon-aus-kolumbien\/#breadcrumb","itemListElement":[{"@type":"ListItem","position":1,"name":"Startseite","item":"https:\/\/jennyisbaking.com\/de\/"},{"@type":"ListItem","position":2,"name":"From Colombia: Mereng\u00f3n with Fruits"}]},{"@type":"WebSite","@id":"https:\/\/jennyisbaking.com\/de\/#website","url":"https:\/\/jennyisbaking.com\/de\/","name":"Jenny is baking","description":"Backrezepte aus Nord- und S\u00fcdamerika","potentialAction":[{"@type":"SearchAction","target":{"@type":"EntryPoint","urlTemplate":"https:\/\/jennyisbaking.com\/de\/?s={search_term_string}"},"query-input":{"@type":"PropertyValueSpecification","valueRequired":true,"valueName":"search_term_string"}}],"inLanguage":"de"},{"@type":"Person","@id":"https:\/\/jennyisbaking.com\/#\/schema\/person\/28a46859582cac5ac1ef7e065a17f77b","name":"Jenny","image":{"@type":"ImageObject","inLanguage":"de","@id":"https:\/\/secure.gravatar.com\/avatar\/23e81660a6279fbe7db0db01e9985036a8488f0100c3985867731ba2b4348089?s=96&d=mm&r=g","url":"https:\/\/secure.gravatar.com\/avatar\/23e81660a6279fbe7db0db01e9985036a8488f0100c3985867731ba2b4348089?s=96&d=mm&r=g","contentUrl":"https:\/\/secure.gravatar.com\/avatar\/23e81660a6279fbe7db0db01e9985036a8488f0100c3985867731ba2b4348089?s=96&d=mm&r=g","caption":"Jenny"},"description":"Hi, ich hei\u00dfe Jenny, geb\u00fcrtig in Uruguay, als Kind in USA gelebt, nach dem Abi in Kanada und mit einem Kolumbianer verheiratet. Ich wohne im Moment in M\u00fcnchen, S\u00fcddeutschland. Auf meinem Blog finden sich meist s\u00fc\u00dfe Rezepte. Ich mag normalerweise einfache Sachen, die schnell gemacht sind, aber gleichzeitig was hermachen. Manchmal packt mich auch der Ehrgeiz und ich wage mich an kompliziertere Torten. Schau dir im Men\u00fc \u201eAlle Rezepte\u201c an f\u00fcr weitere Inspiration.","sameAs":["https:\/\/www.facebook.com\/jennyisbaking\/","https:\/\/www.pinterest.de\/jennyisbaking\/"]}]}},"jetpack_publicize_connections":[],"jetpack_featured_media_url":"https:\/\/i0.wp.com\/jennyisbaking.com\/wp-1c174-content\/uploads\/2018\/01\/DSC06532.jpg?fit=534%2C801&ssl=1","jetpack_sharing_enabled":true,"jetpack_shortlink":"https:\/\/wp.me\/p8MAhl-1jj","jetpack-related-posts":[{"id":13077,"url":"https:\/\/jennyisbaking.com\/de\/2022\/03\/18\/pavlova-mit-mango\/","url_meta":{"origin":5041,"position":0},"title":"Pavlova mit frischer Mangof\u00fcllung","author":"Jenny","date":"Freitag, der 18. M\u00e4rz 2022","format":false,"excerpt":"Pavlova, ein Baisernest mit Sahne und Mangof\u00fcllung, wer will? Heute stelle ich euch ein Rezept aus Neuseeland\/Australien vor, das sich mein Mann zu unserem Hochzeitstag gew\u00fcnscht hat. Es gibt ein relativ \u00e4hnliches Rezept aus Kolumbien, es wird mereng\u00f3n genannt und wird mit Beeren und Baiser gemacht. Nat\u00fcrlich gibt es ein\u2026","rel":"","context":"In &quot;Dessert&quot;","block_context":{"text":"Dessert","link":"https:\/\/jennyisbaking.com\/de\/category\/dessert\/"},"img":{"alt_text":"Pavlova mit Mango","src":"https:\/\/i0.wp.com\/jennyisbaking.com\/wp-1c174-content\/uploads\/2022\/03\/DSC05319.jpg?fit=534%2C801&ssl=1&resize=350%2C200","width":350,"height":200,"srcset":"https:\/\/i0.wp.com\/jennyisbaking.com\/wp-1c174-content\/uploads\/2022\/03\/DSC05319.jpg?fit=534%2C801&ssl=1&resize=350%2C200 1x, https:\/\/i0.wp.com\/jennyisbaking.com\/wp-1c174-content\/uploads\/2022\/03\/DSC05319.jpg?fit=534%2C801&ssl=1&resize=525%2C300 1.5x"},"classes":[]},{"id":10217,"url":"https:\/\/jennyisbaking.com\/de\/2020\/04\/03\/vegane-baisernester-zu-ostern\/","url_meta":{"origin":5041,"position":1},"title":"Vegane Baisernester zu Ostern","author":"Jenny","date":"Freitag, der  3. April 2020","format":false,"excerpt":"Ich wei\u00df ja nicht wie es euch geht, aber jetzt hei\u00dft es f\u00fcr mich deutlich mehr kochen als sonst. Also gab es einmal ein leckeres Kichererbsencurry, das gleich zwei Tage herhalte musste. Und da ich ja mittlerweile wei\u00df, dass man ganz toll Eischnee mit Kichererbsenwasser aufschlagen kann, gab es dann\u2026","rel":"","context":"In &quot;All Seasons&quot;","block_context":{"text":"All Seasons","link":"https:\/\/jennyisbaking.com\/de\/category\/all-seasons\/"},"img":{"alt_text":"Vegane Baisernester zu Ostern","src":"https:\/\/i0.wp.com\/jennyisbaking.com\/wp-1c174-content\/uploads\/2020\/03\/DSC08016.jpg?fit=534%2C801&ssl=1&resize=350%2C200","width":350,"height":200,"srcset":"https:\/\/i0.wp.com\/jennyisbaking.com\/wp-1c174-content\/uploads\/2020\/03\/DSC08016.jpg?fit=534%2C801&ssl=1&resize=350%2C200 1x, https:\/\/i0.wp.com\/jennyisbaking.com\/wp-1c174-content\/uploads\/2020\/03\/DSC08016.jpg?fit=534%2C801&ssl=1&resize=525%2C300 1.5x"},"classes":[]},{"id":10018,"url":"https:\/\/jennyisbaking.com\/de\/2020\/02\/29\/my-nine-favorite-colombian-dishes\/","url_meta":{"origin":5041,"position":2},"title":"Meine neun Lieblingsrezepte aus Kolumbien","author":"Jenny","date":"Samstag, der 29. Februar 2020","format":false,"excerpt":"Heute gibt es meine neun liebsten Rezepte aus Kolumbien, Hauptspeisen, Snacks, Nachspeisen, es ist alles dabei. Ich bin ja seit mittlerweile zehn Jahren mit einem Kolumbianer verheiratet, hatte das gro\u00dfe Gl\u00fcck auch schon mehrere Male in Kolumbien zu Besuch zu sein und habe entsprechend schon einiges \u00fcber die kolumbianische K\u00fcche\u2026","rel":"","context":"In &quot;All Seasons&quot;","block_context":{"text":"All Seasons","link":"https:\/\/jennyisbaking.com\/de\/category\/all-seasons\/"},"img":{"alt_text":"Meine neun Lieblingsrezepte aus Kolumbien","src":"https:\/\/i0.wp.com\/jennyisbaking.com\/wp-1c174-content\/uploads\/2020\/02\/IMG_7013_N.jpg?fit=534%2C801&ssl=1&resize=350%2C200","width":350,"height":200,"srcset":"https:\/\/i0.wp.com\/jennyisbaking.com\/wp-1c174-content\/uploads\/2020\/02\/IMG_7013_N.jpg?fit=534%2C801&ssl=1&resize=350%2C200 1x, https:\/\/i0.wp.com\/jennyisbaking.com\/wp-1c174-content\/uploads\/2020\/02\/IMG_7013_N.jpg?fit=534%2C801&ssl=1&resize=525%2C300 1.5x"},"classes":[]},{"id":2134,"url":"https:\/\/jennyisbaking.com\/de\/2017\/05\/26\/meringue-filled-with-lemon-curd\/","url_meta":{"origin":5041,"position":3},"title":"Baiser mit Zitronencreme, glutenfrei","author":"Jenny","date":"Freitag, der 26. Mai 2017","format":false,"excerpt":"Brauchst du Ideen, was du mit \u00fcbrig gebliebenen Eiwei\u00df anstellen sollst? Meine Antwort lautet: Baiser. Baiser ist sehr vielseitig einsetzbar und kann mit viel kombiniert werden, da es einen sehr milden Geschmack hat. Das beste ist, dass man eigentlich nur noch Zucker braucht, um guten Baiser zu machen. Deiner Phantasie\u2026","rel":"","context":"In &quot;Dessert&quot;","block_context":{"text":"Dessert","link":"https:\/\/jennyisbaking.com\/de\/category\/dessert\/"},"img":{"alt_text":"","src":"https:\/\/i0.wp.com\/jennyisbaking.com\/wp-1c174-content\/uploads\/2017\/04\/dsc00622.jpg?fit=561%2C760&ssl=1&resize=350%2C200","width":350,"height":200,"srcset":"https:\/\/i0.wp.com\/jennyisbaking.com\/wp-1c174-content\/uploads\/2017\/04\/dsc00622.jpg?fit=561%2C760&ssl=1&resize=350%2C200 1x, https:\/\/i0.wp.com\/jennyisbaking.com\/wp-1c174-content\/uploads\/2017\/04\/dsc00622.jpg?fit=561%2C760&ssl=1&resize=525%2C300 1.5x"},"classes":[]},{"id":2001,"url":"https:\/\/jennyisbaking.com\/de\/2017\/04\/05\/quick-easter-nests\/","url_meta":{"origin":5041,"position":4},"title":"Schnelle Osternester","author":"Jenny","date":"Mittwoch, der  5. April 2017","format":false,"excerpt":"Bist du auf der Suche nach einem schnellen Oster-Dessert? Dann ist Baiser die Antwort. Diese s\u00fc\u00dfen Nester sind in 15 Minuten vorbereitet und k\u00f6nnen schon weit im Voraus gemacht werden, wenn luftdicht verpackt. Nat\u00fcrlich ist Baiser nicht nur zu Ostern gut, mit Fr\u00fcchten und einem Klecks Sahne oder Frischk\u00e4se ist\u2026","rel":"","context":"In &quot;All Seasons&quot;","block_context":{"text":"All Seasons","link":"https:\/\/jennyisbaking.com\/de\/category\/all-seasons\/"},"img":{"alt_text":"","src":"https:\/\/i0.wp.com\/jennyisbaking.com\/wp-1c174-content\/uploads\/2017\/04\/dsc00488.jpg?fit=900%2C600&ssl=1&resize=350%2C200","width":350,"height":200,"srcset":"https:\/\/i0.wp.com\/jennyisbaking.com\/wp-1c174-content\/uploads\/2017\/04\/dsc00488.jpg?fit=900%2C600&ssl=1&resize=350%2C200 1x, https:\/\/i0.wp.com\/jennyisbaking.com\/wp-1c174-content\/uploads\/2017\/04\/dsc00488.jpg?fit=900%2C600&ssl=1&resize=525%2C300 1.5x, https:\/\/i0.wp.com\/jennyisbaking.com\/wp-1c174-content\/uploads\/2017\/04\/dsc00488.jpg?fit=900%2C600&ssl=1&resize=700%2C400 2x"},"classes":[]},{"id":16158,"url":"https:\/\/jennyisbaking.com\/de\/2024\/06\/08\/isla-flotante-glutenfreies-baiser-dessert\/","url_meta":{"origin":5041,"position":5},"title":"Isla flotante &#8211; eine fluffige Baiser-Wolke aus drei Zutaten","author":"Jenny","date":"Samstag, der  8. Juni 2024","format":false,"excerpt":"Wenn du diese fluffige Baiser-Wolke bestehend aus Eiwei\u00df, Zucker und Vanille essen m\u00f6chtest, dann bist du hier richtig. Isla flotante, also auf Deutsch \"schwebende Insel\", stammt aus Lateinamerika und ist ein Dessert, das aus wenigen Zutaten besteht und bei Z\u00f6liakie perfekt ist, da wir keinerlei Mehl brauchen. Im Endeffekt wird\u2026","rel":"","context":"In &quot;Cakes&quot;","block_context":{"text":"Cakes","link":"https:\/\/jennyisbaking.com\/de\/category\/cakes\/"},"img":{"alt_text":"","src":"https:\/\/i0.wp.com\/jennyisbaking.com\/wp-1c174-content\/uploads\/2024\/03\/Isla-flotante.jpg?fit=534%2C801&ssl=1&resize=350%2C200","width":350,"height":200,"srcset":"https:\/\/i0.wp.com\/jennyisbaking.com\/wp-1c174-content\/uploads\/2024\/03\/Isla-flotante.jpg?fit=534%2C801&ssl=1&resize=350%2C200 1x, https:\/\/i0.wp.com\/jennyisbaking.com\/wp-1c174-content\/uploads\/2024\/03\/Isla-flotante.jpg?fit=534%2C801&ssl=1&resize=525%2C300 1.5x"},"classes":[]}],"_links":{"self":[{"href":"https:\/\/jennyisbaking.com\/de\/wp-json\/wp\/v2\/posts\/5041","targetHints":{"allow":["GET"]}}],"collection":[{"href":"https:\/\/jennyisbaking.com\/de\/wp-json\/wp\/v2\/posts"}],"about":[{"href":"https:\/\/jennyisbaking.com\/de\/wp-json\/wp\/v2\/types\/post"}],"author":[{"embeddable":true,"href":"https:\/\/jennyisbaking.com\/de\/wp-json\/wp\/v2\/users\/1"}],"replies":[{"embeddable":true,"href":"https:\/\/jennyisbaking.com\/de\/wp-json\/wp\/v2\/comments?post=5041"}],"version-history":[{"count":26,"href":"https:\/\/jennyisbaking.com\/de\/wp-json\/wp\/v2\/posts\/5041\/revisions"}],"predecessor-version":[{"id":13608,"href":"https:\/\/jennyisbaking.com\/de\/wp-json\/wp\/v2\/posts\/5041\/revisions\/13608"}],"wp:featuredmedia":[{"embeddable":true,"href":"https:\/\/jennyisbaking.com\/de\/wp-json\/wp\/v2\/media\/13598"}],"wp:attachment":[{"href":"https:\/\/jennyisbaking.com\/de\/wp-json\/wp\/v2\/media?parent=5041"}],"wp:term":[{"taxonomy":"category","embeddable":true,"href":"https:\/\/jennyisbaking.com\/de\/wp-json\/wp\/v2\/categories?post=5041"},{"taxonomy":"post_tag","embeddable":true,"href":"https:\/\/jennyisbaking.com\/de\/wp-json\/wp\/v2\/tags?post=5041"}],"curies":[{"name":"wp","href":"https:\/\/api.w.org\/{rel}","templated":true}]}}