{"id":6379,"date":"2018-09-28T07:00:32","date_gmt":"2018-09-28T05:00:32","guid":{"rendered":"http:\/\/jennyisbaking.com\/?p=6379"},"modified":"2026-03-22T08:59:37","modified_gmt":"2026-03-22T07:59:37","slug":"sachertorte-austrias-most-famous-chocolate-cake","status":"publish","type":"post","link":"https:\/\/jennyisbaking.com\/de\/2018\/09\/28\/sachertorte-austrias-most-famous-chocolate-cake\/","title":{"rendered":"Sachertorte, \u00d6sterreichs ber\u00fchmteste Schokotorte"},"content":{"rendered":"<p>Schokolade gab es schon viel zu lange nicht mehr auf meinem Blog, deshalb gibt es heute Sachertorte! Schon mal von diesem Schokokuchen geh\u00f6rt? Urspr\u00fcnglich aus Wien, \u00d6sterreich mit ganz viel Butter, Eiern (10 St\u00fcck!) und nat\u00fcrlich Schokolade. Hier wird nicht lange gefackelt und langweiliger Kakao genommen, nein hier nimmt man gleich richtig gute Schokolade. Mit diesen wundervollen Zutaten macht man gehaltvollen Schokoladenteig. Der wird dann mit Aprikosenmarmelade zusammengehalten, mmmmmmh, so lecker.<\/p>\n<p><a href=\"https:\/\/i0.wp.com\/jennyisbaking.com\/wp-1c174-content\/uploads\/2018\/06\/DSC00219.jpg\"><img data-recalc-dims=\"1\" loading=\"lazy\" decoding=\"async\" data-attachment-id=\"6391\" data-permalink=\"https:\/\/jennyisbaking.com\/de\/2018\/09\/28\/sachertorte-austrias-most-famous-chocolate-cake\/dsc00219\/\" data-orig-file=\"https:\/\/i0.wp.com\/jennyisbaking.com\/wp-1c174-content\/uploads\/2018\/06\/DSC00219.jpg?fit=534%2C801&amp;ssl=1\" data-orig-size=\"534,801\" data-comments-opened=\"1\" data-image-meta=\"{&quot;aperture&quot;:&quot;4.5&quot;,&quot;credit&quot;:&quot;&quot;,&quot;camera&quot;:&quot;NEX-7&quot;,&quot;caption&quot;:&quot;&quot;,&quot;created_timestamp&quot;:&quot;1529768445&quot;,&quot;copyright&quot;:&quot;&quot;,&quot;focal_length&quot;:&quot;50&quot;,&quot;iso&quot;:&quot;200&quot;,&quot;shutter_speed&quot;:&quot;0.02&quot;,&quot;title&quot;:&quot;&quot;,&quot;orientation&quot;:&quot;1&quot;}\" data-image-title=\"Sachertorte\" data-image-description=\"\" data-image-caption=\"\" data-large-file=\"https:\/\/i0.wp.com\/jennyisbaking.com\/wp-1c174-content\/uploads\/2018\/06\/DSC00219.jpg?fit=534%2C801&amp;ssl=1\" class=\"aligncenter size-full wp-image-6391\" src=\"https:\/\/i0.wp.com\/jennyisbaking.com\/wp-1c174-content\/uploads\/2018\/06\/DSC00219.jpg?resize=534%2C801\" alt=\"Sachertorte\" width=\"534\" height=\"801\" srcset=\"https:\/\/i0.wp.com\/jennyisbaking.com\/wp-1c174-content\/uploads\/2018\/06\/DSC00219.jpg?w=534&amp;ssl=1 534w, https:\/\/i0.wp.com\/jennyisbaking.com\/wp-1c174-content\/uploads\/2018\/06\/DSC00219.jpg?resize=200%2C300&amp;ssl=1 200w\" sizes=\"auto, (max-width: 534px) 100vw, 534px\" \/><\/a>Ich habe das gro\u00dfe Gl\u00fcck gehabt Sachertorte in \u00d6sterreich essen zu d\u00fcrfen, sogar direkt in Wien, aber ich muss gestehen, dort hat sie mir irgendwie nicht so richtig geschmeckt. Daf\u00fcr dann aber in Salzburg, da hat sie ganz wunderbar gemundet. Das Bild unten ist eines meiner allerersten Bilder meiner jetzigen Kamera, der Sony Nex7. Wenn du mehr zum Thema Food-Fotografie erfahren m\u00f6chtest, <a href=\"http:\/\/jennyisbaking.com\/de\/photography-tips\/\" target=\"_blank\" rel=\"noopener noreferrer\">schau dir diese Beitr\u00e4ge an<\/a>. Schaut schon mal super aus, oder? Kein Wunder, dass \u00d6sterreich erfolgreich Sachertorte in alle Welt exportiert, so eine gehaltsvolle Schokotorte, die muss einfach nur gut sein. Und das Tolle, wenn sie die M\u00f6glichkeit hat durchzuziehen, wird sie noch besser. Dadurch, dass man sie mit Aprikosenmarmelade einpinselt und mit einer dicken Schokoglasur \u00fcbergie\u00dft, ist sie gut haltbar. Denn wenn schon Schokolade, dann so eine richtige Ladung, oder?<a href=\"https:\/\/i0.wp.com\/jennyisbaking.com\/wp-1c174-content\/uploads\/2018\/06\/DSC00839.jpg\"><img data-recalc-dims=\"1\" loading=\"lazy\" decoding=\"async\" data-attachment-id=\"6396\" data-permalink=\"https:\/\/jennyisbaking.com\/de\/2018\/09\/28\/sachertorte-austrias-most-famous-chocolate-cake\/dsc00839\/\" data-orig-file=\"https:\/\/i0.wp.com\/jennyisbaking.com\/wp-1c174-content\/uploads\/2018\/06\/DSC00839.jpg?fit=801%2C534&amp;ssl=1\" data-orig-size=\"801,534\" data-comments-opened=\"1\" data-image-meta=\"{&quot;aperture&quot;:&quot;4&quot;,&quot;credit&quot;:&quot;&quot;,&quot;camera&quot;:&quot;NEX-7&quot;,&quot;caption&quot;:&quot;&quot;,&quot;created_timestamp&quot;:&quot;1397820291&quot;,&quot;copyright&quot;:&quot;&quot;,&quot;focal_length&quot;:&quot;27&quot;,&quot;iso&quot;:&quot;320&quot;,&quot;shutter_speed&quot;:&quot;0.00625&quot;,&quot;title&quot;:&quot;&quot;,&quot;orientation&quot;:&quot;1&quot;}\" data-image-title=\"Sachertorte\" data-image-description=\"\" data-image-caption=\"\" data-large-file=\"https:\/\/i0.wp.com\/jennyisbaking.com\/wp-1c174-content\/uploads\/2018\/06\/DSC00839.jpg?fit=801%2C534&amp;ssl=1\" class=\"aligncenter size-full wp-image-6396\" src=\"https:\/\/i0.wp.com\/jennyisbaking.com\/wp-1c174-content\/uploads\/2018\/06\/DSC00839.jpg?resize=801%2C534\" alt=\"Sachertorte\" width=\"801\" height=\"534\" srcset=\"https:\/\/i0.wp.com\/jennyisbaking.com\/wp-1c174-content\/uploads\/2018\/06\/DSC00839.jpg?w=801&amp;ssl=1 801w, https:\/\/i0.wp.com\/jennyisbaking.com\/wp-1c174-content\/uploads\/2018\/06\/DSC00839.jpg?resize=300%2C200&amp;ssl=1 300w, https:\/\/i0.wp.com\/jennyisbaking.com\/wp-1c174-content\/uploads\/2018\/06\/DSC00839.jpg?resize=768%2C512&amp;ssl=1 768w\" sizes=\"auto, (max-width: 801px) 100vw, 801px\" \/><\/a><!--more-->Nat\u00fcrlich musste ich einige Rezepte ausprobieren bis ich endlich zufrieden war. Das unten stehende Rezept stammt von einem \u00d6sterreicher, wahrscheinlich auch der Grund, warum es so lecker ist. Als Vorwarnung, es enth\u00e4lt 10 Eier, aber abgesehen davon gar nicht so viele weitere Zutaten. Ich konnte damit gut zwei 23er Springformen f\u00fcllen, die Torte wird also sehr hoch, 8-9cm habe ich am Ende gemessen, das ist schon ganz sch\u00f6n stattlich!<\/p>\n<div class=\"tiled-gallery type-rectangular tiled-gallery-unresized\" data-original-width=\"1080\" data-carousel-extra='{&quot;blog_id&quot;:1,&quot;permalink&quot;:&quot;https:\\\/\\\/jennyisbaking.com\\\/de\\\/2025\\\/02\\\/07\\\/fudgy-brownies-rezept\\\/&quot;,&quot;likes_blog_id&quot;:129789891}' itemscope itemtype=\"http:\/\/schema.org\/ImageGallery\" > <div class=\"gallery-row\" style=\"width: 1080px; height: 381px;\" data-original-width=\"1080\" data-original-height=\"381\" > <div class=\"gallery-group images-1\" style=\"width: 256px; height: 381px;\" data-original-width=\"256\" data-original-height=\"381\" > <div class=\"tiled-gallery-item tiled-gallery-item-large\" itemprop=\"associatedMedia\" itemscope itemtype=\"http:\/\/schema.org\/ImageObject\"> <a href=\"https:\/\/jennyisbaking.com\/de\/2018\/09\/28\/sachertorte-austrias-most-famous-chocolate-cake\/dsc00188\/\" border=\"0\" itemprop=\"url\"> <meta itemprop=\"width\" content=\"252\"> <meta itemprop=\"height\" content=\"377\"> <img decoding=\"async\" class=\"\" data-attachment-id=\"6387\" data-orig-file=\"https:\/\/jennyisbaking.com\/wp-1c174-content\/uploads\/2018\/06\/DSC00188.jpg\" data-orig-size=\"534,801\" data-comments-opened=\"1\" data-image-meta=\"{&quot;aperture&quot;:&quot;4.5&quot;,&quot;credit&quot;:&quot;&quot;,&quot;camera&quot;:&quot;NEX-7&quot;,&quot;caption&quot;:&quot;&quot;,&quot;created_timestamp&quot;:&quot;1529752085&quot;,&quot;copyright&quot;:&quot;&quot;,&quot;focal_length&quot;:&quot;50&quot;,&quot;iso&quot;:&quot;200&quot;,&quot;shutter_speed&quot;:&quot;0.066666666666667&quot;,&quot;title&quot;:&quot;&quot;,&quot;orientation&quot;:&quot;1&quot;}\" data-image-title=\"Sachertorte\" data-image-description=\"\" data-medium-file=\"https:\/\/i0.wp.com\/jennyisbaking.com\/wp-1c174-content\/uploads\/2018\/06\/DSC00188.jpg?fit=200%2C300&#038;ssl=1\" data-large-file=\"https:\/\/i0.wp.com\/jennyisbaking.com\/wp-1c174-content\/uploads\/2018\/06\/DSC00188.jpg?fit=534%2C801&#038;ssl=1\" src=\"https:\/\/i0.wp.com\/jennyisbaking.com\/wp-1c174-content\/uploads\/2018\/06\/DSC00188.jpg?w=252&#038;h=377&#038;ssl=1\" srcset=\"https:\/\/i0.wp.com\/jennyisbaking.com\/wp-1c174-content\/uploads\/2018\/06\/DSC00188.jpg?w=534&amp;ssl=1 534w, https:\/\/i0.wp.com\/jennyisbaking.com\/wp-1c174-content\/uploads\/2018\/06\/DSC00188.jpg?resize=200%2C300&amp;ssl=1 200w\" width=\"252\" height=\"377\" loading=\"lazy\" data-original-width=\"252\" data-original-height=\"377\" itemprop=\"http:\/\/schema.org\/image\" title=\"Sachertorte\" alt=\"Sachertorte\" style=\"width: 252px; height: 377px;\" \/> <\/a> <\/div> <\/div> <!-- close group --> <div class=\"gallery-group images-1\" style=\"width: 255px; height: 381px;\" data-original-width=\"255\" data-original-height=\"381\" > <div class=\"tiled-gallery-item tiled-gallery-item-large\" itemprop=\"associatedMedia\" itemscope itemtype=\"http:\/\/schema.org\/ImageObject\"> <a href=\"https:\/\/jennyisbaking.com\/de\/2018\/09\/28\/sachertorte-austrias-most-famous-chocolate-cake\/dsc00193\/\" border=\"0\" itemprop=\"url\"> <meta itemprop=\"width\" content=\"251\"> <meta itemprop=\"height\" content=\"377\"> <img decoding=\"async\" class=\"\" data-attachment-id=\"6388\" data-orig-file=\"https:\/\/jennyisbaking.com\/wp-1c174-content\/uploads\/2018\/06\/DSC00193.jpg\" data-orig-size=\"534,801\" data-comments-opened=\"1\" data-image-meta=\"{&quot;aperture&quot;:&quot;4.5&quot;,&quot;credit&quot;:&quot;&quot;,&quot;camera&quot;:&quot;NEX-7&quot;,&quot;caption&quot;:&quot;&quot;,&quot;created_timestamp&quot;:&quot;1529752986&quot;,&quot;copyright&quot;:&quot;&quot;,&quot;focal_length&quot;:&quot;50&quot;,&quot;iso&quot;:&quot;200&quot;,&quot;shutter_speed&quot;:&quot;0.066666666666667&quot;,&quot;title&quot;:&quot;&quot;,&quot;orientation&quot;:&quot;1&quot;}\" data-image-title=\"Sachertorte\" data-image-description=\"\" data-medium-file=\"https:\/\/i0.wp.com\/jennyisbaking.com\/wp-1c174-content\/uploads\/2018\/06\/DSC00193.jpg?fit=200%2C300&#038;ssl=1\" data-large-file=\"https:\/\/i0.wp.com\/jennyisbaking.com\/wp-1c174-content\/uploads\/2018\/06\/DSC00193.jpg?fit=534%2C801&#038;ssl=1\" src=\"https:\/\/i0.wp.com\/jennyisbaking.com\/wp-1c174-content\/uploads\/2018\/06\/DSC00193.jpg?w=251&#038;h=377&#038;ssl=1\" srcset=\"https:\/\/i0.wp.com\/jennyisbaking.com\/wp-1c174-content\/uploads\/2018\/06\/DSC00193.jpg?w=534&amp;ssl=1 534w, https:\/\/i0.wp.com\/jennyisbaking.com\/wp-1c174-content\/uploads\/2018\/06\/DSC00193.jpg?resize=200%2C300&amp;ssl=1 200w\" width=\"251\" height=\"377\" loading=\"lazy\" data-original-width=\"251\" data-original-height=\"377\" itemprop=\"http:\/\/schema.org\/image\" title=\"Sachertorte\" alt=\"Sachertorte\" style=\"width: 251px; height: 377px;\" \/> <\/a> <\/div> <\/div> <!-- close group --> <div class=\"gallery-group images-1\" style=\"width: 569px; height: 381px;\" data-original-width=\"569\" data-original-height=\"381\" > <div class=\"tiled-gallery-item tiled-gallery-item-large\" itemprop=\"associatedMedia\" itemscope itemtype=\"http:\/\/schema.org\/ImageObject\"> <a href=\"https:\/\/jennyisbaking.com\/de\/2018\/09\/28\/sachertorte-austrias-most-famous-chocolate-cake\/dsc00200\/\" border=\"0\" itemprop=\"url\"> <meta itemprop=\"width\" content=\"565\"> <meta itemprop=\"height\" content=\"377\"> <img decoding=\"async\" class=\"\" data-attachment-id=\"6389\" data-orig-file=\"https:\/\/jennyisbaking.com\/wp-1c174-content\/uploads\/2018\/06\/DSC00200.jpg\" data-orig-size=\"800,534\" data-comments-opened=\"1\" data-image-meta=\"{&quot;aperture&quot;:&quot;4.5&quot;,&quot;credit&quot;:&quot;&quot;,&quot;camera&quot;:&quot;NEX-7&quot;,&quot;caption&quot;:&quot;&quot;,&quot;created_timestamp&quot;:&quot;1529759143&quot;,&quot;copyright&quot;:&quot;&quot;,&quot;focal_length&quot;:&quot;50&quot;,&quot;iso&quot;:&quot;200&quot;,&quot;shutter_speed&quot;:&quot;0.066666666666667&quot;,&quot;title&quot;:&quot;&quot;,&quot;orientation&quot;:&quot;1&quot;}\" data-image-title=\"Sachertorte\" data-image-description=\"\" data-medium-file=\"https:\/\/i0.wp.com\/jennyisbaking.com\/wp-1c174-content\/uploads\/2018\/06\/DSC00200.jpg?fit=300%2C200&#038;ssl=1\" data-large-file=\"https:\/\/i0.wp.com\/jennyisbaking.com\/wp-1c174-content\/uploads\/2018\/06\/DSC00200.jpg?fit=800%2C534&#038;ssl=1\" src=\"https:\/\/i0.wp.com\/jennyisbaking.com\/wp-1c174-content\/uploads\/2018\/06\/DSC00200.jpg?w=565&#038;h=377&#038;ssl=1\" srcset=\"https:\/\/i0.wp.com\/jennyisbaking.com\/wp-1c174-content\/uploads\/2018\/06\/DSC00200.jpg?w=800&amp;ssl=1 800w, https:\/\/i0.wp.com\/jennyisbaking.com\/wp-1c174-content\/uploads\/2018\/06\/DSC00200.jpg?resize=300%2C200&amp;ssl=1 300w, https:\/\/i0.wp.com\/jennyisbaking.com\/wp-1c174-content\/uploads\/2018\/06\/DSC00200.jpg?resize=768%2C513&amp;ssl=1 768w\" width=\"565\" height=\"377\" loading=\"lazy\" data-original-width=\"565\" data-original-height=\"377\" itemprop=\"http:\/\/schema.org\/image\" title=\"Sachertorte\" alt=\"Sachertorte\" style=\"width: 565px; height: 377px;\" \/> <\/a> <\/div> <\/div> <!-- close group --> <\/div> <!-- close row --> <\/div>\n<p>Wie sieht&#8217;s aus, habe ich dich auf den Geschmack gebracht?<\/p>\n<p><a href=\"https:\/\/i0.wp.com\/jennyisbaking.com\/wp-1c174-content\/uploads\/2018\/06\/DSC00266.jpg\"><img data-recalc-dims=\"1\" loading=\"lazy\" decoding=\"async\" data-attachment-id=\"6395\" data-permalink=\"https:\/\/jennyisbaking.com\/de\/2018\/09\/28\/sachertorte-austrias-most-famous-chocolate-cake\/dsc00266\/\" data-orig-file=\"https:\/\/i0.wp.com\/jennyisbaking.com\/wp-1c174-content\/uploads\/2018\/06\/DSC00266.jpg?fit=534%2C801&amp;ssl=1\" data-orig-size=\"534,801\" data-comments-opened=\"1\" data-image-meta=\"{&quot;aperture&quot;:&quot;4.5&quot;,&quot;credit&quot;:&quot;&quot;,&quot;camera&quot;:&quot;NEX-7&quot;,&quot;caption&quot;:&quot;&quot;,&quot;created_timestamp&quot;:&quot;1529769747&quot;,&quot;copyright&quot;:&quot;&quot;,&quot;focal_length&quot;:&quot;50&quot;,&quot;iso&quot;:&quot;200&quot;,&quot;shutter_speed&quot;:&quot;0.033333333333333&quot;,&quot;title&quot;:&quot;&quot;,&quot;orientation&quot;:&quot;1&quot;}\" data-image-title=\"Sachertorte\" data-image-description=\"\" data-image-caption=\"\" data-large-file=\"https:\/\/i0.wp.com\/jennyisbaking.com\/wp-1c174-content\/uploads\/2018\/06\/DSC00266.jpg?fit=534%2C801&amp;ssl=1\" class=\"aligncenter size-full wp-image-6395\" src=\"https:\/\/i0.wp.com\/jennyisbaking.com\/wp-1c174-content\/uploads\/2018\/06\/DSC00266.jpg?resize=534%2C801\" alt=\"Sachertorte\" width=\"534\" height=\"801\" srcset=\"https:\/\/i0.wp.com\/jennyisbaking.com\/wp-1c174-content\/uploads\/2018\/06\/DSC00266.jpg?w=534&amp;ssl=1 534w, https:\/\/i0.wp.com\/jennyisbaking.com\/wp-1c174-content\/uploads\/2018\/06\/DSC00266.jpg?resize=200%2C300&amp;ssl=1 200w\" sizes=\"auto, (max-width: 534px) 100vw, 534px\" \/><\/a>Ursprung: <a href=\"https:\/\/www.mannbackt.de\/2014\/05\/18\/sachertorte-1521\/\" target=\"_blank\" rel=\"noopener noreferrer\">Mann backt<\/a><\/p>\n<p><span class=\"sp_shortcode\">\t<div id=\"recipe\"><\/div>\r\n\t<div class=\"sp-recipe\" id=\"printthis\">\r\n\t\t\r\n\t\t<div class=\"recipe-overview\">\r\n\t\t\t\r\n\t\t\t<div class=\"recipe-image\">\r\n\t\t\t\t\t\t\t\t\t\t\t\t<img data-recalc-dims=\"1\" decoding=\"async\" src=\"https:\/\/i0.wp.com\/jennyisbaking.com\/wp-1c174-content\/uploads\/2025\/02\/Fudgy-Brownies-Rezept.jpg?w=1080&#038;ssl=1\">\t\t\t\t\t\t\t\t\t\t\t\t\t<a href=\"#\" onclick=\"jQuery('#printthis').print()\" class=\"sp-print\"><i class=\"fa fas fa-print\"><\/i> Print Recipe<\/a>\r\n\t\t\t\t\t\t\t<\/div>\r\n\t\t\t\r\n\t\t\t<div class=\"recipe-header\">\r\n\t\t\t\r\n\t\t\t\t<div class=\"recipe-title-header\">\r\n\t\t\t\t\r\n\t\t\t\t\t\t\t\t\t\t\t<h2>Fudgy Brownies<\/h2>\r\n\t\t\t\t\t\t\t\t\t\t\t\t\t\t\r\n\t\t\t\t<\/div>\r\n\t\t\t\r\n\t\t\t\t\t\t\t\t<div class=\"recipe-meta\">\r\n\t\t\t\t\t\r\n\t\t\t\t\t<div class=\"meta-row\">\r\n\t\t\t\t\t\t\r\n\t\t\t\t\t\t\t\t\t\t\t\t\r\n\t\t\t\t\t\t\t\t\t\t\t\t\t\t\t\t\t\t\t\t\t\t\t\r\n\t\t\t\t\t<\/div>\r\n\t\t\t\t\t\r\n\t\t\t\t\t<div class=\"meta-row\">\r\n\t\t\t\t\t\t\r\n\t\t\t\t\t\t<i class=\"far fa-user\"><\/i>\t\t\t\t\t\t\r\n\t\t\t\t\t\t\t\t\t\t\t\t\t\t\t\t\t\t<span class=\"recipe-meta-item\">Serves: Eine 20x20cm Backform<\/span>\t\t\t\t\t\r\n\t\t\t\t\t<\/div>\r\n\t\t\t\t\t\r\n\t\t\t\t\t<div class=\"meta-row\">\r\n\t\t\t\t\t\r\n\t\t\t\t\t\t<i class=\"far fa-clock\"><\/i> \r\n\t\t\t\t\t\t\r\n\t\t\t\t\t\t\t\t\t\t\t\t\t\t\t\t\t\t<span class=\"recipe-meta-item\">Prep Time: 20min<\/span>\r\n\t\t\t\t\t\t\t\t\t\t\t\t\r\n\t\t\t\t\t\t<span class=\"separator\">&#8211;<\/span>\t\t\t\t\t\t\r\n\t\t\t\t\t\t\t\t\t\t\t\t\t\t\t\t\t\t<span class=\"recipe-meta-item\">Cooking Time: 30min<\/span>\r\n\t\t\t\t\t\t\t\t\t\t\t\t\r\n\t\t\t\t\t\t<span class=\"separator\">&#8211;<\/span>\t\t\t\t\t\t\r\n\t\t\t\t\t\t\t\t\t\t\t\t\t\t\t\t\t\t<span class=\"recipe-meta-item\">Total Time: 40min<\/span>\r\n\t\t\t\t\t\t\t\t\t\t\t\t\r\n\t\t\t\t\t<\/div>\r\n\t\t\t\r\n\t\t\t\t<\/div>\r\n\t\t\t\t\t\t\t\t\r\n\t\t\t\t\t\t\t\t\t<div class=\"sep-line\"><\/div>\r\n\t\t\t\t\t<div class=\"recipe-description\"><p>Diese fudgy Brownies bekommen ihre gl\u00e4zende Oberfl\u00e4che durch das Aufschlagen der Eier mit dem Zucker. Sie werden besonders schmelzend durch die Verwendung von Schokolade.<\/p><\/div>\r\n\t\t\t\t\t\t\t\r\n\t\t\t<\/div>\r\n\t\t\t\r\n\t\t<\/div>\r\n\t\t\t\r\n\t\t\t\t<div class=\"recipe-ingredients\">\r\n\t\t\t\t\t\t\t\r\n\t\t\t<h3 class=\"recipe-title\">Ingredients<\/h3>\r\n\t\t\t\r\n\t\t\t<ul>\r\n\t\t\t\t\t\t\t\t\t\t\t\t\t\t\t\t\t\t\t<li><span>180g Zartbitterschokolade<\/span><\/li>\r\n\t\t\t\t\t\t\t\t\t\t\t\t\t\t\t\t\t\t\t\t\t\t\t\t\t\t\t\t<li><span>180g Butter<\/span><\/li>\r\n\t\t\t\t\t\t\t\t\t\t\t\t\t\t\t\t\t\t\t\t\t\t\t\t\t\t\t\t<li><span>Optional: 100g Waln\u00fcsse (ggf. Schokotropfen oder komplett weglassen)<\/span><\/li>\r\n\t\t\t\t\t\t\t\t\t\t\t\t\t\t\t\t\t\t\t\t\t\t\t\t\t\t\t\t<li><span>200g wei\u00dfer Zucker<\/span><\/li>\r\n\t\t\t\t\t\t\t\t\t\t\t\t\t\t\t\t\t\t\t\t\t\t\t\t\t\t\t\t<li><span>3 Eier<\/span><\/li>\r\n\t\t\t\t\t\t\t\t\t\t\t\t\t\t\t\t\t\t\t\t\t\t\t\t\t\t\t\t<li><span>85g Mehl, Type 405<\/span><\/li>\r\n\t\t\t\t\t\t\t\t\t\t\t\t\t\t\t\t\t\t\t\t\t\t\t\t\t\t\t\t<li><span>40g Backkakao<\/span><\/li>\r\n\t\t\t\t\t\t\t\t\t\t\t\t\t\t\t\t\t\t\t\t\t\t\t\t\t\t\t\t<li><span>Optional: grobk\u00f6rniges Salz<\/span><\/li>\r\n\t\t\t\t\t\t\t\t\t\t\t\t\t\t\t\t<\/ul>\r\n\t\t\t\r\n\t\t<\/div>\r\n\t\t\t\t\r\n\t\t\t\t<div class=\"recipe-method\">\r\n\t\t\t\t\t\t\t\r\n\t\t\t<h3 class=\"recipe-title\">Instructions<\/h3>\r\n\t\t\t\r\n\t\t\t\t\t\t\t\t\t\r\n\t\t\t\t\t\t\t\t\t\t\t\t\t\t\t<div class=\"step\">\r\n\t\t\t\t\t<span class=\"step-number\">1<\/span>\r\n\t\t\t\t\t<div class=\"step-content\">\r\n\t\t\t\t\t\t<p>Die Schokolade mit der Butter in einem Topf auf kleiner Hitze oder in der Mikrowelle schmelzen, dabei gelegentlich umr\u00fchren. Die Waln\u00fcsse grob hacken, eine 20x20cm Backform mit Backpapier belegen, den Ofen auf 180 Grad Ober- und Unterhitze vorheizen. <\/p>\r\n\t\t\t\t\t<\/div>\r\n\t\t\t\t<\/div>\r\n\t\t\t\t\t\t\t\t\t\t\r\n\t\t\t\t\t\t\r\n\t\t\t\t\t\t\t\t\t\t\t\t\t\t\t<div class=\"step\">\r\n\t\t\t\t\t<span class=\"step-number\">2<\/span>\r\n\t\t\t\t\t<div class=\"step-content\">\r\n\t\t\t\t\t\t<p>Den Zucker mit den Eiern in einer gro\u00dfen Sch\u00fcssel schaumig schlagen, die Masse sollte heller werden und dicklicher, dauert ein paar Minuten. Dann die abgek\u00fchlte Schokomasse kurz unterr\u00fchren. im Anschluss gehackte N\u00fcsse, Mehl und Kakao kurz einr\u00fchren. In die vorbereitete Form verteilen, ggf. mit dem Salz bestreuen und ca. 30min backen. Abk\u00fchlen lassen und am besten im K\u00fchlschrank k\u00fchlen. In St\u00fccke schneiden und genie\u00dfen.<\/p>\r\n\t\t\t\t\t<\/div>\r\n\t\t\t\t<\/div>\r\n\t\t\t\t\t\t\t\t\t\t\r\n\t\t\t\t\t\t\r\n\t\t\t\t\t\t\t\t\t\t\t\t\t\t\t<div class=\"step\">\r\n\t\t\t\t\t<span class=\"step-number\">3<\/span>\r\n\t\t\t\t\t<div class=\"step-content\">\r\n\t\t\t\t\t\t<p>Brownies lassen sich in St\u00fccke geschnitten in einer luftdichten Dose verpackt super einfrieren. Am besten \u00fcber Nacht im K\u00fchlschrank auftauen.<\/p>\r\n\t\t\t\t\t<\/div>\r\n\t\t\t\t<\/div>\r\n\t\t\t\t\t\t\t\t\t\t\r\n\t\t\t\t\t\t\r\n\t\t<\/div>\r\n\t\t\t\t\r\n\t\t\t\t\r\n\t\t\t\t\r\n\t\t<script type=\"application\/ld+json\">\r\n\t\t\t{\r\n\t\t\t  \"@context\": \"http:\/\/schema.org\",\r\n\t\t\t  \"@type\": \"Recipe\",\r\n\t\t\t  \"url\": \"https:\/\/jennyisbaking.com\/de\/2025\/02\/07\/fudgy-brownies-rezept\/\",\r\n\t\t\t  \"author\": {\r\n\t\t\t\t\"@type\": \"Thing\",\r\n\t\t\t\t\"name\": \"\"\r\n\t\t\t  },\r\n\t\t\t  \"datePublished\": \"Freitag, der  7. Februar 2025\",\r\n\t\t\t  \"cookTime\": \"PT30M\",\r\n\t\t\t  \t\t\t  \"description\": \"Diese fudgy Brownies bekommen ihre gl\u00e4zende Oberfl\u00e4che durch das Aufschlagen der Eier mit dem Zucker. Sie werden besonders schmelzend durch die Verwendung von Schokolade.\",\r\n\t\t\t  \"image\": \"https:\/\/jennyisbaking.com\/wp-1c174-content\/uploads\/2025\/02\/Fudgy-Brownies-Rezept.jpg\",\r\n\t\t\t  \"recipeIngredient\": [\r\n\t\t\t\t\t\t\t\t\t\t\t\t\t                    \t\t\t\t\t\"180g Zartbitterschokolade\",\t\t\t\t\t\t\t\t\t\t\t\t\t\t\t\t\t\t\t                    \t\t\t\t\t\"180g Butter\",\t\t\t\t\t\t\t\t\t\t\t\t\t\t\t\t\t\t\t                    \t\t\t\t\t\"Optional: 100g Waln\u00fcsse (ggf. Schokotropfen oder komplett weglassen)\",\t\t\t\t\t\t\t\t\t\t\t\t\t\t\t\t\t\t\t                    \t\t\t\t\t\"200g wei\u00dfer Zucker\",\t\t\t\t\t\t\t\t\t\t\t\t\t\t\t\t\t\t\t                    \t\t\t\t\t\"3 Eier\",\t\t\t\t\t\t\t\t\t\t\t\t\t\t\t\t\t\t\t                    \t\t\t\t\t\"85g Mehl, Type 405\",\t\t\t\t\t\t\t\t\t\t\t\t\t\t\t\t\t\t\t                    \t\t\t\t\t\"40g Backkakao\",\t\t\t\t\t\t\t\t\t\t\t\t\t\t\t\t\t\t\t                    \t\t\t\t\t\"Optional: grobk\u00f6rniges Salz\"\t\t\t\t\t\t\t\t\t\t\t\t\t\t\t\t\t  ],\r\n\t\t\t  \"name\": \"Fudgy Brownies\",\r\n\t\t\t  \"nutrition\": {\r\n\t\t\t\t\"@type\": \"NutritionInformation\",\r\n\t\t\t\t\"calories\": \"\",\r\n\t\t\t\t\"carbohydrateContent\": \"\",\r\n\t\t\t\t\"cholesterolContent\": \"\",\r\n\t\t\t\t\"fatContent\": \"\",\r\n\t\t\t\t\"fiberContent\": \"\",\r\n\t\t\t\t\"proteinContent\": \"\",\r\n\t\t\t\t\"saturatedFatContent\": \"\",\r\n\t\t\t\t\"sodiumContent\": \"\",\r\n\t\t\t\t\"sugarContent\": \"\",\r\n\t\t\t\t\"transFatContent\": \"\",\r\n\t\t\t\t\"unsaturatedFatContent\": \"\"\r\n\t\t\t  },\r\n\t\t\t  \"prepTime\": \"PT20M\",\r\n\t\t\t  \"totalTime\": \"PT40M\",\r\n\t\t\t  \"recipeCategory\":\"\",\r\n\t\t\t  \"recipeCuisine\":\"\",\r\n\t\t\t  \"keywords\": \"\",\t\t\t  \r\n\t\t\t  \"recipeInstructions\": [\r\n\t\t\t\t\t\t\t\t\t\t\t\r\n\t\t\t\t\t\t\t\t\t\t\t\t\t\t\t\t\"Die Schokolade mit der Butter in einem Topf auf kleiner Hitze oder in der Mikrowelle schmelzen, dabei gelegentlich umr\u00fchren. Die Waln\u00fcsse grob hacken, eine 20x20cm Backform mit Backpapier belegen, den Ofen auf 180 Grad Ober- und Unterhitze vorheizen. \",\t\t\t\t\t\t\r\n\t\t\t\t\t\t\t\t\t\t\t\t\t\t\r\n\t\t\t\t\t\t\t\r\n\t\t\t\t\t\t\t\t\t\t\t\t\t\t\t\t\"Den Zucker mit den Eiern in einer gro\u00dfen Sch\u00fcssel schaumig schlagen, die Masse sollte heller werden und dicklicher, dauert ein paar Minuten. Dann die abgek\u00fchlte Schokomasse kurz unterr\u00fchren. im Anschluss gehackte N\u00fcsse, Mehl und Kakao kurz einr\u00fchren. In die vorbereitete Form verteilen, ggf. mit dem Salz bestreuen und ca. 30min backen. Abk\u00fchlen lassen und am besten im K\u00fchlschrank k\u00fchlen. In St\u00fccke schneiden und genie\u00dfen.\",\t\t\t\t\t\t\r\n\t\t\t\t\t\t\t\t\t\t\t\t\t\t\r\n\t\t\t\t\t\t\t\r\n\t\t\t\t\t\t\t\t\t\t\t\t\t\t\t\t\"Brownies lassen sich in St\u00fccke geschnitten in einer luftdichten Dose verpackt super einfrieren. Am besten \u00fcber Nacht im K\u00fchlschrank auftauen.\"\t\t\t\t\t\t\r\n\t\t\t\t\t\t\t\t\t\t\t\t\t\t\r\n\t\t\t\t\t\t\t  ],\r\n\t\t\t  \t\t\t  \"recipeYield\": \"Eine 20x20cm Backform\"\t\t\t  \t\t\t}\r\n\t\t<\/script>\r\n\t\t\r\n\t<\/div>\r\n\t<\/span><\/p>\n<p><a href=\"https:\/\/i0.wp.com\/jennyisbaking.com\/wp-1c174-content\/uploads\/2018\/09\/DSC00261.jpg?ssl=1\"><img data-recalc-dims=\"1\" loading=\"lazy\" decoding=\"async\" data-attachment-id=\"7876\" data-permalink=\"https:\/\/jennyisbaking.com\/de\/2018\/09\/28\/sachertorte-austrias-most-famous-chocolate-cake\/dsc00261-2\/\" data-orig-file=\"https:\/\/i0.wp.com\/jennyisbaking.com\/wp-1c174-content\/uploads\/2018\/09\/DSC00261.jpg?fit=534%2C801&amp;ssl=1\" data-orig-size=\"534,801\" data-comments-opened=\"1\" data-image-meta=\"{&quot;aperture&quot;:&quot;4.5&quot;,&quot;credit&quot;:&quot;&quot;,&quot;camera&quot;:&quot;NEX-7&quot;,&quot;caption&quot;:&quot;&quot;,&quot;created_timestamp&quot;:&quot;1529769583&quot;,&quot;copyright&quot;:&quot;&quot;,&quot;focal_length&quot;:&quot;50&quot;,&quot;iso&quot;:&quot;200&quot;,&quot;shutter_speed&quot;:&quot;0.025&quot;,&quot;title&quot;:&quot;&quot;,&quot;orientation&quot;:&quot;1&quot;}\" data-image-title=\"Echte \u00f6sterreichische Sachertorte\" data-image-description=\"\" data-image-caption=\"\" data-large-file=\"https:\/\/i0.wp.com\/jennyisbaking.com\/wp-1c174-content\/uploads\/2018\/09\/DSC00261.jpg?fit=534%2C801&amp;ssl=1\" class=\"aligncenter size-full wp-image-7876\" src=\"https:\/\/i0.wp.com\/jennyisbaking.com\/wp-1c174-content\/uploads\/2018\/09\/DSC00261.jpg?resize=534%2C801&#038;ssl=1\" alt=\"Echte \u00f6sterreichische Sachertorte\" width=\"534\" height=\"801\" srcset=\"https:\/\/i0.wp.com\/jennyisbaking.com\/wp-1c174-content\/uploads\/2018\/09\/DSC00261.jpg?w=534&amp;ssl=1 534w, https:\/\/i0.wp.com\/jennyisbaking.com\/wp-1c174-content\/uploads\/2018\/09\/DSC00261.jpg?resize=200%2C300&amp;ssl=1 200w\" sizes=\"auto, (max-width: 534px) 100vw, 534px\" \/><\/a>PS: Wusstest du, dass ich Chocoholic bin und deshalb selbstverst\u00e4ndlich eine Schoko-Kategorie ins Leben gerufen habe? Schau doch mal hier vorbei, wenn du Lust auf weitere Schokorezepte hast:<\/p>\n<p>\t\t\r\n\t\t\t\t\r\n\t\t\t\t<h4 class=\"index-heading\"><span>Im Schokohimmel<\/span>\r\n\t\t\t\t<a href=\"https:\/\/jennyisbaking.com\/de\/category\/everything-chocolate\/\">Alle Schokorezepte <i class=\"fa fa-angle-double-right\"><\/i><\/a>\r\n\t\t\t\t<\/h4>\r\n\t\t\t\t\r\n\t\t\t\t\r\n\t\t\t\r\n\t\t\t<ul class=\"sp-grid col4\">\r\n\t\t\t\t\r\n\t\t\t\t\t\r\n\t\t\t<li>\r\n\t\t\t<article id=\"post-19552\" class=\"grid-item post-19552 post type-post status-publish format-standard has-post-thumbnail hentry category-everything-chocolate category-mothers-day category-pies-and-tarts category-spring category-summer tag-ganache tag-himbeer-schoko-tarte tag-himbeer-tarte tag-raspberries tag-raspberry tag-raspberry-tart tag-tart tag-tarte\">\r\n\t\t\t\t\r\n\t\t\t\t\t\t\t\t<div class=\"post-img\">\r\n\t\t\t\t\t\t\t\t\t\t<a href=\"https:\/\/jennyisbaking.com\/de\/2026\/04\/28\/rezept-fur-himbeer-schoko-tarte\/\"><img loading=\"lazy\" decoding=\"async\" width=\"350\" height=\"460\" src=\"https:\/\/i0.wp.com\/jennyisbaking.com\/wp-1c174-content\/uploads\/2026\/04\/Himbeer-Schoko-Tarte-2.jpg?resize=350%2C460&amp;ssl=1\" class=\"attachment-sprout_spoon_misc-thumb size-sprout_spoon_misc-thumb wp-post-image\" alt=\"\" data-attachment-id=\"19553\" data-permalink=\"https:\/\/jennyisbaking.com\/de\/2026\/04\/28\/rezept-fur-himbeer-schoko-tarte\/himbeer-schoko-tarte-2\/\" data-orig-file=\"https:\/\/i0.wp.com\/jennyisbaking.com\/wp-1c174-content\/uploads\/2026\/04\/Himbeer-Schoko-Tarte-2.jpg?fit=534%2C801&amp;ssl=1\" data-orig-size=\"534,801\" data-comments-opened=\"1\" data-image-meta=\"{&quot;aperture&quot;:&quot;0&quot;,&quot;credit&quot;:&quot;&quot;,&quot;camera&quot;:&quot;&quot;,&quot;caption&quot;:&quot;&quot;,&quot;created_timestamp&quot;:&quot;0&quot;,&quot;copyright&quot;:&quot;&quot;,&quot;focal_length&quot;:&quot;0&quot;,&quot;iso&quot;:&quot;0&quot;,&quot;shutter_speed&quot;:&quot;0&quot;,&quot;title&quot;:&quot;&quot;,&quot;orientation&quot;:&quot;0&quot;}\" data-image-title=\"Himbeer-Schoko-Tarte-2\" data-image-description=\"\" data-image-caption=\"\" data-large-file=\"https:\/\/i0.wp.com\/jennyisbaking.com\/wp-1c174-content\/uploads\/2026\/04\/Himbeer-Schoko-Tarte-2.jpg?fit=534%2C801&amp;ssl=1\" \/><\/a>\r\n\t\t\t\t\t\t\t\t\t<\/div>\r\n\t\t\t\t\t\t\t\t\r\n\t\t\t\t<div class=\"post-header\">\r\n\t\t\t\t\t\r\n\t\t\t\t\t\t\t\t\t\t\r\n\t\t\t\t\t\t\t\t\t\t<h2><a href=\"https:\/\/jennyisbaking.com\/de\/2026\/04\/28\/rezept-fur-himbeer-schoko-tarte\/\">Rezepte zum Muttertag: Dekadente Schoko-Himbeer-Tarte<\/a><\/h2>\r\n\t\t\t\t\t\t\t\t\t\t\r\n\t\t\t\t<\/div>\r\n\t\t\t\t\r\n\t\t\t\t\t\t\t\t<span class=\"date\">28\/04\/2026<\/span>\r\n\t\t\t\t\t\t\t\t\r\n\t\t\t<\/article>\r\n\t\t\t<\/li>\r\n\t\t\r\n\t\t\t\t\t\r\n\t\t\t<li>\r\n\t\t\t<article id=\"post-19160\" class=\"grid-item post-19160 post type-post status-publish format-standard has-post-thumbnail hentry category-brazil category-cakes category-everything-chocolate category-latin-american-recipes category-mothers-day tag-bolo tag-bolo-nega-maluca tag-brasilien tag-brazil tag-chocolate tag-chocolate-cake tag-schoko tag-schokolade\">\r\n\t\t\t\t\r\n\t\t\t\t\t\t\t\t<div class=\"post-img\">\r\n\t\t\t\t\t\t\t\t\t\t<a href=\"https:\/\/jennyisbaking.com\/de\/2026\/01\/23\/bolo-nega-maluca-aus-brasilien\/\"><img loading=\"lazy\" decoding=\"async\" width=\"350\" height=\"460\" src=\"https:\/\/i0.wp.com\/jennyisbaking.com\/wp-1c174-content\/uploads\/2026\/01\/Bolo-nega-maluca-aus-Brasilien.jpg?resize=350%2C460&amp;ssl=1\" class=\"attachment-sprout_spoon_misc-thumb size-sprout_spoon_misc-thumb wp-post-image\" alt=\"\" data-attachment-id=\"19161\" data-permalink=\"https:\/\/jennyisbaking.com\/de\/2026\/01\/23\/bolo-nega-maluca-aus-brasilien\/bolo-nega-maluca-aus-brasilien\/\" data-orig-file=\"https:\/\/i0.wp.com\/jennyisbaking.com\/wp-1c174-content\/uploads\/2026\/01\/Bolo-nega-maluca-aus-Brasilien.jpg?fit=534%2C801&amp;ssl=1\" data-orig-size=\"534,801\" data-comments-opened=\"1\" data-image-meta=\"{&quot;aperture&quot;:&quot;0&quot;,&quot;credit&quot;:&quot;&quot;,&quot;camera&quot;:&quot;&quot;,&quot;caption&quot;:&quot;&quot;,&quot;created_timestamp&quot;:&quot;0&quot;,&quot;copyright&quot;:&quot;&quot;,&quot;focal_length&quot;:&quot;0&quot;,&quot;iso&quot;:&quot;0&quot;,&quot;shutter_speed&quot;:&quot;0&quot;,&quot;title&quot;:&quot;&quot;,&quot;orientation&quot;:&quot;0&quot;}\" data-image-title=\"Bolo-nega-maluca-aus-Brasilien\" data-image-description=\"\" data-image-caption=\"\" data-large-file=\"https:\/\/i0.wp.com\/jennyisbaking.com\/wp-1c174-content\/uploads\/2026\/01\/Bolo-nega-maluca-aus-Brasilien.jpg?fit=534%2C801&amp;ssl=1\" \/><\/a>\r\n\t\t\t\t\t\t\t\t\t<\/div>\r\n\t\t\t\t\t\t\t\t\r\n\t\t\t\t<div class=\"post-header\">\r\n\t\t\t\t\t\r\n\t\t\t\t\t\t\t\t\t\t\r\n\t\t\t\t\t\t\t\t\t\t<h2><a href=\"https:\/\/jennyisbaking.com\/de\/2026\/01\/23\/bolo-nega-maluca-aus-brasilien\/\">Einfacher Schokokuchen aus Brasilien: bolo nega maluca<\/a><\/h2>\r\n\t\t\t\t\t\t\t\t\t\t\r\n\t\t\t\t<\/div>\r\n\t\t\t\t\r\n\t\t\t\t\t\t\t\t<span class=\"date\">23\/01\/2026<\/span>\r\n\t\t\t\t\t\t\t\t\r\n\t\t\t<\/article>\r\n\t\t\t<\/li>\r\n\t\t\r\n\t\t\t\t\t\r\n\t\t\t<li>\r\n\t\t\t<article id=\"post-18397\" class=\"grid-item post-18397 post type-post status-publish format-standard has-post-thumbnail hentry category-all-seasons category-cakes category-everything-chocolate category-im-schokohimmel category-jederzeit category-kuchen tag-caramel tag-chocolate tag-erdnuss tag-karamell tag-layer-cake tag-peanut-butter tag-schoko tag-schokolade tag-snickers tag-snickers-cake tag-snickers-torte\">\r\n\t\t\t\t\r\n\t\t\t\t\t\t\t\t<div class=\"post-img\">\r\n\t\t\t\t\t\t\t\t\t\t<a href=\"https:\/\/jennyisbaking.com\/de\/2025\/09\/05\/dekadente-snickers-torte\/\"><img loading=\"lazy\" decoding=\"async\" width=\"350\" height=\"460\" src=\"https:\/\/i0.wp.com\/jennyisbaking.com\/wp-1c174-content\/uploads\/2025\/08\/Snickers-Torte-1-1.jpg?resize=350%2C460&amp;ssl=1\" class=\"attachment-sprout_spoon_misc-thumb size-sprout_spoon_misc-thumb wp-post-image\" alt=\"\" data-attachment-id=\"18420\" data-permalink=\"https:\/\/jennyisbaking.com\/de\/2025\/09\/05\/dekadente-snickers-torte\/snickers-torte-1-2\/\" data-orig-file=\"https:\/\/i0.wp.com\/jennyisbaking.com\/wp-1c174-content\/uploads\/2025\/08\/Snickers-Torte-1-1.jpg?fit=534%2C801&amp;ssl=1\" data-orig-size=\"534,801\" data-comments-opened=\"1\" data-image-meta=\"{&quot;aperture&quot;:&quot;0&quot;,&quot;credit&quot;:&quot;&quot;,&quot;camera&quot;:&quot;&quot;,&quot;caption&quot;:&quot;&quot;,&quot;created_timestamp&quot;:&quot;0&quot;,&quot;copyright&quot;:&quot;&quot;,&quot;focal_length&quot;:&quot;0&quot;,&quot;iso&quot;:&quot;0&quot;,&quot;shutter_speed&quot;:&quot;0&quot;,&quot;title&quot;:&quot;&quot;,&quot;orientation&quot;:&quot;0&quot;}\" data-image-title=\"Snickers-Torte-1\" data-image-description=\"\" data-image-caption=\"\" data-large-file=\"https:\/\/i0.wp.com\/jennyisbaking.com\/wp-1c174-content\/uploads\/2025\/08\/Snickers-Torte-1-1.jpg?fit=534%2C801&amp;ssl=1\" \/><\/a>\r\n\t\t\t\t\t\t\t\t\t<\/div>\r\n\t\t\t\t\t\t\t\t\r\n\t\t\t\t<div class=\"post-header\">\r\n\t\t\t\t\t\r\n\t\t\t\t\t\t\t\t\t\t\r\n\t\t\t\t\t\t\t\t\t\t<h2><a href=\"https:\/\/jennyisbaking.com\/de\/2025\/09\/05\/dekadente-snickers-torte\/\">Bombastische Snickers-Torte<\/a><\/h2>\r\n\t\t\t\t\t\t\t\t\t\t\r\n\t\t\t\t<\/div>\r\n\t\t\t\t\r\n\t\t\t\t\t\t\t\t<span class=\"date\">05\/09\/2025<\/span>\r\n\t\t\t\t\t\t\t\t\r\n\t\t\t<\/article>\r\n\t\t\t<\/li>\r\n\t\t\r\n\t\t\t\t\t\r\n\t\t\t<li>\r\n\t\t\t<article id=\"post-17641\" class=\"grid-item post-17641 post type-post status-publish format-standard has-post-thumbnail hentry category-dessert category-dessertnachspeise category-everything-chocolate category-north-american-recipes tag-brownie tag-brownies tag-chocolate tag-fudgy tag-glitschig tag-matschig tag-recipe tag-rezept tag-schoko tag-schokolade tag-soul-food tag-soulfood\">\r\n\t\t\t\t\r\n\t\t\t\t\t\t\t\t<div class=\"post-img\">\r\n\t\t\t\t\t\t\t\t\t\t<a href=\"https:\/\/jennyisbaking.com\/de\/2025\/02\/07\/fudgy-brownies-rezept\/\"><img loading=\"lazy\" decoding=\"async\" width=\"350\" height=\"460\" src=\"https:\/\/i0.wp.com\/jennyisbaking.com\/wp-1c174-content\/uploads\/2025\/02\/Fudgy-Brownies-Rezept.jpg?resize=350%2C460&amp;ssl=1\" class=\"attachment-sprout_spoon_misc-thumb size-sprout_spoon_misc-thumb wp-post-image\" alt=\"\" data-attachment-id=\"17643\" data-permalink=\"https:\/\/jennyisbaking.com\/de\/2025\/02\/07\/fudgy-brownies-rezept\/fudgy-brownies-rezept\/\" data-orig-file=\"https:\/\/i0.wp.com\/jennyisbaking.com\/wp-1c174-content\/uploads\/2025\/02\/Fudgy-Brownies-Rezept.jpg?fit=534%2C801&amp;ssl=1\" data-orig-size=\"534,801\" data-comments-opened=\"1\" data-image-meta=\"{&quot;aperture&quot;:&quot;0&quot;,&quot;credit&quot;:&quot;&quot;,&quot;camera&quot;:&quot;&quot;,&quot;caption&quot;:&quot;&quot;,&quot;created_timestamp&quot;:&quot;0&quot;,&quot;copyright&quot;:&quot;&quot;,&quot;focal_length&quot;:&quot;0&quot;,&quot;iso&quot;:&quot;0&quot;,&quot;shutter_speed&quot;:&quot;0&quot;,&quot;title&quot;:&quot;&quot;,&quot;orientation&quot;:&quot;0&quot;}\" data-image-title=\"Fudgy-Brownies-Rezept\" data-image-description=\"\" data-image-caption=\"\" data-large-file=\"https:\/\/i0.wp.com\/jennyisbaking.com\/wp-1c174-content\/uploads\/2025\/02\/Fudgy-Brownies-Rezept.jpg?fit=534%2C801&amp;ssl=1\" \/><\/a>\r\n\t\t\t\t\t\t\t\t\t<\/div>\r\n\t\t\t\t\t\t\t\t\r\n\t\t\t\t<div class=\"post-header\">\r\n\t\t\t\t\t\r\n\t\t\t\t\t\t\t\t\t\t\r\n\t\t\t\t\t\t\t\t\t\t<h2><a href=\"https:\/\/jennyisbaking.com\/de\/2025\/02\/07\/fudgy-brownies-rezept\/\">Fudgy Brownies<\/a><\/h2>\r\n\t\t\t\t\t\t\t\t\t\t\r\n\t\t\t\t<\/div>\r\n\t\t\t\t\r\n\t\t\t\t\t\t\t\t<span class=\"date\">07\/02\/2025<\/span>\r\n\t\t\t\t\t\t\t\t\r\n\t\t\t<\/article>\r\n\t\t\t<\/li>\r\n\t\t\r\n\t\t\t\t\r\n\t\t<\/ul>\r\n\t\t\r\n\t\t\t\t\r\n\t\t\t\r\n\t<\/p>","protected":false},"excerpt":{"rendered":"<p>Leider ist der Eintrag nur auf English verf\u00fcgbar.<\/p>\n","protected":false},"author":1,"featured_media":7877,"comment_status":"open","ping_status":"closed","sticky":false,"template":"","format":"standard","meta":{"jetpack_post_was_ever_published":false,"_jetpack_newsletter_access":"","_jetpack_dont_email_post_to_subs":false,"_jetpack_newsletter_tier_id":0,"_jetpack_memberships_contains_paywalled_content":false,"_jetpack_memberships_contains_paid_content":false,"footnotes":"","jetpack_publicize_message":"","jetpack_publicize_feature_enabled":true,"jetpack_social_post_already_shared":true,"jetpack_social_options":{"image_generator_settings":{"template":"highway","default_image_id":0,"font":"","enabled":false},"version":2}},"categories":[551,924,3,514,7,922,386,552,380,513],"tags":[406,390,847,848,35,475,850,849,846,845,422,423,430],"class_list":["post-6379","post","type-post","status-publish","format-standard","has-post-thumbnail","hentry","category-all-seasons","category-birthday","category-cakes","category-christmas","category-everything-chocolate","category-german-recipes","category-im-schokohimmel","category-jederzeit","category-kuchen","category-weihnachten","tag-apricot","tag-aprikose","tag-austria","tag-austrian","tag-chocolate","tag-chocolate-cake","tag-osterreich","tag-osterreichisch","tag-sacher-torte","tag-sachertorte","tag-schoko","tag-schokokuchen","tag-schokolade"],"yoast_head":"<!-- This site is optimized with the Yoast SEO plugin v27.5 - https:\/\/yoast.com\/product\/yoast-seo-wordpress\/ -->\n<title>Sachertorte, \u00d6sterreichs ber\u00fchmteste Schokotorte - Jenny is baking<\/title>\n<meta name=\"description\" content=\"Diese Sachertorte besteht aus Schokoteig, einer Schicht Aprikosenmarmelade und Ganache als Abschluss.\" \/>\n<meta name=\"robots\" content=\"index, follow, max-snippet:-1, max-image-preview:large, max-video-preview:-1\" \/>\n<link rel=\"canonical\" href=\"https:\/\/jennyisbaking.com\/de\/2018\/09\/28\/sachertorte-austrias-most-famous-chocolate-cake\/\" \/>\n<meta property=\"og:locale\" content=\"de_DE\" \/>\n<meta property=\"og:type\" content=\"article\" \/>\n<meta property=\"og:title\" content=\"Sachertorte, \u00d6sterreichs ber\u00fchmteste Schokotorte - Jenny is baking\" \/>\n<meta property=\"og:description\" content=\"Diese Sachertorte besteht aus Schokoteig, einer Schicht Aprikosenmarmelade und Ganache als Abschluss.\" \/>\n<meta property=\"og:url\" content=\"https:\/\/jennyisbaking.com\/de\/2018\/09\/28\/sachertorte-austrias-most-famous-chocolate-cake\/\" \/>\n<meta property=\"og:site_name\" content=\"Jenny is baking\" \/>\n<meta property=\"article:publisher\" content=\"https:\/\/www.facebook.com\/jennyisbaking\/\" \/>\n<meta property=\"article:author\" content=\"https:\/\/www.facebook.com\/jennyisbaking\/\" \/>\n<meta property=\"article:published_time\" content=\"2018-09-28T05:00:32+00:00\" \/>\n<meta property=\"article:modified_time\" content=\"2026-03-22T07:59:37+00:00\" \/>\n<meta property=\"og:image\" content=\"https:\/\/jennyisbaking.com\/wp-1c174-content\/uploads\/2018\/09\/DSC00212.jpg\" \/>\n\t<meta property=\"og:image:width\" content=\"534\" \/>\n\t<meta property=\"og:image:height\" content=\"801\" \/>\n\t<meta property=\"og:image:type\" content=\"image\/jpeg\" \/>\n<meta name=\"author\" content=\"Jenny\" \/>\n<meta name=\"twitter:card\" content=\"summary_large_image\" \/>\n<meta name=\"twitter:label1\" content=\"Verfasst von\" \/>\n\t<meta name=\"twitter:data1\" content=\"Jenny\" \/>\n\t<meta name=\"twitter:label2\" content=\"Gesch\u00e4tzte Lesezeit\" \/>\n\t<meta name=\"twitter:data2\" content=\"3\u00a0Minuten\" \/>\n<script type=\"application\/ld+json\" class=\"yoast-schema-graph\">{\"@context\":\"https:\\\/\\\/schema.org\",\"@graph\":[{\"@type\":\"Article\",\"@id\":\"https:\\\/\\\/jennyisbaking.com\\\/2018\\\/09\\\/28\\\/sachertorte-austrias-most-famous-chocolate-cake\\\/#article\",\"isPartOf\":{\"@id\":\"https:\\\/\\\/jennyisbaking.com\\\/2018\\\/09\\\/28\\\/sachertorte-austrias-most-famous-chocolate-cake\\\/\"},\"author\":{\"name\":\"Jenny\",\"@id\":\"https:\\\/\\\/jennyisbaking.com\\\/#\\\/schema\\\/person\\\/28a46859582cac5ac1ef7e065a17f77b\"},\"headline\":\"Sachertorte, \u00d6sterreichs ber\u00fchmteste Schokotorte\",\"datePublished\":\"2018-09-28T05:00:32+00:00\",\"dateModified\":\"2026-03-22T07:59:37+00:00\",\"mainEntityOfPage\":{\"@id\":\"https:\\\/\\\/jennyisbaking.com\\\/2018\\\/09\\\/28\\\/sachertorte-austrias-most-famous-chocolate-cake\\\/\"},\"wordCount\":777,\"commentCount\":6,\"image\":{\"@id\":\"https:\\\/\\\/jennyisbaking.com\\\/2018\\\/09\\\/28\\\/sachertorte-austrias-most-famous-chocolate-cake\\\/#primaryimage\"},\"thumbnailUrl\":\"https:\\\/\\\/i0.wp.com\\\/jennyisbaking.com\\\/wp-1c174-content\\\/uploads\\\/2018\\\/09\\\/DSC00212.jpg?fit=534%2C801&ssl=1\",\"keywords\":[\"apricot\",\"Aprikose\",\"Austria\",\"Austrian\",\"chocolate\",\"chocolate cake\",\"\u00d6sterreich\",\"\u00f6sterreichisch\",\"Sacher Torte\",\"Sachertorte\",\"Schoko\",\"Schokokuchen\",\"Schokolade\"],\"articleSection\":[\"All Seasons\",\"birthday\",\"Cakes\",\"Christmas\",\"Everything Chocolate\",\"German Recipes\",\"Im Schokohimmel\",\"Jederzeit\",\"Kuchen\",\"Weihnachten\"],\"inLanguage\":\"de\",\"potentialAction\":[{\"@type\":\"CommentAction\",\"name\":\"Comment\",\"target\":[\"https:\\\/\\\/jennyisbaking.com\\\/2018\\\/09\\\/28\\\/sachertorte-austrias-most-famous-chocolate-cake\\\/#respond\"]}]},{\"@type\":\"WebPage\",\"@id\":\"https:\\\/\\\/jennyisbaking.com\\\/de\\\/2018\\\/09\\\/28\\\/sachertorte-austrias-most-famous-chocolate-cake\\\/\",\"url\":\"https:\\\/\\\/jennyisbaking.com\\\/de\\\/2018\\\/09\\\/28\\\/sachertorte-austrias-most-famous-chocolate-cake\\\/\",\"name\":\"Sachertorte, \u00d6sterreichs ber\u00fchmteste Schokotorte - Jenny is baking\",\"isPartOf\":{\"@id\":\"https:\\\/\\\/jennyisbaking.com\\\/de\\\/#website\"},\"primaryImageOfPage\":{\"@id\":\"https:\\\/\\\/jennyisbaking.com\\\/de\\\/2018\\\/09\\\/28\\\/sachertorte-austrias-most-famous-chocolate-cake\\\/#primaryimage\"},\"image\":{\"@id\":\"https:\\\/\\\/jennyisbaking.com\\\/2018\\\/09\\\/28\\\/sachertorte-austrias-most-famous-chocolate-cake\\\/#primaryimage\"},\"thumbnailUrl\":\"https:\\\/\\\/i0.wp.com\\\/jennyisbaking.com\\\/wp-1c174-content\\\/uploads\\\/2018\\\/09\\\/DSC00212.jpg?fit=534%2C801&ssl=1\",\"datePublished\":\"2018-09-28T05:00:32+00:00\",\"dateModified\":\"2026-03-22T07:59:37+00:00\",\"author\":{\"@id\":\"https:\\\/\\\/jennyisbaking.com\\\/#\\\/schema\\\/person\\\/28a46859582cac5ac1ef7e065a17f77b\"},\"description\":\"Diese Sachertorte besteht aus Schokoteig, einer Schicht Aprikosenmarmelade und Ganache als Abschluss.\",\"breadcrumb\":{\"@id\":\"https:\\\/\\\/jennyisbaking.com\\\/de\\\/2018\\\/09\\\/28\\\/sachertorte-austrias-most-famous-chocolate-cake\\\/#breadcrumb\"},\"inLanguage\":\"de\",\"potentialAction\":[{\"@type\":\"ReadAction\",\"target\":[[\"https:\\\/\\\/jennyisbaking.com\\\/de\\\/2018\\\/09\\\/28\\\/sachertorte-austrias-most-famous-chocolate-cake\\\/\"]]}]},{\"@type\":\"ImageObject\",\"inLanguage\":\"de\",\"@id\":\"https:\\\/\\\/jennyisbaking.com\\\/de\\\/2018\\\/09\\\/28\\\/sachertorte-austrias-most-famous-chocolate-cake\\\/#primaryimage\",\"url\":\"https:\\\/\\\/i0.wp.com\\\/jennyisbaking.com\\\/wp-1c174-content\\\/uploads\\\/2018\\\/09\\\/DSC00212.jpg?fit=534%2C801&ssl=1\",\"contentUrl\":\"https:\\\/\\\/i0.wp.com\\\/jennyisbaking.com\\\/wp-1c174-content\\\/uploads\\\/2018\\\/09\\\/DSC00212.jpg?fit=534%2C801&ssl=1\",\"width\":534,\"height\":801,\"caption\":\"Echte \u00f6sterreichische Sachertorte\"},{\"@type\":\"BreadcrumbList\",\"@id\":\"https:\\\/\\\/jennyisbaking.com\\\/de\\\/2018\\\/09\\\/28\\\/sachertorte-austrias-most-famous-chocolate-cake\\\/#breadcrumb\",\"itemListElement\":[{\"@type\":\"ListItem\",\"position\":1,\"name\":\"Startseite\",\"item\":\"https:\\\/\\\/jennyisbaking.com\\\/de\\\/\"},{\"@type\":\"ListItem\",\"position\":2,\"name\":\"Sachertorte, Austria&#8217;s most famous Chocolate Cake\"}]},{\"@type\":\"WebSite\",\"@id\":\"https:\\\/\\\/jennyisbaking.com\\\/de\\\/#website\",\"url\":\"https:\\\/\\\/jennyisbaking.com\\\/de\\\/\",\"name\":\"Jenny is baking\",\"description\":\"Backrezepte aus Nord- und S\u00fcdamerika\",\"potentialAction\":[{\"@type\":\"SearchAction\",\"target\":{\"@type\":\"EntryPoint\",\"urlTemplate\":\"https:\\\/\\\/jennyisbaking.com\\\/de\\\/?s={search_term_string}\"},\"query-input\":{\"@type\":\"PropertyValueSpecification\",\"valueRequired\":true,\"valueName\":\"search_term_string\"}}],\"inLanguage\":\"de\"},{\"@type\":\"Person\",\"@id\":\"https:\\\/\\\/jennyisbaking.com\\\/#\\\/schema\\\/person\\\/28a46859582cac5ac1ef7e065a17f77b\",\"name\":\"Jenny\",\"image\":{\"@type\":\"ImageObject\",\"inLanguage\":\"de\",\"@id\":\"https:\\\/\\\/secure.gravatar.com\\\/avatar\\\/23e81660a6279fbe7db0db01e9985036a8488f0100c3985867731ba2b4348089?s=96&d=mm&r=g\",\"url\":\"https:\\\/\\\/secure.gravatar.com\\\/avatar\\\/23e81660a6279fbe7db0db01e9985036a8488f0100c3985867731ba2b4348089?s=96&d=mm&r=g\",\"contentUrl\":\"https:\\\/\\\/secure.gravatar.com\\\/avatar\\\/23e81660a6279fbe7db0db01e9985036a8488f0100c3985867731ba2b4348089?s=96&d=mm&r=g\",\"caption\":\"Jenny\"},\"description\":\"Hi, ich hei\u00dfe Jenny, geb\u00fcrtig in Uruguay, als Kind in USA gelebt, nach dem Abi in Kanada und mit einem Kolumbianer verheiratet. Ich wohne im Moment in M\u00fcnchen, S\u00fcddeutschland. Auf meinem Blog finden sich meist s\u00fc\u00dfe Rezepte. Ich mag normalerweise einfache Sachen, die schnell gemacht sind, aber gleichzeitig was hermachen. Manchmal packt mich auch der Ehrgeiz und ich wage mich an kompliziertere Torten. Schau dir im Men\u00fc \u201eAlle Rezepte\u201c an f\u00fcr weitere Inspiration.\",\"sameAs\":[\"https:\\\/\\\/www.facebook.com\\\/jennyisbaking\\\/\",\"https:\\\/\\\/www.pinterest.de\\\/jennyisbaking\\\/\"]}]}<\/script>\n<!-- \/ Yoast SEO plugin. -->","yoast_head_json":{"title":"Sachertorte, \u00d6sterreichs ber\u00fchmteste Schokotorte - Jenny is baking","description":"Diese Sachertorte besteht aus Schokoteig, einer Schicht Aprikosenmarmelade und Ganache als Abschluss.","robots":{"index":"index","follow":"follow","max-snippet":"max-snippet:-1","max-image-preview":"max-image-preview:large","max-video-preview":"max-video-preview:-1"},"canonical":"https:\/\/jennyisbaking.com\/de\/2018\/09\/28\/sachertorte-austrias-most-famous-chocolate-cake\/","og_locale":"de_DE","og_type":"article","og_title":"Sachertorte, \u00d6sterreichs ber\u00fchmteste Schokotorte - Jenny is baking","og_description":"Diese Sachertorte besteht aus Schokoteig, einer Schicht Aprikosenmarmelade und Ganache als Abschluss.","og_url":"https:\/\/jennyisbaking.com\/de\/2018\/09\/28\/sachertorte-austrias-most-famous-chocolate-cake\/","og_site_name":"Jenny is baking","article_publisher":"https:\/\/www.facebook.com\/jennyisbaking\/","article_author":"https:\/\/www.facebook.com\/jennyisbaking\/","article_published_time":"2018-09-28T05:00:32+00:00","article_modified_time":"2026-03-22T07:59:37+00:00","og_image":[{"width":534,"height":801,"url":"https:\/\/jennyisbaking.com\/wp-1c174-content\/uploads\/2018\/09\/DSC00212.jpg","type":"image\/jpeg"}],"author":"Jenny","twitter_card":"summary_large_image","twitter_misc":{"Verfasst von":"Jenny","Gesch\u00e4tzte Lesezeit":"3\u00a0Minuten"},"schema":{"@context":"https:\/\/schema.org","@graph":[{"@type":"Article","@id":"https:\/\/jennyisbaking.com\/2018\/09\/28\/sachertorte-austrias-most-famous-chocolate-cake\/#article","isPartOf":{"@id":"https:\/\/jennyisbaking.com\/2018\/09\/28\/sachertorte-austrias-most-famous-chocolate-cake\/"},"author":{"name":"Jenny","@id":"https:\/\/jennyisbaking.com\/#\/schema\/person\/28a46859582cac5ac1ef7e065a17f77b"},"headline":"Sachertorte, \u00d6sterreichs ber\u00fchmteste Schokotorte","datePublished":"2018-09-28T05:00:32+00:00","dateModified":"2026-03-22T07:59:37+00:00","mainEntityOfPage":{"@id":"https:\/\/jennyisbaking.com\/2018\/09\/28\/sachertorte-austrias-most-famous-chocolate-cake\/"},"wordCount":777,"commentCount":6,"image":{"@id":"https:\/\/jennyisbaking.com\/2018\/09\/28\/sachertorte-austrias-most-famous-chocolate-cake\/#primaryimage"},"thumbnailUrl":"https:\/\/i0.wp.com\/jennyisbaking.com\/wp-1c174-content\/uploads\/2018\/09\/DSC00212.jpg?fit=534%2C801&ssl=1","keywords":["apricot","Aprikose","Austria","Austrian","chocolate","chocolate cake","\u00d6sterreich","\u00f6sterreichisch","Sacher Torte","Sachertorte","Schoko","Schokokuchen","Schokolade"],"articleSection":["All Seasons","birthday","Cakes","Christmas","Everything Chocolate","German Recipes","Im Schokohimmel","Jederzeit","Kuchen","Weihnachten"],"inLanguage":"de","potentialAction":[{"@type":"CommentAction","name":"Comment","target":["https:\/\/jennyisbaking.com\/2018\/09\/28\/sachertorte-austrias-most-famous-chocolate-cake\/#respond"]}]},{"@type":"WebPage","@id":"https:\/\/jennyisbaking.com\/de\/2018\/09\/28\/sachertorte-austrias-most-famous-chocolate-cake\/","url":"https:\/\/jennyisbaking.com\/de\/2018\/09\/28\/sachertorte-austrias-most-famous-chocolate-cake\/","name":"Sachertorte, \u00d6sterreichs ber\u00fchmteste Schokotorte - Jenny is baking","isPartOf":{"@id":"https:\/\/jennyisbaking.com\/de\/#website"},"primaryImageOfPage":{"@id":"https:\/\/jennyisbaking.com\/de\/2018\/09\/28\/sachertorte-austrias-most-famous-chocolate-cake\/#primaryimage"},"image":{"@id":"https:\/\/jennyisbaking.com\/2018\/09\/28\/sachertorte-austrias-most-famous-chocolate-cake\/#primaryimage"},"thumbnailUrl":"https:\/\/i0.wp.com\/jennyisbaking.com\/wp-1c174-content\/uploads\/2018\/09\/DSC00212.jpg?fit=534%2C801&ssl=1","datePublished":"2018-09-28T05:00:32+00:00","dateModified":"2026-03-22T07:59:37+00:00","author":{"@id":"https:\/\/jennyisbaking.com\/#\/schema\/person\/28a46859582cac5ac1ef7e065a17f77b"},"description":"Diese Sachertorte besteht aus Schokoteig, einer Schicht Aprikosenmarmelade und Ganache als Abschluss.","breadcrumb":{"@id":"https:\/\/jennyisbaking.com\/de\/2018\/09\/28\/sachertorte-austrias-most-famous-chocolate-cake\/#breadcrumb"},"inLanguage":"de","potentialAction":[{"@type":"ReadAction","target":[["https:\/\/jennyisbaking.com\/de\/2018\/09\/28\/sachertorte-austrias-most-famous-chocolate-cake\/"]]}]},{"@type":"ImageObject","inLanguage":"de","@id":"https:\/\/jennyisbaking.com\/de\/2018\/09\/28\/sachertorte-austrias-most-famous-chocolate-cake\/#primaryimage","url":"https:\/\/i0.wp.com\/jennyisbaking.com\/wp-1c174-content\/uploads\/2018\/09\/DSC00212.jpg?fit=534%2C801&ssl=1","contentUrl":"https:\/\/i0.wp.com\/jennyisbaking.com\/wp-1c174-content\/uploads\/2018\/09\/DSC00212.jpg?fit=534%2C801&ssl=1","width":534,"height":801,"caption":"Echte \u00f6sterreichische Sachertorte"},{"@type":"BreadcrumbList","@id":"https:\/\/jennyisbaking.com\/de\/2018\/09\/28\/sachertorte-austrias-most-famous-chocolate-cake\/#breadcrumb","itemListElement":[{"@type":"ListItem","position":1,"name":"Startseite","item":"https:\/\/jennyisbaking.com\/de\/"},{"@type":"ListItem","position":2,"name":"Sachertorte, Austria&#8217;s most famous Chocolate Cake"}]},{"@type":"WebSite","@id":"https:\/\/jennyisbaking.com\/de\/#website","url":"https:\/\/jennyisbaking.com\/de\/","name":"Jenny is baking","description":"Backrezepte aus Nord- und S\u00fcdamerika","potentialAction":[{"@type":"SearchAction","target":{"@type":"EntryPoint","urlTemplate":"https:\/\/jennyisbaking.com\/de\/?s={search_term_string}"},"query-input":{"@type":"PropertyValueSpecification","valueRequired":true,"valueName":"search_term_string"}}],"inLanguage":"de"},{"@type":"Person","@id":"https:\/\/jennyisbaking.com\/#\/schema\/person\/28a46859582cac5ac1ef7e065a17f77b","name":"Jenny","image":{"@type":"ImageObject","inLanguage":"de","@id":"https:\/\/secure.gravatar.com\/avatar\/23e81660a6279fbe7db0db01e9985036a8488f0100c3985867731ba2b4348089?s=96&d=mm&r=g","url":"https:\/\/secure.gravatar.com\/avatar\/23e81660a6279fbe7db0db01e9985036a8488f0100c3985867731ba2b4348089?s=96&d=mm&r=g","contentUrl":"https:\/\/secure.gravatar.com\/avatar\/23e81660a6279fbe7db0db01e9985036a8488f0100c3985867731ba2b4348089?s=96&d=mm&r=g","caption":"Jenny"},"description":"Hi, ich hei\u00dfe Jenny, geb\u00fcrtig in Uruguay, als Kind in USA gelebt, nach dem Abi in Kanada und mit einem Kolumbianer verheiratet. Ich wohne im Moment in M\u00fcnchen, S\u00fcddeutschland. Auf meinem Blog finden sich meist s\u00fc\u00dfe Rezepte. Ich mag normalerweise einfache Sachen, die schnell gemacht sind, aber gleichzeitig was hermachen. Manchmal packt mich auch der Ehrgeiz und ich wage mich an kompliziertere Torten. Schau dir im Men\u00fc \u201eAlle Rezepte\u201c an f\u00fcr weitere Inspiration.","sameAs":["https:\/\/www.facebook.com\/jennyisbaking\/","https:\/\/www.pinterest.de\/jennyisbaking\/"]}]}},"jetpack_publicize_connections":[],"jetpack_featured_media_url":"https:\/\/i0.wp.com\/jennyisbaking.com\/wp-1c174-content\/uploads\/2018\/09\/DSC00212.jpg?fit=534%2C801&ssl=1","jetpack_sharing_enabled":true,"jetpack_shortlink":"https:\/\/wp.me\/p8MAhl-1ET","jetpack-related-posts":[{"id":14411,"url":"https:\/\/jennyisbaking.com\/de\/2023\/04\/23\/original-sachertorte\/","url_meta":{"origin":6379,"position":0},"title":"Wir feiern mit Original Sachertorte","author":"Jenny","date":"Sonntag, der 23. April 2023","format":false,"excerpt":"Es gibt wieder mal einen Grund zu feiern, genau f\u00fcnf Jahre ist es nun her, dass ich einen krassen Fahrradunfall mit Hirnbluten hatte. Details kannst du hier nachlesen. Da ich keine Folgesch\u00e4den davongetragen habe,\u00a0 m\u00fcssen wir wieder mit Schokolade feiern: heute gibt es Original Sachertorte! Bereits 2014 hatte ich das\u2026","rel":"","context":"In &quot;All Seasons&quot;","block_context":{"text":"All Seasons","link":"https:\/\/jennyisbaking.com\/de\/category\/all-seasons\/"},"img":{"alt_text":"","src":"https:\/\/i0.wp.com\/jennyisbaking.com\/wp-1c174-content\/uploads\/2023\/04\/Sachertorte-1.jpg?fit=534%2C801&ssl=1&resize=350%2C200","width":350,"height":200,"srcset":"https:\/\/i0.wp.com\/jennyisbaking.com\/wp-1c174-content\/uploads\/2023\/04\/Sachertorte-1.jpg?fit=534%2C801&ssl=1&resize=350%2C200 1x, https:\/\/i0.wp.com\/jennyisbaking.com\/wp-1c174-content\/uploads\/2023\/04\/Sachertorte-1.jpg?fit=534%2C801&ssl=1&resize=525%2C300 1.5x"},"classes":[]},{"id":5369,"url":"https:\/\/jennyisbaking.com\/de\/2018\/11\/06\/my-ten-favorite-chocolate-recipes\/","url_meta":{"origin":6379,"position":1},"title":"Meine 10 Lieblingsrezepte mit Schokolade","author":"Jenny","date":"Dienstag, der  6. November 2018","format":false,"excerpt":"Wer meinem Blog schon l\u00e4nger folgt, wei\u00df, dass ich Schokolade liebe. Schokolade macht einfach alles besser. Egal was es ist. Ich wage zu behaupten, dass ich Chocoholic bin, man kann mich mitten in der Nacht aufwecken, ich w\u00fcrde zu Schokolade nicht nein sagen. Deshalb wollte ich an dieser Stelle meine\u2026","rel":"","context":"In &quot;Everything Chocolate&quot;","block_context":{"text":"Everything Chocolate","link":"https:\/\/jennyisbaking.com\/de\/category\/everything-chocolate\/"},"img":{"alt_text":"Schoko-Mousse-Kirschtorte","src":"https:\/\/i0.wp.com\/jennyisbaking.com\/wp-1c174-content\/uploads\/2018\/10\/DSC00234.jpg?fit=532%2C800&ssl=1&resize=350%2C200","width":350,"height":200,"srcset":"https:\/\/i0.wp.com\/jennyisbaking.com\/wp-1c174-content\/uploads\/2018\/10\/DSC00234.jpg?fit=532%2C800&ssl=1&resize=350%2C200 1x, https:\/\/i0.wp.com\/jennyisbaking.com\/wp-1c174-content\/uploads\/2018\/10\/DSC00234.jpg?fit=532%2C800&ssl=1&resize=525%2C300 1.5x"},"classes":[]},{"id":14929,"url":"https:\/\/jennyisbaking.com\/de\/2023\/08\/04\/schokotorte-mit-himbeer-curd\/","url_meta":{"origin":6379,"position":2},"title":"Himmlische Schoko-Torte mit Himbeercurd","author":"Jenny","date":"Freitag, der  4. August 2023","format":false,"excerpt":"Schoko-Torte mit Himbeercurd, wer will, wer mag? Wer mich kennt, wei\u00df, dass ich gro\u00dfer Schokofan bin. Deshalb gibt es auch eine eigene Schokokategorie auf dem Blog, weil, falls es andere Schokohungrige gibt, sollen sie nat\u00fcrlich ganz schnell f\u00fcndig werden. Und weil mein Geburtstag naht und weil in einigen Bundesl\u00e4ndern bald\u2026","rel":"","context":"In &quot;Cakes&quot;","block_context":{"text":"Cakes","link":"https:\/\/jennyisbaking.com\/de\/category\/cakes\/"},"img":{"alt_text":"","src":"https:\/\/i0.wp.com\/jennyisbaking.com\/wp-1c174-content\/uploads\/2023\/07\/Schoko-Torte-mit-Himbeercurd.jpg?fit=534%2C801&ssl=1&resize=350%2C200","width":350,"height":200,"srcset":"https:\/\/i0.wp.com\/jennyisbaking.com\/wp-1c174-content\/uploads\/2023\/07\/Schoko-Torte-mit-Himbeercurd.jpg?fit=534%2C801&ssl=1&resize=350%2C200 1x, https:\/\/i0.wp.com\/jennyisbaking.com\/wp-1c174-content\/uploads\/2023\/07\/Schoko-Torte-mit-Himbeercurd.jpg?fit=534%2C801&ssl=1&resize=525%2C300 1.5x"},"classes":[]},{"id":8926,"url":"https:\/\/jennyisbaking.com\/de\/2019\/07\/12\/apricot-dumplings-with-caramelized-bread-crumbs\/","url_meta":{"origin":6379,"position":3},"title":"Marillenkn\u00f6del mit Topfen oder Aprikosenkn\u00f6del mit Quark","author":"Jenny","date":"Freitag, der 12. Juli 2019","format":false,"excerpt":"Zur Aprikosenzeit gibt es Marillenkn\u00f6del mit Topfen oder auf Deutsch auch Aprikosenkn\u00f6del mit Quark genannt. Eigentlich ist es eine Schande, dass es erst drei weitere Aprikosenrezepte auf dem Blog gibt, da hab ich einmal diese leckeren Aprikostentaschen im Angebot, die weiterhin sehr beliebte Aprikosen-Tarte und den Aprikosen-Blechkuchen. Denn ich liebe\u2026","rel":"","context":"In &quot;Bread and Breakfast&quot;","block_context":{"text":"Bread and Breakfast","link":"https:\/\/jennyisbaking.com\/de\/category\/bread-and-breakfast\/"},"img":{"alt_text":"Marillenkn\u00f6del mit Topfen","src":"https:\/\/i0.wp.com\/jennyisbaking.com\/wp-1c174-content\/uploads\/2019\/06\/DSC02023.jpg?fit=534%2C801&ssl=1&resize=350%2C200","width":350,"height":200,"srcset":"https:\/\/i0.wp.com\/jennyisbaking.com\/wp-1c174-content\/uploads\/2019\/06\/DSC02023.jpg?fit=534%2C801&ssl=1&resize=350%2C200 1x, https:\/\/i0.wp.com\/jennyisbaking.com\/wp-1c174-content\/uploads\/2019\/06\/DSC02023.jpg?fit=534%2C801&ssl=1&resize=525%2C300 1.5x"},"classes":[]},{"id":8003,"url":"https:\/\/jennyisbaking.com\/de\/2019\/02\/19\/lets-have-a-coffe-no-4\/","url_meta":{"origin":6379,"position":4},"title":"Auf einen Kaffee, die vierte","author":"Jenny","date":"Dienstag, der 19. Februar 2019","format":false,"excerpt":"Ich habe eine neue Kategorie bei mir ins Leben gerufen, bei der ich ein wenig pers\u00f6nlicher von mir erz\u00e4hle. Ich lade dich sozusagen virtuell zu einem Kaffee mit mir ein. Wenn du die anderen Beitr\u00e4ge dazu lesen m\u00f6chtest, gibt es hier den ersten, zweiten und dritten Bericht. Heute also Nr.\u2026","rel":"","context":"In &quot;Coffee with Jenny&quot;","block_context":{"text":"Coffee with Jenny","link":"https:\/\/jennyisbaking.com\/de\/category\/coffee-with-jenny\/"},"img":{"alt_text":"coffee","src":"https:\/\/i0.wp.com\/jennyisbaking.com\/wp-1c174-content\/uploads\/2019\/01\/DSC06904.jpg?fit=534%2C800&ssl=1&resize=350%2C200","width":350,"height":200,"srcset":"https:\/\/i0.wp.com\/jennyisbaking.com\/wp-1c174-content\/uploads\/2019\/01\/DSC06904.jpg?fit=534%2C800&ssl=1&resize=350%2C200 1x, https:\/\/i0.wp.com\/jennyisbaking.com\/wp-1c174-content\/uploads\/2019\/01\/DSC06904.jpg?fit=534%2C800&ssl=1&resize=525%2C300 1.5x"},"classes":[]},{"id":18007,"url":"https:\/\/jennyisbaking.com\/de\/2025\/05\/09\/erdbeer-vanille-torte-mit-rosen-aus-buttercreme\/","url_meta":{"origin":6379,"position":5},"title":"Erdbeer-Vanilletorte mit Blumen aus Buttercreme","author":"Jenny","date":"Freitag, der  9. Mai 2025","format":false,"excerpt":"Mama, diese Erdbeer-Vanilletorte habe ich f\u00fcr dich gebacken. Weil du so gerne Rosen magst. Extra zum Muttertag. Es ist eine Torte mit saftigen Vanilleb\u00f6den und einer Erdbeerf\u00fcllung. Die B\u00f6den sind kompakter, ich habe diesmal keinen Biskuitteig zubereitet, sondern ein neues Rezept ausprobiert. Die Erdbeercreme enth\u00e4lt zwar Butter, aber einen ziemlich\u2026","rel":"","context":"In &quot;Cakes&quot;","block_context":{"text":"Cakes","link":"https:\/\/jennyisbaking.com\/de\/category\/cakes\/"},"img":{"alt_text":"","src":"https:\/\/i0.wp.com\/jennyisbaking.com\/wp-1c174-content\/uploads\/2025\/04\/Erdbeer-Vanilletorte-mit-Rosen.jpg?fit=534%2C801&ssl=1&resize=350%2C200","width":350,"height":200,"srcset":"https:\/\/i0.wp.com\/jennyisbaking.com\/wp-1c174-content\/uploads\/2025\/04\/Erdbeer-Vanilletorte-mit-Rosen.jpg?fit=534%2C801&ssl=1&resize=350%2C200 1x, https:\/\/i0.wp.com\/jennyisbaking.com\/wp-1c174-content\/uploads\/2025\/04\/Erdbeer-Vanilletorte-mit-Rosen.jpg?fit=534%2C801&ssl=1&resize=525%2C300 1.5x"},"classes":[]}],"_links":{"self":[{"href":"https:\/\/jennyisbaking.com\/de\/wp-json\/wp\/v2\/posts\/6379","targetHints":{"allow":["GET"]}}],"collection":[{"href":"https:\/\/jennyisbaking.com\/de\/wp-json\/wp\/v2\/posts"}],"about":[{"href":"https:\/\/jennyisbaking.com\/de\/wp-json\/wp\/v2\/types\/post"}],"author":[{"embeddable":true,"href":"https:\/\/jennyisbaking.com\/de\/wp-json\/wp\/v2\/users\/1"}],"replies":[{"embeddable":true,"href":"https:\/\/jennyisbaking.com\/de\/wp-json\/wp\/v2\/comments?post=6379"}],"version-history":[{"count":22,"href":"https:\/\/jennyisbaking.com\/de\/wp-json\/wp\/v2\/posts\/6379\/revisions"}],"predecessor-version":[{"id":19432,"href":"https:\/\/jennyisbaking.com\/de\/wp-json\/wp\/v2\/posts\/6379\/revisions\/19432"}],"wp:featuredmedia":[{"embeddable":true,"href":"https:\/\/jennyisbaking.com\/de\/wp-json\/wp\/v2\/media\/7877"}],"wp:attachment":[{"href":"https:\/\/jennyisbaking.com\/de\/wp-json\/wp\/v2\/media?parent=6379"}],"wp:term":[{"taxonomy":"category","embeddable":true,"href":"https:\/\/jennyisbaking.com\/de\/wp-json\/wp\/v2\/categories?post=6379"},{"taxonomy":"post_tag","embeddable":true,"href":"https:\/\/jennyisbaking.com\/de\/wp-json\/wp\/v2\/tags?post=6379"}],"curies":[{"name":"wp","href":"https:\/\/api.w.org\/{rel}","templated":true}]}}