{"id":8658,"date":"2020-02-07T07:00:54","date_gmt":"2020-02-07T06:00:54","guid":{"rendered":"https:\/\/jennyisbaking.com\/?p=8658"},"modified":"2020-08-19T19:56:56","modified_gmt":"2020-08-19T17:56:56","slug":"moist-apple-cupcakes-with-caramel-frosting","status":"publish","type":"post","link":"https:\/\/jennyisbaking.com\/de\/2020\/02\/07\/moist-apple-cupcakes-with-caramel-frosting\/","title":{"rendered":"Saftige Apfel-Cupcakes mit Karamell-Sahne"},"content":{"rendered":"<p>Heute gibt es saftige Apfel-Cupcakes mit super leckerer Karamell-Sahne, Leute, wenn ihr auf der Suche nach Cupcakes seid, die so richtig sch\u00f6n saftig und gleichzeitig cremig sind, dann seid ihr hier genau richtig. Diese Kombo passt immer, w\u00fcrde ich sagen!<\/p>\n<p><a href=\"https:\/\/i0.wp.com\/jennyisbaking.com\/wp-1c174-content\/uploads\/2019\/05\/DSC00812.jpg?ssl=1\"><img data-recalc-dims=\"1\" loading=\"lazy\" decoding=\"async\" data-attachment-id=\"8660\" data-permalink=\"https:\/\/jennyisbaking.com\/de\/2020\/02\/07\/moist-apple-cupcakes-with-caramel-frosting\/dsc00812\/\" data-orig-file=\"https:\/\/i0.wp.com\/jennyisbaking.com\/wp-1c174-content\/uploads\/2019\/05\/DSC00812.jpg?fit=534%2C801&amp;ssl=1\" data-orig-size=\"534,801\" data-comments-opened=\"1\" data-image-meta=\"{&quot;aperture&quot;:&quot;4.5&quot;,&quot;credit&quot;:&quot;&quot;,&quot;camera&quot;:&quot;ILCE-7&quot;,&quot;caption&quot;:&quot;&quot;,&quot;created_timestamp&quot;:&quot;1557776070&quot;,&quot;copyright&quot;:&quot;&quot;,&quot;focal_length&quot;:&quot;50&quot;,&quot;iso&quot;:&quot;800&quot;,&quot;shutter_speed&quot;:&quot;0.02&quot;,&quot;title&quot;:&quot;&quot;,&quot;orientation&quot;:&quot;1&quot;}\" data-image-title=\"Saftige Apfel-Cupcakes mit Karamellsahne\" data-image-description=\"\" data-image-caption=\"\" data-large-file=\"https:\/\/i0.wp.com\/jennyisbaking.com\/wp-1c174-content\/uploads\/2019\/05\/DSC00812.jpg?fit=534%2C801&amp;ssl=1\" class=\"aligncenter size-full wp-image-8660\" src=\"https:\/\/i0.wp.com\/jennyisbaking.com\/wp-1c174-content\/uploads\/2019\/05\/DSC00812.jpg?resize=534%2C801&#038;ssl=1\" alt=\"Saftige Apfel-Cupcakes mit Karamellsahne\" width=\"534\" height=\"801\" srcset=\"https:\/\/i0.wp.com\/jennyisbaking.com\/wp-1c174-content\/uploads\/2019\/05\/DSC00812.jpg?w=534&amp;ssl=1 534w, https:\/\/i0.wp.com\/jennyisbaking.com\/wp-1c174-content\/uploads\/2019\/05\/DSC00812.jpg?resize=200%2C300&amp;ssl=1 200w\" sizes=\"auto, (max-width: 534px) 100vw, 534px\" \/><\/a><!--more-->Ich bin ja ein gro\u00dfer Fan von Karamell. Falls das nicht klar sein sollte, ich habe einen Haufen an Rezepten, allen voran ein <a href=\"https:\/\/jennyisbaking.com\/de\/2017\/09\/22\/pumpkin-cupcakes-with-caramel\/\">K\u00fcrbis-Cupcake-Rezept mit Karamell<\/a> auch als F\u00fcllung, schau es dir gerne an. Auch zu empfehlen ist <a href=\"https:\/\/jennyisbaking.com\/de\/2018\/01\/26\/the-best-cheesecake-with-caramel-and-apples\/\" target=\"_blank\" rel=\"noopener noreferrer\">dieser K\u00e4sekuchen mit Apfel und Karamell<\/a>, denn die Kombi Apfel und Karamell ist einfach unschlagbar.<\/p>\n<p><a href=\"https:\/\/i0.wp.com\/jennyisbaking.com\/wp-1c174-content\/uploads\/2019\/05\/DSC00824-2.jpg?ssl=1\"><img data-recalc-dims=\"1\" loading=\"lazy\" decoding=\"async\" data-attachment-id=\"8665\" data-permalink=\"https:\/\/jennyisbaking.com\/de\/2020\/02\/07\/moist-apple-cupcakes-with-caramel-frosting\/dsc00824-2\/\" data-orig-file=\"https:\/\/i0.wp.com\/jennyisbaking.com\/wp-1c174-content\/uploads\/2019\/05\/DSC00824-2.jpg?fit=534%2C800&amp;ssl=1\" data-orig-size=\"534,800\" data-comments-opened=\"1\" data-image-meta=\"{&quot;aperture&quot;:&quot;4.5&quot;,&quot;credit&quot;:&quot;&quot;,&quot;camera&quot;:&quot;ILCE-7&quot;,&quot;caption&quot;:&quot;&quot;,&quot;created_timestamp&quot;:&quot;1557819709&quot;,&quot;copyright&quot;:&quot;&quot;,&quot;focal_length&quot;:&quot;50&quot;,&quot;iso&quot;:&quot;400&quot;,&quot;shutter_speed&quot;:&quot;0.0125&quot;,&quot;title&quot;:&quot;&quot;,&quot;orientation&quot;:&quot;1&quot;}\" data-image-title=\"Saftige Apfel-Cupcakes mit Karamellsahne\" data-image-description=\"\" data-image-caption=\"\" data-large-file=\"https:\/\/i0.wp.com\/jennyisbaking.com\/wp-1c174-content\/uploads\/2019\/05\/DSC00824-2.jpg?fit=534%2C800&amp;ssl=1\" class=\"aligncenter size-full wp-image-8665\" src=\"https:\/\/i0.wp.com\/jennyisbaking.com\/wp-1c174-content\/uploads\/2019\/05\/DSC00824-2.jpg?resize=534%2C800&#038;ssl=1\" alt=\"Saftige Apfel-Cupcakes mit Karamellsahne\" width=\"534\" height=\"800\" srcset=\"https:\/\/i0.wp.com\/jennyisbaking.com\/wp-1c174-content\/uploads\/2019\/05\/DSC00824-2.jpg?w=534&amp;ssl=1 534w, https:\/\/i0.wp.com\/jennyisbaking.com\/wp-1c174-content\/uploads\/2019\/05\/DSC00824-2.jpg?resize=200%2C300&amp;ssl=1 200w\" sizes=\"auto, (max-width: 534px) 100vw, 534px\" \/><\/a>Die Cupcakes sind schnell gemacht und auch die Sahne muss man nur normal aufschlagen. Einzig mit dem Karamell hat man hier noch eine weitere Komponente vorzubereiten, aber wenn du wie ich auch so sehr Karamell liebst, sollte dich das nicht abhalten welchen auf Vorrat zu machen. Denn Karamell h\u00e4lt sich gut und kann entsprechend schon Tage im Voraus zubereitet werden. Und klar, zur Not kann man nat\u00fcrlich auch einfach Karamellso\u00dfe kaufen. In dem Sinne hoffe ich, hast du viel Spa\u00df dabei diese super saftigen Apfel-Cupcakes mit Karamellschlagsahne nachzubacken.<\/p>\n<p><a href=\"https:\/\/i0.wp.com\/jennyisbaking.com\/wp-1c174-content\/uploads\/2019\/05\/DSC00849.jpg?ssl=1\"><img data-recalc-dims=\"1\" loading=\"lazy\" decoding=\"async\" data-attachment-id=\"8677\" data-permalink=\"https:\/\/jennyisbaking.com\/de\/2020\/02\/07\/moist-apple-cupcakes-with-caramel-frosting\/dsc00849\/\" data-orig-file=\"https:\/\/i0.wp.com\/jennyisbaking.com\/wp-1c174-content\/uploads\/2019\/05\/DSC00849.jpg?fit=534%2C801&amp;ssl=1\" data-orig-size=\"534,801\" data-comments-opened=\"1\" data-image-meta=\"{&quot;aperture&quot;:&quot;4.5&quot;,&quot;credit&quot;:&quot;&quot;,&quot;camera&quot;:&quot;ILCE-7&quot;,&quot;caption&quot;:&quot;&quot;,&quot;created_timestamp&quot;:&quot;1557820374&quot;,&quot;copyright&quot;:&quot;&quot;,&quot;focal_length&quot;:&quot;50&quot;,&quot;iso&quot;:&quot;800&quot;,&quot;shutter_speed&quot;:&quot;0.02&quot;,&quot;title&quot;:&quot;&quot;,&quot;orientation&quot;:&quot;1&quot;}\" data-image-title=\"Saftige Apfel-Cupcakes mit Karamellsahne\" data-image-description=\"\" data-image-caption=\"\" data-large-file=\"https:\/\/i0.wp.com\/jennyisbaking.com\/wp-1c174-content\/uploads\/2019\/05\/DSC00849.jpg?fit=534%2C801&amp;ssl=1\" class=\"aligncenter size-full wp-image-8677\" src=\"https:\/\/i0.wp.com\/jennyisbaking.com\/wp-1c174-content\/uploads\/2019\/05\/DSC00849.jpg?resize=534%2C801&#038;ssl=1\" alt=\"Saftige Apfel-Cupcakes mit Karamellsahne\" width=\"534\" height=\"801\" srcset=\"https:\/\/i0.wp.com\/jennyisbaking.com\/wp-1c174-content\/uploads\/2019\/05\/DSC00849.jpg?w=534&amp;ssl=1 534w, https:\/\/i0.wp.com\/jennyisbaking.com\/wp-1c174-content\/uploads\/2019\/05\/DSC00849.jpg?resize=200%2C300&amp;ssl=1 200w\" sizes=\"auto, (max-width: 534px) 100vw, 534px\" \/><\/a><span class=\"sp_shortcode\">\t<div id=\"recipe\"><\/div>\r\n\t<div class=\"sp-recipe\" id=\"printthis\">\r\n\t\t\r\n\t\t<div class=\"recipe-overview\">\r\n\t\t\t\r\n\t\t\t<div class=\"recipe-image\">\r\n\t\t\t\t\t\t\t\t\t\t\t\t<img data-recalc-dims=\"1\" decoding=\"async\" src=\"https:\/\/i0.wp.com\/jennyisbaking.com\/wp-1c174-content\/uploads\/2019\/05\/DSC00837.jpg?w=1080&#038;ssl=1\">\t\t\t\t\t\t\t\t\t\t\t\t\t<a href=\"#\" onclick=\"jQuery('#printthis').print()\" class=\"sp-print\"><i class=\"fa fas fa-print\"><\/i> Print Recipe<\/a>\r\n\t\t\t\t\t\t\t<\/div>\r\n\t\t\t\r\n\t\t\t<div class=\"recipe-header\">\r\n\t\t\t\r\n\t\t\t\t<div class=\"recipe-title-header\">\r\n\t\t\t\t\r\n\t\t\t\t\t\t\t\t\t\t\t<h2>Saftige Apfel-Cupcakes mit Karamell-Sahne<\/h2>\r\n\t\t\t\t\t\t\t\t\t\t\t\t\t\t\r\n\t\t\t\t<\/div>\r\n\t\t\t\r\n\t\t\t\t\t\t\t\t<div class=\"recipe-meta\">\r\n\t\t\t\t\t\r\n\t\t\t\t\t<div class=\"meta-row\">\r\n\t\t\t\t\t\t\r\n\t\t\t\t\t\t\t\t\t\t\t\t\r\n\t\t\t\t\t\t\t\t\t\t\t\t\t\t\t\t\t\t\t\t\t\t\t\r\n\t\t\t\t\t<\/div>\r\n\t\t\t\t\t\r\n\t\t\t\t\t<div class=\"meta-row\">\r\n\t\t\t\t\t\t\r\n\t\t\t\t\t\t<i class=\"far fa-user\"><\/i>\t\t\t\t\t\t\r\n\t\t\t\t\t\t\t\t\t\t\t\t\t\t\t\t\t\t<span class=\"recipe-meta-item\">Serves: 12 normal gro\u00dfe Cupcakes<\/span>\t\t\t\t\t\r\n\t\t\t\t\t<\/div>\r\n\t\t\t\t\t\r\n\t\t\t\t\t<div class=\"meta-row\">\r\n\t\t\t\t\t\r\n\t\t\t\t\t\t<i class=\"far fa-clock\"><\/i> \r\n\t\t\t\t\t\t\r\n\t\t\t\t\t\t\t\t\t\t\t\t\r\n\t\t\t\t\t\t\t\t\t\t\t\t\r\n\t\t\t\t\t\t\t\t\t\t\t\t\t\t\t\t\t\t<span class=\"recipe-meta-item\">Cooking Time: 35min Vorbereitung + 22min backen<\/span>\r\n\t\t\t\t\t\t\t\t\t\t\t\t\r\n\t\t\t\t\t\t\t\t\t\t\t\t\r\n\t\t\t\t\t\t\t\t\t\t\t\t\r\n\t\t\t\t\t<\/div>\r\n\t\t\t\r\n\t\t\t\t<\/div>\r\n\t\t\t\t\t\t\t\t\r\n\t\t\t\t\t\t\t\t\t<div class=\"sep-line\"><\/div>\r\n\t\t\t\t\t<div class=\"recipe-description\"><p>Diese saftigen Apfel-Cupcakes mit Karamell-Sahne sind schnell zubereitet, insbesondere, wenn man das Karamell entweder fertif kauft oder bereits zubereitet hat.<\/p><\/div>\r\n\t\t\t\t\t\t\t\r\n\t\t\t<\/div>\r\n\t\t\t\r\n\t\t<\/div>\r\n\t\t\t\r\n\t\t\t\t<div class=\"recipe-ingredients\">\r\n\t\t\t\t\t\t\t\r\n\t\t\t<h3 class=\"recipe-title\">Ingredients<\/h3>\r\n\t\t\t\r\n\t\t\t<ul>\r\n\t\t\t\t\t\t\t\t\t\t\t\t\t\t\t\t\t\t\t<li><span><b>Karamellso\u00dfe<\/b><\/span><\/li>\r\n\t\t\t\t\t\t\t\t\t\t\t\t\t\t\t\t\t\t\t\t\t\t\t\t\t\t\t\t<li><span>200 gr wei\u00dfer Zucker<\/span><\/li>\r\n\t\t\t\t\t\t\t\t\t\t\t\t\t\t\t\t\t\t\t\t\t\t\t\t\t\t\t\t<li><span>90 gr Butter, Zimmertemperatur<\/span><\/li>\r\n\t\t\t\t\t\t\t\t\t\t\t\t\t\t\t\t\t\t\t\t\t\t\t\t\t\t\t\t<li><span>120 gr\/ml Sahne<\/span><\/li>\r\n\t\t\t\t\t\t\t\t\t\t\t\t\t\t\t\t\t\t\t\t\t\t\t\t\t\t\t\t<li><span>Optional: 1 TL Salz <\/span><\/li>\r\n\t\t\t\t\t\t\t\t\t\t\t\t\t\t\t\t\t\t\t\t\t\t\t\t\t\t\t\t<li><span><\/br><\/span><\/li>\r\n\t\t\t\t\t\t\t\t\t\t\t\t\t\t\t\t\t\t\t\t\t\t\t\t\t\t\t\t<li><span><b>Cupcakes<\/b><\/span><\/li>\r\n\t\t\t\t\t\t\t\t\t\t\t\t\t\t\t\t\t\t\t\t\t\t\t\t\t\t\t\t<li><span>115 gr Butter<\/span><\/li>\r\n\t\t\t\t\t\t\t\t\t\t\t\t\t\t\t\t\t\t\t\t\t\t\t\t\t\t\t\t<li><span>1 gro\u00dfer Apfel oder zwei kleine<\/span><\/li>\r\n\t\t\t\t\t\t\t\t\t\t\t\t\t\t\t\t\t\t\t\t\t\t\t\t\t\t\t\t<li><span>30 gr wei\u00dfer Zucker<\/span><\/li>\r\n\t\t\t\t\t\t\t\t\t\t\t\t\t\t\t\t\t\t\t\t\t\t\t\t\t\t\t\t<li><span>100 gr brauner Zucker<\/span><\/li>\r\n\t\t\t\t\t\t\t\t\t\t\t\t\t\t\t\t\t\t\t\t\t\t\t\t\t\t\t\t<li><span>2 Eier, Gr\u00f6\u00dfe L<\/span><\/li>\r\n\t\t\t\t\t\t\t\t\t\t\t\t\t\t\t\t\t\t\t\t\t\t\t\t\t\t\t\t<li><span>80 gr Milch<\/span><\/li>\r\n\t\t\t\t\t\t\t\t\t\t\t\t\t\t\t\t\t\t\t\t\t\t\t\t\t\t\t\t<li><span>1 TL Vanilleextrakt, siehe <a href=\"http:\/\/jennyisbaking.com\/de\/2017\/02\/25\/how-to-make-vanilla-extract\/\" target=\"_blank\" rel=\"noopener noreferrer\">hier<\/a> wie man es selbst erstellt<\/span><\/li>\r\n\t\t\t\t\t\t\t\t\t\t\t\t\t\t\t\t\t\t\t\t\t\t\t\t\t\t\t\t<li><span>190 gr Mehl, Type 405<\/span><\/li>\r\n\t\t\t\t\t\t\t\t\t\t\t\t\t\t\t\t\t\t\t\t\t\t\t\t\t\t\t\t<li><span>1\/2 TL Backpulver<\/span><\/li>\r\n\t\t\t\t\t\t\t\t\t\t\t\t\t\t\t\t\t\t\t\t\t\t\t\t\t\t\t\t<li><span>1 TL Natron<\/span><\/li>\r\n\t\t\t\t\t\t\t\t\t\t\t\t\t\t\t\t\t\t\t\t\t\t\t\t\t\t\t\t<li><span>Eine Prise Salz<\/span><\/li>\r\n\t\t\t\t\t\t\t\t\t\t\t\t\t\t\t\t\t\t\t\t\t\t\t\t\t\t\t\t<li><span>1 TL Zimt<\/span><\/li>\r\n\t\t\t\t\t\t\t\t\t\t\t\t\t\t\t\t\t\t\t\t\t\t\t\t\t\t\t\t<li><span><\/br><\/span><\/li>\r\n\t\t\t\t\t\t\t\t\t\t\t\t\t\t\t\t\t\t\t\t\t\t\t\t\t\t\t\t<li><span><b>Karamellsahne<\/b><\/span><\/li>\r\n\t\t\t\t\t\t\t\t\t\t\t\t\t\t\t\t\t\t\t\t\t\t\t\t\t\t\t\t<li><span>400 gr Schlagsahne<\/span><\/li>\r\n\t\t\t\t\t\t\t\t\t\t\t\t\t\t\t\t\t\t\t\t\t\t\t\t\t\t\t\t<li><span>90 gr von obiger Karamellcreme plus weitere zum Dekorieren<\/span><\/li>\r\n\t\t\t\t\t\t\t\t\t\t\t\t\t\t\t\t<\/ul>\r\n\t\t\t\r\n\t\t<\/div>\r\n\t\t\t\t\r\n\t\t\t\t<div class=\"recipe-method\">\r\n\t\t\t\t\t\t\t\r\n\t\t\t<h3 class=\"recipe-title\">Instructions<\/h3>\r\n\t\t\t\r\n\t\t\t\t\t\t\t\t\t\r\n\t\t\t\t\t\t\t\t\t\t\t\t\t\t\t<div class=\"step\">\r\n\t\t\t\t\t<span class=\"step-number\">1<\/span>\r\n\t\t\t\t\t<div class=\"step-content\">\r\n\t\t\t\t\t\t<p>F\u00fcr die <b>Karamellso\u00dfe<\/b> den Zucker auf mittlerer Stufe ohne Fett in einer tiefen Pfanne so lange verr\u00fchren, bis der Zucker zun\u00e4chst klumpig wird und dann langsam karamellisiert. Er sollte die Farbe von Bernstein bekommen. Dann die Butter hinzuf\u00fcgen und weiter r\u00fchren bis sie geschmolzen ist. Zum Schluss die Sahne dazugegeben und alles eine Minute gut verr\u00fchren. Salz unterr\u00fchren und in ein verschlie\u00dfbares Glas f\u00fcllen und abk\u00fchlen lassen. <\/p>\r\n\t\t\t\t\t<\/div>\r\n\t\t\t\t<\/div>\r\n\t\t\t\t\t\t\t\t\t\t\r\n\t\t\t\t\t\t\r\n\t\t\t\t\t\t\t\t\t\t\t\t\t\t\t<div class=\"step\">\r\n\t\t\t\t\t<span class=\"step-number\">2<\/span>\r\n\t\t\t\t\t<div class=\"step-content\">\r\n\t\t\t\t\t\t<p>F\u00fcr die <b>Cupcakes<\/b> zun\u00e4chst den Ofen auf 180 Grad vorheizen und 12 Muffinf\u00f6rmchen mit Papiert\u00fctchen auskleiden. <\/p>\r\n\t\t\t\t\t<\/div>\r\n\t\t\t\t<\/div>\r\n\t\t\t\t\t\t\t\t\t\t\r\n\t\t\t\t\t\t\r\n\t\t\t\t\t\t\t\t\t\t\t\t\t\t\t<div class=\"step\">\r\n\t\t\t\t\t<span class=\"step-number\">3<\/span>\r\n\t\t\t\t\t<div class=\"step-content\">\r\n\t\t\t\t\t\t<p>Die Butter schmelzen und den Apfel sch\u00e4len und fein reiben. Dann die Butter mit den Zuckersorten in einer gro\u00dfen Sch\u00fcssel per Schneebesen verr\u00fchren, die Milch und das Vanilleextrakt einr\u00fchren. Dann alle weiteren Zutaten bis auf den Apfel dazugeben und nur so lange verr\u00fchren, bis alles vermengt ist, den Apfel kurz unterheben. <\/p>\r\n\t\t\t\t\t<\/div>\r\n\t\t\t\t<\/div>\r\n\t\t\t\t\t\t\t\t\t\t\r\n\t\t\t\t\t\t\r\n\t\t\t\t\t\t\t\t\t\t\t\t\t\t\t<div class=\"step\">\r\n\t\t\t\t\t<span class=\"step-number\">4<\/span>\r\n\t\t\t\t\t<div class=\"step-content\">\r\n\t\t\t\t\t\t<p>In die vorbereiteten Muffinf\u00f6rmchen f\u00fcllen und f\u00fcr ca. 21-23 Minuten backen, Zahnstocherprobe machen. <\/p>\r\n\t\t\t\t\t<\/div>\r\n\t\t\t\t<\/div>\r\n\t\t\t\t\t\t\t\t\t\t\r\n\t\t\t\t\t\t\r\n\t\t\t\t\t\t\t\t\t\t\t\t\t\t\t<div class=\"step\">\r\n\t\t\t\t\t<span class=\"step-number\">5<\/span>\r\n\t\t\t\t\t<div class=\"step-content\">\r\n\t\t\t\t\t\t<p>F\u00fcr die <b>Karamellsahne<\/b> die Sahne mit dem Karamell steif schlagen. In eine Spritzt\u00fclle f\u00fcllen und auf die ausgek\u00fchlten Cupcakes spritzen. Mit weiterem Karamell verzieren und genie\u00dfen.<\/p>\r\n\t\t\t\t\t<\/div>\r\n\t\t\t\t<\/div>\r\n\t\t\t\t\t\t\t\t\t\t\r\n\t\t\t\t\t\t\r\n\t\t<\/div>\r\n\t\t\t\t\r\n\t\t\t\t\r\n\t\t\t\t\r\n\t\t<script type=\"application\/ld+json\">\r\n\t\t\t{\r\n\t\t\t  \"@context\": \"http:\/\/schema.org\",\r\n\t\t\t  \"@type\": \"Recipe\",\r\n\t\t\t  \"url\": \"https:\/\/jennyisbaking.com\/de\/2020\/02\/07\/moist-apple-cupcakes-with-caramel-frosting\/\",\r\n\t\t\t  \"author\": {\r\n\t\t\t\t\"@type\": \"Thing\",\r\n\t\t\t\t\"name\": \"\"\r\n\t\t\t  },\r\n\t\t\t  \"datePublished\": \"Freitag, der  7. Februar 2020\",\r\n\t\t\t  \"cookTime\": \"P\",\r\n\t\t\t  \t\t\t  \"description\": \"Diese saftigen Apfel-Cupcakes mit Karamell-Sahne sind schnell zubereitet, insbesondere, wenn man das Karamell entweder fertif kauft oder bereits zubereitet hat.\",\r\n\t\t\t  \"image\": \"https:\/\/jennyisbaking.com\/wp-1c174-content\/uploads\/2019\/05\/DSC00837.jpg\",\r\n\t\t\t  \"recipeIngredient\": [\r\n\t\t\t\t\t\t\t\t\t\t\t\t\t                    \t\t\t\t\t\"<b>Karamellso\u00dfe<\/b>\",\t\t\t\t\t\t\t\t\t\t\t\t\t\t\t\t\t\t\t                    \t\t\t\t\t\"200 gr wei\u00dfer Zucker\",\t\t\t\t\t\t\t\t\t\t\t\t\t\t\t\t\t\t\t                    \t\t\t\t\t\"90 gr Butter, Zimmertemperatur\",\t\t\t\t\t\t\t\t\t\t\t\t\t\t\t\t\t\t\t                    \t\t\t\t\t\"120 gr\/ml Sahne\",\t\t\t\t\t\t\t\t\t\t\t\t\t\t\t\t\t\t\t                    \t\t\t\t\t\"Optional: 1 TL Salz \",\t\t\t\t\t\t\t\t\t\t\t\t\t\t\t\t\t\t\t                    \t\t\t\t\t\"<\/br>\",\t\t\t\t\t\t\t\t\t\t\t\t\t\t\t\t\t\t\t                    \t\t\t\t\t\"<b>Cupcakes<\/b>\",\t\t\t\t\t\t\t\t\t\t\t\t\t\t\t\t\t\t\t                    \t\t\t\t\t\"115 gr Butter\",\t\t\t\t\t\t\t\t\t\t\t\t\t\t\t\t\t\t\t                    \t\t\t\t\t\"1 gro\u00dfer Apfel oder zwei kleine\",\t\t\t\t\t\t\t\t\t\t\t\t\t\t\t\t\t\t\t                    \t\t\t\t\t\"30 gr wei\u00dfer Zucker\",\t\t\t\t\t\t\t\t\t\t\t\t\t\t\t\t\t\t\t                    \t\t\t\t\t\"100 gr brauner Zucker\",\t\t\t\t\t\t\t\t\t\t\t\t\t\t\t\t\t\t\t                    \t\t\t\t\t\"2 Eier, Gr\u00f6\u00dfe L\",\t\t\t\t\t\t\t\t\t\t\t\t\t\t\t\t\t\t\t                    \t\t\t\t\t\"80 gr Milch\",\t\t\t\t\t\t\t\t\t\t\t\t\t\t\t\t\t\t\t                    \t\t\t\t\t\"1 TL Vanilleextrakt, siehe <a href='http:\/\/jennyisbaking.com\/de\/2017\/02\/25\/how-to-make-vanilla-extract\/' target='_blank' rel='noopener noreferrer'>hier<\/a> wie man es selbst erstellt\",\t\t\t\t\t\t\t\t\t\t\t\t\t\t\t\t\t\t\t                    \t\t\t\t\t\"190 gr Mehl, Type 405\",\t\t\t\t\t\t\t\t\t\t\t\t\t\t\t\t\t\t\t                    \t\t\t\t\t\"1\/2 TL Backpulver\",\t\t\t\t\t\t\t\t\t\t\t\t\t\t\t\t\t\t\t                    \t\t\t\t\t\"1 TL Natron\",\t\t\t\t\t\t\t\t\t\t\t\t\t\t\t\t\t\t\t                    \t\t\t\t\t\"Eine Prise Salz\",\t\t\t\t\t\t\t\t\t\t\t\t\t\t\t\t\t\t\t                    \t\t\t\t\t\"1 TL Zimt\",\t\t\t\t\t\t\t\t\t\t\t\t\t\t\t\t\t\t\t                    \t\t\t\t\t\"<\/br>\",\t\t\t\t\t\t\t\t\t\t\t\t\t\t\t\t\t\t\t                    \t\t\t\t\t\"<b>Karamellsahne<\/b>\",\t\t\t\t\t\t\t\t\t\t\t\t\t\t\t\t\t\t\t                    \t\t\t\t\t\"400 gr Schlagsahne\",\t\t\t\t\t\t\t\t\t\t\t\t\t\t\t\t\t\t\t                    \t\t\t\t\t\"90 gr von obiger Karamellcreme plus weitere zum Dekorieren\"\t\t\t\t\t\t\t\t\t\t\t\t\t\t\t\t\t  ],\r\n\t\t\t  \"name\": \"Saftige Apfel-Cupcakes mit Karamell-Sahne\",\r\n\t\t\t  \"nutrition\": {\r\n\t\t\t\t\"@type\": \"NutritionInformation\",\r\n\t\t\t\t\"calories\": \"\",\r\n\t\t\t\t\"carbohydrateContent\": \"\",\r\n\t\t\t\t\"cholesterolContent\": \"\",\r\n\t\t\t\t\"fatContent\": \"\",\r\n\t\t\t\t\"fiberContent\": \"\",\r\n\t\t\t\t\"proteinContent\": \"\",\r\n\t\t\t\t\"saturatedFatContent\": \"\",\r\n\t\t\t\t\"sodiumContent\": \"\",\r\n\t\t\t\t\"sugarContent\": \"\",\r\n\t\t\t\t\"transFatContent\": \"\",\r\n\t\t\t\t\"unsaturatedFatContent\": \"\"\r\n\t\t\t  },\r\n\t\t\t  \"prepTime\": \"P\",\r\n\t\t\t  \"totalTime\": \"P\",\r\n\t\t\t  \"recipeCategory\":\"\",\r\n\t\t\t  \"recipeCuisine\":\"\",\r\n\t\t\t  \"keywords\": \"\",\t\t\t  \r\n\t\t\t  \"recipeInstructions\": [\r\n\t\t\t\t\t\t\t\t\t\t\t\r\n\t\t\t\t\t\t\t\t\t\t\t\t\t\t\t\t\"F\u00fcr die <b>Karamellso\u00dfe<\/b> den Zucker auf mittlerer Stufe ohne Fett in einer tiefen Pfanne so lange verr\u00fchren, bis der Zucker zun\u00e4chst klumpig wird und dann langsam karamellisiert. Er sollte die Farbe von Bernstein bekommen. Dann die Butter hinzuf\u00fcgen und weiter r\u00fchren bis sie geschmolzen ist. Zum Schluss die Sahne dazugegeben und alles eine Minute gut verr\u00fchren. Salz unterr\u00fchren und in ein verschlie\u00dfbares Glas f\u00fcllen und abk\u00fchlen lassen. \",\t\t\t\t\t\t\r\n\t\t\t\t\t\t\t\t\t\t\t\t\t\t\r\n\t\t\t\t\t\t\t\r\n\t\t\t\t\t\t\t\t\t\t\t\t\t\t\t\t\"F\u00fcr die <b>Cupcakes<\/b> zun\u00e4chst den Ofen auf 180 Grad vorheizen und 12 Muffinf\u00f6rmchen mit Papiert\u00fctchen auskleiden. \",\t\t\t\t\t\t\r\n\t\t\t\t\t\t\t\t\t\t\t\t\t\t\r\n\t\t\t\t\t\t\t\r\n\t\t\t\t\t\t\t\t\t\t\t\t\t\t\t\t\"Die Butter schmelzen und den Apfel sch\u00e4len und fein reiben. Dann die Butter mit den Zuckersorten in einer gro\u00dfen Sch\u00fcssel per Schneebesen verr\u00fchren, die Milch und das Vanilleextrakt einr\u00fchren. Dann alle weiteren Zutaten bis auf den Apfel dazugeben und nur so lange verr\u00fchren, bis alles vermengt ist, den Apfel kurz unterheben. \",\t\t\t\t\t\t\r\n\t\t\t\t\t\t\t\t\t\t\t\t\t\t\r\n\t\t\t\t\t\t\t\r\n\t\t\t\t\t\t\t\t\t\t\t\t\t\t\t\t\"In die vorbereiteten Muffinf\u00f6rmchen f\u00fcllen und f\u00fcr ca. 21-23 Minuten backen, Zahnstocherprobe machen. \",\t\t\t\t\t\t\r\n\t\t\t\t\t\t\t\t\t\t\t\t\t\t\r\n\t\t\t\t\t\t\t\r\n\t\t\t\t\t\t\t\t\t\t\t\t\t\t\t\t\"F\u00fcr die <b>Karamellsahne<\/b> die Sahne mit dem Karamell steif schlagen. In eine Spritzt\u00fclle f\u00fcllen und auf die ausgek\u00fchlten Cupcakes spritzen. Mit weiterem Karamell verzieren und genie\u00dfen.\"\t\t\t\t\t\t\r\n\t\t\t\t\t\t\t\t\t\t\t\t\t\t\r\n\t\t\t\t\t\t\t  ],\r\n\t\t\t  \t\t\t  \"recipeYield\": \"12 normal gro\u00dfe Cupcakes\"\t\t\t  \t\t\t}\r\n\t\t<\/script>\r\n\t\t\r\n\t<\/div>\r\n\t<\/span><\/p>\n<p><a href=\"https:\/\/i0.wp.com\/jennyisbaking.com\/wp-1c174-content\/uploads\/2019\/05\/DSC00819.jpg?ssl=1\"><img data-recalc-dims=\"1\" loading=\"lazy\" decoding=\"async\" data-attachment-id=\"8662\" data-permalink=\"https:\/\/jennyisbaking.com\/de\/2020\/02\/07\/moist-apple-cupcakes-with-caramel-frosting\/dsc00819\/\" data-orig-file=\"https:\/\/i0.wp.com\/jennyisbaking.com\/wp-1c174-content\/uploads\/2019\/05\/DSC00819.jpg?fit=534%2C801&amp;ssl=1\" data-orig-size=\"534,801\" data-comments-opened=\"1\" data-image-meta=\"{&quot;aperture&quot;:&quot;4.5&quot;,&quot;credit&quot;:&quot;&quot;,&quot;camera&quot;:&quot;ILCE-7&quot;,&quot;caption&quot;:&quot;&quot;,&quot;created_timestamp&quot;:&quot;1557819587&quot;,&quot;copyright&quot;:&quot;&quot;,&quot;focal_length&quot;:&quot;50&quot;,&quot;iso&quot;:&quot;400&quot;,&quot;shutter_speed&quot;:&quot;0.02&quot;,&quot;title&quot;:&quot;&quot;,&quot;orientation&quot;:&quot;1&quot;}\" data-image-title=\"Saftige Apfel-Cupcakes mit Karamellsahne\" data-image-description=\"\" data-image-caption=\"\" data-large-file=\"https:\/\/i0.wp.com\/jennyisbaking.com\/wp-1c174-content\/uploads\/2019\/05\/DSC00819.jpg?fit=534%2C801&amp;ssl=1\" class=\"aligncenter size-full wp-image-8662\" src=\"https:\/\/i0.wp.com\/jennyisbaking.com\/wp-1c174-content\/uploads\/2019\/05\/DSC00819.jpg?resize=534%2C801&#038;ssl=1\" alt=\"Saftige Apfel-Cupcakes mit Karamellsahne\" width=\"534\" height=\"801\" srcset=\"https:\/\/i0.wp.com\/jennyisbaking.com\/wp-1c174-content\/uploads\/2019\/05\/DSC00819.jpg?w=534&amp;ssl=1 534w, https:\/\/i0.wp.com\/jennyisbaking.com\/wp-1c174-content\/uploads\/2019\/05\/DSC00819.jpg?resize=200%2C300&amp;ssl=1 200w\" sizes=\"auto, (max-width: 534px) 100vw, 534px\" \/><\/a><\/p>","protected":false},"excerpt":{"rendered":"<p>Leider ist der Eintrag nur auf English verf\u00fcgbar.<\/p>\n","protected":false},"author":1,"featured_media":8659,"comment_status":"open","ping_status":"closed","sticky":false,"template":"","format":"standard","meta":{"jetpack_post_was_ever_published":false,"_jetpack_newsletter_access":"","_jetpack_dont_email_post_to_subs":false,"_jetpack_newsletter_tier_id":0,"_jetpack_memberships_contains_paywalled_content":false,"_jetpack_memberships_contains_paid_content":false,"footnotes":"","jetpack_publicize_message":"","jetpack_publicize_feature_enabled":true,"jetpack_social_post_already_shared":true,"jetpack_social_options":{"image_generator_settings":{"template":"highway","default_image_id":0,"font":"","enabled":false},"version":2}},"categories":[551,3,420,418,552,380,921,419],"tags":[11,13,32,144,872,496,1175,580,445],"class_list":["post-8658","post","type-post","status-publish","format-standard","has-post-thumbnail","hentry","category-all-seasons","category-cakes","category-fall","category-herbst","category-jederzeit","category-kuchen","category-north-american-recipes","category-winter","tag-apfel","tag-apple","tag-caramel","tag-cupcake","tag-cupcakes","tag-fall","tag-frosting","tag-herbst","tag-karamell"],"yoast_head":"<!-- This site is optimized with the Yoast SEO plugin v27.5 - https:\/\/yoast.com\/product\/yoast-seo-wordpress\/ -->\n<title>Saftige Apfel-Cupcakes mit Karamell-Sahne - Jenny is baking<\/title>\n<meta name=\"robots\" content=\"index, follow, max-snippet:-1, max-image-preview:large, max-video-preview:-1\" \/>\n<link rel=\"canonical\" href=\"https:\/\/jennyisbaking.com\/de\/2020\/02\/07\/moist-apple-cupcakes-with-caramel-frosting\/\" \/>\n<meta property=\"og:locale\" content=\"de_DE\" \/>\n<meta property=\"og:type\" content=\"article\" \/>\n<meta property=\"og:title\" content=\"Saftige Apfel-Cupcakes mit Karamell-Sahne - Jenny is baking\" \/>\n<meta property=\"og:description\" content=\"Leider ist der Eintrag nur auf English verf\u00fcgbar.\" \/>\n<meta property=\"og:url\" content=\"https:\/\/jennyisbaking.com\/de\/2020\/02\/07\/moist-apple-cupcakes-with-caramel-frosting\/\" \/>\n<meta property=\"og:site_name\" content=\"Jenny is baking\" \/>\n<meta property=\"article:publisher\" content=\"https:\/\/www.facebook.com\/jennyisbaking\/\" \/>\n<meta property=\"article:author\" content=\"https:\/\/www.facebook.com\/jennyisbaking\/\" \/>\n<meta property=\"article:published_time\" content=\"2020-02-07T06:00:54+00:00\" \/>\n<meta property=\"article:modified_time\" content=\"2020-08-19T17:56:56+00:00\" \/>\n<meta property=\"og:image\" content=\"https:\/\/i2.wp.com\/jennyisbaking.com\/wp-1c174-content\/uploads\/2019\/05\/DSC00837.jpg?fit=534%2C801&ssl=1\" \/>\n\t<meta property=\"og:image:width\" content=\"534\" \/>\n\t<meta property=\"og:image:height\" content=\"801\" \/>\n\t<meta property=\"og:image:type\" content=\"image\/jpeg\" \/>\n<meta name=\"author\" content=\"Jenny\" \/>\n<meta name=\"twitter:card\" content=\"summary_large_image\" \/>\n<meta name=\"twitter:label1\" content=\"Verfasst von\" \/>\n\t<meta name=\"twitter:data1\" content=\"Jenny\" \/>\n\t<meta name=\"twitter:label2\" content=\"Gesch\u00e4tzte Lesezeit\" \/>\n\t<meta name=\"twitter:data2\" content=\"2\u00a0Minuten\" \/>\n<script type=\"application\/ld+json\" class=\"yoast-schema-graph\">{\"@context\":\"https:\\\/\\\/schema.org\",\"@graph\":[{\"@type\":\"Article\",\"@id\":\"https:\\\/\\\/jennyisbaking.com\\\/2020\\\/02\\\/07\\\/moist-apple-cupcakes-with-caramel-frosting\\\/#article\",\"isPartOf\":{\"@id\":\"https:\\\/\\\/jennyisbaking.com\\\/2020\\\/02\\\/07\\\/moist-apple-cupcakes-with-caramel-frosting\\\/\"},\"author\":{\"name\":\"Jenny\",\"@id\":\"https:\\\/\\\/jennyisbaking.com\\\/#\\\/schema\\\/person\\\/28a46859582cac5ac1ef7e065a17f77b\"},\"headline\":\"Saftige Apfel-Cupcakes mit Karamell-Sahne\",\"datePublished\":\"2020-02-07T06:00:54+00:00\",\"dateModified\":\"2020-08-19T17:56:56+00:00\",\"mainEntityOfPage\":{\"@id\":\"https:\\\/\\\/jennyisbaking.com\\\/2020\\\/02\\\/07\\\/moist-apple-cupcakes-with-caramel-frosting\\\/\"},\"wordCount\":425,\"commentCount\":0,\"image\":{\"@id\":\"https:\\\/\\\/jennyisbaking.com\\\/2020\\\/02\\\/07\\\/moist-apple-cupcakes-with-caramel-frosting\\\/#primaryimage\"},\"thumbnailUrl\":\"https:\\\/\\\/i0.wp.com\\\/jennyisbaking.com\\\/wp-1c174-content\\\/uploads\\\/2019\\\/05\\\/DSC00837.jpg?fit=534%2C801&ssl=1\",\"keywords\":[\"Apfel\",\"apple\",\"caramel\",\"Cupcake\",\"Cupcakes\",\"fall\",\"frosting\",\"Herbst\",\"Karamell\"],\"articleSection\":[\"All Seasons\",\"Cakes\",\"Fall\",\"Herbst\",\"Jederzeit\",\"Kuchen\",\"North American Recipes\",\"Winter\"],\"inLanguage\":\"de\",\"potentialAction\":[{\"@type\":\"CommentAction\",\"name\":\"Comment\",\"target\":[\"https:\\\/\\\/jennyisbaking.com\\\/2020\\\/02\\\/07\\\/moist-apple-cupcakes-with-caramel-frosting\\\/#respond\"]}]},{\"@type\":\"WebPage\",\"@id\":\"https:\\\/\\\/jennyisbaking.com\\\/de\\\/2020\\\/02\\\/07\\\/moist-apple-cupcakes-with-caramel-frosting\\\/\",\"url\":\"https:\\\/\\\/jennyisbaking.com\\\/de\\\/2020\\\/02\\\/07\\\/moist-apple-cupcakes-with-caramel-frosting\\\/\",\"name\":\"Saftige Apfel-Cupcakes mit Karamell-Sahne - Jenny is baking\",\"isPartOf\":{\"@id\":\"https:\\\/\\\/jennyisbaking.com\\\/de\\\/#website\"},\"primaryImageOfPage\":{\"@id\":\"https:\\\/\\\/jennyisbaking.com\\\/de\\\/2020\\\/02\\\/07\\\/moist-apple-cupcakes-with-caramel-frosting\\\/#primaryimage\"},\"image\":{\"@id\":\"https:\\\/\\\/jennyisbaking.com\\\/2020\\\/02\\\/07\\\/moist-apple-cupcakes-with-caramel-frosting\\\/#primaryimage\"},\"thumbnailUrl\":\"https:\\\/\\\/i0.wp.com\\\/jennyisbaking.com\\\/wp-1c174-content\\\/uploads\\\/2019\\\/05\\\/DSC00837.jpg?fit=534%2C801&ssl=1\",\"datePublished\":\"2020-02-07T06:00:54+00:00\",\"dateModified\":\"2020-08-19T17:56:56+00:00\",\"author\":{\"@id\":\"https:\\\/\\\/jennyisbaking.com\\\/#\\\/schema\\\/person\\\/28a46859582cac5ac1ef7e065a17f77b\"},\"breadcrumb\":{\"@id\":\"https:\\\/\\\/jennyisbaking.com\\\/de\\\/2020\\\/02\\\/07\\\/moist-apple-cupcakes-with-caramel-frosting\\\/#breadcrumb\"},\"inLanguage\":\"de\",\"potentialAction\":[{\"@type\":\"ReadAction\",\"target\":[[\"https:\\\/\\\/jennyisbaking.com\\\/de\\\/2020\\\/02\\\/07\\\/moist-apple-cupcakes-with-caramel-frosting\\\/\"]]}]},{\"@type\":\"ImageObject\",\"inLanguage\":\"de\",\"@id\":\"https:\\\/\\\/jennyisbaking.com\\\/de\\\/2020\\\/02\\\/07\\\/moist-apple-cupcakes-with-caramel-frosting\\\/#primaryimage\",\"url\":\"https:\\\/\\\/i0.wp.com\\\/jennyisbaking.com\\\/wp-1c174-content\\\/uploads\\\/2019\\\/05\\\/DSC00837.jpg?fit=534%2C801&ssl=1\",\"contentUrl\":\"https:\\\/\\\/i0.wp.com\\\/jennyisbaking.com\\\/wp-1c174-content\\\/uploads\\\/2019\\\/05\\\/DSC00837.jpg?fit=534%2C801&ssl=1\",\"width\":534,\"height\":801,\"caption\":\"Saftige Apfel-Cupcakes mit Karamellsahne\"},{\"@type\":\"BreadcrumbList\",\"@id\":\"https:\\\/\\\/jennyisbaking.com\\\/de\\\/2020\\\/02\\\/07\\\/moist-apple-cupcakes-with-caramel-frosting\\\/#breadcrumb\",\"itemListElement\":[{\"@type\":\"ListItem\",\"position\":1,\"name\":\"Startseite\",\"item\":\"https:\\\/\\\/jennyisbaking.com\\\/de\\\/\"},{\"@type\":\"ListItem\",\"position\":2,\"name\":\"Moist Apple Cupcakes with Caramel Frosting\"}]},{\"@type\":\"WebSite\",\"@id\":\"https:\\\/\\\/jennyisbaking.com\\\/de\\\/#website\",\"url\":\"https:\\\/\\\/jennyisbaking.com\\\/de\\\/\",\"name\":\"Jenny is baking\",\"description\":\"Backrezepte aus Nord- und S\u00fcdamerika\",\"potentialAction\":[{\"@type\":\"SearchAction\",\"target\":{\"@type\":\"EntryPoint\",\"urlTemplate\":\"https:\\\/\\\/jennyisbaking.com\\\/de\\\/?s={search_term_string}\"},\"query-input\":{\"@type\":\"PropertyValueSpecification\",\"valueRequired\":true,\"valueName\":\"search_term_string\"}}],\"inLanguage\":\"de\"},{\"@type\":\"Person\",\"@id\":\"https:\\\/\\\/jennyisbaking.com\\\/#\\\/schema\\\/person\\\/28a46859582cac5ac1ef7e065a17f77b\",\"name\":\"Jenny\",\"image\":{\"@type\":\"ImageObject\",\"inLanguage\":\"de\",\"@id\":\"https:\\\/\\\/secure.gravatar.com\\\/avatar\\\/23e81660a6279fbe7db0db01e9985036a8488f0100c3985867731ba2b4348089?s=96&d=mm&r=g\",\"url\":\"https:\\\/\\\/secure.gravatar.com\\\/avatar\\\/23e81660a6279fbe7db0db01e9985036a8488f0100c3985867731ba2b4348089?s=96&d=mm&r=g\",\"contentUrl\":\"https:\\\/\\\/secure.gravatar.com\\\/avatar\\\/23e81660a6279fbe7db0db01e9985036a8488f0100c3985867731ba2b4348089?s=96&d=mm&r=g\",\"caption\":\"Jenny\"},\"description\":\"Hi, ich hei\u00dfe Jenny, geb\u00fcrtig in Uruguay, als Kind in USA gelebt, nach dem Abi in Kanada und mit einem Kolumbianer verheiratet. Ich wohne im Moment in M\u00fcnchen, S\u00fcddeutschland. Auf meinem Blog finden sich meist s\u00fc\u00dfe Rezepte. Ich mag normalerweise einfache Sachen, die schnell gemacht sind, aber gleichzeitig was hermachen. Manchmal packt mich auch der Ehrgeiz und ich wage mich an kompliziertere Torten. Schau dir im Men\u00fc \u201eAlle Rezepte\u201c an f\u00fcr weitere Inspiration.\",\"sameAs\":[\"https:\\\/\\\/www.facebook.com\\\/jennyisbaking\\\/\",\"https:\\\/\\\/www.pinterest.de\\\/jennyisbaking\\\/\"]}]}<\/script>\n<!-- \/ Yoast SEO plugin. -->","yoast_head_json":{"title":"Saftige Apfel-Cupcakes mit Karamell-Sahne - Jenny is baking","robots":{"index":"index","follow":"follow","max-snippet":"max-snippet:-1","max-image-preview":"max-image-preview:large","max-video-preview":"max-video-preview:-1"},"canonical":"https:\/\/jennyisbaking.com\/de\/2020\/02\/07\/moist-apple-cupcakes-with-caramel-frosting\/","og_locale":"de_DE","og_type":"article","og_title":"Saftige Apfel-Cupcakes mit Karamell-Sahne - Jenny is baking","og_description":"Leider ist der Eintrag nur auf English verf\u00fcgbar.","og_url":"https:\/\/jennyisbaking.com\/de\/2020\/02\/07\/moist-apple-cupcakes-with-caramel-frosting\/","og_site_name":"Jenny is baking","article_publisher":"https:\/\/www.facebook.com\/jennyisbaking\/","article_author":"https:\/\/www.facebook.com\/jennyisbaking\/","article_published_time":"2020-02-07T06:00:54+00:00","article_modified_time":"2020-08-19T17:56:56+00:00","og_image":[{"width":534,"height":801,"url":"https:\/\/i2.wp.com\/jennyisbaking.com\/wp-1c174-content\/uploads\/2019\/05\/DSC00837.jpg?fit=534%2C801&ssl=1","type":"image\/jpeg"}],"author":"Jenny","twitter_card":"summary_large_image","twitter_misc":{"Verfasst von":"Jenny","Gesch\u00e4tzte Lesezeit":"2\u00a0Minuten"},"schema":{"@context":"https:\/\/schema.org","@graph":[{"@type":"Article","@id":"https:\/\/jennyisbaking.com\/2020\/02\/07\/moist-apple-cupcakes-with-caramel-frosting\/#article","isPartOf":{"@id":"https:\/\/jennyisbaking.com\/2020\/02\/07\/moist-apple-cupcakes-with-caramel-frosting\/"},"author":{"name":"Jenny","@id":"https:\/\/jennyisbaking.com\/#\/schema\/person\/28a46859582cac5ac1ef7e065a17f77b"},"headline":"Saftige Apfel-Cupcakes mit Karamell-Sahne","datePublished":"2020-02-07T06:00:54+00:00","dateModified":"2020-08-19T17:56:56+00:00","mainEntityOfPage":{"@id":"https:\/\/jennyisbaking.com\/2020\/02\/07\/moist-apple-cupcakes-with-caramel-frosting\/"},"wordCount":425,"commentCount":0,"image":{"@id":"https:\/\/jennyisbaking.com\/2020\/02\/07\/moist-apple-cupcakes-with-caramel-frosting\/#primaryimage"},"thumbnailUrl":"https:\/\/i0.wp.com\/jennyisbaking.com\/wp-1c174-content\/uploads\/2019\/05\/DSC00837.jpg?fit=534%2C801&ssl=1","keywords":["Apfel","apple","caramel","Cupcake","Cupcakes","fall","frosting","Herbst","Karamell"],"articleSection":["All Seasons","Cakes","Fall","Herbst","Jederzeit","Kuchen","North American Recipes","Winter"],"inLanguage":"de","potentialAction":[{"@type":"CommentAction","name":"Comment","target":["https:\/\/jennyisbaking.com\/2020\/02\/07\/moist-apple-cupcakes-with-caramel-frosting\/#respond"]}]},{"@type":"WebPage","@id":"https:\/\/jennyisbaking.com\/de\/2020\/02\/07\/moist-apple-cupcakes-with-caramel-frosting\/","url":"https:\/\/jennyisbaking.com\/de\/2020\/02\/07\/moist-apple-cupcakes-with-caramel-frosting\/","name":"Saftige Apfel-Cupcakes mit Karamell-Sahne - Jenny is baking","isPartOf":{"@id":"https:\/\/jennyisbaking.com\/de\/#website"},"primaryImageOfPage":{"@id":"https:\/\/jennyisbaking.com\/de\/2020\/02\/07\/moist-apple-cupcakes-with-caramel-frosting\/#primaryimage"},"image":{"@id":"https:\/\/jennyisbaking.com\/2020\/02\/07\/moist-apple-cupcakes-with-caramel-frosting\/#primaryimage"},"thumbnailUrl":"https:\/\/i0.wp.com\/jennyisbaking.com\/wp-1c174-content\/uploads\/2019\/05\/DSC00837.jpg?fit=534%2C801&ssl=1","datePublished":"2020-02-07T06:00:54+00:00","dateModified":"2020-08-19T17:56:56+00:00","author":{"@id":"https:\/\/jennyisbaking.com\/#\/schema\/person\/28a46859582cac5ac1ef7e065a17f77b"},"breadcrumb":{"@id":"https:\/\/jennyisbaking.com\/de\/2020\/02\/07\/moist-apple-cupcakes-with-caramel-frosting\/#breadcrumb"},"inLanguage":"de","potentialAction":[{"@type":"ReadAction","target":[["https:\/\/jennyisbaking.com\/de\/2020\/02\/07\/moist-apple-cupcakes-with-caramel-frosting\/"]]}]},{"@type":"ImageObject","inLanguage":"de","@id":"https:\/\/jennyisbaking.com\/de\/2020\/02\/07\/moist-apple-cupcakes-with-caramel-frosting\/#primaryimage","url":"https:\/\/i0.wp.com\/jennyisbaking.com\/wp-1c174-content\/uploads\/2019\/05\/DSC00837.jpg?fit=534%2C801&ssl=1","contentUrl":"https:\/\/i0.wp.com\/jennyisbaking.com\/wp-1c174-content\/uploads\/2019\/05\/DSC00837.jpg?fit=534%2C801&ssl=1","width":534,"height":801,"caption":"Saftige Apfel-Cupcakes mit Karamellsahne"},{"@type":"BreadcrumbList","@id":"https:\/\/jennyisbaking.com\/de\/2020\/02\/07\/moist-apple-cupcakes-with-caramel-frosting\/#breadcrumb","itemListElement":[{"@type":"ListItem","position":1,"name":"Startseite","item":"https:\/\/jennyisbaking.com\/de\/"},{"@type":"ListItem","position":2,"name":"Moist Apple Cupcakes with Caramel Frosting"}]},{"@type":"WebSite","@id":"https:\/\/jennyisbaking.com\/de\/#website","url":"https:\/\/jennyisbaking.com\/de\/","name":"Jenny is baking","description":"Backrezepte aus Nord- und S\u00fcdamerika","potentialAction":[{"@type":"SearchAction","target":{"@type":"EntryPoint","urlTemplate":"https:\/\/jennyisbaking.com\/de\/?s={search_term_string}"},"query-input":{"@type":"PropertyValueSpecification","valueRequired":true,"valueName":"search_term_string"}}],"inLanguage":"de"},{"@type":"Person","@id":"https:\/\/jennyisbaking.com\/#\/schema\/person\/28a46859582cac5ac1ef7e065a17f77b","name":"Jenny","image":{"@type":"ImageObject","inLanguage":"de","@id":"https:\/\/secure.gravatar.com\/avatar\/23e81660a6279fbe7db0db01e9985036a8488f0100c3985867731ba2b4348089?s=96&d=mm&r=g","url":"https:\/\/secure.gravatar.com\/avatar\/23e81660a6279fbe7db0db01e9985036a8488f0100c3985867731ba2b4348089?s=96&d=mm&r=g","contentUrl":"https:\/\/secure.gravatar.com\/avatar\/23e81660a6279fbe7db0db01e9985036a8488f0100c3985867731ba2b4348089?s=96&d=mm&r=g","caption":"Jenny"},"description":"Hi, ich hei\u00dfe Jenny, geb\u00fcrtig in Uruguay, als Kind in USA gelebt, nach dem Abi in Kanada und mit einem Kolumbianer verheiratet. Ich wohne im Moment in M\u00fcnchen, S\u00fcddeutschland. Auf meinem Blog finden sich meist s\u00fc\u00dfe Rezepte. Ich mag normalerweise einfache Sachen, die schnell gemacht sind, aber gleichzeitig was hermachen. Manchmal packt mich auch der Ehrgeiz und ich wage mich an kompliziertere Torten. Schau dir im Men\u00fc \u201eAlle Rezepte\u201c an f\u00fcr weitere Inspiration.","sameAs":["https:\/\/www.facebook.com\/jennyisbaking\/","https:\/\/www.pinterest.de\/jennyisbaking\/"]}]}},"jetpack_publicize_connections":[],"jetpack_featured_media_url":"https:\/\/i0.wp.com\/jennyisbaking.com\/wp-1c174-content\/uploads\/2019\/05\/DSC00837.jpg?fit=534%2C801&ssl=1","jetpack_sharing_enabled":true,"jetpack_shortlink":"https:\/\/wp.me\/p8MAhl-2fE","jetpack-related-posts":[{"id":10894,"url":"https:\/\/jennyisbaking.com\/de\/2020\/10\/03\/meine-neun-lieblingsrezepte-mit-kuerbis\/","url_meta":{"origin":8658,"position":0},"title":"Meine neun Lieblingsrezepte mit K\u00fcrbis","author":"Jenny","date":"Samstag, der  3. Oktober 2020","format":false,"excerpt":"Du suchst K\u00fcrbisrezepte f\u00fcr Fr\u00fchst\u00fcck, Kuchen, Cupcakes, Cookies oder f\u00fcr vegane Nudeln? Dann bist du hier richtig.","rel":"","context":"In &quot;Fall&quot;","block_context":{"text":"Fall","link":"https:\/\/jennyisbaking.com\/de\/category\/fall\/"},"img":{"alt_text":"Lieblingsrezepte mit K\u00fcrbis","src":"https:\/\/i0.wp.com\/jennyisbaking.com\/wp-1c174-content\/uploads\/2020\/10\/IMG_7850.jpg?fit=810%2C810&ssl=1&resize=350%2C200","width":350,"height":200,"srcset":"https:\/\/i0.wp.com\/jennyisbaking.com\/wp-1c174-content\/uploads\/2020\/10\/IMG_7850.jpg?fit=810%2C810&ssl=1&resize=350%2C200 1x, https:\/\/i0.wp.com\/jennyisbaking.com\/wp-1c174-content\/uploads\/2020\/10\/IMG_7850.jpg?fit=810%2C810&ssl=1&resize=525%2C300 1.5x, https:\/\/i0.wp.com\/jennyisbaking.com\/wp-1c174-content\/uploads\/2020\/10\/IMG_7850.jpg?fit=810%2C810&ssl=1&resize=700%2C400 2x"},"classes":[]},{"id":12282,"url":"https:\/\/jennyisbaking.com\/de\/2021\/07\/31\/buttrige-apfeltasche-mit-blitzblaetterteig\/","url_meta":{"origin":8658,"position":1},"title":"Buttrige Apfeltaschen mit Blitzbl\u00e4tterteig","author":"Jenny","date":"Samstag, der 31. Juli 2021","format":false,"excerpt":"Bei diesen buttrigen Apfeltaschen machen wir den Blitzbl\u00e4tterteig selbst, einfach so lecker!","rel":"","context":"In &quot;Dessert&quot;","block_context":{"text":"Dessert","link":"https:\/\/jennyisbaking.com\/de\/category\/dessert\/"},"img":{"alt_text":"Buttrige Apfeltaschen mit Blitzbl\u00e4tterteig","src":"https:\/\/i0.wp.com\/jennyisbaking.com\/wp-1c174-content\/uploads\/2021\/07\/DSC03764.jpg?fit=534%2C801&ssl=1&resize=350%2C200","width":350,"height":200,"srcset":"https:\/\/i0.wp.com\/jennyisbaking.com\/wp-1c174-content\/uploads\/2021\/07\/DSC03764.jpg?fit=534%2C801&ssl=1&resize=350%2C200 1x, https:\/\/i0.wp.com\/jennyisbaking.com\/wp-1c174-content\/uploads\/2021\/07\/DSC03764.jpg?fit=534%2C801&ssl=1&resize=525%2C300 1.5x"},"classes":[]},{"id":4784,"url":"https:\/\/jennyisbaking.com\/de\/2018\/01\/26\/the-best-cheesecake-with-caramel-and-apples\/","url_meta":{"origin":8658,"position":2},"title":"K\u00e4sekuchen mit Karamell, \u00c4pfeln und Spekulatius","author":"Jenny","date":"Freitag, der 26. Januar 2018","format":false,"excerpt":"Dieser K\u00e4sekuchen mit Karamell, \u00c4pfeln und Spekulatius ist der Hammer! Wirklich. Das sage ich, weil ich kein so gro\u00dfer K\u00e4sekuchenfan bin. Ja, ich wei\u00df, auch sowas gibt es. Dieser K\u00e4sekuchen ist so gut, dass es ihn bei uns sogar zu Weihnachten gab. Ja, ist schon etwas her, aber das tut\u2026","rel":"","context":"In &quot;All Seasons&quot;","block_context":{"text":"All Seasons","link":"https:\/\/jennyisbaking.com\/de\/category\/all-seasons\/"},"img":{"alt_text":"K\u00e4sekuchen mit Apfelkompott und Karamell","src":"https:\/\/i0.wp.com\/jennyisbaking.com\/wp-1c174-content\/uploads\/2018\/01\/DSC05025.jpg?fit=534%2C801&ssl=1&resize=350%2C200","width":350,"height":200,"srcset":"https:\/\/i0.wp.com\/jennyisbaking.com\/wp-1c174-content\/uploads\/2018\/01\/DSC05025.jpg?fit=534%2C801&ssl=1&resize=350%2C200 1x, https:\/\/i0.wp.com\/jennyisbaking.com\/wp-1c174-content\/uploads\/2018\/01\/DSC05025.jpg?fit=534%2C801&ssl=1&resize=525%2C300 1.5x"},"classes":[]},{"id":18388,"url":"https:\/\/jennyisbaking.com\/de\/2025\/09\/26\/amerikanischer-apple-pie-mit-karamell\/","url_meta":{"origin":8658,"position":3},"title":"Neuauflage: Amerikanischer Apple Pie mit Karamell","author":"Jenny","date":"Freitag, der 26. September 2025","format":false,"excerpt":"Heute gibt es einen Klassiker aus USA: Apple Pie, aber dieser wird mit Karamell zubereitet. Das Karamell wird zusammen mit den \u00c4pfel als F\u00fcllung gebacken, dabei machen wir so viel, sodass man sp\u00e4ter noch etwas zum Pie dazu servieren kann. Das hier ist die Neuauflage zu meinem Apple Pie Rezept,\u2026","rel":"","context":"In &quot;Fall&quot;","block_context":{"text":"Fall","link":"https:\/\/jennyisbaking.com\/de\/category\/fall\/"},"img":{"alt_text":"","src":"https:\/\/i0.wp.com\/jennyisbaking.com\/wp-1c174-content\/uploads\/2025\/08\/Amerikanischer-Apple-Pie-2.jpg?fit=534%2C801&ssl=1&resize=350%2C200","width":350,"height":200,"srcset":"https:\/\/i0.wp.com\/jennyisbaking.com\/wp-1c174-content\/uploads\/2025\/08\/Amerikanischer-Apple-Pie-2.jpg?fit=534%2C801&ssl=1&resize=350%2C200 1x, https:\/\/i0.wp.com\/jennyisbaking.com\/wp-1c174-content\/uploads\/2025\/08\/Amerikanischer-Apple-Pie-2.jpg?fit=534%2C801&ssl=1&resize=525%2C300 1.5x"},"classes":[]},{"id":13198,"url":"https:\/\/jennyisbaking.com\/de\/2022\/05\/06\/erdbeer-zitronen-cupcakes\/","url_meta":{"origin":8658,"position":4},"title":"Erdbeer-Zitronen-Cupcakes","author":"Jenny","date":"Freitag, der  6. Mai 2022","format":false,"excerpt":"Endlich hat die Erdbeer-Saison gestartet! Kurz vor dem Muttertag wollte ich euch ein Erdbeer-Rezept mitgeben, das total was hermacht und fix zubereitet ist. Die Cupcakes sind schnell zusammenger\u00fchrt und wenn du sie fertig gebacken separat transportierst, dann kannst du auch kurz vor dem Servieren die Haube oder das Frosting aufspritzen\u2026","rel":"","context":"In &quot;Cakes&quot;","block_context":{"text":"Cakes","link":"https:\/\/jennyisbaking.com\/de\/category\/cakes\/"},"img":{"alt_text":"Erdbeer-Zitronen-Cupcakes","src":"https:\/\/i0.wp.com\/jennyisbaking.com\/wp-1c174-content\/uploads\/2022\/04\/DSC05460.jpg?fit=535%2C801&ssl=1&resize=350%2C200","width":350,"height":200,"srcset":"https:\/\/i0.wp.com\/jennyisbaking.com\/wp-1c174-content\/uploads\/2022\/04\/DSC05460.jpg?fit=535%2C801&ssl=1&resize=350%2C200 1x, https:\/\/i0.wp.com\/jennyisbaking.com\/wp-1c174-content\/uploads\/2022\/04\/DSC05460.jpg?fit=535%2C801&ssl=1&resize=525%2C300 1.5x"},"classes":[]},{"id":6697,"url":"https:\/\/jennyisbaking.com\/de\/2018\/11\/02\/the-fluffiest-pumpkin-waffles\/","url_meta":{"origin":8658,"position":5},"title":"Die fluffigsten K\u00fcrbiswaffeln","author":"Jenny","date":"Freitag, der  2. November 2018","format":false,"excerpt":"Fluffige K\u00fcrbiswaffeln! Schon mal gegessen? Ich bis dato noch nicht, aber dieses Jahr hat mich der K\u00fcrbiswahn gepackt und ich musste unbedingt mein neues Waffeleisen ausprobieren. Pinterest f\u00fchrte mich zu dem unten stehenden Rezept und ich machte mich also ans Werk. Und ja, die sind so gut! Das hier sind\u2026","rel":"","context":"In &quot;Bread and Breakfast&quot;","block_context":{"text":"Bread and Breakfast","link":"https:\/\/jennyisbaking.com\/de\/category\/bread-and-breakfast\/"},"img":{"alt_text":"Fluffige K\u00fcrbiswaffeln","src":"https:\/\/i0.wp.com\/jennyisbaking.com\/wp-1c174-content\/uploads\/2018\/11\/DSC04468.jpg?fit=534%2C801&ssl=1&resize=350%2C200","width":350,"height":200,"srcset":"https:\/\/i0.wp.com\/jennyisbaking.com\/wp-1c174-content\/uploads\/2018\/11\/DSC04468.jpg?fit=534%2C801&ssl=1&resize=350%2C200 1x, https:\/\/i0.wp.com\/jennyisbaking.com\/wp-1c174-content\/uploads\/2018\/11\/DSC04468.jpg?fit=534%2C801&ssl=1&resize=525%2C300 1.5x"},"classes":[]}],"_links":{"self":[{"href":"https:\/\/jennyisbaking.com\/de\/wp-json\/wp\/v2\/posts\/8658","targetHints":{"allow":["GET"]}}],"collection":[{"href":"https:\/\/jennyisbaking.com\/de\/wp-json\/wp\/v2\/posts"}],"about":[{"href":"https:\/\/jennyisbaking.com\/de\/wp-json\/wp\/v2\/types\/post"}],"author":[{"embeddable":true,"href":"https:\/\/jennyisbaking.com\/de\/wp-json\/wp\/v2\/users\/1"}],"replies":[{"embeddable":true,"href":"https:\/\/jennyisbaking.com\/de\/wp-json\/wp\/v2\/comments?post=8658"}],"version-history":[{"count":18,"href":"https:\/\/jennyisbaking.com\/de\/wp-json\/wp\/v2\/posts\/8658\/revisions"}],"predecessor-version":[{"id":9993,"href":"https:\/\/jennyisbaking.com\/de\/wp-json\/wp\/v2\/posts\/8658\/revisions\/9993"}],"wp:featuredmedia":[{"embeddable":true,"href":"https:\/\/jennyisbaking.com\/de\/wp-json\/wp\/v2\/media\/8659"}],"wp:attachment":[{"href":"https:\/\/jennyisbaking.com\/de\/wp-json\/wp\/v2\/media?parent=8658"}],"wp:term":[{"taxonomy":"category","embeddable":true,"href":"https:\/\/jennyisbaking.com\/de\/wp-json\/wp\/v2\/categories?post=8658"},{"taxonomy":"post_tag","embeddable":true,"href":"https:\/\/jennyisbaking.com\/de\/wp-json\/wp\/v2\/tags?post=8658"}],"curies":[{"name":"wp","href":"https:\/\/api.w.org\/{rel}","templated":true}]}}