{"id":9320,"date":"2019-11-28T07:00:28","date_gmt":"2019-11-28T06:00:28","guid":{"rendered":"https:\/\/jennyisbaking.com\/?p=9320"},"modified":"2020-09-09T18:36:57","modified_gmt":"2020-09-09T16:36:57","slug":"meringue-alfajores-from-uruguay-and-start-of-the-cookie-week","status":"publish","type":"post","link":"https:\/\/jennyisbaking.com\/de\/2019\/11\/28\/meringue-alfajores-from-uruguay-and-start-of-the-cookie-week\/","title":{"rendered":"Alfajores de Nieve aus Uruguay und Start in die Cookie-Woche"},"content":{"rendered":"<p>Ich bin\u00a0 ganz aufgeregt, heute geht es endlich los! Meine pers\u00f6nliche Cookie-Woche startet! Jawoll du hast richtig gelesen, ab heute werde ich ab heute insgesamt sieben aufeinander folgenden Tagen jeden Tag ein Cookie-Rezept ver\u00f6ffentlichen. Da ich in Uruguay geboren bin, dachte ich mir, dass ich es eine uruguayische Cookie-Woche mache, denn <a href=\"https:\/\/jennyisbaking.com\/de\/2017\/12\/08\/linzer-cookies\/\" target=\"_blank\" rel=\"noopener noreferrer\">Linzer Pl\u00e4tzchen<\/a> und <a href=\"https:\/\/jennyisbaking.com\/de\/2018\/11\/30\/cute-santas-from-sugar-cookies\/\" target=\"_blank\" rel=\"noopener noreferrer\">Nikolaus-Kekse<\/a> findet man schon zuhauf, uruguayische Pl\u00e4tzchenrezepte auf Deutsch jedoch noch fast gar nicht. Los geht es also! Alfajores de Nieve oder Schnee-Alfajores sind Schoko-Doppelkekse, die mit <a href=\"https:\/\/jennyisbaking.com\/de\/2019\/05\/21\/how-to-make-homemade-dulce-de-leche\/\" target=\"_blank\" rel=\"noopener noreferrer\">Karamellcreme aus ges\u00fc\u00dfter Kondensmilch<\/a> gef\u00fcllt werden und dann nochmal eine \u00e4u\u00dfere Schicht getrockneten Baiser haben. Sind sind nach den <a href=\"https:\/\/jennyisbaking.com\/de\/2018\/07\/02\/alfajores-the-best-cookies-from-uruguay\/\" target=\"_blank\" rel=\"noopener noreferrer\">Schoko-Alfajores<\/a> meine Lieblingskekse aus Uruguay. Passend zur Cookie-Woche dachte ich mir, dass ich noch eine weitere Variante an Alfajores vorstellen k\u00f6nnte. Nat\u00fcrlich gibt es hier auf dem Blog schon die <a href=\"https:\/\/jennyisbaking.com\/de\/2019\/05\/17\/classic-alfajores-from-uruguay\/\" target=\"_blank\" rel=\"noopener noreferrer\">klassische Variante mit Vanillem\u00fcrbeteig<\/a>, dem noch Maisst\u00e4rke beigemischt ist, dann die <a href=\"https:\/\/jennyisbaking.com\/de\/2018\/07\/02\/alfajores-the-best-cookies-from-uruguay\/\" target=\"_blank\" rel=\"noopener noreferrer\">Schoko-Doppelkekse, die noch in Schokolade getunkt werden<\/a> und heute nun also die Variante mit getrocknetem Baiser: Alfajores de Nieve.<\/p>\n<p><a href=\"https:\/\/i0.wp.com\/jennyisbaking.com\/wp-1c174-content\/uploads\/2019\/09\/DSC03956-2.jpg?ssl=1\"><img data-recalc-dims=\"1\" loading=\"lazy\" decoding=\"async\" data-attachment-id=\"9326\" data-permalink=\"https:\/\/jennyisbaking.com\/de\/2019\/11\/28\/meringue-alfajores-from-uruguay-and-start-of-the-cookie-week\/dsc03956-2\/\" data-orig-file=\"https:\/\/i0.wp.com\/jennyisbaking.com\/wp-1c174-content\/uploads\/2019\/09\/DSC03956-2.jpg?fit=534%2C801&amp;ssl=1\" data-orig-size=\"534,801\" data-comments-opened=\"1\" data-image-meta=\"{&quot;aperture&quot;:&quot;5.6&quot;,&quot;credit&quot;:&quot;&quot;,&quot;camera&quot;:&quot;ILCE-7&quot;,&quot;caption&quot;:&quot;&quot;,&quot;created_timestamp&quot;:&quot;1568139722&quot;,&quot;copyright&quot;:&quot;&quot;,&quot;focal_length&quot;:&quot;50&quot;,&quot;iso&quot;:&quot;640&quot;,&quot;shutter_speed&quot;:&quot;0.008&quot;,&quot;title&quot;:&quot;&quot;,&quot;orientation&quot;:&quot;1&quot;}\" data-image-title=\"Alfajores de nieve aus Uruguay\" data-image-description=\"\" data-image-caption=\"\" data-large-file=\"https:\/\/i0.wp.com\/jennyisbaking.com\/wp-1c174-content\/uploads\/2019\/09\/DSC03956-2.jpg?fit=534%2C801&amp;ssl=1\" class=\"aligncenter size-full wp-image-9326\" src=\"https:\/\/i0.wp.com\/jennyisbaking.com\/wp-1c174-content\/uploads\/2019\/09\/DSC03956-2.jpg?resize=534%2C801&#038;ssl=1\" alt=\"Alfajores de nieve aus Uruguay\" width=\"534\" height=\"801\" srcset=\"https:\/\/i0.wp.com\/jennyisbaking.com\/wp-1c174-content\/uploads\/2019\/09\/DSC03956-2.jpg?w=534&amp;ssl=1 534w, https:\/\/i0.wp.com\/jennyisbaking.com\/wp-1c174-content\/uploads\/2019\/09\/DSC03956-2.jpg?resize=200%2C300&amp;ssl=1 200w\" sizes=\"auto, (max-width: 534px) 100vw, 534px\" \/><\/a><!--more-->Ich finde im Winter ist die Kombination Schokokeks mit getrocknetem Baiser auf jeden Fall besonders attraktiv. Als ich sie meinen Kollegen vorstellte, waren sie innerhalb von Sekunden verschwunden. Es ist nicht unbedingt eine Kombi, die man oft in Deutschland antrifft, aber das macht ja nichts, offensichtlich kamen sie auch bei meinen deutschen Kollegen sehr gut an und es wurde gleich nach dem Rezept gefragt. Das freut mich nat\u00fcrlich besonders, denn nicht jeder Cookie aus Uruguay wird mit einer solchen Begeisterung verspeist. <a href=\"https:\/\/i0.wp.com\/jennyisbaking.com\/wp-1c174-content\/uploads\/2019\/09\/DSC03951.jpg?ssl=1\"><img data-recalc-dims=\"1\" loading=\"lazy\" decoding=\"async\" data-attachment-id=\"9327\" data-permalink=\"https:\/\/jennyisbaking.com\/de\/2019\/11\/28\/meringue-alfajores-from-uruguay-and-start-of-the-cookie-week\/dsc03951\/\" data-orig-file=\"https:\/\/i0.wp.com\/jennyisbaking.com\/wp-1c174-content\/uploads\/2019\/09\/DSC03951.jpg?fit=534%2C801&amp;ssl=1\" data-orig-size=\"534,801\" data-comments-opened=\"1\" data-image-meta=\"{&quot;aperture&quot;:&quot;5.6&quot;,&quot;credit&quot;:&quot;&quot;,&quot;camera&quot;:&quot;ILCE-7&quot;,&quot;caption&quot;:&quot;&quot;,&quot;created_timestamp&quot;:&quot;1568139524&quot;,&quot;copyright&quot;:&quot;&quot;,&quot;focal_length&quot;:&quot;50&quot;,&quot;iso&quot;:&quot;500&quot;,&quot;shutter_speed&quot;:&quot;0.008&quot;,&quot;title&quot;:&quot;&quot;,&quot;orientation&quot;:&quot;1&quot;}\" data-image-title=\"Alfajores de nieve aus Uruguay\" data-image-description=\"\" data-image-caption=\"\" data-large-file=\"https:\/\/i0.wp.com\/jennyisbaking.com\/wp-1c174-content\/uploads\/2019\/09\/DSC03951.jpg?fit=534%2C801&amp;ssl=1\" class=\"aligncenter size-full wp-image-9327\" src=\"https:\/\/i0.wp.com\/jennyisbaking.com\/wp-1c174-content\/uploads\/2019\/09\/DSC03951.jpg?resize=534%2C801&#038;ssl=1\" alt=\"Alfajores de nieve aus Uruguay\" width=\"534\" height=\"801\" srcset=\"https:\/\/i0.wp.com\/jennyisbaking.com\/wp-1c174-content\/uploads\/2019\/09\/DSC03951.jpg?w=534&amp;ssl=1 534w, https:\/\/i0.wp.com\/jennyisbaking.com\/wp-1c174-content\/uploads\/2019\/09\/DSC03951.jpg?resize=200%2C300&amp;ssl=1 200w\" sizes=\"auto, (max-width: 534px) 100vw, 534px\" \/><\/a>Alfajores stammen eigentlich aus Spanien, erfreuen sich aber in Lateinamerika gro\u00dfer Beliebtheit. Zumindest in Uruguay bedeutet ein Alfajor auf jeden Fall ein Doppelkeks, der oft mit <a href=\"https:\/\/jennyisbaking.com\/de\/2019\/05\/21\/how-to-make-homemade-dulce-de-leche\/\" target=\"_blank\" rel=\"noopener noreferrer\">Karamellcreme namens dulce de leche<\/a> oder einer Marmelade wird. Der Doppelkeks selbst enth\u00e4lt fast immer zumindest einen Teil Maisst\u00e4rke, wodurch den Teig besonders m\u00fcrbe wird und sehr gut mit der s\u00fc\u00dfen F\u00fcllung harmoniert. Beim <a href=\"https:\/\/jennyisbaking.com\/de\/2019\/05\/17\/classic-alfajores-from-uruguay\/\" target=\"_blank\" rel=\"noopener noreferrer\">klassischen Alfajor<\/a> wird der Kekse nur noch in Kokosflocken gerollt, man findet aber auch welche mit Schokoladen\u00fcberzug oder eben wie hier mit getrocknetem Baiser.<\/p>\n<p><a href=\"https:\/\/i0.wp.com\/jennyisbaking.com\/wp-1c174-content\/uploads\/2019\/09\/DSC03950.jpg?ssl=1\"><img data-recalc-dims=\"1\" loading=\"lazy\" decoding=\"async\" data-attachment-id=\"9323\" data-permalink=\"https:\/\/jennyisbaking.com\/de\/2019\/11\/28\/meringue-alfajores-from-uruguay-and-start-of-the-cookie-week\/dsc03950\/\" data-orig-file=\"https:\/\/i0.wp.com\/jennyisbaking.com\/wp-1c174-content\/uploads\/2019\/09\/DSC03950.jpg?fit=534%2C801&amp;ssl=1\" data-orig-size=\"534,801\" data-comments-opened=\"1\" data-image-meta=\"{&quot;aperture&quot;:&quot;5.6&quot;,&quot;credit&quot;:&quot;&quot;,&quot;camera&quot;:&quot;ILCE-7&quot;,&quot;caption&quot;:&quot;&quot;,&quot;created_timestamp&quot;:&quot;1568139509&quot;,&quot;copyright&quot;:&quot;&quot;,&quot;focal_length&quot;:&quot;50&quot;,&quot;iso&quot;:&quot;500&quot;,&quot;shutter_speed&quot;:&quot;0.008&quot;,&quot;title&quot;:&quot;&quot;,&quot;orientation&quot;:&quot;1&quot;}\" data-image-title=\"Alfajores de nieve aus Uruguay\" data-image-description=\"\" data-image-caption=\"\" data-large-file=\"https:\/\/i0.wp.com\/jennyisbaking.com\/wp-1c174-content\/uploads\/2019\/09\/DSC03950.jpg?fit=534%2C801&amp;ssl=1\" class=\"aligncenter size-full wp-image-9323\" src=\"https:\/\/i0.wp.com\/jennyisbaking.com\/wp-1c174-content\/uploads\/2019\/09\/DSC03950.jpg?resize=534%2C801&#038;ssl=1\" alt=\"Alfajores de nieve aus Uruguay\" width=\"534\" height=\"801\" srcset=\"https:\/\/i0.wp.com\/jennyisbaking.com\/wp-1c174-content\/uploads\/2019\/09\/DSC03950.jpg?w=534&amp;ssl=1 534w, https:\/\/i0.wp.com\/jennyisbaking.com\/wp-1c174-content\/uploads\/2019\/09\/DSC03950.jpg?resize=200%2C300&amp;ssl=1 200w\" sizes=\"auto, (max-width: 534px) 100vw, 534px\" \/><\/a>Bekannt wurde diese Variante insbesondere durch die Fabrik Alfajores de las Sierras del Minas, die schon seit einigen Generationen selbstgemachte Alfajores im ganzen Land verkauft und in der Region Sierra de Minas beheimatet ist. Selbstverst\u00e4ndlich r\u00fccken die Eigent\u00fcmer nicht das Rezept heraus, es wird seit 70 Jahren geh\u00fctet wie ein kostbarer Schatz, aber das hat mich nat\u00fcrlich nicht davon abgehalten diese Variante des Alfajor de Nieve auf eigene Faust auszuprobieren. Die Reaktion meiner Kollegen hat mich darin best\u00e4tigt, dass dieser Keks auf jeden Fall seine Kalorien wert ist.<\/p>\n<p><span class=\"sp_shortcode\">\t<div id=\"recipe\"><\/div>\r\n\t<div class=\"sp-recipe\" id=\"printthis\">\r\n\t\t\r\n\t\t<div class=\"recipe-overview\">\r\n\t\t\t\r\n\t\t\t<div class=\"recipe-image\">\r\n\t\t\t\t\t\t\t\t\t\t\t\t<img data-recalc-dims=\"1\" decoding=\"async\" src=\"https:\/\/i0.wp.com\/jennyisbaking.com\/wp-1c174-content\/uploads\/2019\/09\/DSC03940-2.jpg?w=1080&#038;ssl=1\">\t\t\t\t\t\t\t\t\t\t\t\t\t<a href=\"#\" onclick=\"jQuery('#printthis').print()\" class=\"sp-print\"><i class=\"fa fas fa-print\"><\/i> Print Recipe<\/a>\r\n\t\t\t\t\t\t\t<\/div>\r\n\t\t\t\r\n\t\t\t<div class=\"recipe-header\">\r\n\t\t\t\r\n\t\t\t\t<div class=\"recipe-title-header\">\r\n\t\t\t\t\r\n\t\t\t\t\t\t\t\t\t\t\t<h2>Alfajores de Nieve aus Uruguay<\/h2>\r\n\t\t\t\t\t\t\t\t\t\t\t\t\t\t\r\n\t\t\t\t<\/div>\r\n\t\t\t\r\n\t\t\t\t\t\t\t\t<div class=\"recipe-meta\">\r\n\t\t\t\t\t\r\n\t\t\t\t\t<div class=\"meta-row\">\r\n\t\t\t\t\t\t\r\n\t\t\t\t\t\t\t\t\t\t\t\t\r\n\t\t\t\t\t\t\t\t\t\t\t\t\t\t\t\t\t\t\t\t\t\t\t\r\n\t\t\t\t\t<\/div>\r\n\t\t\t\t\t\r\n\t\t\t\t\t<div class=\"meta-row\">\r\n\t\t\t\t\t\t\r\n\t\t\t\t\t\t<i class=\"far fa-user\"><\/i>\t\t\t\t\t\t\r\n\t\t\t\t\t\t\t\t\t\t\t\t\t\t\t\t\t\t<span class=\"recipe-meta-item\">Serves: Zwischen 16-22 Alfajores, je nach Gr\u00f6\u00dfe<\/span>\t\t\t\t\t\r\n\t\t\t\t\t<\/div>\r\n\t\t\t\t\t\r\n\t\t\t\t\t<div class=\"meta-row\">\r\n\t\t\t\t\t\r\n\t\t\t\t\t\t<i class=\"far fa-clock\"><\/i> \r\n\t\t\t\t\t\t\r\n\t\t\t\t\t\t\t\t\t\t\t\t\t\t\t\t\t\t<span class=\"recipe-meta-item\">Prep Time: 1 hr<\/span>\r\n\t\t\t\t\t\t\t\t\t\t\t\t\r\n\t\t\t\t\t\t<span class=\"separator\">&#8211;<\/span>\t\t\t\t\t\t\r\n\t\t\t\t\t\t\t\t\t\t\t\t\t\t\t\t\t\t<span class=\"recipe-meta-item\">Cooking Time: 8-10min + 1 1\/2 hrs<\/span>\r\n\t\t\t\t\t\t\t\t\t\t\t\t\r\n\t\t\t\t\t\t<span class=\"separator\">&#8211;<\/span>\t\t\t\t\t\t\r\n\t\t\t\t\t\t\t\t\t\t\t\t\t\t\t\t\t\t<span class=\"recipe-meta-item\">Total Time: 2 hr 45min<\/span>\r\n\t\t\t\t\t\t\t\t\t\t\t\t\r\n\t\t\t\t\t<\/div>\r\n\t\t\t\r\n\t\t\t\t<\/div>\r\n\t\t\t\t\t\t\t\t\r\n\t\t\t\t\t\t\t\t\t<div class=\"sep-line\"><\/div>\r\n\t\t\t\t\t<div class=\"recipe-description\"><p>Alfajores de Nieve aus Uruguay sind Schoko-Doppelkekse, die mit Karamellcreme aus ges\u00fc\u00dfter Kondensmilch gef\u00fcllt werden und dann nochmal eine \u00e4u\u00dfere Schicht getrockneten Baiser haben.<\/p><\/div>\r\n\t\t\t\t\t\t\t\r\n\t\t\t<\/div>\r\n\t\t\t\r\n\t\t<\/div>\r\n\t\t\t\r\n\t\t\t\t<div class=\"recipe-ingredients\">\r\n\t\t\t\t\t\t\t\r\n\t\t\t<h3 class=\"recipe-title\">Ingredients<\/h3>\r\n\t\t\t\r\n\t\t\t<ul>\r\n\t\t\t\t\t\t\t\t\t\t\t\t\t\t\t\t\t\t\t<li><span><b>Doppelkekse<\/b><\/span><\/li>\r\n\t\t\t\t\t\t\t\t\t\t\t\t\t\t\t\t\t\t\t\t\t\t\t\t\t\t\t\t<li><span>150gr weiche Butter<\/span><\/li>\r\n\t\t\t\t\t\t\t\t\t\t\t\t\t\t\t\t\t\t\t\t\t\t\t\t\t\t\t\t<li><span>70gr wei\u00dfer Zucker<\/span><\/li>\r\n\t\t\t\t\t\t\t\t\t\t\t\t\t\t\t\t\t\t\t\t\t\t\t\t\t\t\t\t<li><span>1 Ei<\/span><\/li>\r\n\t\t\t\t\t\t\t\t\t\t\t\t\t\t\t\t\t\t\t\t\t\t\t\t\t\t\t\t<li><span>25gr Honig<\/span><\/li>\r\n\t\t\t\t\t\t\t\t\t\t\t\t\t\t\t\t\t\t\t\t\t\t\t\t\t\t\t\t<li><span>170gr Mehl<\/span><\/li>\r\n\t\t\t\t\t\t\t\t\t\t\t\t\t\t\t\t\t\t\t\t\t\t\t\t\t\t\t\t<li><span>80gr Maisst\u00e4rke<\/span><\/li>\r\n\t\t\t\t\t\t\t\t\t\t\t\t\t\t\t\t\t\t\t\t\t\t\t\t\t\t\t\t<li><span>30gr unges\u00fc\u00dfter Kakao<\/span><\/li>\r\n\t\t\t\t\t\t\t\t\t\t\t\t\t\t\t\t\t\t\t\t\t\t\t\t\t\t\t\t<li><span>1 TL Natron<\/span><\/li>\r\n\t\t\t\t\t\t\t\t\t\t\t\t\t\t\t\t\t\t\t\t\t\t\t\t\t\t\t\t<li><span>1 TL Backpulver<\/span><\/li>\r\n\t\t\t\t\t\t\t\t\t\t\t\t\t\t\t\t\t\t\t\t\t\t\t\t\t\t\t\t<li><span><\/br><\/span><\/li>\r\n\t\t\t\t\t\t\t\t\t\t\t\t\t\t\t\t\t\t\t\t\t\t\t\t\t\t\t\t<li><span><b>F\u00fcllung<\/b><\/span><\/li>\r\n\t\t\t\t\t\t\t\t\t\t\t\t\t\t\t\t\t\t\t\t\t\t\t\t\t\t\t\t<li><span>Ca. 400gr dulce de leche, siehe <a href=\"https:\/\/jennyisbaking.com\/de\/2019\/05\/21\/how-to-make-homemade-dulce-de-leche\/\" target=\"_blank\" rel=\"noopener noreferrer\">hier<\/a> wie man die Karamellcreme selbst erstellen kann<\/span><\/li>\r\n\t\t\t\t\t\t\t\t\t\t\t\t\t\t\t\t\t\t\t\t\t\t\t\t\t\t\t\t<li><span><\/br><\/span><\/li>\r\n\t\t\t\t\t\t\t\t\t\t\t\t\t\t\t\t\t\t\t\t\t\t\t\t\t\t\t\t<li><span><b>Baiser<\/b><\/span><\/li>\r\n\t\t\t\t\t\t\t\t\t\t\t\t\t\t\t\t\t\t\t\t\t\t\t\t\t\t\t\t<li><span>50 gr wei\u00dfer Zucker<\/span><\/li>\r\n\t\t\t\t\t\t\t\t\t\t\t\t\t\t\t\t\t\t\t\t\t\t\t\t\t\t\t\t<li><span>25 gr Wasser<\/span><\/li>\r\n\t\t\t\t\t\t\t\t\t\t\t\t\t\t\t\t\t\t\t\t\t\t\t\t\t\t\t\t<li><span>1 Eiwei\u00df, Zimmertemperatur<\/span><\/li>\r\n\t\t\t\t\t\t\t\t\t\t\t\t\t\t\t\t<\/ul>\r\n\t\t\t\r\n\t\t<\/div>\r\n\t\t\t\t\r\n\t\t\t\t<div class=\"recipe-method\">\r\n\t\t\t\t\t\t\t\r\n\t\t\t<h3 class=\"recipe-title\">Instructions<\/h3>\r\n\t\t\t\r\n\t\t\t\t\t\t\t\t\t\r\n\t\t\t\t\t\t\t\t\t\t\t\t\t\t\t<div class=\"step\">\r\n\t\t\t\t\t<span class=\"step-number\">1<\/span>\r\n\t\t\t\t\t<div class=\"step-content\">\r\n\t\t\t\t\t\t<p>F\u00fcr die <b>Kekse<\/b> zun\u00e4chst die weiche Butter mit dem Zucker f\u00fcr einige Minuten cremig r\u00fchren. Dann das Ei und den Honig gr\u00fcndlich einr\u00fchren. Am Ende Mehl, Maisst\u00e4rke, Backkakao, Natron und Backpulver hinzuf\u00fcgen und zu einem homogen Teig verarbeiten. Den Teig in Frischhaltefolie gewickelt mindestens eine halbe Stunde oder \u00fcber Nacht im K\u00fchlschrank k\u00fchlen. <\/p>\r\n\t\t\t\t\t<\/div>\r\n\t\t\t\t<\/div>\r\n\t\t\t\t\t\t\t\t\t\t\r\n\t\t\t\t\t\t\r\n\t\t\t\t\t\t\t\t\t\t\t\t\t\t\t<div class=\"step\">\r\n\t\t\t\t\t<span class=\"step-number\">2<\/span>\r\n\t\t\t\t\t<div class=\"step-content\">\r\n\t\t\t\t\t\t<p>Den Ofen auf 200 Grad vorheizen und zwei Backbleche mit Backpapier belegen. <\/p>\r\n\t\t\t\t\t<\/div>\r\n\t\t\t\t<\/div>\r\n\t\t\t\t\t\t\t\t\t\t\r\n\t\t\t\t\t\t\r\n\t\t\t\t\t\t\t\t\t\t\t\t\t\t\t<div class=\"step\">\r\n\t\t\t\t\t<span class=\"step-number\">3<\/span>\r\n\t\t\t\t\t<div class=\"step-content\">\r\n\t\t\t\t\t\t<p>Teig aus dem K\u00fchlschrank holen, in zwei Teile teilen. Einen Teil zur\u00fcck in den K\u00fchlschrank legen, den zweiten per Nudelholz ca. 2mm dick ausrollen. Entweder mit einem Glas oder entsprechenden Keksausstecher in Kreise von ca. 5cm Durchmesser ausstechen. Man sollte mindestens 30 Kreise erhalten, ich bekomme immer ca. 40 raus. Die Bleche nacheinander ca. 8-10min backen, Kekse ausk\u00fchlen lassen. <\/p>\r\n\t\t\t\t\t<\/div>\r\n\t\t\t\t<\/div>\r\n\t\t\t\t\t\t\t\t\t\t\r\n\t\t\t\t\t\t\r\n\t\t\t\t\t\t\t\t\t\t\t\t\t\t\t<div class=\"step\">\r\n\t\t\t\t\t<span class=\"step-number\">4<\/span>\r\n\t\t\t\t\t<div class=\"step-content\">\r\n\t\t\t\t\t\t<p>F\u00fcr die <b>F\u00fcllung<\/b> je zwei gleichgro\u00dfe Kekse suchen. Den unteren Keks mit ca. einem ordentlichen TL dulce de leche bestreichen, den zweiten Keks aufsetzen.<\/p>\r\n\t\t\t\t\t<\/div>\r\n\t\t\t\t<\/div>\r\n\t\t\t\t\t\t\t\t\t\t\r\n\t\t\t\t\t\t\r\n\t\t\t\t\t\t\t\t\t\t\t\t\t\t\t<div class=\"step\">\r\n\t\t\t\t\t<span class=\"step-number\">5<\/span>\r\n\t\t\t\t\t<div class=\"step-content\">\r\n\t\t\t\t\t\t<p>F\u00fcr das <b>Baiser<\/b> den Zucker mit dem Wasser ca. 5min auf mittlerer Hitze k\u00f6cheln lassen. Derweil das Eiwei\u00df aufschlagen bis sich weiche Spitzen bilden. Den hei\u00dfen Zuckersirup in das Eiwei\u00df gie\u00dfen und auf h\u00f6chster Stufe so lange schlagen, bis das Baiser wieder abgek\u00fchlt ist, das kann durchaus 5min dauern. Das Baiser sollte fest und gl\u00e4nzend sein. <\/p>\r\n\t\t\t\t\t<\/div>\r\n\t\t\t\t<\/div>\r\n\t\t\t\t\t\t\t\t\t\t\r\n\t\t\t\t\t\t\r\n\t\t\t\t\t\t\t\t\t\t\t\t\t\t\t<div class=\"step\">\r\n\t\t\t\t\t<span class=\"step-number\">6<\/span>\r\n\t\t\t\t\t<div class=\"step-content\">\r\n\t\t\t\t\t\t<p>Den Ofen auf 90 Grad heizen und alle Doppelkekse mit einer d\u00fcnnen Schicht Baiser einstreichen, ich versuche dabei die Kekse auf dem Blech m\u00f6glichst liegen zu lassen. Ca 1 1\/2 Stunden im Ofen trocknen. Manchmal klebt das Baiser noch etwas, aber das tut dem Geschmack keinen Abbruch.<\/p>\r\n\t\t\t\t\t<\/div>\r\n\t\t\t\t<\/div>\r\n\t\t\t\t\t\t\t\t\t\t\r\n\t\t\t\t\t\t\r\n\t\t<\/div>\r\n\t\t\t\t\r\n\t\t\t\t\r\n\t\t\t\t<div class=\"recipe-notes\">\r\n\t\t\t\r\n\t\t\t<h3 class=\"recipe-title\">Notes<\/h3>\r\n\t\t\t\r\n\t\t\t<p>Keine Ahnung, was du mit \u00fcbrig gebliebenem Eigelb machen sollst? In <a href=\"https:\/\/jennyisbaking.com\/de\/2018\/09\/24\/what-to-do-with-leftover-egg-whites-and-egg-yolks\/\" target=\"_blank\" rel=\"noopener noreferrer\">diesem Blogpost<\/a> gibt es ganz viele Tipps inkl. wie einzufrieren.<\/p>\r\n\t\t\t\r\n\t\t<\/div>\r\n\t\t\t\t\r\n\t\t<script type=\"application\/ld+json\">\r\n\t\t\t{\r\n\t\t\t  \"@context\": \"http:\/\/schema.org\",\r\n\t\t\t  \"@type\": \"Recipe\",\r\n\t\t\t  \"url\": \"https:\/\/jennyisbaking.com\/de\/2019\/11\/28\/meringue-alfajores-from-uruguay-and-start-of-the-cookie-week\/\",\r\n\t\t\t  \"author\": {\r\n\t\t\t\t\"@type\": \"Thing\",\r\n\t\t\t\t\"name\": \"\"\r\n\t\t\t  },\r\n\t\t\t  \"datePublished\": \"Donnerstag, der 28. November 2019\",\r\n\t\t\t  \"cookTime\": \"P\",\r\n\t\t\t  \t\t\t  \"description\": \"Alfajores de Nieve aus Uruguay sind Schoko-Doppelkekse, die mit Karamellcreme aus ges\u00fc\u00dfter Kondensmilch gef\u00fcllt werden und dann nochmal eine \u00e4u\u00dfere Schicht getrockneten Baiser haben.\",\r\n\t\t\t  \"image\": \"https:\/\/jennyisbaking.com\/wp-1c174-content\/uploads\/2019\/09\/DSC03940-2.jpg\",\r\n\t\t\t  \"recipeIngredient\": [\r\n\t\t\t\t\t\t\t\t\t\t\t\t\t                    \t\t\t\t\t\"<b>Doppelkekse<\/b>\",\t\t\t\t\t\t\t\t\t\t\t\t\t\t\t\t\t\t\t                    \t\t\t\t\t\"150gr weiche Butter\",\t\t\t\t\t\t\t\t\t\t\t\t\t\t\t\t\t\t\t                    \t\t\t\t\t\"70gr wei\u00dfer Zucker\",\t\t\t\t\t\t\t\t\t\t\t\t\t\t\t\t\t\t\t                    \t\t\t\t\t\"1 Ei\",\t\t\t\t\t\t\t\t\t\t\t\t\t\t\t\t\t\t\t                    \t\t\t\t\t\"25gr Honig\",\t\t\t\t\t\t\t\t\t\t\t\t\t\t\t\t\t\t\t                    \t\t\t\t\t\"170gr Mehl\",\t\t\t\t\t\t\t\t\t\t\t\t\t\t\t\t\t\t\t                    \t\t\t\t\t\"80gr Maisst\u00e4rke\",\t\t\t\t\t\t\t\t\t\t\t\t\t\t\t\t\t\t\t                    \t\t\t\t\t\"30gr unges\u00fc\u00dfter Kakao\",\t\t\t\t\t\t\t\t\t\t\t\t\t\t\t\t\t\t\t                    \t\t\t\t\t\"1 TL Natron\",\t\t\t\t\t\t\t\t\t\t\t\t\t\t\t\t\t\t\t                    \t\t\t\t\t\"1 TL Backpulver\",\t\t\t\t\t\t\t\t\t\t\t\t\t\t\t\t\t\t\t                    \t\t\t\t\t\"<\/br>\",\t\t\t\t\t\t\t\t\t\t\t\t\t\t\t\t\t\t\t                    \t\t\t\t\t\"<b>F\u00fcllung<\/b>\",\t\t\t\t\t\t\t\t\t\t\t\t\t\t\t\t\t\t\t                    \t\t\t\t\t\"Ca. 400gr dulce de leche, siehe <a href='https:\/\/jennyisbaking.com\/de\/2019\/05\/21\/how-to-make-homemade-dulce-de-leche\/' target='_blank' rel='noopener noreferrer'>hier<\/a> wie man die Karamellcreme selbst erstellen kann\",\t\t\t\t\t\t\t\t\t\t\t\t\t\t\t\t\t\t\t                    \t\t\t\t\t\"<\/br>\",\t\t\t\t\t\t\t\t\t\t\t\t\t\t\t\t\t\t\t                    \t\t\t\t\t\"<b>Baiser<\/b>\",\t\t\t\t\t\t\t\t\t\t\t\t\t\t\t\t\t\t\t                    \t\t\t\t\t\"50 gr wei\u00dfer Zucker\",\t\t\t\t\t\t\t\t\t\t\t\t\t\t\t\t\t\t\t                    \t\t\t\t\t\"25 gr Wasser\",\t\t\t\t\t\t\t\t\t\t\t\t\t\t\t\t\t\t\t                    \t\t\t\t\t\"1 Eiwei\u00df, Zimmertemperatur\"\t\t\t\t\t\t\t\t\t\t\t\t\t\t\t\t\t  ],\r\n\t\t\t  \"name\": \"Alfajores de Nieve aus Uruguay\",\r\n\t\t\t  \"nutrition\": {\r\n\t\t\t\t\"@type\": \"NutritionInformation\",\r\n\t\t\t\t\"calories\": \"\",\r\n\t\t\t\t\"carbohydrateContent\": \"\",\r\n\t\t\t\t\"cholesterolContent\": \"\",\r\n\t\t\t\t\"fatContent\": \"\",\r\n\t\t\t\t\"fiberContent\": \"\",\r\n\t\t\t\t\"proteinContent\": \"\",\r\n\t\t\t\t\"saturatedFatContent\": \"\",\r\n\t\t\t\t\"sodiumContent\": \"\",\r\n\t\t\t\t\"sugarContent\": \"\",\r\n\t\t\t\t\"transFatContent\": \"\",\r\n\t\t\t\t\"unsaturatedFatContent\": \"\"\r\n\t\t\t  },\r\n\t\t\t  \"prepTime\": \"P\",\r\n\t\t\t  \"totalTime\": \"P\",\r\n\t\t\t  \"recipeCategory\":\"\",\r\n\t\t\t  \"recipeCuisine\":\"\",\r\n\t\t\t  \"keywords\": \"\",\t\t\t  \r\n\t\t\t  \"recipeInstructions\": [\r\n\t\t\t\t\t\t\t\t\t\t\t\r\n\t\t\t\t\t\t\t\t\t\t\t\t\t\t\t\t\"F\u00fcr die <b>Kekse<\/b> zun\u00e4chst die weiche Butter mit dem Zucker f\u00fcr einige Minuten cremig r\u00fchren. Dann das Ei und den Honig gr\u00fcndlich einr\u00fchren. Am Ende Mehl, Maisst\u00e4rke, Backkakao, Natron und Backpulver hinzuf\u00fcgen und zu einem homogen Teig verarbeiten. Den Teig in Frischhaltefolie gewickelt mindestens eine halbe Stunde oder \u00fcber Nacht im K\u00fchlschrank k\u00fchlen. \",\t\t\t\t\t\t\r\n\t\t\t\t\t\t\t\t\t\t\t\t\t\t\r\n\t\t\t\t\t\t\t\r\n\t\t\t\t\t\t\t\t\t\t\t\t\t\t\t\t\"Den Ofen auf 200 Grad vorheizen und zwei Backbleche mit Backpapier belegen. \",\t\t\t\t\t\t\r\n\t\t\t\t\t\t\t\t\t\t\t\t\t\t\r\n\t\t\t\t\t\t\t\r\n\t\t\t\t\t\t\t\t\t\t\t\t\t\t\t\t\"Teig aus dem K\u00fchlschrank holen, in zwei Teile teilen. Einen Teil zur\u00fcck in den K\u00fchlschrank legen, den zweiten per Nudelholz ca. 2mm dick ausrollen. Entweder mit einem Glas oder entsprechenden Keksausstecher in Kreise von ca. 5cm Durchmesser ausstechen. Man sollte mindestens 30 Kreise erhalten, ich bekomme immer ca. 40 raus. Die Bleche nacheinander ca. 8-10min backen, Kekse ausk\u00fchlen lassen. \",\t\t\t\t\t\t\r\n\t\t\t\t\t\t\t\t\t\t\t\t\t\t\r\n\t\t\t\t\t\t\t\r\n\t\t\t\t\t\t\t\t\t\t\t\t\t\t\t\t\"F\u00fcr die <b>F\u00fcllung<\/b> je zwei gleichgro\u00dfe Kekse suchen. Den unteren Keks mit ca. einem ordentlichen TL dulce de leche bestreichen, den zweiten Keks aufsetzen.\",\t\t\t\t\t\t\r\n\t\t\t\t\t\t\t\t\t\t\t\t\t\t\r\n\t\t\t\t\t\t\t\r\n\t\t\t\t\t\t\t\t\t\t\t\t\t\t\t\t\"F\u00fcr das <b>Baiser<\/b> den Zucker mit dem Wasser ca. 5min auf mittlerer Hitze k\u00f6cheln lassen. Derweil das Eiwei\u00df aufschlagen bis sich weiche Spitzen bilden. Den hei\u00dfen Zuckersirup in das Eiwei\u00df gie\u00dfen und auf h\u00f6chster Stufe so lange schlagen, bis das Baiser wieder abgek\u00fchlt ist, das kann durchaus 5min dauern. Das Baiser sollte fest und gl\u00e4nzend sein. \",\t\t\t\t\t\t\r\n\t\t\t\t\t\t\t\t\t\t\t\t\t\t\r\n\t\t\t\t\t\t\t\r\n\t\t\t\t\t\t\t\t\t\t\t\t\t\t\t\t\"Den Ofen auf 90 Grad heizen und alle Doppelkekse mit einer d\u00fcnnen Schicht Baiser einstreichen, ich versuche dabei die Kekse auf dem Blech m\u00f6glichst liegen zu lassen. Ca 1 1\/2 Stunden im Ofen trocknen. Manchmal klebt das Baiser noch etwas, aber das tut dem Geschmack keinen Abbruch.\"\t\t\t\t\t\t\r\n\t\t\t\t\t\t\t\t\t\t\t\t\t\t\r\n\t\t\t\t\t\t\t  ],\r\n\t\t\t  \t\t\t  \"recipeYield\": \"Zwischen 16-22 Alfajores, je nach Gr\u00f6\u00dfe\"\t\t\t  \t\t\t}\r\n\t\t<\/script>\r\n\t\t\r\n\t<\/div>\r\n\t<\/span><\/p>\n<p><a href=\"https:\/\/i0.wp.com\/jennyisbaking.com\/wp-1c174-content\/uploads\/2019\/09\/DSC03946.jpg?ssl=1\"><img data-recalc-dims=\"1\" loading=\"lazy\" decoding=\"async\" data-attachment-id=\"9322\" data-permalink=\"https:\/\/jennyisbaking.com\/de\/2019\/11\/28\/meringue-alfajores-from-uruguay-and-start-of-the-cookie-week\/dsc03946\/\" data-orig-file=\"https:\/\/i0.wp.com\/jennyisbaking.com\/wp-1c174-content\/uploads\/2019\/09\/DSC03946.jpg?fit=534%2C801&amp;ssl=1\" data-orig-size=\"534,801\" data-comments-opened=\"1\" data-image-meta=\"{&quot;aperture&quot;:&quot;5.6&quot;,&quot;credit&quot;:&quot;&quot;,&quot;camera&quot;:&quot;ILCE-7&quot;,&quot;caption&quot;:&quot;&quot;,&quot;created_timestamp&quot;:&quot;1568139428&quot;,&quot;copyright&quot;:&quot;&quot;,&quot;focal_length&quot;:&quot;50&quot;,&quot;iso&quot;:&quot;500&quot;,&quot;shutter_speed&quot;:&quot;0.008&quot;,&quot;title&quot;:&quot;&quot;,&quot;orientation&quot;:&quot;1&quot;}\" data-image-title=\"Alfajores de nieve aus Uruguay\" data-image-description=\"\" data-image-caption=\"\" data-large-file=\"https:\/\/i0.wp.com\/jennyisbaking.com\/wp-1c174-content\/uploads\/2019\/09\/DSC03946.jpg?fit=534%2C801&amp;ssl=1\" class=\"aligncenter size-full wp-image-9322\" src=\"https:\/\/i0.wp.com\/jennyisbaking.com\/wp-1c174-content\/uploads\/2019\/09\/DSC03946.jpg?resize=534%2C801&#038;ssl=1\" alt=\"Alfajores de nieve aus Uruguay\" width=\"534\" height=\"801\" srcset=\"https:\/\/i0.wp.com\/jennyisbaking.com\/wp-1c174-content\/uploads\/2019\/09\/DSC03946.jpg?w=534&amp;ssl=1 534w, https:\/\/i0.wp.com\/jennyisbaking.com\/wp-1c174-content\/uploads\/2019\/09\/DSC03946.jpg?resize=200%2C300&amp;ssl=1 200w\" sizes=\"auto, (max-width: 534px) 100vw, 534px\" \/><\/a><\/p>\n<p>P.S.: Unten siehst du <a href=\"https:\/\/jennyisbaking.com\/de\/2019\/05\/17\/classic-alfajores-from-uruguay\/\" target=\"_blank\" rel=\"noopener noreferrer\">ein klassisches Alfajor<\/a> und <a href=\"https:\/\/jennyisbaking.com\/de\/2018\/07\/02\/alfajores-the-best-cookies-from-uruguay\/\" target=\"_blank\" rel=\"noopener noreferrer\">Alfajores Marplatenses<\/a><\/p>\n<div class=\"tiled-gallery type-rectangular tiled-gallery-unresized\" data-original-width=\"1080\" data-carousel-extra='{&quot;blog_id&quot;:1,&quot;permalink&quot;:&quot;https:\\\/\\\/jennyisbaking.com\\\/de\\\/2019\\\/11\\\/28\\\/meringue-alfajores-from-uruguay-and-start-of-the-cookie-week\\\/&quot;,&quot;likes_blog_id&quot;:129789891}' itemscope itemtype=\"http:\/\/schema.org\/ImageGallery\" > <div class=\"gallery-row\" style=\"width: 1080px; height: 807px;\" data-original-width=\"1080\" data-original-height=\"807\" > <div class=\"gallery-group images-1\" style=\"width: 540px; height: 807px;\" data-original-width=\"540\" data-original-height=\"807\" > <div class=\"tiled-gallery-item tiled-gallery-item-large\" itemprop=\"associatedMedia\" itemscope itemtype=\"http:\/\/schema.org\/ImageObject\"> <a href=\"https:\/\/jennyisbaking.com\/de\/2019\/05\/17\/classic-alfajores-from-uruguay\/dsc09097\/\" border=\"0\" itemprop=\"url\"> <meta itemprop=\"width\" content=\"536\"> <meta itemprop=\"height\" content=\"803\"> <img decoding=\"async\" class=\"\" data-attachment-id=\"8502\" data-orig-file=\"https:\/\/jennyisbaking.com\/wp-1c174-content\/uploads\/2019\/04\/DSC09097.jpg\" data-orig-size=\"534,801\" data-comments-opened=\"1\" data-image-meta=\"{&quot;aperture&quot;:&quot;5.6&quot;,&quot;credit&quot;:&quot;&quot;,&quot;camera&quot;:&quot;NEX-7&quot;,&quot;caption&quot;:&quot;&quot;,&quot;created_timestamp&quot;:&quot;1553858774&quot;,&quot;copyright&quot;:&quot;&quot;,&quot;focal_length&quot;:&quot;50&quot;,&quot;iso&quot;:&quot;200&quot;,&quot;shutter_speed&quot;:&quot;0.025&quot;,&quot;title&quot;:&quot;&quot;,&quot;orientation&quot;:&quot;1&quot;}\" data-image-title=\"Klassische Alfajores aus Uruguay\" data-image-description=\"\" data-medium-file=\"https:\/\/i0.wp.com\/jennyisbaking.com\/wp-1c174-content\/uploads\/2019\/04\/DSC09097.jpg?fit=200%2C300&#038;ssl=1\" data-large-file=\"https:\/\/i0.wp.com\/jennyisbaking.com\/wp-1c174-content\/uploads\/2019\/04\/DSC09097.jpg?fit=534%2C801&#038;ssl=1\" src=\"https:\/\/i0.wp.com\/jennyisbaking.com\/wp-1c174-content\/uploads\/2019\/04\/DSC09097.jpg?w=536&#038;h=803&#038;ssl=1\" srcset=\"https:\/\/i0.wp.com\/jennyisbaking.com\/wp-1c174-content\/uploads\/2019\/04\/DSC09097.jpg?w=534&amp;ssl=1 534w, https:\/\/i0.wp.com\/jennyisbaking.com\/wp-1c174-content\/uploads\/2019\/04\/DSC09097.jpg?resize=200%2C300&amp;ssl=1 200w\" width=\"536\" height=\"803\" loading=\"lazy\" data-original-width=\"536\" data-original-height=\"803\" itemprop=\"http:\/\/schema.org\/image\" title=\"Klassische Alfajores aus Uruguay\" alt=\"Klassische Alfajores aus Uruguay\" style=\"width: 536px; height: 803px;\" \/> <\/a> <\/div> <\/div> <!-- close group --> <div class=\"gallery-group images-1\" style=\"width: 540px; height: 807px;\" data-original-width=\"540\" data-original-height=\"807\" > <div class=\"tiled-gallery-item tiled-gallery-item-large\" itemprop=\"associatedMedia\" itemscope itemtype=\"http:\/\/schema.org\/ImageObject\"> <a href=\"https:\/\/jennyisbaking.com\/de\/2018\/07\/02\/alfajores-the-best-cookies-from-uruguay\/dsc00472\/\" border=\"0\" itemprop=\"url\"> <meta itemprop=\"width\" content=\"536\"> <meta itemprop=\"height\" content=\"803\"> <img decoding=\"async\" class=\"\" data-attachment-id=\"10817\" data-orig-file=\"https:\/\/jennyisbaking.com\/wp-1c174-content\/uploads\/2020\/08\/DSC00472.jpg\" data-orig-size=\"534,800\" data-comments-opened=\"1\" data-image-meta=\"{&quot;aperture&quot;:&quot;5&quot;,&quot;credit&quot;:&quot;Jennifer Warkentin&quot;,&quot;camera&quot;:&quot;ILCE-7&quot;,&quot;caption&quot;:&quot;&quot;,&quot;created_timestamp&quot;:&quot;1598794069&quot;,&quot;copyright&quot;:&quot;Jennifer Warkentin&quot;,&quot;focal_length&quot;:&quot;50&quot;,&quot;iso&quot;:&quot;1000&quot;,&quot;shutter_speed&quot;:&quot;0.0125&quot;,&quot;title&quot;:&quot;&quot;,&quot;orientation&quot;:&quot;1&quot;}\" data-image-title=\"Alfajores marplatenses aus Uruguay\" data-image-description=\"\" data-medium-file=\"https:\/\/i0.wp.com\/jennyisbaking.com\/wp-1c174-content\/uploads\/2020\/08\/DSC00472.jpg?fit=200%2C300&#038;ssl=1\" data-large-file=\"https:\/\/i0.wp.com\/jennyisbaking.com\/wp-1c174-content\/uploads\/2020\/08\/DSC00472.jpg?fit=534%2C800&#038;ssl=1\" src=\"https:\/\/i0.wp.com\/jennyisbaking.com\/wp-1c174-content\/uploads\/2020\/08\/DSC00472.jpg?w=536&#038;h=803&#038;ssl=1\" srcset=\"https:\/\/i0.wp.com\/jennyisbaking.com\/wp-1c174-content\/uploads\/2020\/08\/DSC00472.jpg?w=534&amp;ssl=1 534w, https:\/\/i0.wp.com\/jennyisbaking.com\/wp-1c174-content\/uploads\/2020\/08\/DSC00472.jpg?resize=200%2C300&amp;ssl=1 200w\" width=\"536\" height=\"803\" loading=\"lazy\" data-original-width=\"536\" data-original-height=\"803\" itemprop=\"http:\/\/schema.org\/image\" title=\"Alfajores marplatenses aus Uruguay\" alt=\"Alfajores marplatenses aus Uruguay\" style=\"width: 536px; height: 803px;\" \/> <\/a> <\/div> <\/div> <!-- close group --> <\/div> <!-- close row --> <\/div>\n<p><\/p>","protected":false},"excerpt":{"rendered":"<p>Leider ist der Eintrag nur auf English verf\u00fcgbar.<\/p>\n","protected":false},"author":1,"featured_media":9321,"comment_status":"open","ping_status":"closed","sticky":false,"template":"","format":"standard","meta":{"jetpack_post_was_ever_published":false,"_jetpack_newsletter_access":"","_jetpack_dont_email_post_to_subs":false,"_jetpack_newsletter_tier_id":0,"_jetpack_memberships_contains_paywalled_content":false,"_jetpack_memberships_contains_paid_content":false,"footnotes":"","jetpack_publicize_message":"","jetpack_publicize_feature_enabled":true,"jetpack_social_post_already_shared":true,"jetpack_social_options":{"image_generator_settings":{"template":"highway","default_image_id":0,"font":"","enabled":false},"version":2}},"categories":[1367,4,382,920],"tags":[1295,851,1296,32,1298,854,855,1300,1297,1299,356,853,852],"class_list":["post-9320","post","type-post","status-publish","format-standard","has-post-thumbnail","hentry","category-cookie-week","category-cookies","category-cookieskekseplatzchen","category-latin-american-recipes","tag-alfajor","tag-alfajores","tag-alfajores-de-nieve","tag-caramel","tag-caramel-cream","tag-dulce-de-leche","tag-karamellcreme","tag-kondensmilch","tag-sierra-de-minas","tag-sweetend-condensed-milk","tag-uruguay-de","tag-uruguayan","tag-uruguayisch"],"yoast_head":"<!-- This site is optimized with the Yoast SEO plugin v27.5 - https:\/\/yoast.com\/product\/yoast-seo-wordpress\/ -->\n<title>Alfajores de Nieve aus Uruguay und Start in die Cookie-Woche - Jenny is baking<\/title>\n<meta name=\"robots\" content=\"index, follow, max-snippet:-1, max-image-preview:large, max-video-preview:-1\" \/>\n<link rel=\"canonical\" href=\"https:\/\/jennyisbaking.com\/de\/2019\/11\/28\/meringue-alfajores-from-uruguay-and-start-of-the-cookie-week\/\" \/>\n<meta property=\"og:locale\" content=\"de_DE\" \/>\n<meta property=\"og:type\" content=\"article\" \/>\n<meta property=\"og:title\" content=\"Alfajores de Nieve aus Uruguay und Start in die Cookie-Woche - Jenny is baking\" \/>\n<meta property=\"og:description\" content=\"Leider ist der Eintrag nur auf English verf\u00fcgbar.\" \/>\n<meta property=\"og:url\" content=\"https:\/\/jennyisbaking.com\/de\/2019\/11\/28\/meringue-alfajores-from-uruguay-and-start-of-the-cookie-week\/\" \/>\n<meta property=\"og:site_name\" content=\"Jenny is baking\" \/>\n<meta property=\"article:publisher\" content=\"https:\/\/www.facebook.com\/jennyisbaking\/\" \/>\n<meta property=\"article:author\" content=\"https:\/\/www.facebook.com\/jennyisbaking\/\" \/>\n<meta property=\"article:published_time\" content=\"2019-11-28T06:00:28+00:00\" \/>\n<meta property=\"article:modified_time\" content=\"2020-09-09T16:36:57+00:00\" \/>\n<meta property=\"og:image\" content=\"https:\/\/i1.wp.com\/jennyisbaking.com\/wp-1c174-content\/uploads\/2019\/09\/DSC03940-2.jpg?fit=534%2C801&ssl=1\" \/>\n\t<meta property=\"og:image:width\" content=\"534\" \/>\n\t<meta property=\"og:image:height\" content=\"801\" \/>\n\t<meta property=\"og:image:type\" content=\"image\/jpeg\" \/>\n<meta name=\"author\" content=\"Jenny\" \/>\n<meta name=\"twitter:card\" content=\"summary_large_image\" \/>\n<meta name=\"twitter:label1\" content=\"Verfasst von\" \/>\n\t<meta name=\"twitter:data1\" content=\"Jenny\" \/>\n\t<meta name=\"twitter:label2\" content=\"Gesch\u00e4tzte Lesezeit\" \/>\n\t<meta name=\"twitter:data2\" content=\"4\u00a0Minuten\" \/>\n<script type=\"application\/ld+json\" class=\"yoast-schema-graph\">{\"@context\":\"https:\\\/\\\/schema.org\",\"@graph\":[{\"@type\":\"Article\",\"@id\":\"https:\\\/\\\/jennyisbaking.com\\\/2019\\\/11\\\/28\\\/meringue-alfajores-from-uruguay-and-start-of-the-cookie-week\\\/#article\",\"isPartOf\":{\"@id\":\"https:\\\/\\\/jennyisbaking.com\\\/2019\\\/11\\\/28\\\/meringue-alfajores-from-uruguay-and-start-of-the-cookie-week\\\/\"},\"author\":{\"name\":\"Jenny\",\"@id\":\"https:\\\/\\\/jennyisbaking.com\\\/#\\\/schema\\\/person\\\/28a46859582cac5ac1ef7e065a17f77b\"},\"headline\":\"Alfajores de Nieve aus Uruguay und Start in die Cookie-Woche\",\"datePublished\":\"2019-11-28T06:00:28+00:00\",\"dateModified\":\"2020-09-09T16:36:57+00:00\",\"mainEntityOfPage\":{\"@id\":\"https:\\\/\\\/jennyisbaking.com\\\/2019\\\/11\\\/28\\\/meringue-alfajores-from-uruguay-and-start-of-the-cookie-week\\\/\"},\"wordCount\":911,\"commentCount\":2,\"image\":{\"@id\":\"https:\\\/\\\/jennyisbaking.com\\\/2019\\\/11\\\/28\\\/meringue-alfajores-from-uruguay-and-start-of-the-cookie-week\\\/#primaryimage\"},\"thumbnailUrl\":\"https:\\\/\\\/i0.wp.com\\\/jennyisbaking.com\\\/wp-1c174-content\\\/uploads\\\/2019\\\/09\\\/DSC03940-2.jpg?fit=534%2C801&ssl=1\",\"keywords\":[\"alfajor\",\"alfajores\",\"alfajores de nieve\",\"caramel\",\"caramel cream\",\"dulce de leche\",\"Karamellcreme\",\"kondensmilch\",\"sierra de minas\",\"sweetend condensed milk\",\"Uruguay\",\"Uruguayan\",\"uruguayisch\"],\"articleSection\":[\"Cookie Week\",\"Cookies\",\"Cookies\\\/Kekse\\\/Pl\u00e4tzchen\",\"Latin American Recipes\"],\"inLanguage\":\"de\",\"potentialAction\":[{\"@type\":\"CommentAction\",\"name\":\"Comment\",\"target\":[\"https:\\\/\\\/jennyisbaking.com\\\/2019\\\/11\\\/28\\\/meringue-alfajores-from-uruguay-and-start-of-the-cookie-week\\\/#respond\"]}]},{\"@type\":\"WebPage\",\"@id\":\"https:\\\/\\\/jennyisbaking.com\\\/de\\\/2019\\\/11\\\/28\\\/meringue-alfajores-from-uruguay-and-start-of-the-cookie-week\\\/\",\"url\":\"https:\\\/\\\/jennyisbaking.com\\\/de\\\/2019\\\/11\\\/28\\\/meringue-alfajores-from-uruguay-and-start-of-the-cookie-week\\\/\",\"name\":\"Alfajores de Nieve aus Uruguay und Start in die Cookie-Woche - Jenny is baking\",\"isPartOf\":{\"@id\":\"https:\\\/\\\/jennyisbaking.com\\\/de\\\/#website\"},\"primaryImageOfPage\":{\"@id\":\"https:\\\/\\\/jennyisbaking.com\\\/de\\\/2019\\\/11\\\/28\\\/meringue-alfajores-from-uruguay-and-start-of-the-cookie-week\\\/#primaryimage\"},\"image\":{\"@id\":\"https:\\\/\\\/jennyisbaking.com\\\/2019\\\/11\\\/28\\\/meringue-alfajores-from-uruguay-and-start-of-the-cookie-week\\\/#primaryimage\"},\"thumbnailUrl\":\"https:\\\/\\\/i0.wp.com\\\/jennyisbaking.com\\\/wp-1c174-content\\\/uploads\\\/2019\\\/09\\\/DSC03940-2.jpg?fit=534%2C801&ssl=1\",\"datePublished\":\"2019-11-28T06:00:28+00:00\",\"dateModified\":\"2020-09-09T16:36:57+00:00\",\"author\":{\"@id\":\"https:\\\/\\\/jennyisbaking.com\\\/#\\\/schema\\\/person\\\/28a46859582cac5ac1ef7e065a17f77b\"},\"breadcrumb\":{\"@id\":\"https:\\\/\\\/jennyisbaking.com\\\/de\\\/2019\\\/11\\\/28\\\/meringue-alfajores-from-uruguay-and-start-of-the-cookie-week\\\/#breadcrumb\"},\"inLanguage\":\"de\",\"potentialAction\":[{\"@type\":\"ReadAction\",\"target\":[[\"https:\\\/\\\/jennyisbaking.com\\\/de\\\/2019\\\/11\\\/28\\\/meringue-alfajores-from-uruguay-and-start-of-the-cookie-week\\\/\"]]}]},{\"@type\":\"ImageObject\",\"inLanguage\":\"de\",\"@id\":\"https:\\\/\\\/jennyisbaking.com\\\/de\\\/2019\\\/11\\\/28\\\/meringue-alfajores-from-uruguay-and-start-of-the-cookie-week\\\/#primaryimage\",\"url\":\"https:\\\/\\\/i0.wp.com\\\/jennyisbaking.com\\\/wp-1c174-content\\\/uploads\\\/2019\\\/09\\\/DSC03940-2.jpg?fit=534%2C801&ssl=1\",\"contentUrl\":\"https:\\\/\\\/i0.wp.com\\\/jennyisbaking.com\\\/wp-1c174-content\\\/uploads\\\/2019\\\/09\\\/DSC03940-2.jpg?fit=534%2C801&ssl=1\",\"width\":534,\"height\":801,\"caption\":\"Alfajores de nieve aus Uruguay\"},{\"@type\":\"BreadcrumbList\",\"@id\":\"https:\\\/\\\/jennyisbaking.com\\\/de\\\/2019\\\/11\\\/28\\\/meringue-alfajores-from-uruguay-and-start-of-the-cookie-week\\\/#breadcrumb\",\"itemListElement\":[{\"@type\":\"ListItem\",\"position\":1,\"name\":\"Startseite\",\"item\":\"https:\\\/\\\/jennyisbaking.com\\\/de\\\/\"},{\"@type\":\"ListItem\",\"position\":2,\"name\":\"Meringue Alfajores from Uruguay and Start of the Cookie Week\"}]},{\"@type\":\"WebSite\",\"@id\":\"https:\\\/\\\/jennyisbaking.com\\\/de\\\/#website\",\"url\":\"https:\\\/\\\/jennyisbaking.com\\\/de\\\/\",\"name\":\"Jenny is baking\",\"description\":\"Backrezepte aus Nord- und S\u00fcdamerika\",\"potentialAction\":[{\"@type\":\"SearchAction\",\"target\":{\"@type\":\"EntryPoint\",\"urlTemplate\":\"https:\\\/\\\/jennyisbaking.com\\\/de\\\/?s={search_term_string}\"},\"query-input\":{\"@type\":\"PropertyValueSpecification\",\"valueRequired\":true,\"valueName\":\"search_term_string\"}}],\"inLanguage\":\"de\"},{\"@type\":\"Person\",\"@id\":\"https:\\\/\\\/jennyisbaking.com\\\/#\\\/schema\\\/person\\\/28a46859582cac5ac1ef7e065a17f77b\",\"name\":\"Jenny\",\"image\":{\"@type\":\"ImageObject\",\"inLanguage\":\"de\",\"@id\":\"https:\\\/\\\/secure.gravatar.com\\\/avatar\\\/23e81660a6279fbe7db0db01e9985036a8488f0100c3985867731ba2b4348089?s=96&d=mm&r=g\",\"url\":\"https:\\\/\\\/secure.gravatar.com\\\/avatar\\\/23e81660a6279fbe7db0db01e9985036a8488f0100c3985867731ba2b4348089?s=96&d=mm&r=g\",\"contentUrl\":\"https:\\\/\\\/secure.gravatar.com\\\/avatar\\\/23e81660a6279fbe7db0db01e9985036a8488f0100c3985867731ba2b4348089?s=96&d=mm&r=g\",\"caption\":\"Jenny\"},\"description\":\"Hi, ich hei\u00dfe Jenny, geb\u00fcrtig in Uruguay, als Kind in USA gelebt, nach dem Abi in Kanada und mit einem Kolumbianer verheiratet. Ich wohne im Moment in M\u00fcnchen, S\u00fcddeutschland. Auf meinem Blog finden sich meist s\u00fc\u00dfe Rezepte. Ich mag normalerweise einfache Sachen, die schnell gemacht sind, aber gleichzeitig was hermachen. Manchmal packt mich auch der Ehrgeiz und ich wage mich an kompliziertere Torten. Schau dir im Men\u00fc \u201eAlle Rezepte\u201c an f\u00fcr weitere Inspiration.\",\"sameAs\":[\"https:\\\/\\\/www.facebook.com\\\/jennyisbaking\\\/\",\"https:\\\/\\\/www.pinterest.de\\\/jennyisbaking\\\/\"]}]}<\/script>\n<!-- \/ Yoast SEO plugin. -->","yoast_head_json":{"title":"Alfajores de Nieve aus Uruguay und Start in die Cookie-Woche - Jenny is baking","robots":{"index":"index","follow":"follow","max-snippet":"max-snippet:-1","max-image-preview":"max-image-preview:large","max-video-preview":"max-video-preview:-1"},"canonical":"https:\/\/jennyisbaking.com\/de\/2019\/11\/28\/meringue-alfajores-from-uruguay-and-start-of-the-cookie-week\/","og_locale":"de_DE","og_type":"article","og_title":"Alfajores de Nieve aus Uruguay und Start in die Cookie-Woche - Jenny is baking","og_description":"Leider ist der Eintrag nur auf English verf\u00fcgbar.","og_url":"https:\/\/jennyisbaking.com\/de\/2019\/11\/28\/meringue-alfajores-from-uruguay-and-start-of-the-cookie-week\/","og_site_name":"Jenny is baking","article_publisher":"https:\/\/www.facebook.com\/jennyisbaking\/","article_author":"https:\/\/www.facebook.com\/jennyisbaking\/","article_published_time":"2019-11-28T06:00:28+00:00","article_modified_time":"2020-09-09T16:36:57+00:00","og_image":[{"width":534,"height":801,"url":"https:\/\/i1.wp.com\/jennyisbaking.com\/wp-1c174-content\/uploads\/2019\/09\/DSC03940-2.jpg?fit=534%2C801&ssl=1","type":"image\/jpeg"}],"author":"Jenny","twitter_card":"summary_large_image","twitter_misc":{"Verfasst von":"Jenny","Gesch\u00e4tzte Lesezeit":"4\u00a0Minuten"},"schema":{"@context":"https:\/\/schema.org","@graph":[{"@type":"Article","@id":"https:\/\/jennyisbaking.com\/2019\/11\/28\/meringue-alfajores-from-uruguay-and-start-of-the-cookie-week\/#article","isPartOf":{"@id":"https:\/\/jennyisbaking.com\/2019\/11\/28\/meringue-alfajores-from-uruguay-and-start-of-the-cookie-week\/"},"author":{"name":"Jenny","@id":"https:\/\/jennyisbaking.com\/#\/schema\/person\/28a46859582cac5ac1ef7e065a17f77b"},"headline":"Alfajores de Nieve aus Uruguay und Start in die Cookie-Woche","datePublished":"2019-11-28T06:00:28+00:00","dateModified":"2020-09-09T16:36:57+00:00","mainEntityOfPage":{"@id":"https:\/\/jennyisbaking.com\/2019\/11\/28\/meringue-alfajores-from-uruguay-and-start-of-the-cookie-week\/"},"wordCount":911,"commentCount":2,"image":{"@id":"https:\/\/jennyisbaking.com\/2019\/11\/28\/meringue-alfajores-from-uruguay-and-start-of-the-cookie-week\/#primaryimage"},"thumbnailUrl":"https:\/\/i0.wp.com\/jennyisbaking.com\/wp-1c174-content\/uploads\/2019\/09\/DSC03940-2.jpg?fit=534%2C801&ssl=1","keywords":["alfajor","alfajores","alfajores de nieve","caramel","caramel cream","dulce de leche","Karamellcreme","kondensmilch","sierra de minas","sweetend condensed milk","Uruguay","Uruguayan","uruguayisch"],"articleSection":["Cookie Week","Cookies","Cookies\/Kekse\/Pl\u00e4tzchen","Latin American Recipes"],"inLanguage":"de","potentialAction":[{"@type":"CommentAction","name":"Comment","target":["https:\/\/jennyisbaking.com\/2019\/11\/28\/meringue-alfajores-from-uruguay-and-start-of-the-cookie-week\/#respond"]}]},{"@type":"WebPage","@id":"https:\/\/jennyisbaking.com\/de\/2019\/11\/28\/meringue-alfajores-from-uruguay-and-start-of-the-cookie-week\/","url":"https:\/\/jennyisbaking.com\/de\/2019\/11\/28\/meringue-alfajores-from-uruguay-and-start-of-the-cookie-week\/","name":"Alfajores de Nieve aus Uruguay und Start in die Cookie-Woche - Jenny is baking","isPartOf":{"@id":"https:\/\/jennyisbaking.com\/de\/#website"},"primaryImageOfPage":{"@id":"https:\/\/jennyisbaking.com\/de\/2019\/11\/28\/meringue-alfajores-from-uruguay-and-start-of-the-cookie-week\/#primaryimage"},"image":{"@id":"https:\/\/jennyisbaking.com\/2019\/11\/28\/meringue-alfajores-from-uruguay-and-start-of-the-cookie-week\/#primaryimage"},"thumbnailUrl":"https:\/\/i0.wp.com\/jennyisbaking.com\/wp-1c174-content\/uploads\/2019\/09\/DSC03940-2.jpg?fit=534%2C801&ssl=1","datePublished":"2019-11-28T06:00:28+00:00","dateModified":"2020-09-09T16:36:57+00:00","author":{"@id":"https:\/\/jennyisbaking.com\/#\/schema\/person\/28a46859582cac5ac1ef7e065a17f77b"},"breadcrumb":{"@id":"https:\/\/jennyisbaking.com\/de\/2019\/11\/28\/meringue-alfajores-from-uruguay-and-start-of-the-cookie-week\/#breadcrumb"},"inLanguage":"de","potentialAction":[{"@type":"ReadAction","target":[["https:\/\/jennyisbaking.com\/de\/2019\/11\/28\/meringue-alfajores-from-uruguay-and-start-of-the-cookie-week\/"]]}]},{"@type":"ImageObject","inLanguage":"de","@id":"https:\/\/jennyisbaking.com\/de\/2019\/11\/28\/meringue-alfajores-from-uruguay-and-start-of-the-cookie-week\/#primaryimage","url":"https:\/\/i0.wp.com\/jennyisbaking.com\/wp-1c174-content\/uploads\/2019\/09\/DSC03940-2.jpg?fit=534%2C801&ssl=1","contentUrl":"https:\/\/i0.wp.com\/jennyisbaking.com\/wp-1c174-content\/uploads\/2019\/09\/DSC03940-2.jpg?fit=534%2C801&ssl=1","width":534,"height":801,"caption":"Alfajores de nieve aus Uruguay"},{"@type":"BreadcrumbList","@id":"https:\/\/jennyisbaking.com\/de\/2019\/11\/28\/meringue-alfajores-from-uruguay-and-start-of-the-cookie-week\/#breadcrumb","itemListElement":[{"@type":"ListItem","position":1,"name":"Startseite","item":"https:\/\/jennyisbaking.com\/de\/"},{"@type":"ListItem","position":2,"name":"Meringue Alfajores from Uruguay and Start of the Cookie Week"}]},{"@type":"WebSite","@id":"https:\/\/jennyisbaking.com\/de\/#website","url":"https:\/\/jennyisbaking.com\/de\/","name":"Jenny is baking","description":"Backrezepte aus Nord- und S\u00fcdamerika","potentialAction":[{"@type":"SearchAction","target":{"@type":"EntryPoint","urlTemplate":"https:\/\/jennyisbaking.com\/de\/?s={search_term_string}"},"query-input":{"@type":"PropertyValueSpecification","valueRequired":true,"valueName":"search_term_string"}}],"inLanguage":"de"},{"@type":"Person","@id":"https:\/\/jennyisbaking.com\/#\/schema\/person\/28a46859582cac5ac1ef7e065a17f77b","name":"Jenny","image":{"@type":"ImageObject","inLanguage":"de","@id":"https:\/\/secure.gravatar.com\/avatar\/23e81660a6279fbe7db0db01e9985036a8488f0100c3985867731ba2b4348089?s=96&d=mm&r=g","url":"https:\/\/secure.gravatar.com\/avatar\/23e81660a6279fbe7db0db01e9985036a8488f0100c3985867731ba2b4348089?s=96&d=mm&r=g","contentUrl":"https:\/\/secure.gravatar.com\/avatar\/23e81660a6279fbe7db0db01e9985036a8488f0100c3985867731ba2b4348089?s=96&d=mm&r=g","caption":"Jenny"},"description":"Hi, ich hei\u00dfe Jenny, geb\u00fcrtig in Uruguay, als Kind in USA gelebt, nach dem Abi in Kanada und mit einem Kolumbianer verheiratet. Ich wohne im Moment in M\u00fcnchen, S\u00fcddeutschland. Auf meinem Blog finden sich meist s\u00fc\u00dfe Rezepte. Ich mag normalerweise einfache Sachen, die schnell gemacht sind, aber gleichzeitig was hermachen. Manchmal packt mich auch der Ehrgeiz und ich wage mich an kompliziertere Torten. Schau dir im Men\u00fc \u201eAlle Rezepte\u201c an f\u00fcr weitere Inspiration.","sameAs":["https:\/\/www.facebook.com\/jennyisbaking\/","https:\/\/www.pinterest.de\/jennyisbaking\/"]}]}},"jetpack_publicize_connections":[],"jetpack_featured_media_url":"https:\/\/i0.wp.com\/jennyisbaking.com\/wp-1c174-content\/uploads\/2019\/09\/DSC03940-2.jpg?fit=534%2C801&ssl=1","jetpack_sharing_enabled":true,"jetpack_shortlink":"https:\/\/wp.me\/p8MAhl-2qk","jetpack-related-posts":[{"id":9644,"url":"https:\/\/jennyisbaking.com\/de\/2019\/12\/04\/coffee-alfajores-from-uruguay-and-cookie-day\/","url_meta":{"origin":9320,"position":0},"title":"Kaffee-Alfajores aus Uruguay","author":"Jenny","date":"Mittwoch, der  4. Dezember 2019","format":false,"excerpt":"Es ist Zeit f\u00fcr Alfajores. Alfa- was? Alfajores sind Doppelkekse aus Spanien und S\u00fcdamerika, die gerne mit der Karamellcreme namens dulce de leche gef\u00fclt werden. Heute habe ich welche mit Kaffeegeschmack mitgebracht. Sie bilden den Abschluss meiner Cookie-Woche.Im Grunde genommen bestehen diese Kekse aus M\u00fcrbeteig, der mit Espresso gemischt wird.\u2026","rel":"","context":"In &quot;All Seasons&quot;","block_context":{"text":"All Seasons","link":"https:\/\/jennyisbaking.com\/de\/category\/all-seasons\/"},"img":{"alt_text":"Kaffee-Alfajores aus Uruguay","src":"https:\/\/i0.wp.com\/jennyisbaking.com\/wp-1c174-content\/uploads\/2019\/11\/DSC05916.jpg?fit=534%2C801&ssl=1&resize=350%2C200","width":350,"height":200,"srcset":"https:\/\/i0.wp.com\/jennyisbaking.com\/wp-1c174-content\/uploads\/2019\/11\/DSC05916.jpg?fit=534%2C801&ssl=1&resize=350%2C200 1x, https:\/\/i0.wp.com\/jennyisbaking.com\/wp-1c174-content\/uploads\/2019\/11\/DSC05916.jpg?fit=534%2C801&ssl=1&resize=525%2C300 1.5x"},"classes":[]},{"id":17220,"url":"https:\/\/jennyisbaking.com\/de\/2024\/11\/06\/doppelkekse-alfajores-mit-mandeln\/","url_meta":{"origin":9320,"position":1},"title":"Doppelkekse: Mandel-Alfajores","author":"Jenny","date":"Mittwoch, der  6. November 2024","format":false,"excerpt":"Hast du schon mal was von \"alfajores\" geh\u00f6rt? Alfajores sind Doppelkekse, die eigentlich immer mit der Karamellcreme namens dulce de leche gef\u00fcllt sind. Urspr\u00fcnglich aus Andalusien, Spanien, sind diese Kekse insbesondere in Argentinien und Uruguay mittlerweile extrem beliebt. Angeblich sollen im Jahr 2023 pro Tag (!) in Argentinien 10 Millionen\u2026","rel":"","context":"In &quot;All Seasons&quot;","block_context":{"text":"All Seasons","link":"https:\/\/jennyisbaking.com\/de\/category\/all-seasons\/"},"img":{"alt_text":"","src":"https:\/\/i0.wp.com\/jennyisbaking.com\/wp-1c174-content\/uploads\/2024\/10\/Mandel-Alfajores.jpg?fit=534%2C801&ssl=1&resize=350%2C200","width":350,"height":200,"srcset":"https:\/\/i0.wp.com\/jennyisbaking.com\/wp-1c174-content\/uploads\/2024\/10\/Mandel-Alfajores.jpg?fit=534%2C801&ssl=1&resize=350%2C200 1x, https:\/\/i0.wp.com\/jennyisbaking.com\/wp-1c174-content\/uploads\/2024\/10\/Mandel-Alfajores.jpg?fit=534%2C801&ssl=1&resize=525%2C300 1.5x"},"classes":[]},{"id":8499,"url":"https:\/\/jennyisbaking.com\/de\/2019\/05\/17\/classic-alfajores-from-uruguay\/","url_meta":{"origin":9320,"position":2},"title":"Klassische Alfajores aus Uruguay","author":"Jenny","date":"Freitag, der 17. Mai 2019","format":false,"excerpt":"Leute, es musste mal wieder ein Rezept aus meinem Geburtsland her, darf ich vorstellen: klassische Alfajores aus Uruguay! Alfajores sind so etwas wie der Standard-Cookie in Uruguay und Argentinien. Sie bestehen aus einem M\u00fcrbeteig-Doppeldecker, werden mit einer Karamellcreme namens dulce de leche bef\u00fcllt und am Ende noch in Kokosflocken getunkt.\u2026","rel":"","context":"In &quot;Argentina and Uruguay&quot;","block_context":{"text":"Argentina and Uruguay","link":"https:\/\/jennyisbaking.com\/de\/category\/argentina-and-uruguay\/"},"img":{"alt_text":"Klassische Alfajores aus Uruguay","src":"https:\/\/i0.wp.com\/jennyisbaking.com\/wp-1c174-content\/uploads\/2019\/04\/DSC09097.jpg?fit=534%2C801&ssl=1&resize=350%2C200","width":350,"height":200,"srcset":"https:\/\/i0.wp.com\/jennyisbaking.com\/wp-1c174-content\/uploads\/2019\/04\/DSC09097.jpg?fit=534%2C801&ssl=1&resize=350%2C200 1x, https:\/\/i0.wp.com\/jennyisbaking.com\/wp-1c174-content\/uploads\/2019\/04\/DSC09097.jpg?fit=534%2C801&ssl=1&resize=525%2C300 1.5x"},"classes":[]},{"id":17457,"url":"https:\/\/jennyisbaking.com\/de\/2025\/01\/10\/neu-aufgelegt-alfajores-marplatenses\/","url_meta":{"origin":9320,"position":3},"title":"Alfajores Marplatenses neu aufgelegt","author":"Jenny","date":"Freitag, der 10. Januar 2025","format":false,"excerpt":"Ich habe es schon oft gesagt und wiederhole mich, aber meine Lieblingskekse aus meinem Geburtsland Uruguay sind die sogenannten alfajores marpatenses. Das sind Schoko-Doppelkese mit Karamell bzw. Dulce-de-leche-F\u00fcllung. Ich sag dir, ein Tr\u00e4umchen. Nat\u00fcrlich gibt es schon ein Rezept auf dem Blog, wie k\u00f6nnte es anders sein, aber ich habe\u2026","rel":"","context":"In &quot;Argentina and Uruguay&quot;","block_context":{"text":"Argentina and Uruguay","link":"https:\/\/jennyisbaking.com\/de\/category\/argentina-and-uruguay\/"},"img":{"alt_text":"","src":"https:\/\/i0.wp.com\/jennyisbaking.com\/wp-1c174-content\/uploads\/2024\/12\/Alfajores-marplatenses-1.jpg?fit=534%2C801&ssl=1&resize=350%2C200","width":350,"height":200,"srcset":"https:\/\/i0.wp.com\/jennyisbaking.com\/wp-1c174-content\/uploads\/2024\/12\/Alfajores-marplatenses-1.jpg?fit=534%2C801&ssl=1&resize=350%2C200 1x, https:\/\/i0.wp.com\/jennyisbaking.com\/wp-1c174-content\/uploads\/2024\/12\/Alfajores-marplatenses-1.jpg?fit=534%2C801&ssl=1&resize=525%2C300 1.5x"},"classes":[]},{"id":17605,"url":"https:\/\/jennyisbaking.com\/de\/2025\/11\/07\/alfajores-cordobeses-aus-argentinien\/","url_meta":{"origin":9320,"position":4},"title":"Alfajores cordobeses aus Argentinien","author":"Jenny","date":"Freitag, der  7. November 2025","format":false,"excerpt":"Aus Argentinien habe ich wieder Doppelkekse mitgebracht, diesmal aus Cordoba. Sie hei\u00dfen auf Spanisch alfajores cordobeses. Charakteristisch ist hierf\u00fcr ein sehr m\u00fcrber Keks, der mit einem Anteil Speisest\u00e4rke zubereitet wird, um dann mit Quittenpaste oder dulce de membrillo gef\u00fcllt zu werden. Der Doppelkeks wird dann noch in Puderzuckerglasur getunkt. So\u2026","rel":"","context":"In &quot;Argentina and Uruguay&quot;","block_context":{"text":"Argentina and Uruguay","link":"https:\/\/jennyisbaking.com\/de\/category\/argentina-and-uruguay\/"},"img":{"alt_text":"","src":"https:\/\/i0.wp.com\/jennyisbaking.com\/wp-1c174-content\/uploads\/2025\/01\/Alfajores-cordobeses.jpg?fit=534%2C801&ssl=1&resize=350%2C200","width":350,"height":200,"srcset":"https:\/\/i0.wp.com\/jennyisbaking.com\/wp-1c174-content\/uploads\/2025\/01\/Alfajores-cordobeses.jpg?fit=534%2C801&ssl=1&resize=350%2C200 1x, https:\/\/i0.wp.com\/jennyisbaking.com\/wp-1c174-content\/uploads\/2025\/01\/Alfajores-cordobeses.jpg?fit=534%2C801&ssl=1&resize=525%2C300 1.5x"},"classes":[]},{"id":17410,"url":"https:\/\/jennyisbaking.com\/de\/2024\/12\/03\/inspiration-with-my-cookie-plate-with-14-different-cookies\/","url_meta":{"origin":9320,"position":5},"title":"Inspiration mit meinem Pl\u00e4tzchenteller &#8211; 14 Sorten","author":"Jenny","date":"Dienstag, der  3. Dezember 2024","format":false,"excerpt":"Ihr Lieben, es wird offensichtlich flei\u00dfig gebacken, was das Zeug h\u00e4lt, insbesondere das Spritzgeb\u00e4ck ohne Fleischwolf scheint bei euch sehr beliebt im Moment. Ich halte mich kurz, anbei mein aktueller Pl\u00e4tzchenteller als Inspiration mit Verlinkung der Rezepte. Au\u00dferdem unten die Pl\u00e4tzchenteller der Vergangenheit mit Verlinkung zu den Rezepten. Frohes Pl\u00e4tzchenbacken!\u2026","rel":"","context":"In &quot;Christmas&quot;","block_context":{"text":"Christmas","link":"https:\/\/jennyisbaking.com\/de\/category\/christmas\/"},"img":{"alt_text":"","src":"https:\/\/i0.wp.com\/jennyisbaking.com\/wp-1c174-content\/uploads\/2024\/11\/Platzchenteller-2024.jpg?fit=534%2C801&ssl=1&resize=350%2C200","width":350,"height":200,"srcset":"https:\/\/i0.wp.com\/jennyisbaking.com\/wp-1c174-content\/uploads\/2024\/11\/Platzchenteller-2024.jpg?fit=534%2C801&ssl=1&resize=350%2C200 1x, https:\/\/i0.wp.com\/jennyisbaking.com\/wp-1c174-content\/uploads\/2024\/11\/Platzchenteller-2024.jpg?fit=534%2C801&ssl=1&resize=525%2C300 1.5x"},"classes":[]}],"_links":{"self":[{"href":"https:\/\/jennyisbaking.com\/de\/wp-json\/wp\/v2\/posts\/9320","targetHints":{"allow":["GET"]}}],"collection":[{"href":"https:\/\/jennyisbaking.com\/de\/wp-json\/wp\/v2\/posts"}],"about":[{"href":"https:\/\/jennyisbaking.com\/de\/wp-json\/wp\/v2\/types\/post"}],"author":[{"embeddable":true,"href":"https:\/\/jennyisbaking.com\/de\/wp-json\/wp\/v2\/users\/1"}],"replies":[{"embeddable":true,"href":"https:\/\/jennyisbaking.com\/de\/wp-json\/wp\/v2\/comments?post=9320"}],"version-history":[{"count":15,"href":"https:\/\/jennyisbaking.com\/de\/wp-json\/wp\/v2\/posts\/9320\/revisions"}],"predecessor-version":[{"id":10832,"href":"https:\/\/jennyisbaking.com\/de\/wp-json\/wp\/v2\/posts\/9320\/revisions\/10832"}],"wp:featuredmedia":[{"embeddable":true,"href":"https:\/\/jennyisbaking.com\/de\/wp-json\/wp\/v2\/media\/9321"}],"wp:attachment":[{"href":"https:\/\/jennyisbaking.com\/de\/wp-json\/wp\/v2\/media?parent=9320"}],"wp:term":[{"taxonomy":"category","embeddable":true,"href":"https:\/\/jennyisbaking.com\/de\/wp-json\/wp\/v2\/categories?post=9320"},{"taxonomy":"post_tag","embeddable":true,"href":"https:\/\/jennyisbaking.com\/de\/wp-json\/wp\/v2\/tags?post=9320"}],"curies":[{"name":"wp","href":"https:\/\/api.w.org\/{rel}","templated":true}]}}